{"id":3956,"date":"2021-04-10T09:20:22","date_gmt":"2021-04-10T13:20:22","guid":{"rendered":"https:\/\/minutocerord.com\/?p=3956"},"modified":"2021-04-10T09:20:28","modified_gmt":"2021-04-10T13:20:28","slug":"miles-de-haitianos-residentes-en-rep-dom-obtienen-la-cedula-de-su-pais","status":"publish","type":"post","link":"https:\/\/minutocerord.com\/?p=3956","title":{"rendered":"Miles de haitianos residentes en Rep. Dom. obtienen la c\u00e9dula de su pa\u00eds"},"content":{"rendered":"\n<p>SANTO DOMINGO.- M\u00e1s de 15,000 haitianos residentes en la Rep\u00fablica Dominicana se han registrado para obtener de forma gratuita la nueva c\u00e9dula de identidad y electoral haitiana a trav\u00e9s de la embajada y los consulados establecidos en el pa\u00eds, inform\u00f3 este viernes la embajada de Puerto Pr\u00edncipe en Santo Domingo.<\/p>\n\n\n\n<p>De ellos, de acuerdo con una nota, m\u00e1s de 10,000 \u00abest\u00e1n recibiendo en la embajada y los consulados el documento de identidad que les permitir\u00e1 participar en el refer\u00e9ndum y las pr\u00f3ximas elecciones nacionales\u00bb de su pa\u00eds.<\/p>\n\n\n\n<p>A la vez, agreg\u00f3, que \u00abtodos los miembros de la di\u00e1spora haitiana que cuentan con la nueva c\u00e9dula de identificaci\u00f3n personal est\u00e1n en condici\u00f3n para ejercer el derecho al voto en el refer\u00e9ndum que tendr\u00e1 lugar en junio y las pr\u00f3ximas elecciones nacionales programadas para celebrarse en septiembre de 2021\u00bb.<\/p>\n\n\n\n<p>Seg\u00fan las cifras oficiales haitianas, entre mayo de 2019 y marzo de 2021, m\u00e1s de 4.3 millones de haitianos se han inscrito en el nuevo registro civil.<\/p>\n\n\n\n<p>De acuerdo la Segunda Encuesta de Inmigrantes en Rep\u00fablica Dominicana, realizada por la Oficina Nacional de Estad\u00edsticas (ONE), publicada en el a\u00f1o 2017, los haitianos son el 5.6 % de la poblaci\u00f3n total del pa\u00eds, es decir, unas 570,000 personas.<\/p>\n","protected":false},"excerpt":{"rendered":"<p>SANTO DOMINGO.- M\u00e1s de 15,000 haitianos residentes en la Rep\u00fablica Dominicana se han registrado para obtener de forma gratuita la nueva c\u00e9dula de identidad y electoral haitiana a trav\u00e9s de la embajada y los consulados establecidos en el pa\u00eds, inform\u00f3 este viernes la embajada de Puerto Pr\u00edncipe en Santo Domingo. De ellos, de acuerdo con [&hellip;]<\/p>\n","protected":false},"author":1,"featured_media":3957,"comment_status":"open","ping_status":"open","sticky":false,"template":"","format":"standard","meta":{"nf_dc_page":"","jetpack_post_was_ever_published":false,"_jetpack_newsletter_access":"","_jetpack_dont_email_post_to_subs":false,"_jetpack_newsletter_tier_id":0,"_jetpack_memberships_contains_paywalled_content":false,"_jetpack_memberships_contains_paid_content":false,"footnotes":"","jetpack_publicize_message":"","jetpack_publicize_feature_enabled":true,"jetpack_social_post_already_shared":false,"jetpack_social_options":{"image_generator_settings":{"template":"highway","default_image_id":0,"font":"","enabled":false},"version":2}},"categories":[65],"tags":[],"class_list":["post-3956","post","type-post","status-publish","format-standard","has-post-thumbnail","hentry","category-nacionales"],"yoast_head":"<!-- This site is optimized with the Yoast SEO plugin v27.5 - https:\/\/yoast.com\/product\/yoast-seo-wordpress\/ -->\n<title>Miles de haitianos residentes en Rep. Dom. obtienen la c\u00e9dula de su pa\u00eds - Minuto Cero RD<\/title>\n<meta name=\"robots\" content=\"index, follow, max-snippet:-1, max-image-preview:large, max-video-preview:-1\" \/>\n<link rel=\"canonical\" href=\"http:\/\/minutocerord.com\/?p=3956\" \/>\n<meta property=\"og:locale\" content=\"es_ES\" \/>\n<meta property=\"og:type\" content=\"article\" \/>\n<meta property=\"og:title\" content=\"Miles de haitianos residentes en Rep. Dom. obtienen la c\u00e9dula de su pa\u00eds - Minuto Cero RD\" \/>\n<meta property=\"og:description\" content=\"SANTO DOMINGO.- M\u00e1s de 15,000 haitianos residentes en la Rep\u00fablica Dominicana se han registrado para obtener de forma gratuita la nueva c\u00e9dula de identidad y electoral haitiana a trav\u00e9s de la embajada y los consulados establecidos en el pa\u00eds, inform\u00f3 este viernes la embajada de Puerto Pr\u00edncipe en Santo Domingo. De ellos, de acuerdo con [&hellip;]\" \/>\n<meta property=\"og:url\" content=\"http:\/\/minutocerord.com\/?p=3956\" \/>\n<meta property=\"og:site_name\" content=\"Minuto Cero RD\" \/>\n<meta property=\"article:publisher\" content=\"https:\/\/www.facebook.com\/Genofnotes\" \/>\n<meta property=\"article:author\" content=\"https:\/\/www.facebook.com\/Genofnotes\" \/>\n<meta property=\"article:published_time\" content=\"2021-04-10T13:20:22+00:00\" \/>\n<meta property=\"article:modified_time\" content=\"2021-04-10T13:20:28+00:00\" \/>\n<meta property=\"og:image\" content=\"https:\/\/i0.wp.com\/minutocerord.com\/wp-content\/uploads\/2021\/04\/cedulahaitiana.png?fit=677%2C401\" \/>\n\t<meta property=\"og:image:width\" content=\"677\" \/>\n\t<meta property=\"og:image:height\" content=\"401\" \/>\n\t<meta property=\"og:image:type\" content=\"image\/png\" \/>\n<meta name=\"author\" content=\"Genof\u00f3ntes Urb\u00e1ez\" \/>\n<meta name=\"twitter:card\" content=\"summary_large_image\" \/>\n<meta name=\"twitter:label1\" content=\"Written by\" \/>\n\t<meta name=\"twitter:data1\" content=\"Genof\u00f3ntes Urb\u00e1ez\" \/>\n\t<meta name=\"twitter:label2\" content=\"Est. reading time\" \/>\n\t<meta name=\"twitter:data2\" content=\"1 minuto\" \/>\n<script type=\"application\/ld+json\" class=\"yoast-schema-graph\">{\"@context\":\"https:\\\/\\\/schema.org\",\"@graph\":[{\"@type\":\"Article\",\"@id\":\"http:\\\/\\\/minutocerord.com\\\/?p=3956#article\",\"isPartOf\":{\"@id\":\"http:\\\/\\\/minutocerord.com\\\/?p=3956\"},\"author\":{\"name\":\"Genof\u00f3ntes Urb\u00e1ez\",\"@id\":\"https:\\\/\\\/minutocerord.com\\\/#\\\/schema\\\/person\\\/60b5372d60aaa0a5171fb6488be9aee6\"},\"headline\":\"Miles de haitianos residentes en Rep. Dom. obtienen la c\u00e9dula de su pa\u00eds\",\"datePublished\":\"2021-04-10T13:20:22+00:00\",\"dateModified\":\"2021-04-10T13:20:28+00:00\",\"mainEntityOfPage\":{\"@id\":\"http:\\\/\\\/minutocerord.com\\\/?p=3956\"},\"wordCount\":235,\"commentCount\":0,\"publisher\":{\"@id\":\"https:\\\/\\\/minutocerord.com\\\/#\\\/schema\\\/person\\\/60b5372d60aaa0a5171fb6488be9aee6\"},\"image\":{\"@id\":\"http:\\\/\\\/minutocerord.com\\\/?p=3956#primaryimage\"},\"thumbnailUrl\":\"https:\\\/\\\/i0.wp.com\\\/minutocerord.com\\\/wp-content\\\/uploads\\\/2021\\\/04\\\/cedulahaitiana.png?fit=677%2C401&ssl=1\",\"articleSection\":[\"Nacionales\"],\"inLanguage\":\"es-DO\",\"potentialAction\":[{\"@type\":\"CommentAction\",\"name\":\"Comment\",\"target\":[\"http:\\\/\\\/minutocerord.com\\\/?p=3956#respond\"]}]},{\"@type\":\"WebPage\",\"@id\":\"http:\\\/\\\/minutocerord.com\\\/?p=3956\",\"url\":\"http:\\\/\\\/minutocerord.com\\\/?p=3956\",\"name\":\"Miles de haitianos residentes en Rep. Dom. obtienen la c\u00e9dula de su pa\u00eds - Minuto Cero RD\",\"isPartOf\":{\"@id\":\"https:\\\/\\\/minutocerord.com\\\/#website\"},\"primaryImageOfPage\":{\"@id\":\"http:\\\/\\\/minutocerord.com\\\/?p=3956#primaryimage\"},\"image\":{\"@id\":\"http:\\\/\\\/minutocerord.com\\\/?p=3956#primaryimage\"},\"thumbnailUrl\":\"https:\\\/\\\/i0.wp.com\\\/minutocerord.com\\\/wp-content\\\/uploads\\\/2021\\\/04\\\/cedulahaitiana.png?fit=677%2C401&ssl=1\",\"datePublished\":\"2021-04-10T13:20:22+00:00\",\"dateModified\":\"2021-04-10T13:20:28+00:00\",\"breadcrumb\":{\"@id\":\"http:\\\/\\\/minutocerord.com\\\/?p=3956#breadcrumb\"},\"inLanguage\":\"es-DO\",\"potentialAction\":[{\"@type\":\"ReadAction\",\"target\":[\"http:\\\/\\\/minutocerord.com\\\/?p=3956\"]}]},{\"@type\":\"ImageObject\",\"inLanguage\":\"es-DO\",\"@id\":\"http:\\\/\\\/minutocerord.com\\\/?p=3956#primaryimage\",\"url\":\"https:\\\/\\\/i0.wp.com\\\/minutocerord.com\\\/wp-content\\\/uploads\\\/2021\\\/04\\\/cedulahaitiana.png?fit=677%2C401&ssl=1\",\"contentUrl\":\"https:\\\/\\\/i0.wp.com\\\/minutocerord.com\\\/wp-content\\\/uploads\\\/2021\\\/04\\\/cedulahaitiana.png?fit=677%2C401&ssl=1\",\"width\":677,\"height\":401},{\"@type\":\"BreadcrumbList\",\"@id\":\"http:\\\/\\\/minutocerord.com\\\/?p=3956#breadcrumb\",\"itemListElement\":[{\"@type\":\"ListItem\",\"position\":1,\"name\":\"Home\",\"item\":\"https:\\\/\\\/minutocerord.com\\\/\"},{\"@type\":\"ListItem\",\"position\":2,\"name\":\"Miles de haitianos residentes en Rep. Dom. obtienen la c\u00e9dula de su pa\u00eds\"}]},{\"@type\":\"WebSite\",\"@id\":\"https:\\\/\\\/minutocerord.com\\\/#website\",\"url\":\"https:\\\/\\\/minutocerord.com\\\/\",\"name\":\"Minuto Cero RD\",\"description\":\"Periodismo serio y veraz\",\"publisher\":{\"@id\":\"https:\\\/\\\/minutocerord.com\\\/#\\\/schema\\\/person\\\/60b5372d60aaa0a5171fb6488be9aee6\"},\"potentialAction\":[{\"@type\":\"SearchAction\",\"target\":{\"@type\":\"EntryPoint\",\"urlTemplate\":\"https:\\\/\\\/minutocerord.com\\\/?s={search_term_string}\"},\"query-input\":{\"@type\":\"PropertyValueSpecification\",\"valueRequired\":true,\"valueName\":\"search_term_string\"}}],\"inLanguage\":\"es-DO\"},{\"@type\":[\"Person\",\"Organization\"],\"@id\":\"https:\\\/\\\/minutocerord.com\\\/#\\\/schema\\\/person\\\/60b5372d60aaa0a5171fb6488be9aee6\",\"name\":\"Genof\u00f3ntes Urb\u00e1ez\",\"image\":{\"@type\":\"ImageObject\",\"inLanguage\":\"es-DO\",\"@id\":\"https:\\\/\\\/secure.gravatar.com\\\/avatar\\\/a49ef3186a692098ac3e8a1612261e3ad70cf9e44553dff2929e67939a0ecb9d?s=96&d=identicon&r=g\",\"url\":\"https:\\\/\\\/secure.gravatar.com\\\/avatar\\\/a49ef3186a692098ac3e8a1612261e3ad70cf9e44553dff2929e67939a0ecb9d?s=96&d=identicon&r=g\",\"contentUrl\":\"https:\\\/\\\/secure.gravatar.com\\\/avatar\\\/a49ef3186a692098ac3e8a1612261e3ad70cf9e44553dff2929e67939a0ecb9d?s=96&d=identicon&r=g\",\"caption\":\"Genof\u00f3ntes Urb\u00e1ez\"},\"logo\":{\"@id\":\"https:\\\/\\\/secure.gravatar.com\\\/avatar\\\/a49ef3186a692098ac3e8a1612261e3ad70cf9e44553dff2929e67939a0ecb9d?s=96&d=identicon&r=g\"},\"description\":\"Periodista \\\/ Locutor\",\"sameAs\":[\"https:\\\/\\\/www.facebook.com\\\/Genofnotes\",\"https:\\\/\\\/www.instagram.com\\\/genofnotes\\\/\"]}]}<\/script>\n<!-- \/ Yoast SEO plugin. -->","yoast_head_json":{"title":"Miles de haitianos residentes en Rep. Dom. obtienen la c\u00e9dula de su pa\u00eds - Minuto Cero RD","robots":{"index":"index","follow":"follow","max-snippet":"max-snippet:-1","max-image-preview":"max-image-preview:large","max-video-preview":"max-video-preview:-1"},"canonical":"http:\/\/minutocerord.com\/?p=3956","og_locale":"es_ES","og_type":"article","og_title":"Miles de haitianos residentes en Rep. Dom. obtienen la c\u00e9dula de su pa\u00eds - Minuto Cero RD","og_description":"SANTO DOMINGO.- M\u00e1s de 15,000 haitianos residentes en la Rep\u00fablica Dominicana se han registrado para obtener de forma gratuita la nueva c\u00e9dula de identidad y electoral haitiana a trav\u00e9s de la embajada y los consulados establecidos en el pa\u00eds, inform\u00f3 este viernes la embajada de Puerto Pr\u00edncipe en Santo Domingo. De ellos, de acuerdo con [&hellip;]","og_url":"http:\/\/minutocerord.com\/?p=3956","og_site_name":"Minuto Cero RD","article_publisher":"https:\/\/www.facebook.com\/Genofnotes","article_author":"https:\/\/www.facebook.com\/Genofnotes","article_published_time":"2021-04-10T13:20:22+00:00","article_modified_time":"2021-04-10T13:20:28+00:00","og_image":[{"width":677,"height":401,"url":"https:\/\/i0.wp.com\/minutocerord.com\/wp-content\/uploads\/2021\/04\/cedulahaitiana.png?fit=677%2C401","type":"image\/png"}],"author":"Genof\u00f3ntes Urb\u00e1ez","twitter_card":"summary_large_image","twitter_misc":{"Written by":"Genof\u00f3ntes Urb\u00e1ez","Est. reading time":"1 minuto"},"schema":{"@context":"https:\/\/schema.org","@graph":[{"@type":"Article","@id":"http:\/\/minutocerord.com\/?p=3956#article","isPartOf":{"@id":"http:\/\/minutocerord.com\/?p=3956"},"author":{"name":"Genof\u00f3ntes Urb\u00e1ez","@id":"https:\/\/minutocerord.com\/#\/schema\/person\/60b5372d60aaa0a5171fb6488be9aee6"},"headline":"Miles de haitianos residentes en Rep. Dom. obtienen la c\u00e9dula de su pa\u00eds","datePublished":"2021-04-10T13:20:22+00:00","dateModified":"2021-04-10T13:20:28+00:00","mainEntityOfPage":{"@id":"http:\/\/minutocerord.com\/?p=3956"},"wordCount":235,"commentCount":0,"publisher":{"@id":"https:\/\/minutocerord.com\/#\/schema\/person\/60b5372d60aaa0a5171fb6488be9aee6"},"image":{"@id":"http:\/\/minutocerord.com\/?p=3956#primaryimage"},"thumbnailUrl":"https:\/\/i0.wp.com\/minutocerord.com\/wp-content\/uploads\/2021\/04\/cedulahaitiana.png?fit=677%2C401&ssl=1","articleSection":["Nacionales"],"inLanguage":"es-DO","potentialAction":[{"@type":"CommentAction","name":"Comment","target":["http:\/\/minutocerord.com\/?p=3956#respond"]}]},{"@type":"WebPage","@id":"http:\/\/minutocerord.com\/?p=3956","url":"http:\/\/minutocerord.com\/?p=3956","name":"Miles de haitianos residentes en Rep. Dom. obtienen la c\u00e9dula de su pa\u00eds - Minuto Cero RD","isPartOf":{"@id":"https:\/\/minutocerord.com\/#website"},"primaryImageOfPage":{"@id":"http:\/\/minutocerord.com\/?p=3956#primaryimage"},"image":{"@id":"http:\/\/minutocerord.com\/?p=3956#primaryimage"},"thumbnailUrl":"https:\/\/i0.wp.com\/minutocerord.com\/wp-content\/uploads\/2021\/04\/cedulahaitiana.png?fit=677%2C401&ssl=1","datePublished":"2021-04-10T13:20:22+00:00","dateModified":"2021-04-10T13:20:28+00:00","breadcrumb":{"@id":"http:\/\/minutocerord.com\/?p=3956#breadcrumb"},"inLanguage":"es-DO","potentialAction":[{"@type":"ReadAction","target":["http:\/\/minutocerord.com\/?p=3956"]}]},{"@type":"ImageObject","inLanguage":"es-DO","@id":"http:\/\/minutocerord.com\/?p=3956#primaryimage","url":"https:\/\/i0.wp.com\/minutocerord.com\/wp-content\/uploads\/2021\/04\/cedulahaitiana.png?fit=677%2C401&ssl=1","contentUrl":"https:\/\/i0.wp.com\/minutocerord.com\/wp-content\/uploads\/2021\/04\/cedulahaitiana.png?fit=677%2C401&ssl=1","width":677,"height":401},{"@type":"BreadcrumbList","@id":"http:\/\/minutocerord.com\/?p=3956#breadcrumb","itemListElement":[{"@type":"ListItem","position":1,"name":"Home","item":"https:\/\/minutocerord.com\/"},{"@type":"ListItem","position":2,"name":"Miles de haitianos residentes en Rep. Dom. obtienen la c\u00e9dula de su pa\u00eds"}]},{"@type":"WebSite","@id":"https:\/\/minutocerord.com\/#website","url":"https:\/\/minutocerord.com\/","name":"Minuto Cero RD","description":"Periodismo serio y veraz","publisher":{"@id":"https:\/\/minutocerord.com\/#\/schema\/person\/60b5372d60aaa0a5171fb6488be9aee6"},"potentialAction":[{"@type":"SearchAction","target":{"@type":"EntryPoint","urlTemplate":"https:\/\/minutocerord.com\/?s={search_term_string}"},"query-input":{"@type":"PropertyValueSpecification","valueRequired":true,"valueName":"search_term_string"}}],"inLanguage":"es-DO"},{"@type":["Person","Organization"],"@id":"https:\/\/minutocerord.com\/#\/schema\/person\/60b5372d60aaa0a5171fb6488be9aee6","name":"Genof\u00f3ntes Urb\u00e1ez","image":{"@type":"ImageObject","inLanguage":"es-DO","@id":"https:\/\/secure.gravatar.com\/avatar\/a49ef3186a692098ac3e8a1612261e3ad70cf9e44553dff2929e67939a0ecb9d?s=96&d=identicon&r=g","url":"https:\/\/secure.gravatar.com\/avatar\/a49ef3186a692098ac3e8a1612261e3ad70cf9e44553dff2929e67939a0ecb9d?s=96&d=identicon&r=g","contentUrl":"https:\/\/secure.gravatar.com\/avatar\/a49ef3186a692098ac3e8a1612261e3ad70cf9e44553dff2929e67939a0ecb9d?s=96&d=identicon&r=g","caption":"Genof\u00f3ntes Urb\u00e1ez"},"logo":{"@id":"https:\/\/secure.gravatar.com\/avatar\/a49ef3186a692098ac3e8a1612261e3ad70cf9e44553dff2929e67939a0ecb9d?s=96&d=identicon&r=g"},"description":"Periodista \/ Locutor","sameAs":["https:\/\/www.facebook.com\/Genofnotes","https:\/\/www.instagram.com\/genofnotes\/"]}]}},"jetpack_publicize_connections":[],"jetpack_featured_media_url":"https:\/\/i0.wp.com\/minutocerord.com\/wp-content\/uploads\/2021\/04\/cedulahaitiana.png?fit=677%2C401&ssl=1","jetpack-related-posts":[],"jetpack_sharing_enabled":true,"_links":{"self":[{"href":"https:\/\/minutocerord.com\/index.php?rest_route=\/wp\/v2\/posts\/3956","targetHints":{"allow":["GET"]}}],"collection":[{"href":"https:\/\/minutocerord.com\/index.php?rest_route=\/wp\/v2\/posts"}],"about":[{"href":"https:\/\/minutocerord.com\/index.php?rest_route=\/wp\/v2\/types\/post"}],"author":[{"embeddable":true,"href":"https:\/\/minutocerord.com\/index.php?rest_route=\/wp\/v2\/users\/1"}],"replies":[{"embeddable":true,"href":"https:\/\/minutocerord.com\/index.php?rest_route=%2Fwp%2Fv2%2Fcomments&post=3956"}],"version-history":[{"count":1,"href":"https:\/\/minutocerord.com\/index.php?rest_route=\/wp\/v2\/posts\/3956\/revisions"}],"predecessor-version":[{"id":3958,"href":"https:\/\/minutocerord.com\/index.php?rest_route=\/wp\/v2\/posts\/3956\/revisions\/3958"}],"wp:featuredmedia":[{"embeddable":true,"href":"https:\/\/minutocerord.com\/index.php?rest_route=\/wp\/v2\/media\/3957"}],"wp:attachment":[{"href":"https:\/\/minutocerord.com\/index.php?rest_route=%2Fwp%2Fv2%2Fmedia&parent=3956"}],"wp:term":[{"taxonomy":"category","embeddable":true,"href":"https:\/\/minutocerord.com\/index.php?rest_route=%2Fwp%2Fv2%2Fcategories&post=3956"},{"taxonomy":"post_tag","embeddable":true,"href":"https:\/\/minutocerord.com\/index.php?rest_route=%2Fwp%2Fv2%2Ftags&post=3956"}],"curies":[{"name":"wp","href":"https:\/\/api.w.org\/{rel}","templated":true}]}}