{"id":3970,"date":"2021-04-14T08:03:01","date_gmt":"2021-04-14T12:03:01","guid":{"rendered":"https:\/\/minutocerord.com\/?p=3970"},"modified":"2021-04-14T10:47:58","modified_gmt":"2021-04-14T14:47:58","slug":"el-senado-dominicano-elige-nuevos-integrantes-de-la-camara-de-cuentas","status":"publish","type":"post","link":"https:\/\/minutocerord.com\/?p=3970","title":{"rendered":"El Senado dominicano elige nuevos integrantes de la C\u00e1mara de Cuentas"},"content":{"rendered":"\n<p>Santo Domingo.\u2013 El pleno del Senado eligi\u00f3 este martes los cinco nuevos miembros de la C\u00e1mara de Cuentas, que estar\u00e1 presidida por Janel Andr\u00e9s Ram\u00edrez S\u00e1nchez, un t\u00e9cnico con experiencia en otros organismos p\u00fablicos.<\/p>\n\n\n\n<p>Los otros cuatro nuevos integrantes son Elsa Mar\u00eda Catano Ram\u00edrez, vicepresidenta; Tomasina Tolentino de Mckenzie, secretaria, y Elsa Mar\u00eda Pe\u00f1a Pe\u00f1a y Mario Arturo Fern\u00e1ndez Burgos, miembros.<\/p>\n\n\n\n<p><strong>Independientes de los partidos<\/strong><\/p>\n\n\n\n<p>El senador Antonio Taveras Guzm\u00e1n, presidente de la comisi\u00f3n del Senado que analiz\u00f3 los perfiles de los postulantes, dijo antes de la sesi\u00f3n que ser\u00edan elegidos candidatos \u00abtotalmente independientes de los partidos pol\u00edticos\u00bb.<\/p>\n\n\n\n<p>El jueves venidero se juramentar\u00e1 a los nuevos miembros de la Cuenta de Cuentas en el Senado.<\/p>\n\n\n\n<p><strong>El nuevo presidente<\/strong><\/p>\n\n\n\n<p>El nuevo presidente de la C\u00e1mara de Cuentas es graduado cum laude en contabilidad en el INTEC y tiene sendas maestr\u00edas en auditor\u00eda en Valencia (Espa\u00f1a), y en administraci\u00f3n financiera por APEC, seg\u00fan \u00e9l mismo relat\u00f3 en su entrevista ante la comisi\u00f3n de la C\u00e1mara de los Diputados.<\/p>\n\n\n\n<p>Ram\u00edrez S\u00e1nchez fue encargado de Direcci\u00f3n de Auditor\u00edas Especiales en la Contralor\u00eda General de la Rep\u00fablica y desde 2017 trabaja en la Direcci\u00f3n General de Contabilidad Gubernamental.<\/p>\n\n\n\n<p>En su entrevista ante la C\u00e1mara de los Diputados, afirm\u00f3 que propugna por un \u00abtrabajo apegado a la objetividad, a la \u00e9tica y el tecnicismo profesional\u00bb.<\/p>\n\n\n\n<p>Entre sus objetivos en la C\u00e1mara de Cuentas se encuentra fomentar un plan anual de auditor\u00eda en base a riesgos y fortalecer la formaci\u00f3n de los t\u00e9cnicos del organismo en normas internacionales.<\/p>\n\n\n\n<figure class=\"wp-block-image\" id=\"attachment_699519\"><a href=\"https:\/\/i0.wp.com\/almomento.net\/wp-content\/uploads\/2021\/04\/CAMARA-CUENTAS.jpg?ssl=1\"><img data-recalc-dims=\"1\" decoding=\"async\" loading=\"lazy\" src=\"https:\/\/i0.wp.com\/almomento.net\/wp-content\/uploads\/2021\/04\/CAMARA-CUENTAS.jpg?w=640&#038;ssl=1\" alt=\"\" class=\"wp-image-699519\"\/><\/a><figcaption>Nuevos miembros de la C\u00e1mara de Cuentas.<\/figcaption><\/figure>\n\n\n\n<p><strong>Tomasina Tolentino, secretaria<\/strong>:<\/p>\n\n\n\n<p>Es Contadora P\u00fablica por la Universidad Tecnol\u00f3gica de Santiago, con maestr\u00eda en Administraci\u00f3n Financiera por la Universidad APEC, y maestr\u00eda con doble titulaci\u00f3n en Alta Direcci\u00f3n P\u00fablica del Instituto Ortega y Gasset de Espa\u00f1a y el Instituto de Global de Altos Estudios de Ciencias Sociales (I-GLOBAL) de la Rep\u00fablica Dominicana, entre otros estudios.<\/p>\n\n\n\n<p>Tiene una amplia trayectoria profesional en el sector p\u00fablico, la cooperaci\u00f3n internacional y en auditor\u00eda, en la que se destacan los cargos de:<\/p>\n\n\n\n<ul class=\"wp-block-list\"><li>Directora de Planificaci\u00f3n y Desarrollo del Ministerio de Hacienda<\/li><li>Directora administrativa del Tribunal Constitucional<\/li><li>Posiciones gerenciales en Proyectos con Financiamiento de la Uni\u00f3n Europea (UE), el Programa de Naciones Unidas para el Desarrollo (PNUD), la Agencia de los Estados Unidos para el Desarrollo (USAID), adem\u00e1s de coordinar proyectos institucionales con el financiamiento del Banco Interamericano de Desarrollo (BID) y el Banco Mundial.<\/li><\/ul>\n\n\n\n<p><strong>Mario Fern\u00e1ndez Burgos, miembro<\/strong>:<\/p>\n\n\n\n<p>Vinculado al movimiento c\u00edvico no partidista&nbsp;<strong>Participaci\u00f3n Ciudadana,&nbsp;<\/strong>Mario Fern\u00e1ndez Burgos es abogado, notario p\u00fablico desde hace 37 a\u00f1os del municipio de Santiago.<\/p>\n\n\n\n<p>Fundador del movimiento \u00abSantiago Somos Todos\u00bb.<\/p>\n\n\n\n<p><strong>Elsa Pe\u00f1a Pe\u00f1a, miembro<\/strong>:<\/p>\n\n\n\n<p>Contadora p\u00fablica de profesi\u00f3n, Elsa Pe\u00f1a Pe\u00f1a 40 a\u00f1os de ejercicio en diferentes instancias p\u00fablicas:<\/p>\n\n\n\n<ul class=\"wp-block-list\"><li>Instituto Dominicano de Seguros Sociales (IDSS)<\/li><li>Direcci\u00f3n General de Impuestos Internos<\/li><li>Ministerio de Salud P\u00fablica<\/li><li>Contralor\u00eda General<\/li><li>Tambi\u00e9n se ha desempe\u00f1ado como docente por 20 a\u00f1os en la Universidad Aut\u00f3noma de Santo Domingo (UASD) y la Universidad Cat\u00f3lica Santo Domingo (UCSD)<\/li><li>SANTO DOMINGO.- El Senado escogi\u00f3 este martes a Janel Andr\u00e9s Ram\u00edrez S\u00e1nchez como presidente de la C\u00e1mara de Cuentas.Tambi\u00e9n fueron seleccionados Elsa Catano, vicepresidenta; Tomasina Tolentino Mckenzie, secretaria; Mario Fern\u00e1ndez Burgos y Elsa Mar\u00eda Pe\u00f1a Pe\u00f1a.La Comisi\u00f3n especial designada para la escogencia de los miembros del \u00f3rgano fiscalizador, que preside que preside Antonio Taveras Guzm\u00e1n, hab\u00eda dicho que trabajaban por darle al pa\u00eds la C\u00e1mara de Cuentas que demanda la sociedad.<strong>Janel Andr\u00e9s Ram\u00edrez S\u00e1nchez, presidente<\/strong>:Contador p\u00fablico, inicia su vida profesional en 2002.Ingres\u00f3 a la Contralor\u00eda General de la Rep\u00fablica en 2014 ocupando la posici\u00f3n de encargado de la Direcci\u00f3n de Auditor\u00edas Especiales.Actualmente es titular de la Direcci\u00f3n de Normas y Procedimientos Contables. de la Direcci\u00f3n General de Contabilidad Gubernamental (Digecog)<strong>Elsa Mar\u00eda Catano, vicepresidenta<\/strong>:Contadora p\u00fablica autorizada con m\u00e1s de 30 a\u00f1os de ejercicio profesional. Posee una maestr\u00eda en Contabilidad y Auditor\u00eda Integral.Trabaj\u00f3 en la Contralor\u00eda General de la Rep\u00fablica en la Direcci\u00f3n General de Contabilidad de Estado, posteriormente fue subcontadora general del Estado en esa instituci\u00f3n.Actualmente se desempe\u00f1a como gerente de Auditor\u00eda Interna del Hospital General Plaza de la Salud.an\/am<\/li><\/ul>\n\n\n\n<figure class=\"wp-block-embed is-type-rich is-provider-embed-handler wp-block-embed-embed-handler wp-embed-aspect-16-9 wp-has-aspect-ratio\"><div class=\"wp-block-embed__wrapper\">\n<div class=\"youtube-embed\" data-video_id=\"FXM0S0Cxkz0\"><iframe loading=\"lazy\" title=\"Entrevista a Janel Andre\u0301s Rami\u0301rez Sa\u0301nchez I Comisio\u0301n Permanente Ca\u0301mara de Cuentas 2021\" width=\"640\" height=\"360\" src=\"https:\/\/www.youtube.com\/embed\/FXM0S0Cxkz0?feature=oembed&#038;enablejsapi=1\" frameborder=\"0\" allow=\"accelerometer; autoplay; clipboard-write; encrypted-media; gyroscope; picture-in-picture; web-share\" referrerpolicy=\"strict-origin-when-cross-origin\" allowfullscreen><\/iframe><\/div>\n<\/div><\/figure>\n","protected":false},"excerpt":{"rendered":"<p>Santo Domingo.\u2013 El pleno del Senado eligi\u00f3 este martes los cinco nuevos miembros de la C\u00e1mara de Cuentas, que estar\u00e1 presidida por Janel Andr\u00e9s Ram\u00edrez S\u00e1nchez, un t\u00e9cnico con experiencia en otros organismos p\u00fablicos. Los otros cuatro nuevos integrantes son Elsa Mar\u00eda Catano Ram\u00edrez, vicepresidenta; Tomasina Tolentino de Mckenzie, secretaria, y Elsa Mar\u00eda Pe\u00f1a Pe\u00f1a [&hellip;]<\/p>\n","protected":false},"author":1,"featured_media":3972,"comment_status":"open","ping_status":"open","sticky":false,"template":"","format":"standard","meta":{"nf_dc_page":"","jetpack_post_was_ever_published":false,"_jetpack_newsletter_access":"","_jetpack_dont_email_post_to_subs":false,"_jetpack_newsletter_tier_id":0,"_jetpack_memberships_contains_paywalled_content":false,"_jetpack_memberships_contains_paid_content":false,"footnotes":"","jetpack_publicize_message":"","jetpack_publicize_feature_enabled":true,"jetpack_social_post_already_shared":false,"jetpack_social_options":{"image_generator_settings":{"template":"highway","default_image_id":0,"font":"","enabled":false},"version":2}},"categories":[65],"tags":[],"class_list":["post-3970","post","type-post","status-publish","format-standard","has-post-thumbnail","hentry","category-nacionales"],"yoast_head":"<!-- This site is optimized with the Yoast SEO plugin v27.5 - https:\/\/yoast.com\/product\/yoast-seo-wordpress\/ -->\n<title>El Senado dominicano elige nuevos integrantes de la C\u00e1mara de Cuentas - Minuto Cero RD<\/title>\n<meta name=\"robots\" content=\"index, follow, max-snippet:-1, max-image-preview:large, max-video-preview:-1\" \/>\n<link rel=\"canonical\" href=\"http:\/\/minutocerord.com\/?p=3970\" \/>\n<meta property=\"og:locale\" content=\"es_ES\" \/>\n<meta property=\"og:type\" content=\"article\" \/>\n<meta property=\"og:title\" content=\"El Senado dominicano elige nuevos integrantes de la C\u00e1mara de Cuentas - Minuto Cero RD\" \/>\n<meta property=\"og:description\" content=\"Santo Domingo.\u2013 El pleno del Senado eligi\u00f3 este martes los cinco nuevos miembros de la C\u00e1mara de Cuentas, que estar\u00e1 presidida por Janel Andr\u00e9s Ram\u00edrez S\u00e1nchez, un t\u00e9cnico con experiencia en otros organismos p\u00fablicos. Los otros cuatro nuevos integrantes son Elsa Mar\u00eda Catano Ram\u00edrez, vicepresidenta; Tomasina Tolentino de Mckenzie, secretaria, y Elsa Mar\u00eda Pe\u00f1a Pe\u00f1a [&hellip;]\" \/>\n<meta property=\"og:url\" content=\"http:\/\/minutocerord.com\/?p=3970\" \/>\n<meta property=\"og:site_name\" content=\"Minuto Cero RD\" \/>\n<meta property=\"article:publisher\" content=\"https:\/\/www.facebook.com\/Genofnotes\" \/>\n<meta property=\"article:author\" content=\"https:\/\/www.facebook.com\/Genofnotes\" \/>\n<meta property=\"article:published_time\" content=\"2021-04-14T12:03:01+00:00\" \/>\n<meta property=\"article:modified_time\" content=\"2021-04-14T14:47:58+00:00\" \/>\n<meta property=\"og:image\" content=\"https:\/\/i0.wp.com\/minutocerord.com\/wp-content\/uploads\/2021\/04\/AAAAAAAAAAAAAAAAAAAAAA.jpg?fit=933%2C416\" \/>\n\t<meta property=\"og:image:width\" content=\"933\" \/>\n\t<meta property=\"og:image:height\" content=\"416\" \/>\n\t<meta property=\"og:image:type\" content=\"image\/jpeg\" \/>\n<meta name=\"author\" content=\"Genof\u00f3ntes Urb\u00e1ez\" \/>\n<meta name=\"twitter:card\" content=\"summary_large_image\" \/>\n<meta name=\"twitter:label1\" content=\"Written by\" \/>\n\t<meta name=\"twitter:data1\" content=\"Genof\u00f3ntes Urb\u00e1ez\" \/>\n\t<meta name=\"twitter:label2\" content=\"Est. reading time\" \/>\n\t<meta name=\"twitter:data2\" content=\"4 minutos\" \/>\n<script type=\"application\/ld+json\" class=\"yoast-schema-graph\">{\"@context\":\"https:\\\/\\\/schema.org\",\"@graph\":[{\"@type\":\"Article\",\"@id\":\"http:\\\/\\\/minutocerord.com\\\/?p=3970#article\",\"isPartOf\":{\"@id\":\"http:\\\/\\\/minutocerord.com\\\/?p=3970\"},\"author\":{\"name\":\"Genof\u00f3ntes Urb\u00e1ez\",\"@id\":\"https:\\\/\\\/minutocerord.com\\\/#\\\/schema\\\/person\\\/60b5372d60aaa0a5171fb6488be9aee6\"},\"headline\":\"El Senado dominicano elige nuevos integrantes de la C\u00e1mara de Cuentas\",\"datePublished\":\"2021-04-14T12:03:01+00:00\",\"dateModified\":\"2021-04-14T14:47:58+00:00\",\"mainEntityOfPage\":{\"@id\":\"http:\\\/\\\/minutocerord.com\\\/?p=3970\"},\"wordCount\":812,\"commentCount\":0,\"publisher\":{\"@id\":\"https:\\\/\\\/minutocerord.com\\\/#\\\/schema\\\/person\\\/60b5372d60aaa0a5171fb6488be9aee6\"},\"image\":{\"@id\":\"http:\\\/\\\/minutocerord.com\\\/?p=3970#primaryimage\"},\"thumbnailUrl\":\"https:\\\/\\\/i0.wp.com\\\/minutocerord.com\\\/wp-content\\\/uploads\\\/2021\\\/04\\\/AAAAAAAAAAAAAAAAAAAAAA.jpg?fit=933%2C416&ssl=1\",\"articleSection\":[\"Nacionales\"],\"inLanguage\":\"es-DO\",\"potentialAction\":[{\"@type\":\"CommentAction\",\"name\":\"Comment\",\"target\":[\"http:\\\/\\\/minutocerord.com\\\/?p=3970#respond\"]}]},{\"@type\":\"WebPage\",\"@id\":\"http:\\\/\\\/minutocerord.com\\\/?p=3970\",\"url\":\"http:\\\/\\\/minutocerord.com\\\/?p=3970\",\"name\":\"El Senado dominicano elige nuevos integrantes de la C\u00e1mara de Cuentas - Minuto Cero RD\",\"isPartOf\":{\"@id\":\"https:\\\/\\\/minutocerord.com\\\/#website\"},\"primaryImageOfPage\":{\"@id\":\"http:\\\/\\\/minutocerord.com\\\/?p=3970#primaryimage\"},\"image\":{\"@id\":\"http:\\\/\\\/minutocerord.com\\\/?p=3970#primaryimage\"},\"thumbnailUrl\":\"https:\\\/\\\/i0.wp.com\\\/minutocerord.com\\\/wp-content\\\/uploads\\\/2021\\\/04\\\/AAAAAAAAAAAAAAAAAAAAAA.jpg?fit=933%2C416&ssl=1\",\"datePublished\":\"2021-04-14T12:03:01+00:00\",\"dateModified\":\"2021-04-14T14:47:58+00:00\",\"breadcrumb\":{\"@id\":\"http:\\\/\\\/minutocerord.com\\\/?p=3970#breadcrumb\"},\"inLanguage\":\"es-DO\",\"potentialAction\":[{\"@type\":\"ReadAction\",\"target\":[\"http:\\\/\\\/minutocerord.com\\\/?p=3970\"]}]},{\"@type\":\"ImageObject\",\"inLanguage\":\"es-DO\",\"@id\":\"http:\\\/\\\/minutocerord.com\\\/?p=3970#primaryimage\",\"url\":\"https:\\\/\\\/i0.wp.com\\\/minutocerord.com\\\/wp-content\\\/uploads\\\/2021\\\/04\\\/AAAAAAAAAAAAAAAAAAAAAA.jpg?fit=933%2C416&ssl=1\",\"contentUrl\":\"https:\\\/\\\/i0.wp.com\\\/minutocerord.com\\\/wp-content\\\/uploads\\\/2021\\\/04\\\/AAAAAAAAAAAAAAAAAAAAAA.jpg?fit=933%2C416&ssl=1\",\"width\":933,\"height\":416},{\"@type\":\"BreadcrumbList\",\"@id\":\"http:\\\/\\\/minutocerord.com\\\/?p=3970#breadcrumb\",\"itemListElement\":[{\"@type\":\"ListItem\",\"position\":1,\"name\":\"Home\",\"item\":\"https:\\\/\\\/minutocerord.com\\\/\"},{\"@type\":\"ListItem\",\"position\":2,\"name\":\"El Senado dominicano elige nuevos integrantes de la C\u00e1mara de Cuentas\"}]},{\"@type\":\"WebSite\",\"@id\":\"https:\\\/\\\/minutocerord.com\\\/#website\",\"url\":\"https:\\\/\\\/minutocerord.com\\\/\",\"name\":\"Minuto Cero RD\",\"description\":\"Periodismo serio y veraz\",\"publisher\":{\"@id\":\"https:\\\/\\\/minutocerord.com\\\/#\\\/schema\\\/person\\\/60b5372d60aaa0a5171fb6488be9aee6\"},\"potentialAction\":[{\"@type\":\"SearchAction\",\"target\":{\"@type\":\"EntryPoint\",\"urlTemplate\":\"https:\\\/\\\/minutocerord.com\\\/?s={search_term_string}\"},\"query-input\":{\"@type\":\"PropertyValueSpecification\",\"valueRequired\":true,\"valueName\":\"search_term_string\"}}],\"inLanguage\":\"es-DO\"},{\"@type\":[\"Person\",\"Organization\"],\"@id\":\"https:\\\/\\\/minutocerord.com\\\/#\\\/schema\\\/person\\\/60b5372d60aaa0a5171fb6488be9aee6\",\"name\":\"Genof\u00f3ntes Urb\u00e1ez\",\"image\":{\"@type\":\"ImageObject\",\"inLanguage\":\"es-DO\",\"@id\":\"https:\\\/\\\/secure.gravatar.com\\\/avatar\\\/a49ef3186a692098ac3e8a1612261e3ad70cf9e44553dff2929e67939a0ecb9d?s=96&d=identicon&r=g\",\"url\":\"https:\\\/\\\/secure.gravatar.com\\\/avatar\\\/a49ef3186a692098ac3e8a1612261e3ad70cf9e44553dff2929e67939a0ecb9d?s=96&d=identicon&r=g\",\"contentUrl\":\"https:\\\/\\\/secure.gravatar.com\\\/avatar\\\/a49ef3186a692098ac3e8a1612261e3ad70cf9e44553dff2929e67939a0ecb9d?s=96&d=identicon&r=g\",\"caption\":\"Genof\u00f3ntes Urb\u00e1ez\"},\"logo\":{\"@id\":\"https:\\\/\\\/secure.gravatar.com\\\/avatar\\\/a49ef3186a692098ac3e8a1612261e3ad70cf9e44553dff2929e67939a0ecb9d?s=96&d=identicon&r=g\"},\"description\":\"Periodista \\\/ Locutor\",\"sameAs\":[\"https:\\\/\\\/www.facebook.com\\\/Genofnotes\",\"https:\\\/\\\/www.instagram.com\\\/genofnotes\\\/\"]}]}<\/script>\n<!-- \/ Yoast SEO plugin. -->","yoast_head_json":{"title":"El Senado dominicano elige nuevos integrantes de la C\u00e1mara de Cuentas - Minuto Cero RD","robots":{"index":"index","follow":"follow","max-snippet":"max-snippet:-1","max-image-preview":"max-image-preview:large","max-video-preview":"max-video-preview:-1"},"canonical":"http:\/\/minutocerord.com\/?p=3970","og_locale":"es_ES","og_type":"article","og_title":"El Senado dominicano elige nuevos integrantes de la C\u00e1mara de Cuentas - Minuto Cero RD","og_description":"Santo Domingo.\u2013 El pleno del Senado eligi\u00f3 este martes los cinco nuevos miembros de la C\u00e1mara de Cuentas, que estar\u00e1 presidida por Janel Andr\u00e9s Ram\u00edrez S\u00e1nchez, un t\u00e9cnico con experiencia en otros organismos p\u00fablicos. Los otros cuatro nuevos integrantes son Elsa Mar\u00eda Catano Ram\u00edrez, vicepresidenta; Tomasina Tolentino de Mckenzie, secretaria, y Elsa Mar\u00eda Pe\u00f1a Pe\u00f1a [&hellip;]","og_url":"http:\/\/minutocerord.com\/?p=3970","og_site_name":"Minuto Cero RD","article_publisher":"https:\/\/www.facebook.com\/Genofnotes","article_author":"https:\/\/www.facebook.com\/Genofnotes","article_published_time":"2021-04-14T12:03:01+00:00","article_modified_time":"2021-04-14T14:47:58+00:00","og_image":[{"width":933,"height":416,"url":"https:\/\/i0.wp.com\/minutocerord.com\/wp-content\/uploads\/2021\/04\/AAAAAAAAAAAAAAAAAAAAAA.jpg?fit=933%2C416","type":"image\/jpeg"}],"author":"Genof\u00f3ntes Urb\u00e1ez","twitter_card":"summary_large_image","twitter_misc":{"Written by":"Genof\u00f3ntes Urb\u00e1ez","Est. reading time":"4 minutos"},"schema":{"@context":"https:\/\/schema.org","@graph":[{"@type":"Article","@id":"http:\/\/minutocerord.com\/?p=3970#article","isPartOf":{"@id":"http:\/\/minutocerord.com\/?p=3970"},"author":{"name":"Genof\u00f3ntes Urb\u00e1ez","@id":"https:\/\/minutocerord.com\/#\/schema\/person\/60b5372d60aaa0a5171fb6488be9aee6"},"headline":"El Senado dominicano elige nuevos integrantes de la C\u00e1mara de Cuentas","datePublished":"2021-04-14T12:03:01+00:00","dateModified":"2021-04-14T14:47:58+00:00","mainEntityOfPage":{"@id":"http:\/\/minutocerord.com\/?p=3970"},"wordCount":812,"commentCount":0,"publisher":{"@id":"https:\/\/minutocerord.com\/#\/schema\/person\/60b5372d60aaa0a5171fb6488be9aee6"},"image":{"@id":"http:\/\/minutocerord.com\/?p=3970#primaryimage"},"thumbnailUrl":"https:\/\/i0.wp.com\/minutocerord.com\/wp-content\/uploads\/2021\/04\/AAAAAAAAAAAAAAAAAAAAAA.jpg?fit=933%2C416&ssl=1","articleSection":["Nacionales"],"inLanguage":"es-DO","potentialAction":[{"@type":"CommentAction","name":"Comment","target":["http:\/\/minutocerord.com\/?p=3970#respond"]}]},{"@type":"WebPage","@id":"http:\/\/minutocerord.com\/?p=3970","url":"http:\/\/minutocerord.com\/?p=3970","name":"El Senado dominicano elige nuevos integrantes de la C\u00e1mara de Cuentas - Minuto Cero RD","isPartOf":{"@id":"https:\/\/minutocerord.com\/#website"},"primaryImageOfPage":{"@id":"http:\/\/minutocerord.com\/?p=3970#primaryimage"},"image":{"@id":"http:\/\/minutocerord.com\/?p=3970#primaryimage"},"thumbnailUrl":"https:\/\/i0.wp.com\/minutocerord.com\/wp-content\/uploads\/2021\/04\/AAAAAAAAAAAAAAAAAAAAAA.jpg?fit=933%2C416&ssl=1","datePublished":"2021-04-14T12:03:01+00:00","dateModified":"2021-04-14T14:47:58+00:00","breadcrumb":{"@id":"http:\/\/minutocerord.com\/?p=3970#breadcrumb"},"inLanguage":"es-DO","potentialAction":[{"@type":"ReadAction","target":["http:\/\/minutocerord.com\/?p=3970"]}]},{"@type":"ImageObject","inLanguage":"es-DO","@id":"http:\/\/minutocerord.com\/?p=3970#primaryimage","url":"https:\/\/i0.wp.com\/minutocerord.com\/wp-content\/uploads\/2021\/04\/AAAAAAAAAAAAAAAAAAAAAA.jpg?fit=933%2C416&ssl=1","contentUrl":"https:\/\/i0.wp.com\/minutocerord.com\/wp-content\/uploads\/2021\/04\/AAAAAAAAAAAAAAAAAAAAAA.jpg?fit=933%2C416&ssl=1","width":933,"height":416},{"@type":"BreadcrumbList","@id":"http:\/\/minutocerord.com\/?p=3970#breadcrumb","itemListElement":[{"@type":"ListItem","position":1,"name":"Home","item":"https:\/\/minutocerord.com\/"},{"@type":"ListItem","position":2,"name":"El Senado dominicano elige nuevos integrantes de la C\u00e1mara de Cuentas"}]},{"@type":"WebSite","@id":"https:\/\/minutocerord.com\/#website","url":"https:\/\/minutocerord.com\/","name":"Minuto Cero RD","description":"Periodismo serio y veraz","publisher":{"@id":"https:\/\/minutocerord.com\/#\/schema\/person\/60b5372d60aaa0a5171fb6488be9aee6"},"potentialAction":[{"@type":"SearchAction","target":{"@type":"EntryPoint","urlTemplate":"https:\/\/minutocerord.com\/?s={search_term_string}"},"query-input":{"@type":"PropertyValueSpecification","valueRequired":true,"valueName":"search_term_string"}}],"inLanguage":"es-DO"},{"@type":["Person","Organization"],"@id":"https:\/\/minutocerord.com\/#\/schema\/person\/60b5372d60aaa0a5171fb6488be9aee6","name":"Genof\u00f3ntes Urb\u00e1ez","image":{"@type":"ImageObject","inLanguage":"es-DO","@id":"https:\/\/secure.gravatar.com\/avatar\/a49ef3186a692098ac3e8a1612261e3ad70cf9e44553dff2929e67939a0ecb9d?s=96&d=identicon&r=g","url":"https:\/\/secure.gravatar.com\/avatar\/a49ef3186a692098ac3e8a1612261e3ad70cf9e44553dff2929e67939a0ecb9d?s=96&d=identicon&r=g","contentUrl":"https:\/\/secure.gravatar.com\/avatar\/a49ef3186a692098ac3e8a1612261e3ad70cf9e44553dff2929e67939a0ecb9d?s=96&d=identicon&r=g","caption":"Genof\u00f3ntes Urb\u00e1ez"},"logo":{"@id":"https:\/\/secure.gravatar.com\/avatar\/a49ef3186a692098ac3e8a1612261e3ad70cf9e44553dff2929e67939a0ecb9d?s=96&d=identicon&r=g"},"description":"Periodista \/ Locutor","sameAs":["https:\/\/www.facebook.com\/Genofnotes","https:\/\/www.instagram.com\/genofnotes\/"]}]}},"jetpack_publicize_connections":[],"jetpack_featured_media_url":"https:\/\/i0.wp.com\/minutocerord.com\/wp-content\/uploads\/2021\/04\/AAAAAAAAAAAAAAAAAAAAAA.jpg?fit=933%2C416&ssl=1","jetpack-related-posts":[],"jetpack_sharing_enabled":true,"_links":{"self":[{"href":"https:\/\/minutocerord.com\/index.php?rest_route=\/wp\/v2\/posts\/3970","targetHints":{"allow":["GET"]}}],"collection":[{"href":"https:\/\/minutocerord.com\/index.php?rest_route=\/wp\/v2\/posts"}],"about":[{"href":"https:\/\/minutocerord.com\/index.php?rest_route=\/wp\/v2\/types\/post"}],"author":[{"embeddable":true,"href":"https:\/\/minutocerord.com\/index.php?rest_route=\/wp\/v2\/users\/1"}],"replies":[{"embeddable":true,"href":"https:\/\/minutocerord.com\/index.php?rest_route=%2Fwp%2Fv2%2Fcomments&post=3970"}],"version-history":[{"count":2,"href":"https:\/\/minutocerord.com\/index.php?rest_route=\/wp\/v2\/posts\/3970\/revisions"}],"predecessor-version":[{"id":4010,"href":"https:\/\/minutocerord.com\/index.php?rest_route=\/wp\/v2\/posts\/3970\/revisions\/4010"}],"wp:featuredmedia":[{"embeddable":true,"href":"https:\/\/minutocerord.com\/index.php?rest_route=\/wp\/v2\/media\/3972"}],"wp:attachment":[{"href":"https:\/\/minutocerord.com\/index.php?rest_route=%2Fwp%2Fv2%2Fmedia&parent=3970"}],"wp:term":[{"taxonomy":"category","embeddable":true,"href":"https:\/\/minutocerord.com\/index.php?rest_route=%2Fwp%2Fv2%2Fcategories&post=3970"},{"taxonomy":"post_tag","embeddable":true,"href":"https:\/\/minutocerord.com\/index.php?rest_route=%2Fwp%2Fv2%2Ftags&post=3970"}],"curies":[{"name":"wp","href":"https:\/\/api.w.org\/{rel}","templated":true}]}}