{"id":3977,"date":"2021-04-14T08:06:25","date_gmt":"2021-04-14T12:06:25","guid":{"rendered":"https:\/\/minutocerord.com\/?p=3977"},"modified":"2021-04-14T08:06:36","modified_gmt":"2021-04-14T12:06:36","slug":"usuarios-del-metro-de-nueva-york-mas-preocupados-por-seguridad-que-por-covid","status":"publish","type":"post","link":"https:\/\/minutocerord.com\/?p=3977","title":{"rendered":"Usuarios del metro de Nueva York, m\u00e1s preocupados por seguridad que por Covid"},"content":{"rendered":"\n<p>Los pasajeros del metro de Nueva York parecen estar m\u00e1s preocupados por la seguridad que por la posibilidad de contagiarse de la Covid-19, seg\u00fan se desprende de una encuesta realizada por la Autoridad de Transporte Metropolitana (MTA, por sus siglas en ingl\u00e9s).<\/p>\n\n\n\n<p>En concreto, un 72 % de los usuarios asegura sentirse muy preocupado por &#8220;el crimen y por el acoso&#8221;, mientras que el 64 % asegura estar preocupado por su seguridad sanitaria, un 69 % por llevar mascarilla, un 60 % por la distancia social y un 55 % por la limpieza de los vagones.<\/p>\n\n\n\n<p>&#8220;Los datos de nuestra encuesta a los clientes no podr\u00edan ser m\u00e1s claros: las preocupaci\u00f3n sobre la seguridad es la m\u00e1s importante para los pasajeros actuales y para aquellos que buscan regresar al transporte p\u00fablico. Una abrumadora mayor\u00eda del 76 % de los clientes dice que ver uniformados en el sistema les hace sentir m\u00e1s seguros&#8221;, dijo el portavoz de la MTA Abbey Colling, en unas declaraciones enviadas a Efe.<\/p>\n\n\n\n<p>La MTA ha publicado esta encuesta despu\u00e9s de que el 8 de abril el n\u00famero diario de pasajeros del metro superara por primera vez los dos millones de usuarios, una cifra todav\u00eda muy por debajo de los 5,5 millones de personas que habitualmente usaban el metro antes de la pandemia, pero muy por encima de la de hace un a\u00f1o, cuando el n\u00famero de viajeros se desplom\u00f3 un 90 %, debido a la expansi\u00f3n de la Covid-19.<\/p>\n\n\n\n<p>&#8220;Sabemos que si nuestros pasajeros se sienten a salvo del crimen y a salvo de la Covid, regresar\u00e1n al transporte p\u00fablico y regresar\u00e1n a la ciudad, y estamos dedicando todos los recursos para abordar continuamente estos problemas, para seguir rompiendo los hitos del n\u00famero de pasajeros d\u00eda tras d\u00eda a medida que Nueva York reabre&#8221;, agreg\u00f3 Colling.<\/p>\n\n\n\n<p>En los \u00faltimos meses, se han reportado varios ataques en las estaciones y vagones en este medio de transporte.<\/p>\n\n\n\n<p>La encuesta refleja que la satisfacci\u00f3n de los usuarios en relaci\u00f3n al crimen y al acoso en los vagones cay\u00f3 un 16 %, hasta el 26 % y en las estaciones descendi\u00f3 un 8,2 % hasta el 34 %.<\/p>\n\n\n\n<p>En cuanto a los antiguos usuarios del metro, un 36 % sostiene que no ha regresado al tren subterr\u00e1neo debido a su sensaci\u00f3n de inseguridad por los cr\u00edmenes y el acoso.<\/p>\n\n\n\n<p>La vacunaci\u00f3n en Nueva York avanza a buen ritmo, con un cuarto de sus habitantes vacunados, mientras las autoridades contin\u00faan favoreciendo la reapertura de sectores y negocios que hab\u00edan permanecidos cerrados hasta ahora.<\/p>\n\n\n\n<p>Salones de bodas, conciertos en lugares cerrados o centros de ocio y entretenimiento pueden ya abrir sus puertas en la ciudad aunque con capacidad limitada, lo que tambi\u00e9n ha contribuido a la reactivaci\u00f3n del trasporte p\u00fablico.<\/p>\n","protected":false},"excerpt":{"rendered":"<p>Los pasajeros del metro de Nueva York parecen estar m\u00e1s preocupados por la seguridad que por la posibilidad de contagiarse de la Covid-19, seg\u00fan se desprende de una encuesta realizada por la Autoridad de Transporte Metropolitana (MTA, por sus siglas en ingl\u00e9s). En concreto, un 72 % de los usuarios asegura sentirse muy preocupado por [&hellip;]<\/p>\n","protected":false},"author":1,"featured_media":3978,"comment_status":"open","ping_status":"open","sticky":false,"template":"","format":"standard","meta":{"nf_dc_page":"","jetpack_post_was_ever_published":false,"_jetpack_newsletter_access":"","_jetpack_dont_email_post_to_subs":false,"_jetpack_newsletter_tier_id":0,"_jetpack_memberships_contains_paywalled_content":false,"_jetpack_memberships_contains_paid_content":false,"footnotes":"","jetpack_publicize_message":"","jetpack_publicize_feature_enabled":true,"jetpack_social_post_already_shared":false,"jetpack_social_options":{"image_generator_settings":{"template":"highway","default_image_id":0,"font":"","enabled":false},"version":2}},"categories":[82],"tags":[],"class_list":["post-3977","post","type-post","status-publish","format-standard","has-post-thumbnail","hentry","category-new-york"],"yoast_head":"<!-- This site is optimized with the Yoast SEO plugin v27.5 - https:\/\/yoast.com\/product\/yoast-seo-wordpress\/ -->\n<title>Usuarios del metro de Nueva York, m\u00e1s preocupados por seguridad que por Covid - Minuto Cero RD<\/title>\n<meta name=\"robots\" content=\"index, follow, max-snippet:-1, max-image-preview:large, max-video-preview:-1\" \/>\n<link rel=\"canonical\" href=\"http:\/\/minutocerord.com\/?p=3977\" \/>\n<meta property=\"og:locale\" content=\"es_ES\" \/>\n<meta property=\"og:type\" content=\"article\" \/>\n<meta property=\"og:title\" content=\"Usuarios del metro de Nueva York, m\u00e1s preocupados por seguridad que por Covid - Minuto Cero RD\" \/>\n<meta property=\"og:description\" content=\"Los pasajeros del metro de Nueva York parecen estar m\u00e1s preocupados por la seguridad que por la posibilidad de contagiarse de la Covid-19, seg\u00fan se desprende de una encuesta realizada por la Autoridad de Transporte Metropolitana (MTA, por sus siglas en ingl\u00e9s). En concreto, un 72 % de los usuarios asegura sentirse muy preocupado por [&hellip;]\" \/>\n<meta property=\"og:url\" content=\"http:\/\/minutocerord.com\/?p=3977\" \/>\n<meta property=\"og:site_name\" content=\"Minuto Cero RD\" \/>\n<meta property=\"article:publisher\" content=\"https:\/\/www.facebook.com\/Genofnotes\" \/>\n<meta property=\"article:author\" content=\"https:\/\/www.facebook.com\/Genofnotes\" \/>\n<meta property=\"article:published_time\" content=\"2021-04-14T12:06:25+00:00\" \/>\n<meta property=\"article:modified_time\" content=\"2021-04-14T12:06:36+00:00\" \/>\n<meta property=\"og:image\" content=\"https:\/\/i0.wp.com\/minutocerord.com\/wp-content\/uploads\/2021\/04\/Captura-2.png?fit=825%2C549\" \/>\n\t<meta property=\"og:image:width\" content=\"825\" \/>\n\t<meta property=\"og:image:height\" content=\"549\" \/>\n\t<meta property=\"og:image:type\" content=\"image\/png\" \/>\n<meta name=\"author\" content=\"Genof\u00f3ntes Urb\u00e1ez\" \/>\n<meta name=\"twitter:card\" content=\"summary_large_image\" \/>\n<meta name=\"twitter:label1\" content=\"Written by\" \/>\n\t<meta name=\"twitter:data1\" content=\"Genof\u00f3ntes Urb\u00e1ez\" \/>\n\t<meta name=\"twitter:label2\" content=\"Est. reading time\" \/>\n\t<meta name=\"twitter:data2\" content=\"3 minutos\" \/>\n<script type=\"application\/ld+json\" class=\"yoast-schema-graph\">{\"@context\":\"https:\\\/\\\/schema.org\",\"@graph\":[{\"@type\":\"Article\",\"@id\":\"http:\\\/\\\/minutocerord.com\\\/?p=3977#article\",\"isPartOf\":{\"@id\":\"http:\\\/\\\/minutocerord.com\\\/?p=3977\"},\"author\":{\"name\":\"Genof\u00f3ntes Urb\u00e1ez\",\"@id\":\"https:\\\/\\\/minutocerord.com\\\/#\\\/schema\\\/person\\\/60b5372d60aaa0a5171fb6488be9aee6\"},\"headline\":\"Usuarios del metro de Nueva York, m\u00e1s preocupados por seguridad que por Covid\",\"datePublished\":\"2021-04-14T12:06:25+00:00\",\"dateModified\":\"2021-04-14T12:06:36+00:00\",\"mainEntityOfPage\":{\"@id\":\"http:\\\/\\\/minutocerord.com\\\/?p=3977\"},\"wordCount\":479,\"commentCount\":0,\"publisher\":{\"@id\":\"https:\\\/\\\/minutocerord.com\\\/#\\\/schema\\\/person\\\/60b5372d60aaa0a5171fb6488be9aee6\"},\"image\":{\"@id\":\"http:\\\/\\\/minutocerord.com\\\/?p=3977#primaryimage\"},\"thumbnailUrl\":\"https:\\\/\\\/i0.wp.com\\\/minutocerord.com\\\/wp-content\\\/uploads\\\/2021\\\/04\\\/Captura-2.png?fit=825%2C549&ssl=1\",\"articleSection\":[\"New York\"],\"inLanguage\":\"es-DO\",\"potentialAction\":[{\"@type\":\"CommentAction\",\"name\":\"Comment\",\"target\":[\"http:\\\/\\\/minutocerord.com\\\/?p=3977#respond\"]}]},{\"@type\":\"WebPage\",\"@id\":\"http:\\\/\\\/minutocerord.com\\\/?p=3977\",\"url\":\"http:\\\/\\\/minutocerord.com\\\/?p=3977\",\"name\":\"Usuarios del metro de Nueva York, m\u00e1s preocupados por seguridad que por Covid - Minuto Cero RD\",\"isPartOf\":{\"@id\":\"https:\\\/\\\/minutocerord.com\\\/#website\"},\"primaryImageOfPage\":{\"@id\":\"http:\\\/\\\/minutocerord.com\\\/?p=3977#primaryimage\"},\"image\":{\"@id\":\"http:\\\/\\\/minutocerord.com\\\/?p=3977#primaryimage\"},\"thumbnailUrl\":\"https:\\\/\\\/i0.wp.com\\\/minutocerord.com\\\/wp-content\\\/uploads\\\/2021\\\/04\\\/Captura-2.png?fit=825%2C549&ssl=1\",\"datePublished\":\"2021-04-14T12:06:25+00:00\",\"dateModified\":\"2021-04-14T12:06:36+00:00\",\"breadcrumb\":{\"@id\":\"http:\\\/\\\/minutocerord.com\\\/?p=3977#breadcrumb\"},\"inLanguage\":\"es-DO\",\"potentialAction\":[{\"@type\":\"ReadAction\",\"target\":[\"http:\\\/\\\/minutocerord.com\\\/?p=3977\"]}]},{\"@type\":\"ImageObject\",\"inLanguage\":\"es-DO\",\"@id\":\"http:\\\/\\\/minutocerord.com\\\/?p=3977#primaryimage\",\"url\":\"https:\\\/\\\/i0.wp.com\\\/minutocerord.com\\\/wp-content\\\/uploads\\\/2021\\\/04\\\/Captura-2.png?fit=825%2C549&ssl=1\",\"contentUrl\":\"https:\\\/\\\/i0.wp.com\\\/minutocerord.com\\\/wp-content\\\/uploads\\\/2021\\\/04\\\/Captura-2.png?fit=825%2C549&ssl=1\",\"width\":825,\"height\":549},{\"@type\":\"BreadcrumbList\",\"@id\":\"http:\\\/\\\/minutocerord.com\\\/?p=3977#breadcrumb\",\"itemListElement\":[{\"@type\":\"ListItem\",\"position\":1,\"name\":\"Home\",\"item\":\"https:\\\/\\\/minutocerord.com\\\/\"},{\"@type\":\"ListItem\",\"position\":2,\"name\":\"Usuarios del metro de Nueva York, m\u00e1s preocupados por seguridad que por Covid\"}]},{\"@type\":\"WebSite\",\"@id\":\"https:\\\/\\\/minutocerord.com\\\/#website\",\"url\":\"https:\\\/\\\/minutocerord.com\\\/\",\"name\":\"Minuto Cero RD\",\"description\":\"Periodismo serio y veraz\",\"publisher\":{\"@id\":\"https:\\\/\\\/minutocerord.com\\\/#\\\/schema\\\/person\\\/60b5372d60aaa0a5171fb6488be9aee6\"},\"potentialAction\":[{\"@type\":\"SearchAction\",\"target\":{\"@type\":\"EntryPoint\",\"urlTemplate\":\"https:\\\/\\\/minutocerord.com\\\/?s={search_term_string}\"},\"query-input\":{\"@type\":\"PropertyValueSpecification\",\"valueRequired\":true,\"valueName\":\"search_term_string\"}}],\"inLanguage\":\"es-DO\"},{\"@type\":[\"Person\",\"Organization\"],\"@id\":\"https:\\\/\\\/minutocerord.com\\\/#\\\/schema\\\/person\\\/60b5372d60aaa0a5171fb6488be9aee6\",\"name\":\"Genof\u00f3ntes Urb\u00e1ez\",\"image\":{\"@type\":\"ImageObject\",\"inLanguage\":\"es-DO\",\"@id\":\"https:\\\/\\\/secure.gravatar.com\\\/avatar\\\/a49ef3186a692098ac3e8a1612261e3ad70cf9e44553dff2929e67939a0ecb9d?s=96&d=identicon&r=g\",\"url\":\"https:\\\/\\\/secure.gravatar.com\\\/avatar\\\/a49ef3186a692098ac3e8a1612261e3ad70cf9e44553dff2929e67939a0ecb9d?s=96&d=identicon&r=g\",\"contentUrl\":\"https:\\\/\\\/secure.gravatar.com\\\/avatar\\\/a49ef3186a692098ac3e8a1612261e3ad70cf9e44553dff2929e67939a0ecb9d?s=96&d=identicon&r=g\",\"caption\":\"Genof\u00f3ntes Urb\u00e1ez\"},\"logo\":{\"@id\":\"https:\\\/\\\/secure.gravatar.com\\\/avatar\\\/a49ef3186a692098ac3e8a1612261e3ad70cf9e44553dff2929e67939a0ecb9d?s=96&d=identicon&r=g\"},\"description\":\"Periodista \\\/ Locutor\",\"sameAs\":[\"https:\\\/\\\/www.facebook.com\\\/Genofnotes\",\"https:\\\/\\\/www.instagram.com\\\/genofnotes\\\/\"]}]}<\/script>\n<!-- \/ Yoast SEO plugin. -->","yoast_head_json":{"title":"Usuarios del metro de Nueva York, m\u00e1s preocupados por seguridad que por Covid - Minuto Cero RD","robots":{"index":"index","follow":"follow","max-snippet":"max-snippet:-1","max-image-preview":"max-image-preview:large","max-video-preview":"max-video-preview:-1"},"canonical":"http:\/\/minutocerord.com\/?p=3977","og_locale":"es_ES","og_type":"article","og_title":"Usuarios del metro de Nueva York, m\u00e1s preocupados por seguridad que por Covid - Minuto Cero RD","og_description":"Los pasajeros del metro de Nueva York parecen estar m\u00e1s preocupados por la seguridad que por la posibilidad de contagiarse de la Covid-19, seg\u00fan se desprende de una encuesta realizada por la Autoridad de Transporte Metropolitana (MTA, por sus siglas en ingl\u00e9s). En concreto, un 72 % de los usuarios asegura sentirse muy preocupado por [&hellip;]","og_url":"http:\/\/minutocerord.com\/?p=3977","og_site_name":"Minuto Cero RD","article_publisher":"https:\/\/www.facebook.com\/Genofnotes","article_author":"https:\/\/www.facebook.com\/Genofnotes","article_published_time":"2021-04-14T12:06:25+00:00","article_modified_time":"2021-04-14T12:06:36+00:00","og_image":[{"width":825,"height":549,"url":"https:\/\/i0.wp.com\/minutocerord.com\/wp-content\/uploads\/2021\/04\/Captura-2.png?fit=825%2C549","type":"image\/png"}],"author":"Genof\u00f3ntes Urb\u00e1ez","twitter_card":"summary_large_image","twitter_misc":{"Written by":"Genof\u00f3ntes Urb\u00e1ez","Est. reading time":"3 minutos"},"schema":{"@context":"https:\/\/schema.org","@graph":[{"@type":"Article","@id":"http:\/\/minutocerord.com\/?p=3977#article","isPartOf":{"@id":"http:\/\/minutocerord.com\/?p=3977"},"author":{"name":"Genof\u00f3ntes Urb\u00e1ez","@id":"https:\/\/minutocerord.com\/#\/schema\/person\/60b5372d60aaa0a5171fb6488be9aee6"},"headline":"Usuarios del metro de Nueva York, m\u00e1s preocupados por seguridad que por Covid","datePublished":"2021-04-14T12:06:25+00:00","dateModified":"2021-04-14T12:06:36+00:00","mainEntityOfPage":{"@id":"http:\/\/minutocerord.com\/?p=3977"},"wordCount":479,"commentCount":0,"publisher":{"@id":"https:\/\/minutocerord.com\/#\/schema\/person\/60b5372d60aaa0a5171fb6488be9aee6"},"image":{"@id":"http:\/\/minutocerord.com\/?p=3977#primaryimage"},"thumbnailUrl":"https:\/\/i0.wp.com\/minutocerord.com\/wp-content\/uploads\/2021\/04\/Captura-2.png?fit=825%2C549&ssl=1","articleSection":["New York"],"inLanguage":"es-DO","potentialAction":[{"@type":"CommentAction","name":"Comment","target":["http:\/\/minutocerord.com\/?p=3977#respond"]}]},{"@type":"WebPage","@id":"http:\/\/minutocerord.com\/?p=3977","url":"http:\/\/minutocerord.com\/?p=3977","name":"Usuarios del metro de Nueva York, m\u00e1s preocupados por seguridad que por Covid - Minuto Cero RD","isPartOf":{"@id":"https:\/\/minutocerord.com\/#website"},"primaryImageOfPage":{"@id":"http:\/\/minutocerord.com\/?p=3977#primaryimage"},"image":{"@id":"http:\/\/minutocerord.com\/?p=3977#primaryimage"},"thumbnailUrl":"https:\/\/i0.wp.com\/minutocerord.com\/wp-content\/uploads\/2021\/04\/Captura-2.png?fit=825%2C549&ssl=1","datePublished":"2021-04-14T12:06:25+00:00","dateModified":"2021-04-14T12:06:36+00:00","breadcrumb":{"@id":"http:\/\/minutocerord.com\/?p=3977#breadcrumb"},"inLanguage":"es-DO","potentialAction":[{"@type":"ReadAction","target":["http:\/\/minutocerord.com\/?p=3977"]}]},{"@type":"ImageObject","inLanguage":"es-DO","@id":"http:\/\/minutocerord.com\/?p=3977#primaryimage","url":"https:\/\/i0.wp.com\/minutocerord.com\/wp-content\/uploads\/2021\/04\/Captura-2.png?fit=825%2C549&ssl=1","contentUrl":"https:\/\/i0.wp.com\/minutocerord.com\/wp-content\/uploads\/2021\/04\/Captura-2.png?fit=825%2C549&ssl=1","width":825,"height":549},{"@type":"BreadcrumbList","@id":"http:\/\/minutocerord.com\/?p=3977#breadcrumb","itemListElement":[{"@type":"ListItem","position":1,"name":"Home","item":"https:\/\/minutocerord.com\/"},{"@type":"ListItem","position":2,"name":"Usuarios del metro de Nueva York, m\u00e1s preocupados por seguridad que por Covid"}]},{"@type":"WebSite","@id":"https:\/\/minutocerord.com\/#website","url":"https:\/\/minutocerord.com\/","name":"Minuto Cero RD","description":"Periodismo serio y veraz","publisher":{"@id":"https:\/\/minutocerord.com\/#\/schema\/person\/60b5372d60aaa0a5171fb6488be9aee6"},"potentialAction":[{"@type":"SearchAction","target":{"@type":"EntryPoint","urlTemplate":"https:\/\/minutocerord.com\/?s={search_term_string}"},"query-input":{"@type":"PropertyValueSpecification","valueRequired":true,"valueName":"search_term_string"}}],"inLanguage":"es-DO"},{"@type":["Person","Organization"],"@id":"https:\/\/minutocerord.com\/#\/schema\/person\/60b5372d60aaa0a5171fb6488be9aee6","name":"Genof\u00f3ntes Urb\u00e1ez","image":{"@type":"ImageObject","inLanguage":"es-DO","@id":"https:\/\/secure.gravatar.com\/avatar\/a49ef3186a692098ac3e8a1612261e3ad70cf9e44553dff2929e67939a0ecb9d?s=96&d=identicon&r=g","url":"https:\/\/secure.gravatar.com\/avatar\/a49ef3186a692098ac3e8a1612261e3ad70cf9e44553dff2929e67939a0ecb9d?s=96&d=identicon&r=g","contentUrl":"https:\/\/secure.gravatar.com\/avatar\/a49ef3186a692098ac3e8a1612261e3ad70cf9e44553dff2929e67939a0ecb9d?s=96&d=identicon&r=g","caption":"Genof\u00f3ntes Urb\u00e1ez"},"logo":{"@id":"https:\/\/secure.gravatar.com\/avatar\/a49ef3186a692098ac3e8a1612261e3ad70cf9e44553dff2929e67939a0ecb9d?s=96&d=identicon&r=g"},"description":"Periodista \/ Locutor","sameAs":["https:\/\/www.facebook.com\/Genofnotes","https:\/\/www.instagram.com\/genofnotes\/"]}]}},"jetpack_publicize_connections":[],"jetpack_featured_media_url":"https:\/\/i0.wp.com\/minutocerord.com\/wp-content\/uploads\/2021\/04\/Captura-2.png?fit=825%2C549&ssl=1","jetpack-related-posts":[],"jetpack_sharing_enabled":true,"_links":{"self":[{"href":"https:\/\/minutocerord.com\/index.php?rest_route=\/wp\/v2\/posts\/3977","targetHints":{"allow":["GET"]}}],"collection":[{"href":"https:\/\/minutocerord.com\/index.php?rest_route=\/wp\/v2\/posts"}],"about":[{"href":"https:\/\/minutocerord.com\/index.php?rest_route=\/wp\/v2\/types\/post"}],"author":[{"embeddable":true,"href":"https:\/\/minutocerord.com\/index.php?rest_route=\/wp\/v2\/users\/1"}],"replies":[{"embeddable":true,"href":"https:\/\/minutocerord.com\/index.php?rest_route=%2Fwp%2Fv2%2Fcomments&post=3977"}],"version-history":[{"count":1,"href":"https:\/\/minutocerord.com\/index.php?rest_route=\/wp\/v2\/posts\/3977\/revisions"}],"predecessor-version":[{"id":3979,"href":"https:\/\/minutocerord.com\/index.php?rest_route=\/wp\/v2\/posts\/3977\/revisions\/3979"}],"wp:featuredmedia":[{"embeddable":true,"href":"https:\/\/minutocerord.com\/index.php?rest_route=\/wp\/v2\/media\/3978"}],"wp:attachment":[{"href":"https:\/\/minutocerord.com\/index.php?rest_route=%2Fwp%2Fv2%2Fmedia&parent=3977"}],"wp:term":[{"taxonomy":"category","embeddable":true,"href":"https:\/\/minutocerord.com\/index.php?rest_route=%2Fwp%2Fv2%2Fcategories&post=3977"},{"taxonomy":"post_tag","embeddable":true,"href":"https:\/\/minutocerord.com\/index.php?rest_route=%2Fwp%2Fv2%2Ftags&post=3977"}],"curies":[{"name":"wp","href":"https:\/\/api.w.org\/{rel}","templated":true}]}}