{"id":3980,"date":"2021-04-14T08:09:15","date_gmt":"2021-04-14T12:09:15","guid":{"rendered":"https:\/\/minutocerord.com\/?p=3980"},"modified":"2021-04-14T10:24:54","modified_gmt":"2021-04-14T14:24:54","slug":"opinion-clinton-y-los-campamentos-de-refugiados-solicitados-a-balaguer","status":"publish","type":"post","link":"https:\/\/minutocerord.com\/?p=3980","title":{"rendered":"OPINION: Clinton y los campamentos de refugiados solicitados a Balaguer"},"content":{"rendered":"\n<h5 class=\"wp-block-heading\"><strong>&nbsp;Hace algunos d\u00edas, mientras investigaba y meditaba sobre la problem\u00e1tica migratoria que tanto preocupa a un importante sector de la poblaci\u00f3n dominicana, me tropec\u00e9 con un interesante trabajo publicado por el amigo Oscar Medina en el List\u00edn Diario, del 22 de septiembre de 2014. Ese enjundioso art\u00edculo se fundamenta en un documento, que el autor tilda de an\u00f3nimo, titulado \u201cRasgando las tinieblas de la historia\u201d, que contiene las posiciones asumidas por algunos exmandatarios de entonces cuando se opusieron a los favores solicitados por el presidente estadounidense, Bill Clinton, con relaci\u00f3n a la concesi\u00f3n de asilo a emigrantes haitianos.<\/strong><\/h5>\n\n\n\n<p>Antes de se\u00f1alar las posiciones de los mandatarios latinoamericanos se debe recordar que, en la d\u00e9cada de los a\u00f1os 90, varios pa\u00edses europeos endurecieron sus requisitos de visado para los africanos y caribe\u00f1os que desearan penetrar a sus territorios.<\/p>\n\n\n\n<p>Precisamente en ese contexto se produjo el golpe de Estado en Hait\u00ed en septiembre de 1991, gener\u00e1ndose una estampida de emigrantes hacia la Rep\u00fablica Dominicana, los Estados Unidos y otras naciones. Para los Estados Unidos constitu\u00eda un problema la gran cantidad de solicitudes de asilo de nacionales haitianos capturados en alta mar que deseaban tocar territorio norteamericano, raz\u00f3n por la cual eran devueltos a su pa\u00eds de origen sin tomar en consideraci\u00f3n la Convenci\u00f3n sobre el Estatuto de los Refugiados de 1951.<\/p>\n\n\n\n<p>En ese momento, tanto Bush como Clinton reafirmaban la soberan\u00eda de su naci\u00f3n para justificar las masivas repatriaciones realizadas a contrapelo del principio de no devoluci\u00f3n consignado en la referida Convenci\u00f3n de Refugiados de 1951. Fue en este contexto que Clinton, quien hab\u00eda asumido la presidencia en enero de 1993, solicit\u00f3 a diversos mandatarios latinoamericanos la posibilidad de admitir refugiados haitianos que los norteamericanos no deseaban acoger en su territorio.<\/p>\n\n\n\n<p>Como bien apunta Oscar Medina, al referirse al constante incremento del \u00e9xodo haitiano, al expresar: \u201cLuego de decapitada la dictadura duvalierista a mitad de los a\u00f1os ochenta, la migraci\u00f3n haitiana fue en constante aumento, fomentada por el deterioro econ\u00f3mico y pol\u00edtico de esa naci\u00f3n, y ya para inicios de los a\u00f1os 90 constitu\u00eda un verdadero dolor de cabeza para los pa\u00edses desarrollados. De forma muy particular para Estados Unidos, que desde finales de 1991 fortaleci\u00f3 su vigilancia mar\u00edtima para interceptar a los haitianos que intentaban ingresar a su territorio\u201d.<\/p>\n\n\n\n<p>En efecto, as\u00ed sucedieron los hechos y los norteamericanos en franca violaci\u00f3n al art\u00edculo 33 de la Convenci\u00f3n sobre Refugiados de 1951, efectuaban devoluciones o repatriaciones forzadas, y solicitaban simult\u00e1neamente colaboraci\u00f3n de otros pa\u00edses para ubicar ese excedente poblacional del vecino pa\u00eds. Esas medidas generaron una ola de cr\u00edticas que oblig\u00f3 al presidente Clinton a requerir la ayuda de no pocos de sus hom\u00f3logos hispanoamericanos.<\/p>\n\n\n\n<p>M\u00e1s claramente, lo que se pretend\u00eda era que los haitianos interceptados en alta mar por la Guardia Costera estadounidense se les permitiese presentar sus solicitudes de asilo en los buques para ubicarlos en terceros pa\u00edses, excepto en territorio norteamericano. La opci\u00f3n era devolverlos a Hait\u00ed o trasladarlos a pa\u00edses que estuvieran dispuestos a recibirlos, situaci\u00f3n que motiv\u00f3 a la administraci\u00f3n encabezada por Clinton a negociar con diversos gobiernos. \u00bfResultado? Todos los gobernantes que fueron consultados, sin excepci\u00f3n, se negaron categ\u00f3ricamente a las sugerencias planteadas por el gigante del Norte.<\/p>\n\n\n\n<p>El caso de Venezuela, hist\u00f3ricamente vinculado a Hait\u00ed por la ayuda recibida por Bol\u00edvar de manos de P\u00e9tion en el siglo XIX, resulta harto elocuente. Rafael Caldera, a la saz\u00f3n agotaba su segundo per\u00edodo presidencial, cuando expres\u00f3:&nbsp;<strong>\u201cnos produce mucha pena la deplorable situaci\u00f3n de los haitianos, siempre los hemos ayudado y estamos en disposici\u00f3n de ofrecer cualquier tipo de ayuda humanitaria, pero acceder a brindarles asilo en nuestro pa\u00eds es diferente. Esa descabellada propuesta es imposible de aceptar, los venezolanos no me lo perdonar\u00edan nunca, ser\u00eda incapaz de traicionar la confianza que por segunda ocasi\u00f3n han depositado en m\u00ed\u201d.<\/strong><\/p>\n\n\n\n<p><em>A eso se llama defender el inter\u00e9s nacional, el cual es sagrado para cualquier ciudadano, m\u00e1xime cuando se encuentra dirigiendo los destinos de un pueblo. De manera que interpretar, defender y representar los intereses colectivos es una tarea que exige suprema dignidad y aut\u00e9ntica vocaci\u00f3n de servicio. Caldera, quien conoc\u00eda los v\u00ednculos hist\u00f3ricos de ambas naciones, no se atrevi\u00f3 a acceder a la petici\u00f3n formulada en aquella ocasi\u00f3n por considerarla lesiva para su pa\u00eds. Lo mismo sucedi\u00f3 con el mandatario de Costa Rica, Jos\u00e9 Figueres, quien afirm\u00f3: \u201cNo me parece que ning\u00fan pa\u00eds de Am\u00e9rica Latina est\u00e9 en condiciones de hacerse cargo del enorme problema que representan los emigrantes haitianos\u201d. En esa misma direcci\u00f3n se pronunci\u00f3 el preside<\/em>nte cubano, Fidel Castro, al se\u00f1alar que los haitianos que tocaban sus costas eran atendidos en los hospitales y se les proporcionaba ropa y medicamentos. Ahora bien, tan pronto las condiciones eran propicias \u201ctodos ser\u00e1n reembarcados en sus reacondicionados botes y remolcados por lanchas de nuestra marina, hasta las proximidades de las costas de Hait\u00ed\u201d. As\u00ed establec\u00eda l\u00edmites entre lo que es el trato humanitario y solidario y la defensa del inter\u00e9s nacional, misi\u00f3n suprema de todo gobernante.<\/p>\n\n\n\n<p>Asimismo, el exmandatario colombiano, Ernesto Samper, se neg\u00f3 a que se establecieran campamentos temporales de refugiados en el territorio de su pa\u00eds, calificando esta iniciativa como \u201cabsolutamente inaceptable\u201d.<\/p>\n\n\n\n<p>Por otra parte, en 1994, el expresidente Joaqu\u00edn Balaguer puntualiz\u00f3: \u201cfuncionarios del Gobierno norteamericano y Organismos Internacionales han insistido en que la Rep\u00fablica Dominicana conceda refugio a los haitianos que est\u00e1n abandonando su pa\u00eds en embarcaciones hacia los Estados Unidos y algunos otros destinos; asimismo esos funcionarios me reiteraron el compromiso del gobierno norteamericano de responsabilizarse por completo, de todos los gastos que conllevar\u00eda la construcci\u00f3n de las instalaciones que servir\u00edan de campamentos, en territorio dominicano, a los refugiados haitianos.<\/p>\n\n\n\n<p>Asegurando adem\u00e1s que proveer\u00edan toda alimentaci\u00f3n y medicamentos que sean necesarios en los mismos\u201d.&nbsp;<strong>Estas solicitudes de refugio para nacionales haitianos ten\u00edan como contrapartida la concesi\u00f3n de pr\u00e9stamos y reconocimientos al exgobernante, quien rehus\u00f3 esta clase de facilidades por entender el perjuicio que ocasionar\u00eda al pueblo dominicano asumir esa poblaci\u00f3n extranjera. Esta posici\u00f3n patri\u00f3tica, al negarse a la instalaci\u00f3n de campamentos en suelo dominicano, le fue cobrada dos a\u00f1os m\u00e1s tarde cuando se le recort\u00f3 el per\u00edodo presidencial.<\/strong>&nbsp;Pero cerr\u00f3 su ciclo hist\u00f3rico con suprema dignidad, al pagar el precio de preservar la soberan\u00eda de nuestro pa\u00eds.<\/p>\n\n\n\n<p>Se dice popularmente que lo importante no es la manera de comenzar, sino la de concluir. Definitivamente que el doctor Balaguer culmin\u00f3 con hidalgu\u00eda su carrera pol\u00edtica al negarse, igual que otros exmandatarios hispanoamericanos, a aceptar imposiciones en detrimento de sus conciudadanos.<\/p>\n\n\n\n<p>Basta con leer las palabras pronunciadas en aquella ocasi\u00f3n: \u201cSer\u00eda para m\u00ed un aut\u00e9ntico desprop\u00f3sito aceptar el asentamiento de haitianos en tierra dominicana! \u00a1un desconocimiento\u2026una negaci\u00f3n y una ofensa a la memoria de tantos dominicanos que todo lo sacrificaron por la patria, por esta patria de Duarte, de S\u00e1nchez y de Mella!\u201d. A eso se le llama tener conciencia hist\u00f3rica, sentimiento patri\u00f3tico y asumir responsabilidades con valent\u00eda. Situaci\u00f3n muy distinta a la ocurrida veinte a\u00f1os despu\u00e9s cuando otro exmandatario asumi\u00f3 la aprobaci\u00f3n de una ley antinacional e inconstitucional, redactada en el extranjero, con el \u00fanico prop\u00f3sito de fracturar la identidad nacional.<\/p>\n\n\n\n<p>Como bien afirma Oscar Medina en su art\u00edculo: \u201cRecordar esas palabras de dignidad trae nostalgias de tiempos donde los intereses nacionales eran mejor defendidos\u201d. Ciertamente ese sentimiento nacionalista, sentido de pertenencia y amor patrio ha ido menguando en un sector de nuestra clase gobernante.<\/p>\n\n\n\n<p>Si bien es verdad que para cierta \u00e9lite intelectual y econ\u00f3mica resulta indiferente la p\u00e9rdida de nuestra soberan\u00eda, no menos cierto es que el pueblo llano permanece alerta y preocupado ante la afrenta que se viene consumando a la vista de todos. Se trata de un problema que tarde o temprano tendr\u00e1 que enfrentar la poblaci\u00f3n dominicana, al margen de su comprometida dirigencia pol\u00edtica y corrompida clase empresarial. Todo en la vida tiene l\u00edmites; la tolerancia, paciencia y mansedumbre de la poblaci\u00f3n podr\u00eda terminar en cualquier momento.<\/p>\n\n\n\n<p><strong>La corrupci\u00f3n generalizada, que abarca a civiles y militares en el tr\u00e1fico ilegal de indocumentados, es alarmante.<\/strong>&nbsp;Un amigo me inform\u00f3 recientemente sobre el peaje que se paga en cada ret\u00e9n militar para transportar esos ilegales a diferentes puntos de la geograf\u00eda nacional. Incluso me explic\u00f3 como indocumentados que se encuentran en suelo dominicano, una vez alcanzan cierta estabilidad econ\u00f3mica, env\u00edan choferes para buscar en puntos fronterizos a otros familiares que ingresan ilegalmente a nuestro territorio. Urge una rigurosa aplicaci\u00f3n de la ley en materia migratoria, pues no se puede continuar violando impunemente disposiciones legales y constitucionales para beneficio de unos pocos y, peor a\u00fan, para complacer al poder extranjero que ha concebido solucionar el problema haitiano a expensas de los dominicanos<\/p>\n\n\n\n<p>El anuncio para construir un muro fronterizo constituye un paso positivo, aunque insuficiente. El presidente Abinader debi\u00f3 otorgar un plazo para que todos los residentes ilegales regularicen su situaci\u00f3n y, en caso de inobservancia, proceder a repatriarlos.<\/p>\n\n\n\n<p>Conviene volver la vista al pasado para revisar los antecedentes de una dif\u00edcil situaci\u00f3n por la que atraviesa un conglomerado humano, un aut\u00e9ntico drama que nunca ha sido abordado con seriedad por la comunidad internacional. Se debe prestar ayuda al pueblo con el que compartimos el dominio de la isla, pero con la mesura, prudencia y tino de no comprometer el inter\u00e9s general ni la soberan\u00eda como ha sucedido con nuestro pa\u00eds en el transcurso de los \u00faltimos a\u00f1os en que nos ha tocado la desdicha de ser gobernados por el PLD.<\/p>\n\n\n\n<p>No se le puede endosar al pueblo dominicano una carga que no tiene la obligaci\u00f3n de sobrellevar ni las condiciones para resolver. Se le debe exigir a los gobernantes criollos que asuman posiciones claras y definidas con relaci\u00f3n al infortunio de los vecinos, puesto que no podemos regalarles nuestro voto cada cuatro a\u00f1os sin antes conocer el nivel de su compromiso con la causa nacional.<\/p>\n\n\n\n<p>Las posiciones asumidas por los gobernantes hispanoamericanos, en la \u00faltima d\u00e9cada del pasado siglo, deber\u00eda servirnos de lecci\u00f3n para aprender que no existe una misi\u00f3n m\u00e1s sagrada que la defensa del inter\u00e9s colectivo, garantizado por la supremac\u00eda de la Constituci\u00f3n.<\/p>\n\n\n\n<figure class=\"wp-block-image\"><img decoding=\"async\" loading=\"lazy\" src=\"https:\/\/i0.wp.com\/almomento.net\/wp-content\/uploads\/2020\/09\/Jottin-Cury-Hijo.jpg?w=640&amp;ssl=1\" alt=\"\"\/><\/figure>\n\n\n\n<p><strong>Por\u00a0<\/strong><a href=\"https:\/\/almomento.net\/author\/jch\/\"><strong>JOTTIN CURY HIJO<\/strong><\/a><\/p>\n","protected":false},"excerpt":{"rendered":"<p>&nbsp;Hace algunos d\u00edas, mientras investigaba y meditaba sobre la problem\u00e1tica migratoria que tanto preocupa a un importante sector de la poblaci\u00f3n dominicana, me tropec\u00e9 con un interesante trabajo publicado por el amigo Oscar Medina en el List\u00edn Diario, del 22 de septiembre de 2014. Ese enjundioso art\u00edculo se fundamenta en un documento, que el autor [&hellip;]<\/p>\n","protected":false},"author":1,"featured_media":3981,"comment_status":"open","ping_status":"open","sticky":false,"template":"","format":"standard","meta":{"nf_dc_page":"","jetpack_post_was_ever_published":false,"_jetpack_newsletter_access":"","_jetpack_dont_email_post_to_subs":false,"_jetpack_newsletter_tier_id":0,"_jetpack_memberships_contains_paywalled_content":false,"_jetpack_memberships_contains_paid_content":false,"footnotes":"","jetpack_publicize_message":"","jetpack_publicize_feature_enabled":true,"jetpack_social_post_already_shared":false,"jetpack_social_options":{"image_generator_settings":{"template":"highway","default_image_id":0,"font":"","enabled":false},"version":2}},"categories":[69],"tags":[],"class_list":["post-3980","post","type-post","status-publish","format-standard","has-post-thumbnail","hentry","category-opinion"],"yoast_head":"<!-- This site is optimized with the Yoast SEO plugin v27.5 - https:\/\/yoast.com\/product\/yoast-seo-wordpress\/ -->\n<title>OPINION: Clinton y los campamentos de refugiados solicitados a Balaguer - Minuto Cero RD<\/title>\n<meta name=\"robots\" content=\"index, follow, max-snippet:-1, max-image-preview:large, max-video-preview:-1\" \/>\n<link rel=\"canonical\" href=\"https:\/\/minutocerord.com\/?p=3980\" \/>\n<meta property=\"og:locale\" content=\"es_ES\" \/>\n<meta property=\"og:type\" content=\"article\" \/>\n<meta property=\"og:title\" content=\"OPINION: Clinton y los campamentos de refugiados solicitados a Balaguer - Minuto Cero RD\" \/>\n<meta property=\"og:description\" content=\"&nbsp;Hace algunos d\u00edas, mientras investigaba y meditaba sobre la problem\u00e1tica migratoria que tanto preocupa a un importante sector de la poblaci\u00f3n dominicana, me tropec\u00e9 con un interesante trabajo publicado por el amigo Oscar Medina en el List\u00edn Diario, del 22 de septiembre de 2014. Ese enjundioso art\u00edculo se fundamenta en un documento, que el autor [&hellip;]\" \/>\n<meta property=\"og:url\" content=\"https:\/\/minutocerord.com\/?p=3980\" \/>\n<meta property=\"og:site_name\" content=\"Minuto Cero RD\" \/>\n<meta property=\"article:publisher\" content=\"https:\/\/www.facebook.com\/Genofnotes\" \/>\n<meta property=\"article:author\" content=\"https:\/\/www.facebook.com\/Genofnotes\" \/>\n<meta property=\"article:published_time\" content=\"2021-04-14T12:09:15+00:00\" \/>\n<meta property=\"article:modified_time\" content=\"2021-04-14T14:24:54+00:00\" \/>\n<meta property=\"og:image\" content=\"https:\/\/i0.wp.com\/minutocerord.com\/wp-content\/uploads\/2021\/04\/Bill-Clinton-y-Joaquin-Balaguer.jpg?fit=817%2C428&ssl=1\" \/>\n\t<meta property=\"og:image:width\" content=\"817\" \/>\n\t<meta property=\"og:image:height\" content=\"428\" \/>\n\t<meta property=\"og:image:type\" content=\"image\/jpeg\" \/>\n<meta name=\"author\" content=\"Genof\u00f3ntes Urb\u00e1ez\" \/>\n<meta name=\"twitter:card\" content=\"summary_large_image\" \/>\n<meta name=\"twitter:label1\" content=\"Written by\" \/>\n\t<meta name=\"twitter:data1\" content=\"Genof\u00f3ntes Urb\u00e1ez\" \/>\n\t<meta name=\"twitter:label2\" content=\"Est. reading time\" \/>\n\t<meta name=\"twitter:data2\" content=\"8 minutos\" \/>\n<script type=\"application\/ld+json\" class=\"yoast-schema-graph\">{\"@context\":\"https:\\\/\\\/schema.org\",\"@graph\":[{\"@type\":\"Article\",\"@id\":\"https:\\\/\\\/minutocerord.com\\\/?p=3980#article\",\"isPartOf\":{\"@id\":\"https:\\\/\\\/minutocerord.com\\\/?p=3980\"},\"author\":{\"name\":\"Genof\u00f3ntes Urb\u00e1ez\",\"@id\":\"https:\\\/\\\/minutocerord.com\\\/#\\\/schema\\\/person\\\/60b5372d60aaa0a5171fb6488be9aee6\"},\"headline\":\"OPINION: Clinton y los campamentos de refugiados solicitados a Balaguer\",\"datePublished\":\"2021-04-14T12:09:15+00:00\",\"dateModified\":\"2021-04-14T14:24:54+00:00\",\"mainEntityOfPage\":{\"@id\":\"https:\\\/\\\/minutocerord.com\\\/?p=3980\"},\"wordCount\":1830,\"commentCount\":0,\"publisher\":{\"@id\":\"https:\\\/\\\/minutocerord.com\\\/#\\\/schema\\\/person\\\/60b5372d60aaa0a5171fb6488be9aee6\"},\"image\":{\"@id\":\"https:\\\/\\\/minutocerord.com\\\/?p=3980#primaryimage\"},\"thumbnailUrl\":\"https:\\\/\\\/i0.wp.com\\\/minutocerord.com\\\/wp-content\\\/uploads\\\/2021\\\/04\\\/Bill-Clinton-y-Joaquin-Balaguer.jpg?fit=817%2C428&ssl=1\",\"articleSection\":[\"Opini\u00f3n\"],\"inLanguage\":\"es-DO\",\"potentialAction\":[{\"@type\":\"CommentAction\",\"name\":\"Comment\",\"target\":[\"https:\\\/\\\/minutocerord.com\\\/?p=3980#respond\"]}]},{\"@type\":\"WebPage\",\"@id\":\"https:\\\/\\\/minutocerord.com\\\/?p=3980\",\"url\":\"https:\\\/\\\/minutocerord.com\\\/?p=3980\",\"name\":\"OPINION: Clinton y los campamentos de refugiados solicitados a Balaguer - Minuto Cero RD\",\"isPartOf\":{\"@id\":\"https:\\\/\\\/minutocerord.com\\\/#website\"},\"primaryImageOfPage\":{\"@id\":\"https:\\\/\\\/minutocerord.com\\\/?p=3980#primaryimage\"},\"image\":{\"@id\":\"https:\\\/\\\/minutocerord.com\\\/?p=3980#primaryimage\"},\"thumbnailUrl\":\"https:\\\/\\\/i0.wp.com\\\/minutocerord.com\\\/wp-content\\\/uploads\\\/2021\\\/04\\\/Bill-Clinton-y-Joaquin-Balaguer.jpg?fit=817%2C428&ssl=1\",\"datePublished\":\"2021-04-14T12:09:15+00:00\",\"dateModified\":\"2021-04-14T14:24:54+00:00\",\"breadcrumb\":{\"@id\":\"https:\\\/\\\/minutocerord.com\\\/?p=3980#breadcrumb\"},\"inLanguage\":\"es-DO\",\"potentialAction\":[{\"@type\":\"ReadAction\",\"target\":[\"https:\\\/\\\/minutocerord.com\\\/?p=3980\"]}]},{\"@type\":\"ImageObject\",\"inLanguage\":\"es-DO\",\"@id\":\"https:\\\/\\\/minutocerord.com\\\/?p=3980#primaryimage\",\"url\":\"https:\\\/\\\/i0.wp.com\\\/minutocerord.com\\\/wp-content\\\/uploads\\\/2021\\\/04\\\/Bill-Clinton-y-Joaquin-Balaguer.jpg?fit=817%2C428&ssl=1\",\"contentUrl\":\"https:\\\/\\\/i0.wp.com\\\/minutocerord.com\\\/wp-content\\\/uploads\\\/2021\\\/04\\\/Bill-Clinton-y-Joaquin-Balaguer.jpg?fit=817%2C428&ssl=1\",\"width\":817,\"height\":428},{\"@type\":\"BreadcrumbList\",\"@id\":\"https:\\\/\\\/minutocerord.com\\\/?p=3980#breadcrumb\",\"itemListElement\":[{\"@type\":\"ListItem\",\"position\":1,\"name\":\"Home\",\"item\":\"https:\\\/\\\/minutocerord.com\\\/\"},{\"@type\":\"ListItem\",\"position\":2,\"name\":\"OPINION: Clinton y los campamentos de refugiados solicitados a Balaguer\"}]},{\"@type\":\"WebSite\",\"@id\":\"https:\\\/\\\/minutocerord.com\\\/#website\",\"url\":\"https:\\\/\\\/minutocerord.com\\\/\",\"name\":\"Minuto Cero RD\",\"description\":\"Periodismo serio y veraz\",\"publisher\":{\"@id\":\"https:\\\/\\\/minutocerord.com\\\/#\\\/schema\\\/person\\\/60b5372d60aaa0a5171fb6488be9aee6\"},\"potentialAction\":[{\"@type\":\"SearchAction\",\"target\":{\"@type\":\"EntryPoint\",\"urlTemplate\":\"https:\\\/\\\/minutocerord.com\\\/?s={search_term_string}\"},\"query-input\":{\"@type\":\"PropertyValueSpecification\",\"valueRequired\":true,\"valueName\":\"search_term_string\"}}],\"inLanguage\":\"es-DO\"},{\"@type\":[\"Person\",\"Organization\"],\"@id\":\"https:\\\/\\\/minutocerord.com\\\/#\\\/schema\\\/person\\\/60b5372d60aaa0a5171fb6488be9aee6\",\"name\":\"Genof\u00f3ntes Urb\u00e1ez\",\"image\":{\"@type\":\"ImageObject\",\"inLanguage\":\"es-DO\",\"@id\":\"https:\\\/\\\/secure.gravatar.com\\\/avatar\\\/a49ef3186a692098ac3e8a1612261e3ad70cf9e44553dff2929e67939a0ecb9d?s=96&d=identicon&r=g\",\"url\":\"https:\\\/\\\/secure.gravatar.com\\\/avatar\\\/a49ef3186a692098ac3e8a1612261e3ad70cf9e44553dff2929e67939a0ecb9d?s=96&d=identicon&r=g\",\"contentUrl\":\"https:\\\/\\\/secure.gravatar.com\\\/avatar\\\/a49ef3186a692098ac3e8a1612261e3ad70cf9e44553dff2929e67939a0ecb9d?s=96&d=identicon&r=g\",\"caption\":\"Genof\u00f3ntes Urb\u00e1ez\"},\"logo\":{\"@id\":\"https:\\\/\\\/secure.gravatar.com\\\/avatar\\\/a49ef3186a692098ac3e8a1612261e3ad70cf9e44553dff2929e67939a0ecb9d?s=96&d=identicon&r=g\"},\"description\":\"Periodista \\\/ Locutor\",\"sameAs\":[\"https:\\\/\\\/www.facebook.com\\\/Genofnotes\",\"https:\\\/\\\/www.instagram.com\\\/genofnotes\\\/\"]}]}<\/script>\n<!-- \/ Yoast SEO plugin. -->","yoast_head_json":{"title":"OPINION: Clinton y los campamentos de refugiados solicitados a Balaguer - Minuto Cero RD","robots":{"index":"index","follow":"follow","max-snippet":"max-snippet:-1","max-image-preview":"max-image-preview:large","max-video-preview":"max-video-preview:-1"},"canonical":"https:\/\/minutocerord.com\/?p=3980","og_locale":"es_ES","og_type":"article","og_title":"OPINION: Clinton y los campamentos de refugiados solicitados a Balaguer - Minuto Cero RD","og_description":"&nbsp;Hace algunos d\u00edas, mientras investigaba y meditaba sobre la problem\u00e1tica migratoria que tanto preocupa a un importante sector de la poblaci\u00f3n dominicana, me tropec\u00e9 con un interesante trabajo publicado por el amigo Oscar Medina en el List\u00edn Diario, del 22 de septiembre de 2014. Ese enjundioso art\u00edculo se fundamenta en un documento, que el autor [&hellip;]","og_url":"https:\/\/minutocerord.com\/?p=3980","og_site_name":"Minuto Cero RD","article_publisher":"https:\/\/www.facebook.com\/Genofnotes","article_author":"https:\/\/www.facebook.com\/Genofnotes","article_published_time":"2021-04-14T12:09:15+00:00","article_modified_time":"2021-04-14T14:24:54+00:00","og_image":[{"width":817,"height":428,"url":"https:\/\/i0.wp.com\/minutocerord.com\/wp-content\/uploads\/2021\/04\/Bill-Clinton-y-Joaquin-Balaguer.jpg?fit=817%2C428&ssl=1","type":"image\/jpeg"}],"author":"Genof\u00f3ntes Urb\u00e1ez","twitter_card":"summary_large_image","twitter_misc":{"Written by":"Genof\u00f3ntes Urb\u00e1ez","Est. reading time":"8 minutos"},"schema":{"@context":"https:\/\/schema.org","@graph":[{"@type":"Article","@id":"https:\/\/minutocerord.com\/?p=3980#article","isPartOf":{"@id":"https:\/\/minutocerord.com\/?p=3980"},"author":{"name":"Genof\u00f3ntes Urb\u00e1ez","@id":"https:\/\/minutocerord.com\/#\/schema\/person\/60b5372d60aaa0a5171fb6488be9aee6"},"headline":"OPINION: Clinton y los campamentos de refugiados solicitados a Balaguer","datePublished":"2021-04-14T12:09:15+00:00","dateModified":"2021-04-14T14:24:54+00:00","mainEntityOfPage":{"@id":"https:\/\/minutocerord.com\/?p=3980"},"wordCount":1830,"commentCount":0,"publisher":{"@id":"https:\/\/minutocerord.com\/#\/schema\/person\/60b5372d60aaa0a5171fb6488be9aee6"},"image":{"@id":"https:\/\/minutocerord.com\/?p=3980#primaryimage"},"thumbnailUrl":"https:\/\/i0.wp.com\/minutocerord.com\/wp-content\/uploads\/2021\/04\/Bill-Clinton-y-Joaquin-Balaguer.jpg?fit=817%2C428&ssl=1","articleSection":["Opini\u00f3n"],"inLanguage":"es-DO","potentialAction":[{"@type":"CommentAction","name":"Comment","target":["https:\/\/minutocerord.com\/?p=3980#respond"]}]},{"@type":"WebPage","@id":"https:\/\/minutocerord.com\/?p=3980","url":"https:\/\/minutocerord.com\/?p=3980","name":"OPINION: Clinton y los campamentos de refugiados solicitados a Balaguer - Minuto Cero RD","isPartOf":{"@id":"https:\/\/minutocerord.com\/#website"},"primaryImageOfPage":{"@id":"https:\/\/minutocerord.com\/?p=3980#primaryimage"},"image":{"@id":"https:\/\/minutocerord.com\/?p=3980#primaryimage"},"thumbnailUrl":"https:\/\/i0.wp.com\/minutocerord.com\/wp-content\/uploads\/2021\/04\/Bill-Clinton-y-Joaquin-Balaguer.jpg?fit=817%2C428&ssl=1","datePublished":"2021-04-14T12:09:15+00:00","dateModified":"2021-04-14T14:24:54+00:00","breadcrumb":{"@id":"https:\/\/minutocerord.com\/?p=3980#breadcrumb"},"inLanguage":"es-DO","potentialAction":[{"@type":"ReadAction","target":["https:\/\/minutocerord.com\/?p=3980"]}]},{"@type":"ImageObject","inLanguage":"es-DO","@id":"https:\/\/minutocerord.com\/?p=3980#primaryimage","url":"https:\/\/i0.wp.com\/minutocerord.com\/wp-content\/uploads\/2021\/04\/Bill-Clinton-y-Joaquin-Balaguer.jpg?fit=817%2C428&ssl=1","contentUrl":"https:\/\/i0.wp.com\/minutocerord.com\/wp-content\/uploads\/2021\/04\/Bill-Clinton-y-Joaquin-Balaguer.jpg?fit=817%2C428&ssl=1","width":817,"height":428},{"@type":"BreadcrumbList","@id":"https:\/\/minutocerord.com\/?p=3980#breadcrumb","itemListElement":[{"@type":"ListItem","position":1,"name":"Home","item":"https:\/\/minutocerord.com\/"},{"@type":"ListItem","position":2,"name":"OPINION: Clinton y los campamentos de refugiados solicitados a Balaguer"}]},{"@type":"WebSite","@id":"https:\/\/minutocerord.com\/#website","url":"https:\/\/minutocerord.com\/","name":"Minuto Cero RD","description":"Periodismo serio y veraz","publisher":{"@id":"https:\/\/minutocerord.com\/#\/schema\/person\/60b5372d60aaa0a5171fb6488be9aee6"},"potentialAction":[{"@type":"SearchAction","target":{"@type":"EntryPoint","urlTemplate":"https:\/\/minutocerord.com\/?s={search_term_string}"},"query-input":{"@type":"PropertyValueSpecification","valueRequired":true,"valueName":"search_term_string"}}],"inLanguage":"es-DO"},{"@type":["Person","Organization"],"@id":"https:\/\/minutocerord.com\/#\/schema\/person\/60b5372d60aaa0a5171fb6488be9aee6","name":"Genof\u00f3ntes Urb\u00e1ez","image":{"@type":"ImageObject","inLanguage":"es-DO","@id":"https:\/\/secure.gravatar.com\/avatar\/a49ef3186a692098ac3e8a1612261e3ad70cf9e44553dff2929e67939a0ecb9d?s=96&d=identicon&r=g","url":"https:\/\/secure.gravatar.com\/avatar\/a49ef3186a692098ac3e8a1612261e3ad70cf9e44553dff2929e67939a0ecb9d?s=96&d=identicon&r=g","contentUrl":"https:\/\/secure.gravatar.com\/avatar\/a49ef3186a692098ac3e8a1612261e3ad70cf9e44553dff2929e67939a0ecb9d?s=96&d=identicon&r=g","caption":"Genof\u00f3ntes Urb\u00e1ez"},"logo":{"@id":"https:\/\/secure.gravatar.com\/avatar\/a49ef3186a692098ac3e8a1612261e3ad70cf9e44553dff2929e67939a0ecb9d?s=96&d=identicon&r=g"},"description":"Periodista \/ Locutor","sameAs":["https:\/\/www.facebook.com\/Genofnotes","https:\/\/www.instagram.com\/genofnotes\/"]}]}},"jetpack_publicize_connections":[],"jetpack_featured_media_url":"https:\/\/i0.wp.com\/minutocerord.com\/wp-content\/uploads\/2021\/04\/Bill-Clinton-y-Joaquin-Balaguer.jpg?fit=817%2C428&ssl=1","jetpack-related-posts":[],"jetpack_sharing_enabled":true,"_links":{"self":[{"href":"https:\/\/minutocerord.com\/index.php?rest_route=\/wp\/v2\/posts\/3980","targetHints":{"allow":["GET"]}}],"collection":[{"href":"https:\/\/minutocerord.com\/index.php?rest_route=\/wp\/v2\/posts"}],"about":[{"href":"https:\/\/minutocerord.com\/index.php?rest_route=\/wp\/v2\/types\/post"}],"author":[{"embeddable":true,"href":"https:\/\/minutocerord.com\/index.php?rest_route=\/wp\/v2\/users\/1"}],"replies":[{"embeddable":true,"href":"https:\/\/minutocerord.com\/index.php?rest_route=%2Fwp%2Fv2%2Fcomments&post=3980"}],"version-history":[{"count":5,"href":"https:\/\/minutocerord.com\/index.php?rest_route=\/wp\/v2\/posts\/3980\/revisions"}],"predecessor-version":[{"id":4006,"href":"https:\/\/minutocerord.com\/index.php?rest_route=\/wp\/v2\/posts\/3980\/revisions\/4006"}],"wp:featuredmedia":[{"embeddable":true,"href":"https:\/\/minutocerord.com\/index.php?rest_route=\/wp\/v2\/media\/3981"}],"wp:attachment":[{"href":"https:\/\/minutocerord.com\/index.php?rest_route=%2Fwp%2Fv2%2Fmedia&parent=3980"}],"wp:term":[{"taxonomy":"category","embeddable":true,"href":"https:\/\/minutocerord.com\/index.php?rest_route=%2Fwp%2Fv2%2Fcategories&post=3980"},{"taxonomy":"post_tag","embeddable":true,"href":"https:\/\/minutocerord.com\/index.php?rest_route=%2Fwp%2Fv2%2Ftags&post=3980"}],"curies":[{"name":"wp","href":"https:\/\/api.w.org\/{rel}","templated":true}]}}