{"id":3991,"date":"2021-04-14T09:08:08","date_gmt":"2021-04-14T13:08:08","guid":{"rendered":"https:\/\/minutocerord.com\/?p=3991"},"modified":"2021-04-14T09:08:17","modified_gmt":"2021-04-14T13:08:17","slug":"opinion-el-dominicano-y-su-dificultad-para-escuchar-y-debatir","status":"publish","type":"post","link":"https:\/\/minutocerord.com\/?p=3991","title":{"rendered":"OPINION: El dominicano y su dificultad para escuchar y debatir"},"content":{"rendered":"\n<p><strong><em>\u201cDios nos dio dos o\u00eddos y una boca por una buena raz\u00f3n: debemos escuchar el doble de lo que hablamos\u201d.<\/em><\/strong>&nbsp;(An\u00f3nimo)<\/p>\n\n\n\n<p>El debate es uno de los llamados g\u00e9neros discursivos de la comunicaci\u00f3n oral. Consiste en la discusi\u00f3n mediante la cual dos o m\u00e1s personas emiten opiniones contrapuestas acerca de un tema determinado. Su prop\u00f3sito es, pues, vencer el punto de vista del interlocutor.Para que un debate se desarrolle con el rigor cient\u00edfico o acad\u00e9mico esperado, deben cumplirse, entre otras, las siguientes condiciones:<\/p>\n\n\n\n<ol class=\"wp-block-list\"><li>S\u00f3lido dominio del tema que se debate<\/li><li>Presentarse al debate vestido con el cient\u00edfico traje de la humildad o antiarrogancia y animado&nbsp;&nbsp;solo con la intenci\u00f3n de aportar al conocimiento y no de avasallar o ridiculizar al otro; armado solo de juicios&nbsp;&nbsp;contundentes y no&nbsp;&nbsp;de la subjetiva presunci\u00f3n&nbsp;&nbsp;del \u201csabio\u201d o del \u201cintelectual\u201d que siempre tiene la raz\u00f3n.<\/li><li>Escuchar con atenci\u00f3n al oponente y no interrumpirlo mientras habla.<\/li><li>Respetar el tiempo&nbsp;&nbsp;y dem\u00e1s reglas establecidas para el debate<\/li><li>No descalificar o subestimar al otro.<\/li><li>Nunca salirse del tema que se est\u00e1 debatiendo.<\/li><li>Tratar de convencer con argumentos de irrebatible rigor acad\u00e9mico y no con gritos&nbsp;&nbsp;ni elevaci\u00f3n del tono de voz<\/li><li>Evitar los insultos.<\/li><li>Combatir siempre el punto de vista del otro y no a la persona que lo sustenta&nbsp;&nbsp;( Falacia&nbsp;&nbsp;Ad \u2013hominem&nbsp;)<\/li><li>Ser preciso y conciso, vale decir, evitar argumentar m\u00e1s de la cuenta.<\/li><\/ol>\n\n\n\n<p>\u00bfPor qu\u00e9 a un dominicano se le hace tan dif\u00edcil debatir de manera profesional? \u00bfPor qu\u00e9 el argentino Agust\u00edn Laje parece llevar la voz cantante cada vez que debate con un dominicano el muy pol\u00e9mico tema del aborto y sus tres causales?.<\/p>\n\n\n\n<div id=\"attachment_663056\" class=\"wp-block-image\"><figure class=\"alignright is-resized\"><a href=\"https:\/\/i0.wp.com\/almomento.net\/wp-content\/uploads\/2020\/11\/Domingo-Caba-Ramos.jpg?ssl=1\"><img data-recalc-dims=\"1\" decoding=\"async\" loading=\"lazy\" src=\"https:\/\/i0.wp.com\/almomento.net\/wp-content\/uploads\/2020\/11\/Domingo-Caba-Ramos.jpg?resize=308%2C184&#038;ssl=1\" alt=\"\" class=\"wp-image-663056\" width=\"308\" height=\"184\"\/><\/a><figcaption>EL AUTOR es educador, linguista y profesor universitario. Reside en Santiago de los Caballeros.<\/figcaption><\/figure><\/div>\n\n\n\n<p>Sencillamente, porque la mayor\u00eda de dominicanos, en la comunicaci\u00f3n oral, no tiene control de sus emociones. Y por ser as\u00ed, explota, se irrita, grita, habla fuerte, insulta, amenaza, descalifica, interrumpe constantemente al que habla, abandona la discusi\u00f3n\u2026<\/p>\n\n\n\n<p>En fin, se trata de un ser, preparado para argumentar, no para escuchar; para convencer, no para que lo convenzan.&nbsp;&nbsp;Y lo peor de todo: est\u00e1 muy, pero muy convencido de que, en un debate o discusi\u00f3n, quien m\u00e1s eleve el tono de voz, m\u00e1s alto hable y menos deje hablar al otro, es el que m\u00e1s raz\u00f3n tiene.<\/p>\n\n\n\n<p>Para validar lo expresado en el p\u00e1rrafo precedente, muy importante resulta escuchar el debate Laje \u2013 Farde Raful, en julio del 2019. Mientras el pol\u00e9mico y polit\u00f3logo argentino expon\u00eda sus argumentos, la hoy senadora de la Rep\u00fablica Dominicana por el PRM acariciaba sin cesar la pantalla de su tel\u00e9fono celular o reaccionaba en silencio con una risa pre\u00f1ada del m\u00e1s evidente y descalificador histerismo.<\/p>\n\n\n\n<p>RECIENTEMENTE<\/p>\n\n\n\n<p>Algo parecido sucedi\u00f3 hace apenas tres semanas en el debate sobre el mismo tema, llevado a cabo entre Laje y el destacado m\u00e9dico psiquiatra dominicano, Dr. H\u00e9ctor Guerrero Heredia.&nbsp;&nbsp;Apenas el primero abr\u00eda la boca cuando ya el segundo, exaltado o casi fuere de s\u00ed, lo estaba interrumpiendo.<\/p>\n\n\n\n<p>Y lo mismo sucedi\u00f3 en el debate sostenido entre Laje y el comunicador Los\u00e9 Luluz.&nbsp;&nbsp;La desesperaci\u00f3n y el descontrol emocional de este fue tal, y sus interrupciones fueron tantas, que de una hora y cincuenta y cinco minutos que dur\u00f3 el debate, \u00e9l, Laluz habl\u00f3 durante una hora y diez minutos y el otro cuarenta y cinco minutos.<\/p>\n\n\n\n<p>En la red aparecen dos videos en donde se ve a Laje debatiendo el tema que nos ocupa con una historiadora argentina y con una polit\u00f3loga guatemalteca.&nbsp;&nbsp;Fue muy emocionante para m\u00ed observar c\u00f3mo tanto la historiadora como la polit\u00f3loga permanec\u00edan en estricto silencio, mientras el te\u00f3rico argentino hablaba. Fue entonces cuando llegu\u00e9 a la siguiente conclusi\u00f3n:<\/p>\n\n\n\n<p>Todo parece indicar que al dominicano promedio, mientras el otro habla,&nbsp;&nbsp;&nbsp;humanamente le resulta imposible permanecer callado o&nbsp;<em>\u201cescuchar con discreci\u00f3n\u201d<\/em>, como bien lo recomendaba ese genio de la prosa espa\u00f1ola y miembro de la Generaci\u00f3n del 98, Jos\u00e9 Mart\u00ednez Ruiz (Azor\u00edn).<\/p>\n\n\n\n<p>Quien desee confirmar lo antes expresado, solo tiene que sintonizar uno cualquiera de los programas de entrevistas, opini\u00f3n o de variedades que se difunden diariamente a trav\u00e9s de los diferentes canales de televisi\u00f3n de nuestro pa\u00eds. Muy pronto se encontrar\u00e1 hasta con cinco personas hablando a la vez, y si se trata de una entrevista, el entrevistador parece apostar a qui\u00e9n habla m\u00e1s, si \u00e9l o el entrevistado.&nbsp;&nbsp;Este apenas puede hablar debido a las constantes, imprudentes e inoportunas interrupciones del primero.<\/p>\n\n\n\n<p>En fin, la posibilidad de que un debate mantenga en nuestro pa\u00eds su esencia acad\u00e9mica, choca por completo con el perfil ling\u00fc\u00edstico de los dominicanos.&nbsp;&nbsp;Y es que no puede ser profesional el debate all\u00ed donde impera el mon\u00f3logo o donde todos hablan, pero nadie escucha.<\/p>\n\n\n\n<p>Y esta conducta, desafortunadamente, se constituye en el rasgo por excelencia de los nativos de la patria de Duarte cuando se expresan de manera oral; pero muy especialmente, cuando debaten o discuten un determinado tema.<\/p>\n\n\n\n<p><em><a href=\"mailto:dcaba5@hotmail.com\" target=\"_blank\" rel=\"noreferrer noopener\">dcaba5@hotmail.com<\/a><\/em><\/p>\n","protected":false},"excerpt":{"rendered":"<p>\u201cDios nos dio dos o\u00eddos y una boca por una buena raz\u00f3n: debemos escuchar el doble de lo que hablamos\u201d.&nbsp;(An\u00f3nimo) El debate es uno de los llamados g\u00e9neros discursivos de la comunicaci\u00f3n oral. Consiste en la discusi\u00f3n mediante la cual dos o m\u00e1s personas emiten opiniones contrapuestas acerca de un tema determinado. Su prop\u00f3sito es, [&hellip;]<\/p>\n","protected":false},"author":1,"featured_media":3992,"comment_status":"open","ping_status":"open","sticky":false,"template":"","format":"standard","meta":{"nf_dc_page":"","jetpack_post_was_ever_published":false,"_jetpack_newsletter_access":"","_jetpack_dont_email_post_to_subs":false,"_jetpack_newsletter_tier_id":0,"_jetpack_memberships_contains_paywalled_content":false,"_jetpack_memberships_contains_paid_content":false,"footnotes":"","jetpack_publicize_message":"","jetpack_publicize_feature_enabled":true,"jetpack_social_post_already_shared":false,"jetpack_social_options":{"image_generator_settings":{"template":"highway","default_image_id":0,"font":"","enabled":false},"version":2}},"categories":[69],"tags":[],"class_list":["post-3991","post","type-post","status-publish","format-standard","has-post-thumbnail","hentry","category-opinion"],"yoast_head":"<!-- This site is optimized with the Yoast SEO plugin v27.5 - https:\/\/yoast.com\/product\/yoast-seo-wordpress\/ -->\n<title>OPINION: El dominicano y su dificultad para escuchar y debatir - Minuto Cero RD<\/title>\n<meta name=\"robots\" content=\"index, follow, max-snippet:-1, max-image-preview:large, max-video-preview:-1\" \/>\n<link rel=\"canonical\" href=\"https:\/\/minutocerord.com\/?p=3991\" \/>\n<meta property=\"og:locale\" content=\"es_ES\" \/>\n<meta property=\"og:type\" content=\"article\" \/>\n<meta property=\"og:title\" content=\"OPINION: El dominicano y su dificultad para escuchar y debatir - Minuto Cero RD\" \/>\n<meta property=\"og:description\" content=\"\u201cDios nos dio dos o\u00eddos y una boca por una buena raz\u00f3n: debemos escuchar el doble de lo que hablamos\u201d.&nbsp;(An\u00f3nimo) El debate es uno de los llamados g\u00e9neros discursivos de la comunicaci\u00f3n oral. Consiste en la discusi\u00f3n mediante la cual dos o m\u00e1s personas emiten opiniones contrapuestas acerca de un tema determinado. Su prop\u00f3sito es, [&hellip;]\" \/>\n<meta property=\"og:url\" content=\"https:\/\/minutocerord.com\/?p=3991\" \/>\n<meta property=\"og:site_name\" content=\"Minuto Cero RD\" \/>\n<meta property=\"article:publisher\" content=\"https:\/\/www.facebook.com\/Genofnotes\" \/>\n<meta property=\"article:author\" content=\"https:\/\/www.facebook.com\/Genofnotes\" \/>\n<meta property=\"article:published_time\" content=\"2021-04-14T13:08:08+00:00\" \/>\n<meta property=\"article:modified_time\" content=\"2021-04-14T13:08:17+00:00\" \/>\n<meta property=\"og:image\" content=\"https:\/\/i0.wp.com\/minutocerord.com\/wp-content\/uploads\/2021\/04\/Hector-Guerrero-Heredia-y-Agustin-Laje.jpg?fit=640%2C360&ssl=1\" \/>\n\t<meta property=\"og:image:width\" content=\"640\" \/>\n\t<meta property=\"og:image:height\" content=\"360\" \/>\n\t<meta property=\"og:image:type\" content=\"image\/jpeg\" \/>\n<meta name=\"author\" content=\"Genof\u00f3ntes Urb\u00e1ez\" \/>\n<meta name=\"twitter:card\" content=\"summary_large_image\" \/>\n<meta name=\"twitter:label1\" content=\"Written by\" \/>\n\t<meta name=\"twitter:data1\" content=\"Genof\u00f3ntes Urb\u00e1ez\" \/>\n\t<meta name=\"twitter:label2\" content=\"Est. reading time\" \/>\n\t<meta name=\"twitter:data2\" content=\"4 minutos\" \/>\n<script type=\"application\/ld+json\" class=\"yoast-schema-graph\">{\"@context\":\"https:\\\/\\\/schema.org\",\"@graph\":[{\"@type\":\"Article\",\"@id\":\"https:\\\/\\\/minutocerord.com\\\/?p=3991#article\",\"isPartOf\":{\"@id\":\"https:\\\/\\\/minutocerord.com\\\/?p=3991\"},\"author\":{\"name\":\"Genof\u00f3ntes Urb\u00e1ez\",\"@id\":\"https:\\\/\\\/minutocerord.com\\\/#\\\/schema\\\/person\\\/60b5372d60aaa0a5171fb6488be9aee6\"},\"headline\":\"OPINION: El dominicano y su dificultad para escuchar y debatir\",\"datePublished\":\"2021-04-14T13:08:08+00:00\",\"dateModified\":\"2021-04-14T13:08:17+00:00\",\"mainEntityOfPage\":{\"@id\":\"https:\\\/\\\/minutocerord.com\\\/?p=3991\"},\"wordCount\":924,\"commentCount\":0,\"publisher\":{\"@id\":\"https:\\\/\\\/minutocerord.com\\\/#\\\/schema\\\/person\\\/60b5372d60aaa0a5171fb6488be9aee6\"},\"image\":{\"@id\":\"https:\\\/\\\/minutocerord.com\\\/?p=3991#primaryimage\"},\"thumbnailUrl\":\"https:\\\/\\\/i0.wp.com\\\/minutocerord.com\\\/wp-content\\\/uploads\\\/2021\\\/04\\\/Hector-Guerrero-Heredia-y-Agustin-Laje.jpg?fit=640%2C360&ssl=1\",\"articleSection\":[\"Opini\u00f3n\"],\"inLanguage\":\"es-DO\",\"potentialAction\":[{\"@type\":\"CommentAction\",\"name\":\"Comment\",\"target\":[\"https:\\\/\\\/minutocerord.com\\\/?p=3991#respond\"]}]},{\"@type\":\"WebPage\",\"@id\":\"https:\\\/\\\/minutocerord.com\\\/?p=3991\",\"url\":\"https:\\\/\\\/minutocerord.com\\\/?p=3991\",\"name\":\"OPINION: El dominicano y su dificultad para escuchar y debatir - Minuto Cero RD\",\"isPartOf\":{\"@id\":\"https:\\\/\\\/minutocerord.com\\\/#website\"},\"primaryImageOfPage\":{\"@id\":\"https:\\\/\\\/minutocerord.com\\\/?p=3991#primaryimage\"},\"image\":{\"@id\":\"https:\\\/\\\/minutocerord.com\\\/?p=3991#primaryimage\"},\"thumbnailUrl\":\"https:\\\/\\\/i0.wp.com\\\/minutocerord.com\\\/wp-content\\\/uploads\\\/2021\\\/04\\\/Hector-Guerrero-Heredia-y-Agustin-Laje.jpg?fit=640%2C360&ssl=1\",\"datePublished\":\"2021-04-14T13:08:08+00:00\",\"dateModified\":\"2021-04-14T13:08:17+00:00\",\"breadcrumb\":{\"@id\":\"https:\\\/\\\/minutocerord.com\\\/?p=3991#breadcrumb\"},\"inLanguage\":\"es-DO\",\"potentialAction\":[{\"@type\":\"ReadAction\",\"target\":[\"https:\\\/\\\/minutocerord.com\\\/?p=3991\"]}]},{\"@type\":\"ImageObject\",\"inLanguage\":\"es-DO\",\"@id\":\"https:\\\/\\\/minutocerord.com\\\/?p=3991#primaryimage\",\"url\":\"https:\\\/\\\/i0.wp.com\\\/minutocerord.com\\\/wp-content\\\/uploads\\\/2021\\\/04\\\/Hector-Guerrero-Heredia-y-Agustin-Laje.jpg?fit=640%2C360&ssl=1\",\"contentUrl\":\"https:\\\/\\\/i0.wp.com\\\/minutocerord.com\\\/wp-content\\\/uploads\\\/2021\\\/04\\\/Hector-Guerrero-Heredia-y-Agustin-Laje.jpg?fit=640%2C360&ssl=1\",\"width\":640,\"height\":360},{\"@type\":\"BreadcrumbList\",\"@id\":\"https:\\\/\\\/minutocerord.com\\\/?p=3991#breadcrumb\",\"itemListElement\":[{\"@type\":\"ListItem\",\"position\":1,\"name\":\"Home\",\"item\":\"https:\\\/\\\/minutocerord.com\\\/\"},{\"@type\":\"ListItem\",\"position\":2,\"name\":\"OPINION: El dominicano y su dificultad para escuchar y debatir\"}]},{\"@type\":\"WebSite\",\"@id\":\"https:\\\/\\\/minutocerord.com\\\/#website\",\"url\":\"https:\\\/\\\/minutocerord.com\\\/\",\"name\":\"Minuto Cero RD\",\"description\":\"Periodismo serio y veraz\",\"publisher\":{\"@id\":\"https:\\\/\\\/minutocerord.com\\\/#\\\/schema\\\/person\\\/60b5372d60aaa0a5171fb6488be9aee6\"},\"potentialAction\":[{\"@type\":\"SearchAction\",\"target\":{\"@type\":\"EntryPoint\",\"urlTemplate\":\"https:\\\/\\\/minutocerord.com\\\/?s={search_term_string}\"},\"query-input\":{\"@type\":\"PropertyValueSpecification\",\"valueRequired\":true,\"valueName\":\"search_term_string\"}}],\"inLanguage\":\"es-DO\"},{\"@type\":[\"Person\",\"Organization\"],\"@id\":\"https:\\\/\\\/minutocerord.com\\\/#\\\/schema\\\/person\\\/60b5372d60aaa0a5171fb6488be9aee6\",\"name\":\"Genof\u00f3ntes Urb\u00e1ez\",\"image\":{\"@type\":\"ImageObject\",\"inLanguage\":\"es-DO\",\"@id\":\"https:\\\/\\\/secure.gravatar.com\\\/avatar\\\/a49ef3186a692098ac3e8a1612261e3ad70cf9e44553dff2929e67939a0ecb9d?s=96&d=identicon&r=g\",\"url\":\"https:\\\/\\\/secure.gravatar.com\\\/avatar\\\/a49ef3186a692098ac3e8a1612261e3ad70cf9e44553dff2929e67939a0ecb9d?s=96&d=identicon&r=g\",\"contentUrl\":\"https:\\\/\\\/secure.gravatar.com\\\/avatar\\\/a49ef3186a692098ac3e8a1612261e3ad70cf9e44553dff2929e67939a0ecb9d?s=96&d=identicon&r=g\",\"caption\":\"Genof\u00f3ntes Urb\u00e1ez\"},\"logo\":{\"@id\":\"https:\\\/\\\/secure.gravatar.com\\\/avatar\\\/a49ef3186a692098ac3e8a1612261e3ad70cf9e44553dff2929e67939a0ecb9d?s=96&d=identicon&r=g\"},\"description\":\"Periodista \\\/ Locutor\",\"sameAs\":[\"https:\\\/\\\/www.facebook.com\\\/Genofnotes\",\"https:\\\/\\\/www.instagram.com\\\/genofnotes\\\/\"]}]}<\/script>\n<!-- \/ Yoast SEO plugin. -->","yoast_head_json":{"title":"OPINION: El dominicano y su dificultad para escuchar y debatir - Minuto Cero RD","robots":{"index":"index","follow":"follow","max-snippet":"max-snippet:-1","max-image-preview":"max-image-preview:large","max-video-preview":"max-video-preview:-1"},"canonical":"https:\/\/minutocerord.com\/?p=3991","og_locale":"es_ES","og_type":"article","og_title":"OPINION: El dominicano y su dificultad para escuchar y debatir - Minuto Cero RD","og_description":"\u201cDios nos dio dos o\u00eddos y una boca por una buena raz\u00f3n: debemos escuchar el doble de lo que hablamos\u201d.&nbsp;(An\u00f3nimo) El debate es uno de los llamados g\u00e9neros discursivos de la comunicaci\u00f3n oral. Consiste en la discusi\u00f3n mediante la cual dos o m\u00e1s personas emiten opiniones contrapuestas acerca de un tema determinado. Su prop\u00f3sito es, [&hellip;]","og_url":"https:\/\/minutocerord.com\/?p=3991","og_site_name":"Minuto Cero RD","article_publisher":"https:\/\/www.facebook.com\/Genofnotes","article_author":"https:\/\/www.facebook.com\/Genofnotes","article_published_time":"2021-04-14T13:08:08+00:00","article_modified_time":"2021-04-14T13:08:17+00:00","og_image":[{"width":640,"height":360,"url":"https:\/\/i0.wp.com\/minutocerord.com\/wp-content\/uploads\/2021\/04\/Hector-Guerrero-Heredia-y-Agustin-Laje.jpg?fit=640%2C360&ssl=1","type":"image\/jpeg"}],"author":"Genof\u00f3ntes Urb\u00e1ez","twitter_card":"summary_large_image","twitter_misc":{"Written by":"Genof\u00f3ntes Urb\u00e1ez","Est. reading time":"4 minutos"},"schema":{"@context":"https:\/\/schema.org","@graph":[{"@type":"Article","@id":"https:\/\/minutocerord.com\/?p=3991#article","isPartOf":{"@id":"https:\/\/minutocerord.com\/?p=3991"},"author":{"name":"Genof\u00f3ntes Urb\u00e1ez","@id":"https:\/\/minutocerord.com\/#\/schema\/person\/60b5372d60aaa0a5171fb6488be9aee6"},"headline":"OPINION: El dominicano y su dificultad para escuchar y debatir","datePublished":"2021-04-14T13:08:08+00:00","dateModified":"2021-04-14T13:08:17+00:00","mainEntityOfPage":{"@id":"https:\/\/minutocerord.com\/?p=3991"},"wordCount":924,"commentCount":0,"publisher":{"@id":"https:\/\/minutocerord.com\/#\/schema\/person\/60b5372d60aaa0a5171fb6488be9aee6"},"image":{"@id":"https:\/\/minutocerord.com\/?p=3991#primaryimage"},"thumbnailUrl":"https:\/\/i0.wp.com\/minutocerord.com\/wp-content\/uploads\/2021\/04\/Hector-Guerrero-Heredia-y-Agustin-Laje.jpg?fit=640%2C360&ssl=1","articleSection":["Opini\u00f3n"],"inLanguage":"es-DO","potentialAction":[{"@type":"CommentAction","name":"Comment","target":["https:\/\/minutocerord.com\/?p=3991#respond"]}]},{"@type":"WebPage","@id":"https:\/\/minutocerord.com\/?p=3991","url":"https:\/\/minutocerord.com\/?p=3991","name":"OPINION: El dominicano y su dificultad para escuchar y debatir - Minuto Cero RD","isPartOf":{"@id":"https:\/\/minutocerord.com\/#website"},"primaryImageOfPage":{"@id":"https:\/\/minutocerord.com\/?p=3991#primaryimage"},"image":{"@id":"https:\/\/minutocerord.com\/?p=3991#primaryimage"},"thumbnailUrl":"https:\/\/i0.wp.com\/minutocerord.com\/wp-content\/uploads\/2021\/04\/Hector-Guerrero-Heredia-y-Agustin-Laje.jpg?fit=640%2C360&ssl=1","datePublished":"2021-04-14T13:08:08+00:00","dateModified":"2021-04-14T13:08:17+00:00","breadcrumb":{"@id":"https:\/\/minutocerord.com\/?p=3991#breadcrumb"},"inLanguage":"es-DO","potentialAction":[{"@type":"ReadAction","target":["https:\/\/minutocerord.com\/?p=3991"]}]},{"@type":"ImageObject","inLanguage":"es-DO","@id":"https:\/\/minutocerord.com\/?p=3991#primaryimage","url":"https:\/\/i0.wp.com\/minutocerord.com\/wp-content\/uploads\/2021\/04\/Hector-Guerrero-Heredia-y-Agustin-Laje.jpg?fit=640%2C360&ssl=1","contentUrl":"https:\/\/i0.wp.com\/minutocerord.com\/wp-content\/uploads\/2021\/04\/Hector-Guerrero-Heredia-y-Agustin-Laje.jpg?fit=640%2C360&ssl=1","width":640,"height":360},{"@type":"BreadcrumbList","@id":"https:\/\/minutocerord.com\/?p=3991#breadcrumb","itemListElement":[{"@type":"ListItem","position":1,"name":"Home","item":"https:\/\/minutocerord.com\/"},{"@type":"ListItem","position":2,"name":"OPINION: El dominicano y su dificultad para escuchar y debatir"}]},{"@type":"WebSite","@id":"https:\/\/minutocerord.com\/#website","url":"https:\/\/minutocerord.com\/","name":"Minuto Cero RD","description":"Periodismo serio y veraz","publisher":{"@id":"https:\/\/minutocerord.com\/#\/schema\/person\/60b5372d60aaa0a5171fb6488be9aee6"},"potentialAction":[{"@type":"SearchAction","target":{"@type":"EntryPoint","urlTemplate":"https:\/\/minutocerord.com\/?s={search_term_string}"},"query-input":{"@type":"PropertyValueSpecification","valueRequired":true,"valueName":"search_term_string"}}],"inLanguage":"es-DO"},{"@type":["Person","Organization"],"@id":"https:\/\/minutocerord.com\/#\/schema\/person\/60b5372d60aaa0a5171fb6488be9aee6","name":"Genof\u00f3ntes Urb\u00e1ez","image":{"@type":"ImageObject","inLanguage":"es-DO","@id":"https:\/\/secure.gravatar.com\/avatar\/a49ef3186a692098ac3e8a1612261e3ad70cf9e44553dff2929e67939a0ecb9d?s=96&d=identicon&r=g","url":"https:\/\/secure.gravatar.com\/avatar\/a49ef3186a692098ac3e8a1612261e3ad70cf9e44553dff2929e67939a0ecb9d?s=96&d=identicon&r=g","contentUrl":"https:\/\/secure.gravatar.com\/avatar\/a49ef3186a692098ac3e8a1612261e3ad70cf9e44553dff2929e67939a0ecb9d?s=96&d=identicon&r=g","caption":"Genof\u00f3ntes Urb\u00e1ez"},"logo":{"@id":"https:\/\/secure.gravatar.com\/avatar\/a49ef3186a692098ac3e8a1612261e3ad70cf9e44553dff2929e67939a0ecb9d?s=96&d=identicon&r=g"},"description":"Periodista \/ Locutor","sameAs":["https:\/\/www.facebook.com\/Genofnotes","https:\/\/www.instagram.com\/genofnotes\/"]}]}},"jetpack_publicize_connections":[],"jetpack_featured_media_url":"https:\/\/i0.wp.com\/minutocerord.com\/wp-content\/uploads\/2021\/04\/Hector-Guerrero-Heredia-y-Agustin-Laje.jpg?fit=640%2C360&ssl=1","jetpack-related-posts":[],"jetpack_sharing_enabled":true,"_links":{"self":[{"href":"https:\/\/minutocerord.com\/index.php?rest_route=\/wp\/v2\/posts\/3991","targetHints":{"allow":["GET"]}}],"collection":[{"href":"https:\/\/minutocerord.com\/index.php?rest_route=\/wp\/v2\/posts"}],"about":[{"href":"https:\/\/minutocerord.com\/index.php?rest_route=\/wp\/v2\/types\/post"}],"author":[{"embeddable":true,"href":"https:\/\/minutocerord.com\/index.php?rest_route=\/wp\/v2\/users\/1"}],"replies":[{"embeddable":true,"href":"https:\/\/minutocerord.com\/index.php?rest_route=%2Fwp%2Fv2%2Fcomments&post=3991"}],"version-history":[{"count":1,"href":"https:\/\/minutocerord.com\/index.php?rest_route=\/wp\/v2\/posts\/3991\/revisions"}],"predecessor-version":[{"id":3993,"href":"https:\/\/minutocerord.com\/index.php?rest_route=\/wp\/v2\/posts\/3991\/revisions\/3993"}],"wp:featuredmedia":[{"embeddable":true,"href":"https:\/\/minutocerord.com\/index.php?rest_route=\/wp\/v2\/media\/3992"}],"wp:attachment":[{"href":"https:\/\/minutocerord.com\/index.php?rest_route=%2Fwp%2Fv2%2Fmedia&parent=3991"}],"wp:term":[{"taxonomy":"category","embeddable":true,"href":"https:\/\/minutocerord.com\/index.php?rest_route=%2Fwp%2Fv2%2Fcategories&post=3991"},{"taxonomy":"post_tag","embeddable":true,"href":"https:\/\/minutocerord.com\/index.php?rest_route=%2Fwp%2Fv2%2Ftags&post=3991"}],"curies":[{"name":"wp","href":"https:\/\/api.w.org\/{rel}","templated":true}]}}