{"id":3994,"date":"2021-04-14T09:10:32","date_gmt":"2021-04-14T13:10:32","guid":{"rendered":"https:\/\/minutocerord.com\/?p=3994"},"modified":"2021-04-14T09:10:37","modified_gmt":"2021-04-14T13:10:37","slug":"dimite-el-primer-ministro-de-haiti-en-plena-crisis-politica-y-de-seguridad","status":"publish","type":"post","link":"https:\/\/minutocerord.com\/?p=3994","title":{"rendered":"Dimite el primer ministro de Hait\u00ed en plena crisis pol\u00edtica y de seguridad"},"content":{"rendered":"\n<p>PUERTO PRINCIPE.- El primer ministro de Hait\u00ed, Joseph Jouthe, present\u00f3 su dimisi\u00f3n este mi\u00e9rcoles, mientras este pa\u00eds caribe\u00f1o atraviesa una grave crisis pol\u00edtica y de seguridad.<\/p>\n\n\n\n<p>Jouthe anunci\u00f3 su dimisi\u00f3n en un mensaje difundido de madrugada a trav\u00e9s de Twitter, y el presidente Jovenel Moise acept\u00f3 la renuncia por la misma v\u00eda.<\/p>\n\n\n\n<p>En su mensaje, Jouthe no inform\u00f3 del motivo de la dimisi\u00f3n del cargo, que asumi\u00f3 en marzo de 2020, afirm\u00f3 que ha sido \u00abun honor\u00bb servir a su pa\u00eds y agradeci\u00f3 a los miembros de su Gobierno y \u00aba los socios t\u00e9cnicos y financieros\u00bb por su colaboraci\u00f3n.<\/p>\n\n\n\n<p>Pocos momentos despu\u00e9s, el presidente Moise acept\u00f3 la dimisi\u00f3n del gobierno de Jouthe, asegurando que su salida permitir\u00e1 avanzar en el problema de la inseguridad y en la soluci\u00f3n de la crisis pol\u00edtica.<\/p>\n\n\n\n<p>\u00abLa dimisi\u00f3n del Gobierno, que he aceptado, permitir\u00e1 abordar el flagrante problema de la inseguridad y proseguir las conversaciones&nbsp;para alcanzar el consenso necesario para la estabilidad pol\u00edtica e institucional de nuestro pa\u00eds. El ministro Claude Joseph es nombrado primer ministro\u00bb, escribi\u00f3 Moise en Twitter.<\/p>\n\n\n\n<p>Jouthe fue designado primer ministro el 2 marzo de 2020, pero su nombramiento no fue ratificado por el Parlamento, como ordena la Constituci\u00f3n, ya que el Legislativo se encuentra clausurado desde enero de 2020 por la no celebraci\u00f3n de las elecciones previstas para 2019.<\/p>\n\n\n\n<p>Su dimisi\u00f3n sucede en momentos de una grave crisis de seguridad, despu\u00e9s de que el pasado fin de semana fueran secuestrados 12 religiosos, incluidos dos de nacionalidad francesa, en medio de una oleada de raptos perpetrados por bandas armadas.<\/p>\n\n\n\n<p>El lunes Jouthe dio una rueda de prensa en la que calific\u00f3 el secuestro como \u00abun terremoto\u00bb que est\u00e1 causando \u00abel derrumbe\u00bb de los cimientos de la sociedad haitiana.<\/p>\n\n\n\n<p>El pa\u00eds tambi\u00e9n atraviesa una grave crisis pol\u00edtica, pues la oposici\u00f3n no reconoce la legitimidad del presidente Moise y se niega a participar en la redacci\u00f3n de la nueva Constituci\u00f3n que trata de impulsar el mandatario.<\/p>\n\n\n\n<p>Este martes la oficina de la ONU en Hait\u00ed advirti\u00f3 de que el proceso de consultas en torno del borrador de la nueva Constituci\u00f3n no es \u00ablo suficientemente inclusivo, participativo o transparente\u00bb.<\/p>\n\n\n\n<p>Moise prepara de forma paralela la celebraci\u00f3n de elecciones legislativas y presidenciales, que est\u00e1n&nbsp;convocadas para el pr\u00f3ximo 19 de septiembre, en las que se elegir\u00e1 al sucesor del actual jefe de Estado.<\/p>\n","protected":false},"excerpt":{"rendered":"<p>PUERTO PRINCIPE.- El primer ministro de Hait\u00ed, Joseph Jouthe, present\u00f3 su dimisi\u00f3n este mi\u00e9rcoles, mientras este pa\u00eds caribe\u00f1o atraviesa una grave crisis pol\u00edtica y de seguridad. Jouthe anunci\u00f3 su dimisi\u00f3n en un mensaje difundido de madrugada a trav\u00e9s de Twitter, y el presidente Jovenel Moise acept\u00f3 la renuncia por la misma v\u00eda. En su mensaje, [&hellip;]<\/p>\n","protected":false},"author":1,"featured_media":3995,"comment_status":"open","ping_status":"open","sticky":false,"template":"","format":"standard","meta":{"nf_dc_page":"","jetpack_post_was_ever_published":false,"_jetpack_newsletter_access":"","_jetpack_dont_email_post_to_subs":false,"_jetpack_newsletter_tier_id":0,"_jetpack_memberships_contains_paywalled_content":false,"_jetpack_memberships_contains_paid_content":false,"footnotes":"","jetpack_publicize_message":"","jetpack_publicize_feature_enabled":true,"jetpack_social_post_already_shared":false,"jetpack_social_options":{"image_generator_settings":{"template":"highway","default_image_id":0,"font":"","enabled":false},"version":2}},"categories":[75],"tags":[],"class_list":["post-3994","post","type-post","status-publish","format-standard","has-post-thumbnail","hentry","category-haiti"],"yoast_head":"<!-- This site is optimized with the Yoast SEO plugin v27.5 - https:\/\/yoast.com\/product\/yoast-seo-wordpress\/ -->\n<title>Dimite el primer ministro de Hait\u00ed en plena crisis pol\u00edtica y de seguridad - Minuto Cero RD<\/title>\n<meta name=\"robots\" content=\"index, follow, max-snippet:-1, max-image-preview:large, max-video-preview:-1\" \/>\n<link rel=\"canonical\" href=\"http:\/\/minutocerord.com\/?p=3994\" \/>\n<meta property=\"og:locale\" content=\"es_ES\" \/>\n<meta property=\"og:type\" content=\"article\" \/>\n<meta property=\"og:title\" content=\"Dimite el primer ministro de Hait\u00ed en plena crisis pol\u00edtica y de seguridad - Minuto Cero RD\" \/>\n<meta property=\"og:description\" content=\"PUERTO PRINCIPE.- El primer ministro de Hait\u00ed, Joseph Jouthe, present\u00f3 su dimisi\u00f3n este mi\u00e9rcoles, mientras este pa\u00eds caribe\u00f1o atraviesa una grave crisis pol\u00edtica y de seguridad. Jouthe anunci\u00f3 su dimisi\u00f3n en un mensaje difundido de madrugada a trav\u00e9s de Twitter, y el presidente Jovenel Moise acept\u00f3 la renuncia por la misma v\u00eda. En su mensaje, [&hellip;]\" \/>\n<meta property=\"og:url\" content=\"http:\/\/minutocerord.com\/?p=3994\" \/>\n<meta property=\"og:site_name\" content=\"Minuto Cero RD\" \/>\n<meta property=\"article:publisher\" content=\"https:\/\/www.facebook.com\/Genofnotes\" \/>\n<meta property=\"article:author\" content=\"https:\/\/www.facebook.com\/Genofnotes\" \/>\n<meta property=\"article:published_time\" content=\"2021-04-14T13:10:32+00:00\" \/>\n<meta property=\"article:modified_time\" content=\"2021-04-14T13:10:37+00:00\" \/>\n<meta property=\"og:image\" content=\"https:\/\/i0.wp.com\/minutocerord.com\/wp-content\/uploads\/2021\/04\/josefh.jpg?fit=644%2C349\" \/>\n\t<meta property=\"og:image:width\" content=\"644\" \/>\n\t<meta property=\"og:image:height\" content=\"349\" \/>\n\t<meta property=\"og:image:type\" content=\"image\/jpeg\" \/>\n<meta name=\"author\" content=\"Genof\u00f3ntes Urb\u00e1ez\" \/>\n<meta name=\"twitter:card\" content=\"summary_large_image\" \/>\n<meta name=\"twitter:label1\" content=\"Written by\" \/>\n\t<meta name=\"twitter:data1\" content=\"Genof\u00f3ntes Urb\u00e1ez\" \/>\n\t<meta name=\"twitter:label2\" content=\"Est. reading time\" \/>\n\t<meta name=\"twitter:data2\" content=\"2 minutos\" \/>\n<script type=\"application\/ld+json\" class=\"yoast-schema-graph\">{\"@context\":\"https:\\\/\\\/schema.org\",\"@graph\":[{\"@type\":\"Article\",\"@id\":\"http:\\\/\\\/minutocerord.com\\\/?p=3994#article\",\"isPartOf\":{\"@id\":\"http:\\\/\\\/minutocerord.com\\\/?p=3994\"},\"author\":{\"name\":\"Genof\u00f3ntes Urb\u00e1ez\",\"@id\":\"https:\\\/\\\/minutocerord.com\\\/#\\\/schema\\\/person\\\/60b5372d60aaa0a5171fb6488be9aee6\"},\"headline\":\"Dimite el primer ministro de Hait\u00ed en plena crisis pol\u00edtica y de seguridad\",\"datePublished\":\"2021-04-14T13:10:32+00:00\",\"dateModified\":\"2021-04-14T13:10:37+00:00\",\"mainEntityOfPage\":{\"@id\":\"http:\\\/\\\/minutocerord.com\\\/?p=3994\"},\"wordCount\":433,\"commentCount\":0,\"publisher\":{\"@id\":\"https:\\\/\\\/minutocerord.com\\\/#\\\/schema\\\/person\\\/60b5372d60aaa0a5171fb6488be9aee6\"},\"image\":{\"@id\":\"http:\\\/\\\/minutocerord.com\\\/?p=3994#primaryimage\"},\"thumbnailUrl\":\"https:\\\/\\\/i0.wp.com\\\/minutocerord.com\\\/wp-content\\\/uploads\\\/2021\\\/04\\\/josefh.jpg?fit=644%2C349&ssl=1\",\"articleSection\":[\"Hait\u00ed\"],\"inLanguage\":\"es-DO\",\"potentialAction\":[{\"@type\":\"CommentAction\",\"name\":\"Comment\",\"target\":[\"http:\\\/\\\/minutocerord.com\\\/?p=3994#respond\"]}]},{\"@type\":\"WebPage\",\"@id\":\"http:\\\/\\\/minutocerord.com\\\/?p=3994\",\"url\":\"http:\\\/\\\/minutocerord.com\\\/?p=3994\",\"name\":\"Dimite el primer ministro de Hait\u00ed en plena crisis pol\u00edtica y de seguridad - Minuto Cero RD\",\"isPartOf\":{\"@id\":\"https:\\\/\\\/minutocerord.com\\\/#website\"},\"primaryImageOfPage\":{\"@id\":\"http:\\\/\\\/minutocerord.com\\\/?p=3994#primaryimage\"},\"image\":{\"@id\":\"http:\\\/\\\/minutocerord.com\\\/?p=3994#primaryimage\"},\"thumbnailUrl\":\"https:\\\/\\\/i0.wp.com\\\/minutocerord.com\\\/wp-content\\\/uploads\\\/2021\\\/04\\\/josefh.jpg?fit=644%2C349&ssl=1\",\"datePublished\":\"2021-04-14T13:10:32+00:00\",\"dateModified\":\"2021-04-14T13:10:37+00:00\",\"breadcrumb\":{\"@id\":\"http:\\\/\\\/minutocerord.com\\\/?p=3994#breadcrumb\"},\"inLanguage\":\"es-DO\",\"potentialAction\":[{\"@type\":\"ReadAction\",\"target\":[\"http:\\\/\\\/minutocerord.com\\\/?p=3994\"]}]},{\"@type\":\"ImageObject\",\"inLanguage\":\"es-DO\",\"@id\":\"http:\\\/\\\/minutocerord.com\\\/?p=3994#primaryimage\",\"url\":\"https:\\\/\\\/i0.wp.com\\\/minutocerord.com\\\/wp-content\\\/uploads\\\/2021\\\/04\\\/josefh.jpg?fit=644%2C349&ssl=1\",\"contentUrl\":\"https:\\\/\\\/i0.wp.com\\\/minutocerord.com\\\/wp-content\\\/uploads\\\/2021\\\/04\\\/josefh.jpg?fit=644%2C349&ssl=1\",\"width\":644,\"height\":349},{\"@type\":\"BreadcrumbList\",\"@id\":\"http:\\\/\\\/minutocerord.com\\\/?p=3994#breadcrumb\",\"itemListElement\":[{\"@type\":\"ListItem\",\"position\":1,\"name\":\"Home\",\"item\":\"https:\\\/\\\/minutocerord.com\\\/\"},{\"@type\":\"ListItem\",\"position\":2,\"name\":\"Dimite el primer ministro de Hait\u00ed en plena crisis pol\u00edtica y de seguridad\"}]},{\"@type\":\"WebSite\",\"@id\":\"https:\\\/\\\/minutocerord.com\\\/#website\",\"url\":\"https:\\\/\\\/minutocerord.com\\\/\",\"name\":\"Minuto Cero RD\",\"description\":\"Periodismo serio y veraz\",\"publisher\":{\"@id\":\"https:\\\/\\\/minutocerord.com\\\/#\\\/schema\\\/person\\\/60b5372d60aaa0a5171fb6488be9aee6\"},\"potentialAction\":[{\"@type\":\"SearchAction\",\"target\":{\"@type\":\"EntryPoint\",\"urlTemplate\":\"https:\\\/\\\/minutocerord.com\\\/?s={search_term_string}\"},\"query-input\":{\"@type\":\"PropertyValueSpecification\",\"valueRequired\":true,\"valueName\":\"search_term_string\"}}],\"inLanguage\":\"es-DO\"},{\"@type\":[\"Person\",\"Organization\"],\"@id\":\"https:\\\/\\\/minutocerord.com\\\/#\\\/schema\\\/person\\\/60b5372d60aaa0a5171fb6488be9aee6\",\"name\":\"Genof\u00f3ntes Urb\u00e1ez\",\"image\":{\"@type\":\"ImageObject\",\"inLanguage\":\"es-DO\",\"@id\":\"https:\\\/\\\/secure.gravatar.com\\\/avatar\\\/a49ef3186a692098ac3e8a1612261e3ad70cf9e44553dff2929e67939a0ecb9d?s=96&d=identicon&r=g\",\"url\":\"https:\\\/\\\/secure.gravatar.com\\\/avatar\\\/a49ef3186a692098ac3e8a1612261e3ad70cf9e44553dff2929e67939a0ecb9d?s=96&d=identicon&r=g\",\"contentUrl\":\"https:\\\/\\\/secure.gravatar.com\\\/avatar\\\/a49ef3186a692098ac3e8a1612261e3ad70cf9e44553dff2929e67939a0ecb9d?s=96&d=identicon&r=g\",\"caption\":\"Genof\u00f3ntes Urb\u00e1ez\"},\"logo\":{\"@id\":\"https:\\\/\\\/secure.gravatar.com\\\/avatar\\\/a49ef3186a692098ac3e8a1612261e3ad70cf9e44553dff2929e67939a0ecb9d?s=96&d=identicon&r=g\"},\"description\":\"Periodista \\\/ Locutor\",\"sameAs\":[\"https:\\\/\\\/www.facebook.com\\\/Genofnotes\",\"https:\\\/\\\/www.instagram.com\\\/genofnotes\\\/\"]}]}<\/script>\n<!-- \/ Yoast SEO plugin. -->","yoast_head_json":{"title":"Dimite el primer ministro de Hait\u00ed en plena crisis pol\u00edtica y de seguridad - Minuto Cero RD","robots":{"index":"index","follow":"follow","max-snippet":"max-snippet:-1","max-image-preview":"max-image-preview:large","max-video-preview":"max-video-preview:-1"},"canonical":"http:\/\/minutocerord.com\/?p=3994","og_locale":"es_ES","og_type":"article","og_title":"Dimite el primer ministro de Hait\u00ed en plena crisis pol\u00edtica y de seguridad - Minuto Cero RD","og_description":"PUERTO PRINCIPE.- El primer ministro de Hait\u00ed, Joseph Jouthe, present\u00f3 su dimisi\u00f3n este mi\u00e9rcoles, mientras este pa\u00eds caribe\u00f1o atraviesa una grave crisis pol\u00edtica y de seguridad. Jouthe anunci\u00f3 su dimisi\u00f3n en un mensaje difundido de madrugada a trav\u00e9s de Twitter, y el presidente Jovenel Moise acept\u00f3 la renuncia por la misma v\u00eda. En su mensaje, [&hellip;]","og_url":"http:\/\/minutocerord.com\/?p=3994","og_site_name":"Minuto Cero RD","article_publisher":"https:\/\/www.facebook.com\/Genofnotes","article_author":"https:\/\/www.facebook.com\/Genofnotes","article_published_time":"2021-04-14T13:10:32+00:00","article_modified_time":"2021-04-14T13:10:37+00:00","og_image":[{"width":644,"height":349,"url":"https:\/\/i0.wp.com\/minutocerord.com\/wp-content\/uploads\/2021\/04\/josefh.jpg?fit=644%2C349","type":"image\/jpeg"}],"author":"Genof\u00f3ntes Urb\u00e1ez","twitter_card":"summary_large_image","twitter_misc":{"Written by":"Genof\u00f3ntes Urb\u00e1ez","Est. reading time":"2 minutos"},"schema":{"@context":"https:\/\/schema.org","@graph":[{"@type":"Article","@id":"http:\/\/minutocerord.com\/?p=3994#article","isPartOf":{"@id":"http:\/\/minutocerord.com\/?p=3994"},"author":{"name":"Genof\u00f3ntes Urb\u00e1ez","@id":"https:\/\/minutocerord.com\/#\/schema\/person\/60b5372d60aaa0a5171fb6488be9aee6"},"headline":"Dimite el primer ministro de Hait\u00ed en plena crisis pol\u00edtica y de seguridad","datePublished":"2021-04-14T13:10:32+00:00","dateModified":"2021-04-14T13:10:37+00:00","mainEntityOfPage":{"@id":"http:\/\/minutocerord.com\/?p=3994"},"wordCount":433,"commentCount":0,"publisher":{"@id":"https:\/\/minutocerord.com\/#\/schema\/person\/60b5372d60aaa0a5171fb6488be9aee6"},"image":{"@id":"http:\/\/minutocerord.com\/?p=3994#primaryimage"},"thumbnailUrl":"https:\/\/i0.wp.com\/minutocerord.com\/wp-content\/uploads\/2021\/04\/josefh.jpg?fit=644%2C349&ssl=1","articleSection":["Hait\u00ed"],"inLanguage":"es-DO","potentialAction":[{"@type":"CommentAction","name":"Comment","target":["http:\/\/minutocerord.com\/?p=3994#respond"]}]},{"@type":"WebPage","@id":"http:\/\/minutocerord.com\/?p=3994","url":"http:\/\/minutocerord.com\/?p=3994","name":"Dimite el primer ministro de Hait\u00ed en plena crisis pol\u00edtica y de seguridad - Minuto Cero RD","isPartOf":{"@id":"https:\/\/minutocerord.com\/#website"},"primaryImageOfPage":{"@id":"http:\/\/minutocerord.com\/?p=3994#primaryimage"},"image":{"@id":"http:\/\/minutocerord.com\/?p=3994#primaryimage"},"thumbnailUrl":"https:\/\/i0.wp.com\/minutocerord.com\/wp-content\/uploads\/2021\/04\/josefh.jpg?fit=644%2C349&ssl=1","datePublished":"2021-04-14T13:10:32+00:00","dateModified":"2021-04-14T13:10:37+00:00","breadcrumb":{"@id":"http:\/\/minutocerord.com\/?p=3994#breadcrumb"},"inLanguage":"es-DO","potentialAction":[{"@type":"ReadAction","target":["http:\/\/minutocerord.com\/?p=3994"]}]},{"@type":"ImageObject","inLanguage":"es-DO","@id":"http:\/\/minutocerord.com\/?p=3994#primaryimage","url":"https:\/\/i0.wp.com\/minutocerord.com\/wp-content\/uploads\/2021\/04\/josefh.jpg?fit=644%2C349&ssl=1","contentUrl":"https:\/\/i0.wp.com\/minutocerord.com\/wp-content\/uploads\/2021\/04\/josefh.jpg?fit=644%2C349&ssl=1","width":644,"height":349},{"@type":"BreadcrumbList","@id":"http:\/\/minutocerord.com\/?p=3994#breadcrumb","itemListElement":[{"@type":"ListItem","position":1,"name":"Home","item":"https:\/\/minutocerord.com\/"},{"@type":"ListItem","position":2,"name":"Dimite el primer ministro de Hait\u00ed en plena crisis pol\u00edtica y de seguridad"}]},{"@type":"WebSite","@id":"https:\/\/minutocerord.com\/#website","url":"https:\/\/minutocerord.com\/","name":"Minuto Cero RD","description":"Periodismo serio y veraz","publisher":{"@id":"https:\/\/minutocerord.com\/#\/schema\/person\/60b5372d60aaa0a5171fb6488be9aee6"},"potentialAction":[{"@type":"SearchAction","target":{"@type":"EntryPoint","urlTemplate":"https:\/\/minutocerord.com\/?s={search_term_string}"},"query-input":{"@type":"PropertyValueSpecification","valueRequired":true,"valueName":"search_term_string"}}],"inLanguage":"es-DO"},{"@type":["Person","Organization"],"@id":"https:\/\/minutocerord.com\/#\/schema\/person\/60b5372d60aaa0a5171fb6488be9aee6","name":"Genof\u00f3ntes Urb\u00e1ez","image":{"@type":"ImageObject","inLanguage":"es-DO","@id":"https:\/\/secure.gravatar.com\/avatar\/a49ef3186a692098ac3e8a1612261e3ad70cf9e44553dff2929e67939a0ecb9d?s=96&d=identicon&r=g","url":"https:\/\/secure.gravatar.com\/avatar\/a49ef3186a692098ac3e8a1612261e3ad70cf9e44553dff2929e67939a0ecb9d?s=96&d=identicon&r=g","contentUrl":"https:\/\/secure.gravatar.com\/avatar\/a49ef3186a692098ac3e8a1612261e3ad70cf9e44553dff2929e67939a0ecb9d?s=96&d=identicon&r=g","caption":"Genof\u00f3ntes Urb\u00e1ez"},"logo":{"@id":"https:\/\/secure.gravatar.com\/avatar\/a49ef3186a692098ac3e8a1612261e3ad70cf9e44553dff2929e67939a0ecb9d?s=96&d=identicon&r=g"},"description":"Periodista \/ Locutor","sameAs":["https:\/\/www.facebook.com\/Genofnotes","https:\/\/www.instagram.com\/genofnotes\/"]}]}},"jetpack_publicize_connections":[],"jetpack_featured_media_url":"https:\/\/i0.wp.com\/minutocerord.com\/wp-content\/uploads\/2021\/04\/josefh.jpg?fit=644%2C349&ssl=1","jetpack-related-posts":[],"jetpack_sharing_enabled":true,"_links":{"self":[{"href":"https:\/\/minutocerord.com\/index.php?rest_route=\/wp\/v2\/posts\/3994","targetHints":{"allow":["GET"]}}],"collection":[{"href":"https:\/\/minutocerord.com\/index.php?rest_route=\/wp\/v2\/posts"}],"about":[{"href":"https:\/\/minutocerord.com\/index.php?rest_route=\/wp\/v2\/types\/post"}],"author":[{"embeddable":true,"href":"https:\/\/minutocerord.com\/index.php?rest_route=\/wp\/v2\/users\/1"}],"replies":[{"embeddable":true,"href":"https:\/\/minutocerord.com\/index.php?rest_route=%2Fwp%2Fv2%2Fcomments&post=3994"}],"version-history":[{"count":1,"href":"https:\/\/minutocerord.com\/index.php?rest_route=\/wp\/v2\/posts\/3994\/revisions"}],"predecessor-version":[{"id":3996,"href":"https:\/\/minutocerord.com\/index.php?rest_route=\/wp\/v2\/posts\/3994\/revisions\/3996"}],"wp:featuredmedia":[{"embeddable":true,"href":"https:\/\/minutocerord.com\/index.php?rest_route=\/wp\/v2\/media\/3995"}],"wp:attachment":[{"href":"https:\/\/minutocerord.com\/index.php?rest_route=%2Fwp%2Fv2%2Fmedia&parent=3994"}],"wp:term":[{"taxonomy":"category","embeddable":true,"href":"https:\/\/minutocerord.com\/index.php?rest_route=%2Fwp%2Fv2%2Fcategories&post=3994"},{"taxonomy":"post_tag","embeddable":true,"href":"https:\/\/minutocerord.com\/index.php?rest_route=%2Fwp%2Fv2%2Ftags&post=3994"}],"curies":[{"name":"wp","href":"https:\/\/api.w.org\/{rel}","templated":true}]}}