{"id":4000,"date":"2021-04-14T09:39:12","date_gmt":"2021-04-14T13:39:12","guid":{"rendered":"https:\/\/minutocerord.com\/?p=4000"},"modified":"2021-04-14T10:38:39","modified_gmt":"2021-04-14T14:38:39","slug":"leonardo-fana-buscara-este-miercoles-que-corte-de-apelacion-le-varie-la-prision-preventiva","status":"publish","type":"post","link":"https:\/\/minutocerord.com\/?p=4000","title":{"rendered":"Leonardo Fa\u00f1a buscar\u00e1 este mi\u00e9rcoles que Corte de Apelaci\u00f3n le var\u00ede la prisi\u00f3n preventiva"},"content":{"rendered":"\n<p>El suspendido director del Instituto Agrario Dominicana (IAD), Leonardo Fa\u00f1a, contra quien pesa la acusaci\u00f3n de agresi\u00f3n sexual por parte de una exgerente financiera de la entidad, busca hoy mi\u00e9rcoles obtener su libertad con una apelaci\u00f3n a la decisi\u00f3n que lo env\u00eda a prisi\u00f3n.<\/p>\n\n\n\n<p>La Tercera Sala Penal de la Corte de Apelaci\u00f3n del Distrito Nacional, que preside el magistrado Ignacio Camacho, fij\u00f3 para las 2:00 de la tarde el conocimiento del recurso de apelaci\u00f3n interpuesto por el imputado, a trav\u00e9s de su abogado Carlos Olivares.<\/p>\n\n\n\n<p>El recurso busca anular la decisi\u00f3n de la jueza de instrucci\u00f3n especial Nancy Joaqu\u00edn, que envi\u00f3 al ex director del IAD y dirigente del Partido Revolucionario Moderno (PRM), a la c\u00e1rcel de Najayo, por un periodo de 2 meses al dirigente del Partido Revolucionario Moderno (PRM).<\/p>\n\n\n\n<p>El imputado procura que el tribunal, que integra adem\u00e1s Nancy Joaqu\u00edn, quien deber\u00e1 de inhibirse debido que particip\u00f3 en el caso, var\u00ede la prisi\u00f3n preventiva por una libertad pura y simple y que, en caso contrario, los jueces impongan garant\u00eda econ\u00f3mica, impedimento de salida y presentaci\u00f3n peri\u00f3dica.<\/p>\n\n\n\n<p>La denuncia por agresi\u00f3n sexual en contra de Fa\u00f1a fue presentada el 18 de enero ante la Unidad de Atenci\u00f3n y Prevenci\u00f3n de la Violencia de G\u00e9nero, dependencia que la tramit\u00f3 ante la Procuradur\u00eda Regional de la Corte de Apelaci\u00f3n del Distrito Nacional por tratarse entonces de un funcionario gubernamental.<\/p>\n\n\n\n<p>La denunciante fue la gerente financiera del IAD, Mar\u00eda Isabel Flores, quien termin\u00f3 retirando la querella, seg\u00fan inform\u00f3 el pasado 27 de enero el Ministerio P\u00fablico que decidi\u00f3, sin embargo, seguir el caso.<\/p>\n\n\n\n<p>Seg\u00fan la querella, tras designarla en el cargo, Fa\u00f1a le hizo constantes llamadas a la mujer para reunirse fuera del horario laboral.<\/p>\n\n\n\n<p>Flores accedi\u00f3 a reunirse con el funcionario el 4 de enero para coordinar unos trabajos, pero este, seg\u00fan la denuncia, la condujo a una caba\u00f1a, a la que la mujer se neg\u00f3 a entrar.<\/p>\n\n\n\n<p>Posteriormente, la llev\u00f3 a un restaurante en Bonao, donde \u00able dio a comer una comida y a beber una especie de vino\u00bb que presuntamente llevaba en su veh\u00edculo, lo que provoc\u00f3 que \u00abperdiera el conocimiento y la fuerza\u00bb, situaci\u00f3n que aprovech\u00f3 para agredir sexualmente.<\/p>\n","protected":false},"excerpt":{"rendered":"<p>El suspendido director del Instituto Agrario Dominicana (IAD), Leonardo Fa\u00f1a, contra quien pesa la acusaci\u00f3n de agresi\u00f3n sexual por parte de una exgerente financiera de la entidad, busca hoy mi\u00e9rcoles obtener su libertad con una apelaci\u00f3n a la decisi\u00f3n que lo env\u00eda a prisi\u00f3n. La Tercera Sala Penal de la Corte de Apelaci\u00f3n del Distrito [&hellip;]<\/p>\n","protected":false},"author":1,"featured_media":4001,"comment_status":"open","ping_status":"open","sticky":false,"template":"","format":"standard","meta":{"nf_dc_page":"","jetpack_post_was_ever_published":false,"_jetpack_newsletter_access":"","_jetpack_dont_email_post_to_subs":false,"_jetpack_newsletter_tier_id":0,"_jetpack_memberships_contains_paywalled_content":false,"_jetpack_memberships_contains_paid_content":false,"footnotes":"","jetpack_publicize_message":"","jetpack_publicize_feature_enabled":true,"jetpack_social_post_already_shared":false,"jetpack_social_options":{"image_generator_settings":{"template":"highway","default_image_id":0,"font":"","enabled":false},"version":2}},"categories":[93],"tags":[],"class_list":["post-4000","post","type-post","status-publish","format-standard","has-post-thumbnail","hentry","category-justicia"],"yoast_head":"<!-- This site is optimized with the Yoast SEO plugin v27.5 - https:\/\/yoast.com\/product\/yoast-seo-wordpress\/ -->\n<title>Leonardo Fa\u00f1a buscar\u00e1 este mi\u00e9rcoles que Corte de Apelaci\u00f3n le var\u00ede la prisi\u00f3n preventiva - Minuto Cero RD<\/title>\n<meta name=\"robots\" content=\"index, follow, max-snippet:-1, max-image-preview:large, max-video-preview:-1\" \/>\n<link rel=\"canonical\" href=\"https:\/\/minutocerord.com\/?p=4000\" \/>\n<meta property=\"og:locale\" content=\"es_ES\" \/>\n<meta property=\"og:type\" content=\"article\" \/>\n<meta property=\"og:title\" content=\"Leonardo Fa\u00f1a buscar\u00e1 este mi\u00e9rcoles que Corte de Apelaci\u00f3n le var\u00ede la prisi\u00f3n preventiva - Minuto Cero RD\" \/>\n<meta property=\"og:description\" content=\"El suspendido director del Instituto Agrario Dominicana (IAD), Leonardo Fa\u00f1a, contra quien pesa la acusaci\u00f3n de agresi\u00f3n sexual por parte de una exgerente financiera de la entidad, busca hoy mi\u00e9rcoles obtener su libertad con una apelaci\u00f3n a la decisi\u00f3n que lo env\u00eda a prisi\u00f3n. La Tercera Sala Penal de la Corte de Apelaci\u00f3n del Distrito [&hellip;]\" \/>\n<meta property=\"og:url\" content=\"https:\/\/minutocerord.com\/?p=4000\" \/>\n<meta property=\"og:site_name\" content=\"Minuto Cero RD\" \/>\n<meta property=\"article:publisher\" content=\"https:\/\/www.facebook.com\/Genofnotes\" \/>\n<meta property=\"article:author\" content=\"https:\/\/www.facebook.com\/Genofnotes\" \/>\n<meta property=\"article:published_time\" content=\"2021-04-14T13:39:12+00:00\" \/>\n<meta property=\"article:modified_time\" content=\"2021-04-14T14:38:39+00:00\" \/>\n<meta property=\"og:image\" content=\"https:\/\/i0.wp.com\/minutocerord.com\/wp-content\/uploads\/2021\/04\/Captura-3.png?fit=706%2C469&ssl=1\" \/>\n\t<meta property=\"og:image:width\" content=\"706\" \/>\n\t<meta property=\"og:image:height\" content=\"469\" \/>\n\t<meta property=\"og:image:type\" content=\"image\/png\" \/>\n<meta name=\"author\" content=\"Genof\u00f3ntes Urb\u00e1ez\" \/>\n<meta name=\"twitter:card\" content=\"summary_large_image\" \/>\n<meta name=\"twitter:label1\" content=\"Written by\" \/>\n\t<meta name=\"twitter:data1\" content=\"Genof\u00f3ntes Urb\u00e1ez\" \/>\n\t<meta name=\"twitter:label2\" content=\"Est. reading time\" \/>\n\t<meta name=\"twitter:data2\" content=\"2 minutos\" \/>\n<script type=\"application\/ld+json\" class=\"yoast-schema-graph\">{\"@context\":\"https:\\\/\\\/schema.org\",\"@graph\":[{\"@type\":\"Article\",\"@id\":\"https:\\\/\\\/minutocerord.com\\\/?p=4000#article\",\"isPartOf\":{\"@id\":\"https:\\\/\\\/minutocerord.com\\\/?p=4000\"},\"author\":{\"name\":\"Genof\u00f3ntes Urb\u00e1ez\",\"@id\":\"https:\\\/\\\/minutocerord.com\\\/#\\\/schema\\\/person\\\/60b5372d60aaa0a5171fb6488be9aee6\"},\"headline\":\"Leonardo Fa\u00f1a buscar\u00e1 este mi\u00e9rcoles que Corte de Apelaci\u00f3n le var\u00ede la prisi\u00f3n preventiva\",\"datePublished\":\"2021-04-14T13:39:12+00:00\",\"dateModified\":\"2021-04-14T14:38:39+00:00\",\"mainEntityOfPage\":{\"@id\":\"https:\\\/\\\/minutocerord.com\\\/?p=4000\"},\"wordCount\":415,\"commentCount\":0,\"publisher\":{\"@id\":\"https:\\\/\\\/minutocerord.com\\\/#\\\/schema\\\/person\\\/60b5372d60aaa0a5171fb6488be9aee6\"},\"image\":{\"@id\":\"https:\\\/\\\/minutocerord.com\\\/?p=4000#primaryimage\"},\"thumbnailUrl\":\"https:\\\/\\\/i0.wp.com\\\/minutocerord.com\\\/wp-content\\\/uploads\\\/2021\\\/04\\\/Captura-3.png?fit=706%2C469&ssl=1\",\"articleSection\":[\"Justicia\"],\"inLanguage\":\"es-DO\",\"potentialAction\":[{\"@type\":\"CommentAction\",\"name\":\"Comment\",\"target\":[\"https:\\\/\\\/minutocerord.com\\\/?p=4000#respond\"]}]},{\"@type\":\"WebPage\",\"@id\":\"https:\\\/\\\/minutocerord.com\\\/?p=4000\",\"url\":\"https:\\\/\\\/minutocerord.com\\\/?p=4000\",\"name\":\"Leonardo Fa\u00f1a buscar\u00e1 este mi\u00e9rcoles que Corte de Apelaci\u00f3n le var\u00ede la prisi\u00f3n preventiva - Minuto Cero RD\",\"isPartOf\":{\"@id\":\"https:\\\/\\\/minutocerord.com\\\/#website\"},\"primaryImageOfPage\":{\"@id\":\"https:\\\/\\\/minutocerord.com\\\/?p=4000#primaryimage\"},\"image\":{\"@id\":\"https:\\\/\\\/minutocerord.com\\\/?p=4000#primaryimage\"},\"thumbnailUrl\":\"https:\\\/\\\/i0.wp.com\\\/minutocerord.com\\\/wp-content\\\/uploads\\\/2021\\\/04\\\/Captura-3.png?fit=706%2C469&ssl=1\",\"datePublished\":\"2021-04-14T13:39:12+00:00\",\"dateModified\":\"2021-04-14T14:38:39+00:00\",\"breadcrumb\":{\"@id\":\"https:\\\/\\\/minutocerord.com\\\/?p=4000#breadcrumb\"},\"inLanguage\":\"es-DO\",\"potentialAction\":[{\"@type\":\"ReadAction\",\"target\":[\"https:\\\/\\\/minutocerord.com\\\/?p=4000\"]}]},{\"@type\":\"ImageObject\",\"inLanguage\":\"es-DO\",\"@id\":\"https:\\\/\\\/minutocerord.com\\\/?p=4000#primaryimage\",\"url\":\"https:\\\/\\\/i0.wp.com\\\/minutocerord.com\\\/wp-content\\\/uploads\\\/2021\\\/04\\\/Captura-3.png?fit=706%2C469&ssl=1\",\"contentUrl\":\"https:\\\/\\\/i0.wp.com\\\/minutocerord.com\\\/wp-content\\\/uploads\\\/2021\\\/04\\\/Captura-3.png?fit=706%2C469&ssl=1\",\"width\":706,\"height\":469},{\"@type\":\"BreadcrumbList\",\"@id\":\"https:\\\/\\\/minutocerord.com\\\/?p=4000#breadcrumb\",\"itemListElement\":[{\"@type\":\"ListItem\",\"position\":1,\"name\":\"Home\",\"item\":\"https:\\\/\\\/minutocerord.com\\\/\"},{\"@type\":\"ListItem\",\"position\":2,\"name\":\"Leonardo Fa\u00f1a buscar\u00e1 este mi\u00e9rcoles que Corte de Apelaci\u00f3n le var\u00ede la prisi\u00f3n preventiva\"}]},{\"@type\":\"WebSite\",\"@id\":\"https:\\\/\\\/minutocerord.com\\\/#website\",\"url\":\"https:\\\/\\\/minutocerord.com\\\/\",\"name\":\"Minuto Cero RD\",\"description\":\"Periodismo serio y veraz\",\"publisher\":{\"@id\":\"https:\\\/\\\/minutocerord.com\\\/#\\\/schema\\\/person\\\/60b5372d60aaa0a5171fb6488be9aee6\"},\"potentialAction\":[{\"@type\":\"SearchAction\",\"target\":{\"@type\":\"EntryPoint\",\"urlTemplate\":\"https:\\\/\\\/minutocerord.com\\\/?s={search_term_string}\"},\"query-input\":{\"@type\":\"PropertyValueSpecification\",\"valueRequired\":true,\"valueName\":\"search_term_string\"}}],\"inLanguage\":\"es-DO\"},{\"@type\":[\"Person\",\"Organization\"],\"@id\":\"https:\\\/\\\/minutocerord.com\\\/#\\\/schema\\\/person\\\/60b5372d60aaa0a5171fb6488be9aee6\",\"name\":\"Genof\u00f3ntes Urb\u00e1ez\",\"image\":{\"@type\":\"ImageObject\",\"inLanguage\":\"es-DO\",\"@id\":\"https:\\\/\\\/secure.gravatar.com\\\/avatar\\\/a49ef3186a692098ac3e8a1612261e3ad70cf9e44553dff2929e67939a0ecb9d?s=96&d=identicon&r=g\",\"url\":\"https:\\\/\\\/secure.gravatar.com\\\/avatar\\\/a49ef3186a692098ac3e8a1612261e3ad70cf9e44553dff2929e67939a0ecb9d?s=96&d=identicon&r=g\",\"contentUrl\":\"https:\\\/\\\/secure.gravatar.com\\\/avatar\\\/a49ef3186a692098ac3e8a1612261e3ad70cf9e44553dff2929e67939a0ecb9d?s=96&d=identicon&r=g\",\"caption\":\"Genof\u00f3ntes Urb\u00e1ez\"},\"logo\":{\"@id\":\"https:\\\/\\\/secure.gravatar.com\\\/avatar\\\/a49ef3186a692098ac3e8a1612261e3ad70cf9e44553dff2929e67939a0ecb9d?s=96&d=identicon&r=g\"},\"description\":\"Periodista \\\/ Locutor\",\"sameAs\":[\"https:\\\/\\\/www.facebook.com\\\/Genofnotes\",\"https:\\\/\\\/www.instagram.com\\\/genofnotes\\\/\"]}]}<\/script>\n<!-- \/ Yoast SEO plugin. -->","yoast_head_json":{"title":"Leonardo Fa\u00f1a buscar\u00e1 este mi\u00e9rcoles que Corte de Apelaci\u00f3n le var\u00ede la prisi\u00f3n preventiva - Minuto Cero RD","robots":{"index":"index","follow":"follow","max-snippet":"max-snippet:-1","max-image-preview":"max-image-preview:large","max-video-preview":"max-video-preview:-1"},"canonical":"https:\/\/minutocerord.com\/?p=4000","og_locale":"es_ES","og_type":"article","og_title":"Leonardo Fa\u00f1a buscar\u00e1 este mi\u00e9rcoles que Corte de Apelaci\u00f3n le var\u00ede la prisi\u00f3n preventiva - Minuto Cero RD","og_description":"El suspendido director del Instituto Agrario Dominicana (IAD), Leonardo Fa\u00f1a, contra quien pesa la acusaci\u00f3n de agresi\u00f3n sexual por parte de una exgerente financiera de la entidad, busca hoy mi\u00e9rcoles obtener su libertad con una apelaci\u00f3n a la decisi\u00f3n que lo env\u00eda a prisi\u00f3n. La Tercera Sala Penal de la Corte de Apelaci\u00f3n del Distrito [&hellip;]","og_url":"https:\/\/minutocerord.com\/?p=4000","og_site_name":"Minuto Cero RD","article_publisher":"https:\/\/www.facebook.com\/Genofnotes","article_author":"https:\/\/www.facebook.com\/Genofnotes","article_published_time":"2021-04-14T13:39:12+00:00","article_modified_time":"2021-04-14T14:38:39+00:00","og_image":[{"width":706,"height":469,"url":"https:\/\/i0.wp.com\/minutocerord.com\/wp-content\/uploads\/2021\/04\/Captura-3.png?fit=706%2C469&ssl=1","type":"image\/png"}],"author":"Genof\u00f3ntes Urb\u00e1ez","twitter_card":"summary_large_image","twitter_misc":{"Written by":"Genof\u00f3ntes Urb\u00e1ez","Est. reading time":"2 minutos"},"schema":{"@context":"https:\/\/schema.org","@graph":[{"@type":"Article","@id":"https:\/\/minutocerord.com\/?p=4000#article","isPartOf":{"@id":"https:\/\/minutocerord.com\/?p=4000"},"author":{"name":"Genof\u00f3ntes Urb\u00e1ez","@id":"https:\/\/minutocerord.com\/#\/schema\/person\/60b5372d60aaa0a5171fb6488be9aee6"},"headline":"Leonardo Fa\u00f1a buscar\u00e1 este mi\u00e9rcoles que Corte de Apelaci\u00f3n le var\u00ede la prisi\u00f3n preventiva","datePublished":"2021-04-14T13:39:12+00:00","dateModified":"2021-04-14T14:38:39+00:00","mainEntityOfPage":{"@id":"https:\/\/minutocerord.com\/?p=4000"},"wordCount":415,"commentCount":0,"publisher":{"@id":"https:\/\/minutocerord.com\/#\/schema\/person\/60b5372d60aaa0a5171fb6488be9aee6"},"image":{"@id":"https:\/\/minutocerord.com\/?p=4000#primaryimage"},"thumbnailUrl":"https:\/\/i0.wp.com\/minutocerord.com\/wp-content\/uploads\/2021\/04\/Captura-3.png?fit=706%2C469&ssl=1","articleSection":["Justicia"],"inLanguage":"es-DO","potentialAction":[{"@type":"CommentAction","name":"Comment","target":["https:\/\/minutocerord.com\/?p=4000#respond"]}]},{"@type":"WebPage","@id":"https:\/\/minutocerord.com\/?p=4000","url":"https:\/\/minutocerord.com\/?p=4000","name":"Leonardo Fa\u00f1a buscar\u00e1 este mi\u00e9rcoles que Corte de Apelaci\u00f3n le var\u00ede la prisi\u00f3n preventiva - Minuto Cero RD","isPartOf":{"@id":"https:\/\/minutocerord.com\/#website"},"primaryImageOfPage":{"@id":"https:\/\/minutocerord.com\/?p=4000#primaryimage"},"image":{"@id":"https:\/\/minutocerord.com\/?p=4000#primaryimage"},"thumbnailUrl":"https:\/\/i0.wp.com\/minutocerord.com\/wp-content\/uploads\/2021\/04\/Captura-3.png?fit=706%2C469&ssl=1","datePublished":"2021-04-14T13:39:12+00:00","dateModified":"2021-04-14T14:38:39+00:00","breadcrumb":{"@id":"https:\/\/minutocerord.com\/?p=4000#breadcrumb"},"inLanguage":"es-DO","potentialAction":[{"@type":"ReadAction","target":["https:\/\/minutocerord.com\/?p=4000"]}]},{"@type":"ImageObject","inLanguage":"es-DO","@id":"https:\/\/minutocerord.com\/?p=4000#primaryimage","url":"https:\/\/i0.wp.com\/minutocerord.com\/wp-content\/uploads\/2021\/04\/Captura-3.png?fit=706%2C469&ssl=1","contentUrl":"https:\/\/i0.wp.com\/minutocerord.com\/wp-content\/uploads\/2021\/04\/Captura-3.png?fit=706%2C469&ssl=1","width":706,"height":469},{"@type":"BreadcrumbList","@id":"https:\/\/minutocerord.com\/?p=4000#breadcrumb","itemListElement":[{"@type":"ListItem","position":1,"name":"Home","item":"https:\/\/minutocerord.com\/"},{"@type":"ListItem","position":2,"name":"Leonardo Fa\u00f1a buscar\u00e1 este mi\u00e9rcoles que Corte de Apelaci\u00f3n le var\u00ede la prisi\u00f3n preventiva"}]},{"@type":"WebSite","@id":"https:\/\/minutocerord.com\/#website","url":"https:\/\/minutocerord.com\/","name":"Minuto Cero RD","description":"Periodismo serio y veraz","publisher":{"@id":"https:\/\/minutocerord.com\/#\/schema\/person\/60b5372d60aaa0a5171fb6488be9aee6"},"potentialAction":[{"@type":"SearchAction","target":{"@type":"EntryPoint","urlTemplate":"https:\/\/minutocerord.com\/?s={search_term_string}"},"query-input":{"@type":"PropertyValueSpecification","valueRequired":true,"valueName":"search_term_string"}}],"inLanguage":"es-DO"},{"@type":["Person","Organization"],"@id":"https:\/\/minutocerord.com\/#\/schema\/person\/60b5372d60aaa0a5171fb6488be9aee6","name":"Genof\u00f3ntes Urb\u00e1ez","image":{"@type":"ImageObject","inLanguage":"es-DO","@id":"https:\/\/secure.gravatar.com\/avatar\/a49ef3186a692098ac3e8a1612261e3ad70cf9e44553dff2929e67939a0ecb9d?s=96&d=identicon&r=g","url":"https:\/\/secure.gravatar.com\/avatar\/a49ef3186a692098ac3e8a1612261e3ad70cf9e44553dff2929e67939a0ecb9d?s=96&d=identicon&r=g","contentUrl":"https:\/\/secure.gravatar.com\/avatar\/a49ef3186a692098ac3e8a1612261e3ad70cf9e44553dff2929e67939a0ecb9d?s=96&d=identicon&r=g","caption":"Genof\u00f3ntes Urb\u00e1ez"},"logo":{"@id":"https:\/\/secure.gravatar.com\/avatar\/a49ef3186a692098ac3e8a1612261e3ad70cf9e44553dff2929e67939a0ecb9d?s=96&d=identicon&r=g"},"description":"Periodista \/ Locutor","sameAs":["https:\/\/www.facebook.com\/Genofnotes","https:\/\/www.instagram.com\/genofnotes\/"]}]}},"jetpack_publicize_connections":[],"jetpack_featured_media_url":"https:\/\/i0.wp.com\/minutocerord.com\/wp-content\/uploads\/2021\/04\/Captura-3.png?fit=706%2C469&ssl=1","jetpack-related-posts":[],"jetpack_sharing_enabled":true,"_links":{"self":[{"href":"https:\/\/minutocerord.com\/index.php?rest_route=\/wp\/v2\/posts\/4000","targetHints":{"allow":["GET"]}}],"collection":[{"href":"https:\/\/minutocerord.com\/index.php?rest_route=\/wp\/v2\/posts"}],"about":[{"href":"https:\/\/minutocerord.com\/index.php?rest_route=\/wp\/v2\/types\/post"}],"author":[{"embeddable":true,"href":"https:\/\/minutocerord.com\/index.php?rest_route=\/wp\/v2\/users\/1"}],"replies":[{"embeddable":true,"href":"https:\/\/minutocerord.com\/index.php?rest_route=%2Fwp%2Fv2%2Fcomments&post=4000"}],"version-history":[{"count":2,"href":"https:\/\/minutocerord.com\/index.php?rest_route=\/wp\/v2\/posts\/4000\/revisions"}],"predecessor-version":[{"id":4009,"href":"https:\/\/minutocerord.com\/index.php?rest_route=\/wp\/v2\/posts\/4000\/revisions\/4009"}],"wp:featuredmedia":[{"embeddable":true,"href":"https:\/\/minutocerord.com\/index.php?rest_route=\/wp\/v2\/media\/4001"}],"wp:attachment":[{"href":"https:\/\/minutocerord.com\/index.php?rest_route=%2Fwp%2Fv2%2Fmedia&parent=4000"}],"wp:term":[{"taxonomy":"category","embeddable":true,"href":"https:\/\/minutocerord.com\/index.php?rest_route=%2Fwp%2Fv2%2Fcategories&post=4000"},{"taxonomy":"post_tag","embeddable":true,"href":"https:\/\/minutocerord.com\/index.php?rest_route=%2Fwp%2Fv2%2Ftags&post=4000"}],"curies":[{"name":"wp","href":"https:\/\/api.w.org\/{rel}","templated":true}]}}