{"id":4003,"date":"2021-04-14T09:53:24","date_gmt":"2021-04-14T13:53:24","guid":{"rendered":"https:\/\/minutocerord.com\/?p=4003"},"modified":"2021-04-14T09:53:30","modified_gmt":"2021-04-14T13:53:30","slug":"hallan-el-cadaver-del-raso-de-la-policia-que-desaparecio-en-rio-yuna","status":"publish","type":"post","link":"https:\/\/minutocerord.com\/?p=4003","title":{"rendered":"Hallan el cad\u00e1ver del raso de la Polic\u00eda que desapareci\u00f3 en R\u00edo Yuna"},"content":{"rendered":"\n<p>Las autoridades de la provincia S\u00e1nchez Ram\u00edrez encontraron en las aguas bajas del r\u00edo Yuna, el cad\u00e1ver del raso de la Polic\u00eda Nacional que se encontraba desaparecido desde el pasado lunes, tras de haberse lanzado a esta fuente acu\u00edfera a nadar.<\/p>\n\n\n\n<p>Se trata de Marcos Alfredo Jim\u00e9nez, de 20 a\u00f1os de edad, quien desapareci\u00f3 luego de lanzarse al \u00e1rea de la compuerta o trifurcaci\u00f3n en la Presa de Hatillo, junto a otro compa\u00f1ero que logr\u00f3 sobrepasar la traves\u00eda.<\/p>\n\n\n\n<p>Jim\u00e9nez era oriundo de San Pedro de Macor\u00eds, y se encontraba de servicio permanente en el destacamento policial de Cotu\u00ed.<\/p>\n","protected":false},"excerpt":{"rendered":"<p>Las autoridades de la provincia S\u00e1nchez Ram\u00edrez encontraron en las aguas bajas del r\u00edo Yuna, el cad\u00e1ver del raso de la Polic\u00eda Nacional que se encontraba desaparecido desde el pasado lunes, tras de haberse lanzado a esta fuente acu\u00edfera a nadar. Se trata de Marcos Alfredo Jim\u00e9nez, de 20 a\u00f1os de edad, quien desapareci\u00f3 luego [&hellip;]<\/p>\n","protected":false},"author":1,"featured_media":4004,"comment_status":"open","ping_status":"open","sticky":false,"template":"","format":"standard","meta":{"nf_dc_page":"","jetpack_post_was_ever_published":false,"_jetpack_newsletter_access":"","_jetpack_dont_email_post_to_subs":false,"_jetpack_newsletter_tier_id":0,"_jetpack_memberships_contains_paywalled_content":false,"_jetpack_memberships_contains_paid_content":false,"footnotes":"","jetpack_publicize_message":"","jetpack_publicize_feature_enabled":true,"jetpack_social_post_already_shared":false,"jetpack_social_options":{"image_generator_settings":{"template":"highway","default_image_id":0,"font":"","enabled":false},"version":2}},"categories":[91],"tags":[],"class_list":["post-4003","post","type-post","status-publish","format-standard","has-post-thumbnail","hentry","category-provincia"],"yoast_head":"<!-- This site is optimized with the Yoast SEO plugin v27.5 - https:\/\/yoast.com\/product\/yoast-seo-wordpress\/ -->\n<title>Hallan el cad\u00e1ver del raso de la Polic\u00eda que desapareci\u00f3 en R\u00edo Yuna - Minuto Cero RD<\/title>\n<meta name=\"robots\" content=\"index, follow, max-snippet:-1, max-image-preview:large, max-video-preview:-1\" \/>\n<link rel=\"canonical\" href=\"http:\/\/minutocerord.com\/?p=4003\" \/>\n<meta property=\"og:locale\" content=\"es_ES\" \/>\n<meta property=\"og:type\" content=\"article\" \/>\n<meta property=\"og:title\" content=\"Hallan el cad\u00e1ver del raso de la Polic\u00eda que desapareci\u00f3 en R\u00edo Yuna - Minuto Cero RD\" \/>\n<meta property=\"og:description\" content=\"Las autoridades de la provincia S\u00e1nchez Ram\u00edrez encontraron en las aguas bajas del r\u00edo Yuna, el cad\u00e1ver del raso de la Polic\u00eda Nacional que se encontraba desaparecido desde el pasado lunes, tras de haberse lanzado a esta fuente acu\u00edfera a nadar. Se trata de Marcos Alfredo Jim\u00e9nez, de 20 a\u00f1os de edad, quien desapareci\u00f3 luego [&hellip;]\" \/>\n<meta property=\"og:url\" content=\"http:\/\/minutocerord.com\/?p=4003\" \/>\n<meta property=\"og:site_name\" content=\"Minuto Cero RD\" \/>\n<meta property=\"article:publisher\" content=\"https:\/\/www.facebook.com\/Genofnotes\" \/>\n<meta property=\"article:author\" content=\"https:\/\/www.facebook.com\/Genofnotes\" \/>\n<meta property=\"article:published_time\" content=\"2021-04-14T13:53:24+00:00\" \/>\n<meta property=\"article:modified_time\" content=\"2021-04-14T13:53:30+00:00\" \/>\n<meta property=\"og:image\" content=\"https:\/\/i0.wp.com\/minutocerord.com\/wp-content\/uploads\/2021\/04\/172739227_4444749338886222_2576385903431097172_n.jpg?fit=1440%2C1440\" \/>\n\t<meta property=\"og:image:width\" content=\"1440\" \/>\n\t<meta property=\"og:image:height\" content=\"1440\" \/>\n\t<meta property=\"og:image:type\" content=\"image\/jpeg\" \/>\n<meta name=\"author\" content=\"Genof\u00f3ntes Urb\u00e1ez\" \/>\n<meta name=\"twitter:card\" content=\"summary_large_image\" \/>\n<meta name=\"twitter:label1\" content=\"Written by\" \/>\n\t<meta name=\"twitter:data1\" content=\"Genof\u00f3ntes Urb\u00e1ez\" \/>\n\t<meta name=\"twitter:label2\" content=\"Est. reading time\" \/>\n\t<meta name=\"twitter:data2\" content=\"1 minuto\" \/>\n<script type=\"application\/ld+json\" class=\"yoast-schema-graph\">{\"@context\":\"https:\\\/\\\/schema.org\",\"@graph\":[{\"@type\":\"Article\",\"@id\":\"http:\\\/\\\/minutocerord.com\\\/?p=4003#article\",\"isPartOf\":{\"@id\":\"http:\\\/\\\/minutocerord.com\\\/?p=4003\"},\"author\":{\"name\":\"Genof\u00f3ntes Urb\u00e1ez\",\"@id\":\"https:\\\/\\\/minutocerord.com\\\/#\\\/schema\\\/person\\\/60b5372d60aaa0a5171fb6488be9aee6\"},\"headline\":\"Hallan el cad\u00e1ver del raso de la Polic\u00eda que desapareci\u00f3 en R\u00edo Yuna\",\"datePublished\":\"2021-04-14T13:53:24+00:00\",\"dateModified\":\"2021-04-14T13:53:30+00:00\",\"mainEntityOfPage\":{\"@id\":\"http:\\\/\\\/minutocerord.com\\\/?p=4003\"},\"wordCount\":126,\"commentCount\":0,\"publisher\":{\"@id\":\"https:\\\/\\\/minutocerord.com\\\/#\\\/schema\\\/person\\\/60b5372d60aaa0a5171fb6488be9aee6\"},\"image\":{\"@id\":\"http:\\\/\\\/minutocerord.com\\\/?p=4003#primaryimage\"},\"thumbnailUrl\":\"https:\\\/\\\/i0.wp.com\\\/minutocerord.com\\\/wp-content\\\/uploads\\\/2021\\\/04\\\/172739227_4444749338886222_2576385903431097172_n.jpg?fit=1440%2C1440&ssl=1\",\"articleSection\":[\"Provincia\"],\"inLanguage\":\"es-DO\",\"potentialAction\":[{\"@type\":\"CommentAction\",\"name\":\"Comment\",\"target\":[\"http:\\\/\\\/minutocerord.com\\\/?p=4003#respond\"]}]},{\"@type\":\"WebPage\",\"@id\":\"http:\\\/\\\/minutocerord.com\\\/?p=4003\",\"url\":\"http:\\\/\\\/minutocerord.com\\\/?p=4003\",\"name\":\"Hallan el cad\u00e1ver del raso de la Polic\u00eda que desapareci\u00f3 en R\u00edo Yuna - Minuto Cero RD\",\"isPartOf\":{\"@id\":\"https:\\\/\\\/minutocerord.com\\\/#website\"},\"primaryImageOfPage\":{\"@id\":\"http:\\\/\\\/minutocerord.com\\\/?p=4003#primaryimage\"},\"image\":{\"@id\":\"http:\\\/\\\/minutocerord.com\\\/?p=4003#primaryimage\"},\"thumbnailUrl\":\"https:\\\/\\\/i0.wp.com\\\/minutocerord.com\\\/wp-content\\\/uploads\\\/2021\\\/04\\\/172739227_4444749338886222_2576385903431097172_n.jpg?fit=1440%2C1440&ssl=1\",\"datePublished\":\"2021-04-14T13:53:24+00:00\",\"dateModified\":\"2021-04-14T13:53:30+00:00\",\"breadcrumb\":{\"@id\":\"http:\\\/\\\/minutocerord.com\\\/?p=4003#breadcrumb\"},\"inLanguage\":\"es-DO\",\"potentialAction\":[{\"@type\":\"ReadAction\",\"target\":[\"http:\\\/\\\/minutocerord.com\\\/?p=4003\"]}]},{\"@type\":\"ImageObject\",\"inLanguage\":\"es-DO\",\"@id\":\"http:\\\/\\\/minutocerord.com\\\/?p=4003#primaryimage\",\"url\":\"https:\\\/\\\/i0.wp.com\\\/minutocerord.com\\\/wp-content\\\/uploads\\\/2021\\\/04\\\/172739227_4444749338886222_2576385903431097172_n.jpg?fit=1440%2C1440&ssl=1\",\"contentUrl\":\"https:\\\/\\\/i0.wp.com\\\/minutocerord.com\\\/wp-content\\\/uploads\\\/2021\\\/04\\\/172739227_4444749338886222_2576385903431097172_n.jpg?fit=1440%2C1440&ssl=1\",\"width\":1440,\"height\":1440},{\"@type\":\"BreadcrumbList\",\"@id\":\"http:\\\/\\\/minutocerord.com\\\/?p=4003#breadcrumb\",\"itemListElement\":[{\"@type\":\"ListItem\",\"position\":1,\"name\":\"Home\",\"item\":\"https:\\\/\\\/minutocerord.com\\\/\"},{\"@type\":\"ListItem\",\"position\":2,\"name\":\"Hallan el cad\u00e1ver del raso de la Polic\u00eda que desapareci\u00f3 en R\u00edo Yuna\"}]},{\"@type\":\"WebSite\",\"@id\":\"https:\\\/\\\/minutocerord.com\\\/#website\",\"url\":\"https:\\\/\\\/minutocerord.com\\\/\",\"name\":\"Minuto Cero RD\",\"description\":\"Periodismo serio y veraz\",\"publisher\":{\"@id\":\"https:\\\/\\\/minutocerord.com\\\/#\\\/schema\\\/person\\\/60b5372d60aaa0a5171fb6488be9aee6\"},\"potentialAction\":[{\"@type\":\"SearchAction\",\"target\":{\"@type\":\"EntryPoint\",\"urlTemplate\":\"https:\\\/\\\/minutocerord.com\\\/?s={search_term_string}\"},\"query-input\":{\"@type\":\"PropertyValueSpecification\",\"valueRequired\":true,\"valueName\":\"search_term_string\"}}],\"inLanguage\":\"es-DO\"},{\"@type\":[\"Person\",\"Organization\"],\"@id\":\"https:\\\/\\\/minutocerord.com\\\/#\\\/schema\\\/person\\\/60b5372d60aaa0a5171fb6488be9aee6\",\"name\":\"Genof\u00f3ntes Urb\u00e1ez\",\"image\":{\"@type\":\"ImageObject\",\"inLanguage\":\"es-DO\",\"@id\":\"https:\\\/\\\/secure.gravatar.com\\\/avatar\\\/a49ef3186a692098ac3e8a1612261e3ad70cf9e44553dff2929e67939a0ecb9d?s=96&d=identicon&r=g\",\"url\":\"https:\\\/\\\/secure.gravatar.com\\\/avatar\\\/a49ef3186a692098ac3e8a1612261e3ad70cf9e44553dff2929e67939a0ecb9d?s=96&d=identicon&r=g\",\"contentUrl\":\"https:\\\/\\\/secure.gravatar.com\\\/avatar\\\/a49ef3186a692098ac3e8a1612261e3ad70cf9e44553dff2929e67939a0ecb9d?s=96&d=identicon&r=g\",\"caption\":\"Genof\u00f3ntes Urb\u00e1ez\"},\"logo\":{\"@id\":\"https:\\\/\\\/secure.gravatar.com\\\/avatar\\\/a49ef3186a692098ac3e8a1612261e3ad70cf9e44553dff2929e67939a0ecb9d?s=96&d=identicon&r=g\"},\"description\":\"Periodista \\\/ Locutor\",\"sameAs\":[\"https:\\\/\\\/www.facebook.com\\\/Genofnotes\",\"https:\\\/\\\/www.instagram.com\\\/genofnotes\\\/\"]}]}<\/script>\n<!-- \/ Yoast SEO plugin. -->","yoast_head_json":{"title":"Hallan el cad\u00e1ver del raso de la Polic\u00eda que desapareci\u00f3 en R\u00edo Yuna - Minuto Cero RD","robots":{"index":"index","follow":"follow","max-snippet":"max-snippet:-1","max-image-preview":"max-image-preview:large","max-video-preview":"max-video-preview:-1"},"canonical":"http:\/\/minutocerord.com\/?p=4003","og_locale":"es_ES","og_type":"article","og_title":"Hallan el cad\u00e1ver del raso de la Polic\u00eda que desapareci\u00f3 en R\u00edo Yuna - Minuto Cero RD","og_description":"Las autoridades de la provincia S\u00e1nchez Ram\u00edrez encontraron en las aguas bajas del r\u00edo Yuna, el cad\u00e1ver del raso de la Polic\u00eda Nacional que se encontraba desaparecido desde el pasado lunes, tras de haberse lanzado a esta fuente acu\u00edfera a nadar. Se trata de Marcos Alfredo Jim\u00e9nez, de 20 a\u00f1os de edad, quien desapareci\u00f3 luego [&hellip;]","og_url":"http:\/\/minutocerord.com\/?p=4003","og_site_name":"Minuto Cero RD","article_publisher":"https:\/\/www.facebook.com\/Genofnotes","article_author":"https:\/\/www.facebook.com\/Genofnotes","article_published_time":"2021-04-14T13:53:24+00:00","article_modified_time":"2021-04-14T13:53:30+00:00","og_image":[{"width":1440,"height":1440,"url":"https:\/\/i0.wp.com\/minutocerord.com\/wp-content\/uploads\/2021\/04\/172739227_4444749338886222_2576385903431097172_n.jpg?fit=1440%2C1440","type":"image\/jpeg"}],"author":"Genof\u00f3ntes Urb\u00e1ez","twitter_card":"summary_large_image","twitter_misc":{"Written by":"Genof\u00f3ntes Urb\u00e1ez","Est. reading time":"1 minuto"},"schema":{"@context":"https:\/\/schema.org","@graph":[{"@type":"Article","@id":"http:\/\/minutocerord.com\/?p=4003#article","isPartOf":{"@id":"http:\/\/minutocerord.com\/?p=4003"},"author":{"name":"Genof\u00f3ntes Urb\u00e1ez","@id":"https:\/\/minutocerord.com\/#\/schema\/person\/60b5372d60aaa0a5171fb6488be9aee6"},"headline":"Hallan el cad\u00e1ver del raso de la Polic\u00eda que desapareci\u00f3 en R\u00edo Yuna","datePublished":"2021-04-14T13:53:24+00:00","dateModified":"2021-04-14T13:53:30+00:00","mainEntityOfPage":{"@id":"http:\/\/minutocerord.com\/?p=4003"},"wordCount":126,"commentCount":0,"publisher":{"@id":"https:\/\/minutocerord.com\/#\/schema\/person\/60b5372d60aaa0a5171fb6488be9aee6"},"image":{"@id":"http:\/\/minutocerord.com\/?p=4003#primaryimage"},"thumbnailUrl":"https:\/\/i0.wp.com\/minutocerord.com\/wp-content\/uploads\/2021\/04\/172739227_4444749338886222_2576385903431097172_n.jpg?fit=1440%2C1440&ssl=1","articleSection":["Provincia"],"inLanguage":"es-DO","potentialAction":[{"@type":"CommentAction","name":"Comment","target":["http:\/\/minutocerord.com\/?p=4003#respond"]}]},{"@type":"WebPage","@id":"http:\/\/minutocerord.com\/?p=4003","url":"http:\/\/minutocerord.com\/?p=4003","name":"Hallan el cad\u00e1ver del raso de la Polic\u00eda que desapareci\u00f3 en R\u00edo Yuna - Minuto Cero RD","isPartOf":{"@id":"https:\/\/minutocerord.com\/#website"},"primaryImageOfPage":{"@id":"http:\/\/minutocerord.com\/?p=4003#primaryimage"},"image":{"@id":"http:\/\/minutocerord.com\/?p=4003#primaryimage"},"thumbnailUrl":"https:\/\/i0.wp.com\/minutocerord.com\/wp-content\/uploads\/2021\/04\/172739227_4444749338886222_2576385903431097172_n.jpg?fit=1440%2C1440&ssl=1","datePublished":"2021-04-14T13:53:24+00:00","dateModified":"2021-04-14T13:53:30+00:00","breadcrumb":{"@id":"http:\/\/minutocerord.com\/?p=4003#breadcrumb"},"inLanguage":"es-DO","potentialAction":[{"@type":"ReadAction","target":["http:\/\/minutocerord.com\/?p=4003"]}]},{"@type":"ImageObject","inLanguage":"es-DO","@id":"http:\/\/minutocerord.com\/?p=4003#primaryimage","url":"https:\/\/i0.wp.com\/minutocerord.com\/wp-content\/uploads\/2021\/04\/172739227_4444749338886222_2576385903431097172_n.jpg?fit=1440%2C1440&ssl=1","contentUrl":"https:\/\/i0.wp.com\/minutocerord.com\/wp-content\/uploads\/2021\/04\/172739227_4444749338886222_2576385903431097172_n.jpg?fit=1440%2C1440&ssl=1","width":1440,"height":1440},{"@type":"BreadcrumbList","@id":"http:\/\/minutocerord.com\/?p=4003#breadcrumb","itemListElement":[{"@type":"ListItem","position":1,"name":"Home","item":"https:\/\/minutocerord.com\/"},{"@type":"ListItem","position":2,"name":"Hallan el cad\u00e1ver del raso de la Polic\u00eda que desapareci\u00f3 en R\u00edo Yuna"}]},{"@type":"WebSite","@id":"https:\/\/minutocerord.com\/#website","url":"https:\/\/minutocerord.com\/","name":"Minuto Cero RD","description":"Periodismo serio y veraz","publisher":{"@id":"https:\/\/minutocerord.com\/#\/schema\/person\/60b5372d60aaa0a5171fb6488be9aee6"},"potentialAction":[{"@type":"SearchAction","target":{"@type":"EntryPoint","urlTemplate":"https:\/\/minutocerord.com\/?s={search_term_string}"},"query-input":{"@type":"PropertyValueSpecification","valueRequired":true,"valueName":"search_term_string"}}],"inLanguage":"es-DO"},{"@type":["Person","Organization"],"@id":"https:\/\/minutocerord.com\/#\/schema\/person\/60b5372d60aaa0a5171fb6488be9aee6","name":"Genof\u00f3ntes Urb\u00e1ez","image":{"@type":"ImageObject","inLanguage":"es-DO","@id":"https:\/\/secure.gravatar.com\/avatar\/a49ef3186a692098ac3e8a1612261e3ad70cf9e44553dff2929e67939a0ecb9d?s=96&d=identicon&r=g","url":"https:\/\/secure.gravatar.com\/avatar\/a49ef3186a692098ac3e8a1612261e3ad70cf9e44553dff2929e67939a0ecb9d?s=96&d=identicon&r=g","contentUrl":"https:\/\/secure.gravatar.com\/avatar\/a49ef3186a692098ac3e8a1612261e3ad70cf9e44553dff2929e67939a0ecb9d?s=96&d=identicon&r=g","caption":"Genof\u00f3ntes Urb\u00e1ez"},"logo":{"@id":"https:\/\/secure.gravatar.com\/avatar\/a49ef3186a692098ac3e8a1612261e3ad70cf9e44553dff2929e67939a0ecb9d?s=96&d=identicon&r=g"},"description":"Periodista \/ Locutor","sameAs":["https:\/\/www.facebook.com\/Genofnotes","https:\/\/www.instagram.com\/genofnotes\/"]}]}},"jetpack_publicize_connections":[],"jetpack_featured_media_url":"https:\/\/i0.wp.com\/minutocerord.com\/wp-content\/uploads\/2021\/04\/172739227_4444749338886222_2576385903431097172_n.jpg?fit=1440%2C1440&ssl=1","jetpack-related-posts":[],"jetpack_sharing_enabled":true,"_links":{"self":[{"href":"https:\/\/minutocerord.com\/index.php?rest_route=\/wp\/v2\/posts\/4003","targetHints":{"allow":["GET"]}}],"collection":[{"href":"https:\/\/minutocerord.com\/index.php?rest_route=\/wp\/v2\/posts"}],"about":[{"href":"https:\/\/minutocerord.com\/index.php?rest_route=\/wp\/v2\/types\/post"}],"author":[{"embeddable":true,"href":"https:\/\/minutocerord.com\/index.php?rest_route=\/wp\/v2\/users\/1"}],"replies":[{"embeddable":true,"href":"https:\/\/minutocerord.com\/index.php?rest_route=%2Fwp%2Fv2%2Fcomments&post=4003"}],"version-history":[{"count":1,"href":"https:\/\/minutocerord.com\/index.php?rest_route=\/wp\/v2\/posts\/4003\/revisions"}],"predecessor-version":[{"id":4005,"href":"https:\/\/minutocerord.com\/index.php?rest_route=\/wp\/v2\/posts\/4003\/revisions\/4005"}],"wp:featuredmedia":[{"embeddable":true,"href":"https:\/\/minutocerord.com\/index.php?rest_route=\/wp\/v2\/media\/4004"}],"wp:attachment":[{"href":"https:\/\/minutocerord.com\/index.php?rest_route=%2Fwp%2Fv2%2Fmedia&parent=4003"}],"wp:term":[{"taxonomy":"category","embeddable":true,"href":"https:\/\/minutocerord.com\/index.php?rest_route=%2Fwp%2Fv2%2Fcategories&post=4003"},{"taxonomy":"post_tag","embeddable":true,"href":"https:\/\/minutocerord.com\/index.php?rest_route=%2Fwp%2Fv2%2Ftags&post=4003"}],"curies":[{"name":"wp","href":"https:\/\/api.w.org\/{rel}","templated":true}]}}