{"id":4024,"date":"2021-04-15T06:03:29","date_gmt":"2021-04-15T10:03:29","guid":{"rendered":"https:\/\/minutocerord.com\/?p=4024"},"modified":"2021-04-15T06:03:39","modified_gmt":"2021-04-15T10:03:39","slug":"abinader-opina-es-irresponsabilidad-e-insensatez-hablar-ahora-de-reeleccion","status":"publish","type":"post","link":"https:\/\/minutocerord.com\/?p=4024","title":{"rendered":"Abinader opina es \u00abirresponsabilidad e insensatez\u00bb hablar ahora de reelecci\u00f3n"},"content":{"rendered":"\n<figure class=\"wp-block-embed is-type-rich is-provider-embed-handler wp-block-embed-embed-handler wp-embed-aspect-16-9 wp-has-aspect-ratio\"><div class=\"wp-block-embed__wrapper\">\n<div class=\"youtube-embed\" data-video_id=\"VaQyVrU8XVE\"><iframe loading=\"lazy\" title=\"Abinader opina es irresponsabilidad e insensatez hablar ahora de reelecci\u00f3n\" width=\"640\" height=\"360\" src=\"https:\/\/www.youtube.com\/embed\/VaQyVrU8XVE?feature=oembed&#038;enablejsapi=1\" frameborder=\"0\" allow=\"accelerometer; autoplay; clipboard-write; encrypted-media; gyroscope; picture-in-picture; web-share\" referrerpolicy=\"strict-origin-when-cross-origin\" allowfullscreen><\/iframe><\/div>\n<\/div><\/figure>\n\n\n\n<p>COTUI, Rep\u00fablica Dominicana.- El presidente Luis Abinader considera que es una \u201cirresponsabilidad e insensatez\u201d que apenas ocho meses despu\u00e9s de instalado el actual gobierno y en medio de una pandemia se est\u00e9 hablando de reelecci\u00f3n presidencial.<\/p>\n\n\n\n<p>\u201cEso no es tema de debate, ni en el gobierno ni en el partido\u201d, dijo para agregar a seguidas que es adem\u00e1s algo il\u00f3gico que se venga hablar de ese tema en momentos en que el pa\u00eds debe estar enfocado en vencer la pandemia y en recuperar la estabilidad econ\u00f3mica.<\/p>\n\n\n\n<p>Asegur\u00f3 que \u201ceso ni siquiera se mencion\u00f3\u201d en un encuentro que la Comisi\u00f3n Pol\u00edtica del gubernamental Partido Revolucionario Moderno (PRM) realiz\u00f3 el domingo en la capital,<\/p>\n\n\n\n<p>Dijo que enviar\u00e1 una carta al presidente del PRM, Jos\u00e9 Ignacio Paliza, pidiendo que ese tema no se toque en ninguna de las reuniones del partido.&nbsp;&nbsp;\u201cEn su momento se discutir\u00e1\u201d, agreg\u00f3.<\/p>\n\n\n\n<p><strong>Puntos prioritarios<\/strong><\/p>\n\n\n\n<p>Abinader desautoriz\u00f3 a cualquier dirigente a que se ocupe del tema y reiter\u00f3 que la creaci\u00f3n de empleos y la salud de los dominicanos son los puntos prioritarios de la agenda de la actual Administraci\u00f3n.<\/p>\n\n\n\n<p>\u201cLo \u00fanico que tiene que estar en discusi\u00f3n en el Gobierno del PRM, es cumplir con la promesa que nosotros realizamos y llevar este pa\u00eds a sacarlo de la pandemia, relanzarlo y crear empleos, junto a la salud de los dominicanos y realizar las reformas que este pa\u00eds necesita para echar para adelante\u201d, enfatiz\u00f3.<\/p>\n\n\n\n<p>El Jefe del Estado emiti\u00f3 estas declaraciones durante una entrevista concedida a miembros del equipo de comunicadores del programa \u00abGobierno de la Ma\u00f1ana\u00bb, finalizado un acto durante el cual se dej\u00f3 iniciada la cosecha de arroz 2021, en la comunidad Angelina, en Cotu\u00ed.<\/p>\n\n\n\n<p><strong>Estatutos del partido<\/strong><\/p>\n\n\n\n<p>El Presidente aclar\u00f3 que la comisi\u00f3n para modificar los estatutos del PRM fue creada hace m\u00e1s de dos a\u00f1os y medio para ajustar los reglamentos a estos tiempos.<\/p>\n\n\n\n<p>\u201cEl PRM lo que tiene primero es que prepararse como partido de Gobierno ahora, para responderle a su gente en cada comunidad, ponerse en contacto con los sectores y nosotros como Gobierno lo que tenemos es que atender esta crisis\u201d,&nbsp; expres\u00f3.<\/p>\n\n\n\n<p>\u201cNi de pol\u00edtica deber\u00eda estarse hablando; es de resolver los problemas de la gente\u201d, expres\u00f3.<\/p>\n\n\n\n<p>El lunes \u00faltimo el ministro Administrativo de la Presidencia, Jos\u00e9 Ignacio Paliza, dijo que el Presidente Abinader no est\u00e1 pensando en reelecci\u00f3n,<\/p>\n\n\n\n<p>\u00abEl presidente est\u00e1 concentrado en gobernar, en sacar a este pa\u00eds de la crisis y en generar empleos; no hay otro proyecto ni otra idea que nos mueva a eso\u00bb, expres\u00f3 a periodistas Paliza, quien tambi\u00e9n es el presidente del PRM.<\/p>\n\n\n\n<p>El tema de la reelecci\u00f3n presidencial ha sido puesto de nuevo sobre el tapete luego de que Franklin Garc\u00eda Ferm\u00edn, uno de &nbsp;los miembros de la Comisi\u00f3n Pol\u00edtica del PRM, revel\u00f3 que en la organizaci\u00f3n oficialista hay una corriente que busca modificar los estatutos de esta entidad para permitir que Abinader vuelva a ser candidato.<\/p>\n","protected":false},"excerpt":{"rendered":"<p>COTUI, Rep\u00fablica Dominicana.- El presidente Luis Abinader considera que es una \u201cirresponsabilidad e insensatez\u201d que apenas ocho meses despu\u00e9s de instalado el actual gobierno y en medio de una pandemia se est\u00e9 hablando de reelecci\u00f3n presidencial. \u201cEso no es tema de debate, ni en el gobierno ni en el partido\u201d, dijo para agregar a seguidas [&hellip;]<\/p>\n","protected":false},"author":1,"featured_media":4026,"comment_status":"open","ping_status":"open","sticky":false,"template":"","format":"standard","meta":{"nf_dc_page":"","jetpack_post_was_ever_published":false,"_jetpack_newsletter_access":"","_jetpack_dont_email_post_to_subs":false,"_jetpack_newsletter_tier_id":0,"_jetpack_memberships_contains_paywalled_content":false,"_jetpack_memberships_contains_paid_content":false,"footnotes":"","jetpack_publicize_message":"","jetpack_publicize_feature_enabled":true,"jetpack_social_post_already_shared":false,"jetpack_social_options":{"image_generator_settings":{"template":"highway","default_image_id":0,"font":"","enabled":false},"version":2}},"categories":[70],"tags":[],"class_list":["post-4024","post","type-post","status-publish","format-standard","has-post-thumbnail","hentry","category-politica"],"yoast_head":"<!-- This site is optimized with the Yoast SEO plugin v27.5 - https:\/\/yoast.com\/product\/yoast-seo-wordpress\/ -->\n<title>Abinader opina es \u00abirresponsabilidad e insensatez\u00bb hablar ahora de reelecci\u00f3n - Minuto Cero RD<\/title>\n<meta name=\"robots\" content=\"index, follow, max-snippet:-1, max-image-preview:large, max-video-preview:-1\" \/>\n<link rel=\"canonical\" href=\"http:\/\/minutocerord.com\/?p=4024\" \/>\n<meta property=\"og:locale\" content=\"es_ES\" \/>\n<meta property=\"og:type\" content=\"article\" \/>\n<meta property=\"og:title\" content=\"Abinader opina es \u00abirresponsabilidad e insensatez\u00bb hablar ahora de reelecci\u00f3n - Minuto Cero RD\" \/>\n<meta property=\"og:description\" content=\"COTUI, Rep\u00fablica Dominicana.- El presidente Luis Abinader considera que es una \u201cirresponsabilidad e insensatez\u201d que apenas ocho meses despu\u00e9s de instalado el actual gobierno y en medio de una pandemia se est\u00e9 hablando de reelecci\u00f3n presidencial. \u201cEso no es tema de debate, ni en el gobierno ni en el partido\u201d, dijo para agregar a seguidas [&hellip;]\" \/>\n<meta property=\"og:url\" content=\"http:\/\/minutocerord.com\/?p=4024\" \/>\n<meta property=\"og:site_name\" content=\"Minuto Cero RD\" \/>\n<meta property=\"article:publisher\" content=\"https:\/\/www.facebook.com\/Genofnotes\" \/>\n<meta property=\"article:author\" content=\"https:\/\/www.facebook.com\/Genofnotes\" \/>\n<meta property=\"article:published_time\" content=\"2021-04-15T10:03:29+00:00\" \/>\n<meta property=\"article:modified_time\" content=\"2021-04-15T10:03:39+00:00\" \/>\n<meta property=\"og:image\" content=\"https:\/\/i0.wp.com\/minutocerord.com\/wp-content\/uploads\/2021\/04\/Abinader-durante-una-entrevista-este-miercoles-14-de-abril-2020-en-el-programa-El-Gobierno-de-la-Manana-transmitida-desde-Cotui..jpg?fit=724%2C374\" \/>\n\t<meta property=\"og:image:width\" content=\"724\" \/>\n\t<meta property=\"og:image:height\" content=\"374\" \/>\n\t<meta property=\"og:image:type\" content=\"image\/jpeg\" \/>\n<meta name=\"author\" content=\"Genof\u00f3ntes Urb\u00e1ez\" \/>\n<meta name=\"twitter:card\" content=\"summary_large_image\" \/>\n<meta name=\"twitter:label1\" content=\"Written by\" \/>\n\t<meta name=\"twitter:data1\" content=\"Genof\u00f3ntes Urb\u00e1ez\" \/>\n\t<meta name=\"twitter:label2\" content=\"Est. reading time\" \/>\n\t<meta name=\"twitter:data2\" content=\"3 minutos\" \/>\n<script type=\"application\/ld+json\" class=\"yoast-schema-graph\">{\"@context\":\"https:\\\/\\\/schema.org\",\"@graph\":[{\"@type\":\"Article\",\"@id\":\"http:\\\/\\\/minutocerord.com\\\/?p=4024#article\",\"isPartOf\":{\"@id\":\"http:\\\/\\\/minutocerord.com\\\/?p=4024\"},\"author\":{\"name\":\"Genof\u00f3ntes Urb\u00e1ez\",\"@id\":\"https:\\\/\\\/minutocerord.com\\\/#\\\/schema\\\/person\\\/60b5372d60aaa0a5171fb6488be9aee6\"},\"headline\":\"Abinader opina es \u00abirresponsabilidad e insensatez\u00bb hablar ahora de reelecci\u00f3n\",\"datePublished\":\"2021-04-15T10:03:29+00:00\",\"dateModified\":\"2021-04-15T10:03:39+00:00\",\"mainEntityOfPage\":{\"@id\":\"http:\\\/\\\/minutocerord.com\\\/?p=4024\"},\"wordCount\":534,\"commentCount\":0,\"publisher\":{\"@id\":\"https:\\\/\\\/minutocerord.com\\\/#\\\/schema\\\/person\\\/60b5372d60aaa0a5171fb6488be9aee6\"},\"image\":{\"@id\":\"http:\\\/\\\/minutocerord.com\\\/?p=4024#primaryimage\"},\"thumbnailUrl\":\"https:\\\/\\\/i0.wp.com\\\/minutocerord.com\\\/wp-content\\\/uploads\\\/2021\\\/04\\\/Abinader-durante-una-entrevista-este-miercoles-14-de-abril-2020-en-el-programa-El-Gobierno-de-la-Manana-transmitida-desde-Cotui..jpg?fit=724%2C374&ssl=1\",\"articleSection\":[\"Pol\u00edtica\"],\"inLanguage\":\"es-DO\",\"potentialAction\":[{\"@type\":\"CommentAction\",\"name\":\"Comment\",\"target\":[\"http:\\\/\\\/minutocerord.com\\\/?p=4024#respond\"]}]},{\"@type\":\"WebPage\",\"@id\":\"http:\\\/\\\/minutocerord.com\\\/?p=4024\",\"url\":\"http:\\\/\\\/minutocerord.com\\\/?p=4024\",\"name\":\"Abinader opina es \u00abirresponsabilidad e insensatez\u00bb hablar ahora de reelecci\u00f3n - Minuto Cero RD\",\"isPartOf\":{\"@id\":\"https:\\\/\\\/minutocerord.com\\\/#website\"},\"primaryImageOfPage\":{\"@id\":\"http:\\\/\\\/minutocerord.com\\\/?p=4024#primaryimage\"},\"image\":{\"@id\":\"http:\\\/\\\/minutocerord.com\\\/?p=4024#primaryimage\"},\"thumbnailUrl\":\"https:\\\/\\\/i0.wp.com\\\/minutocerord.com\\\/wp-content\\\/uploads\\\/2021\\\/04\\\/Abinader-durante-una-entrevista-este-miercoles-14-de-abril-2020-en-el-programa-El-Gobierno-de-la-Manana-transmitida-desde-Cotui..jpg?fit=724%2C374&ssl=1\",\"datePublished\":\"2021-04-15T10:03:29+00:00\",\"dateModified\":\"2021-04-15T10:03:39+00:00\",\"breadcrumb\":{\"@id\":\"http:\\\/\\\/minutocerord.com\\\/?p=4024#breadcrumb\"},\"inLanguage\":\"es-DO\",\"potentialAction\":[{\"@type\":\"ReadAction\",\"target\":[\"http:\\\/\\\/minutocerord.com\\\/?p=4024\"]}]},{\"@type\":\"ImageObject\",\"inLanguage\":\"es-DO\",\"@id\":\"http:\\\/\\\/minutocerord.com\\\/?p=4024#primaryimage\",\"url\":\"https:\\\/\\\/i0.wp.com\\\/minutocerord.com\\\/wp-content\\\/uploads\\\/2021\\\/04\\\/Abinader-durante-una-entrevista-este-miercoles-14-de-abril-2020-en-el-programa-El-Gobierno-de-la-Manana-transmitida-desde-Cotui..jpg?fit=724%2C374&ssl=1\",\"contentUrl\":\"https:\\\/\\\/i0.wp.com\\\/minutocerord.com\\\/wp-content\\\/uploads\\\/2021\\\/04\\\/Abinader-durante-una-entrevista-este-miercoles-14-de-abril-2020-en-el-programa-El-Gobierno-de-la-Manana-transmitida-desde-Cotui..jpg?fit=724%2C374&ssl=1\",\"width\":724,\"height\":374},{\"@type\":\"BreadcrumbList\",\"@id\":\"http:\\\/\\\/minutocerord.com\\\/?p=4024#breadcrumb\",\"itemListElement\":[{\"@type\":\"ListItem\",\"position\":1,\"name\":\"Home\",\"item\":\"https:\\\/\\\/minutocerord.com\\\/\"},{\"@type\":\"ListItem\",\"position\":2,\"name\":\"Abinader opina es \u00abirresponsabilidad e insensatez\u00bb hablar ahora de reelecci\u00f3n\"}]},{\"@type\":\"WebSite\",\"@id\":\"https:\\\/\\\/minutocerord.com\\\/#website\",\"url\":\"https:\\\/\\\/minutocerord.com\\\/\",\"name\":\"Minuto Cero RD\",\"description\":\"Periodismo serio y veraz\",\"publisher\":{\"@id\":\"https:\\\/\\\/minutocerord.com\\\/#\\\/schema\\\/person\\\/60b5372d60aaa0a5171fb6488be9aee6\"},\"potentialAction\":[{\"@type\":\"SearchAction\",\"target\":{\"@type\":\"EntryPoint\",\"urlTemplate\":\"https:\\\/\\\/minutocerord.com\\\/?s={search_term_string}\"},\"query-input\":{\"@type\":\"PropertyValueSpecification\",\"valueRequired\":true,\"valueName\":\"search_term_string\"}}],\"inLanguage\":\"es-DO\"},{\"@type\":[\"Person\",\"Organization\"],\"@id\":\"https:\\\/\\\/minutocerord.com\\\/#\\\/schema\\\/person\\\/60b5372d60aaa0a5171fb6488be9aee6\",\"name\":\"Genof\u00f3ntes Urb\u00e1ez\",\"image\":{\"@type\":\"ImageObject\",\"inLanguage\":\"es-DO\",\"@id\":\"https:\\\/\\\/secure.gravatar.com\\\/avatar\\\/a49ef3186a692098ac3e8a1612261e3ad70cf9e44553dff2929e67939a0ecb9d?s=96&d=identicon&r=g\",\"url\":\"https:\\\/\\\/secure.gravatar.com\\\/avatar\\\/a49ef3186a692098ac3e8a1612261e3ad70cf9e44553dff2929e67939a0ecb9d?s=96&d=identicon&r=g\",\"contentUrl\":\"https:\\\/\\\/secure.gravatar.com\\\/avatar\\\/a49ef3186a692098ac3e8a1612261e3ad70cf9e44553dff2929e67939a0ecb9d?s=96&d=identicon&r=g\",\"caption\":\"Genof\u00f3ntes Urb\u00e1ez\"},\"logo\":{\"@id\":\"https:\\\/\\\/secure.gravatar.com\\\/avatar\\\/a49ef3186a692098ac3e8a1612261e3ad70cf9e44553dff2929e67939a0ecb9d?s=96&d=identicon&r=g\"},\"description\":\"Periodista \\\/ Locutor\",\"sameAs\":[\"https:\\\/\\\/www.facebook.com\\\/Genofnotes\",\"https:\\\/\\\/www.instagram.com\\\/genofnotes\\\/\"]}]}<\/script>\n<!-- \/ Yoast SEO plugin. -->","yoast_head_json":{"title":"Abinader opina es \u00abirresponsabilidad e insensatez\u00bb hablar ahora de reelecci\u00f3n - Minuto Cero RD","robots":{"index":"index","follow":"follow","max-snippet":"max-snippet:-1","max-image-preview":"max-image-preview:large","max-video-preview":"max-video-preview:-1"},"canonical":"http:\/\/minutocerord.com\/?p=4024","og_locale":"es_ES","og_type":"article","og_title":"Abinader opina es \u00abirresponsabilidad e insensatez\u00bb hablar ahora de reelecci\u00f3n - Minuto Cero RD","og_description":"COTUI, Rep\u00fablica Dominicana.- El presidente Luis Abinader considera que es una \u201cirresponsabilidad e insensatez\u201d que apenas ocho meses despu\u00e9s de instalado el actual gobierno y en medio de una pandemia se est\u00e9 hablando de reelecci\u00f3n presidencial. \u201cEso no es tema de debate, ni en el gobierno ni en el partido\u201d, dijo para agregar a seguidas [&hellip;]","og_url":"http:\/\/minutocerord.com\/?p=4024","og_site_name":"Minuto Cero RD","article_publisher":"https:\/\/www.facebook.com\/Genofnotes","article_author":"https:\/\/www.facebook.com\/Genofnotes","article_published_time":"2021-04-15T10:03:29+00:00","article_modified_time":"2021-04-15T10:03:39+00:00","og_image":[{"width":724,"height":374,"url":"https:\/\/i0.wp.com\/minutocerord.com\/wp-content\/uploads\/2021\/04\/Abinader-durante-una-entrevista-este-miercoles-14-de-abril-2020-en-el-programa-El-Gobierno-de-la-Manana-transmitida-desde-Cotui..jpg?fit=724%2C374","type":"image\/jpeg"}],"author":"Genof\u00f3ntes Urb\u00e1ez","twitter_card":"summary_large_image","twitter_misc":{"Written by":"Genof\u00f3ntes Urb\u00e1ez","Est. reading time":"3 minutos"},"schema":{"@context":"https:\/\/schema.org","@graph":[{"@type":"Article","@id":"http:\/\/minutocerord.com\/?p=4024#article","isPartOf":{"@id":"http:\/\/minutocerord.com\/?p=4024"},"author":{"name":"Genof\u00f3ntes Urb\u00e1ez","@id":"https:\/\/minutocerord.com\/#\/schema\/person\/60b5372d60aaa0a5171fb6488be9aee6"},"headline":"Abinader opina es \u00abirresponsabilidad e insensatez\u00bb hablar ahora de reelecci\u00f3n","datePublished":"2021-04-15T10:03:29+00:00","dateModified":"2021-04-15T10:03:39+00:00","mainEntityOfPage":{"@id":"http:\/\/minutocerord.com\/?p=4024"},"wordCount":534,"commentCount":0,"publisher":{"@id":"https:\/\/minutocerord.com\/#\/schema\/person\/60b5372d60aaa0a5171fb6488be9aee6"},"image":{"@id":"http:\/\/minutocerord.com\/?p=4024#primaryimage"},"thumbnailUrl":"https:\/\/i0.wp.com\/minutocerord.com\/wp-content\/uploads\/2021\/04\/Abinader-durante-una-entrevista-este-miercoles-14-de-abril-2020-en-el-programa-El-Gobierno-de-la-Manana-transmitida-desde-Cotui..jpg?fit=724%2C374&ssl=1","articleSection":["Pol\u00edtica"],"inLanguage":"es-DO","potentialAction":[{"@type":"CommentAction","name":"Comment","target":["http:\/\/minutocerord.com\/?p=4024#respond"]}]},{"@type":"WebPage","@id":"http:\/\/minutocerord.com\/?p=4024","url":"http:\/\/minutocerord.com\/?p=4024","name":"Abinader opina es \u00abirresponsabilidad e insensatez\u00bb hablar ahora de reelecci\u00f3n - Minuto Cero RD","isPartOf":{"@id":"https:\/\/minutocerord.com\/#website"},"primaryImageOfPage":{"@id":"http:\/\/minutocerord.com\/?p=4024#primaryimage"},"image":{"@id":"http:\/\/minutocerord.com\/?p=4024#primaryimage"},"thumbnailUrl":"https:\/\/i0.wp.com\/minutocerord.com\/wp-content\/uploads\/2021\/04\/Abinader-durante-una-entrevista-este-miercoles-14-de-abril-2020-en-el-programa-El-Gobierno-de-la-Manana-transmitida-desde-Cotui..jpg?fit=724%2C374&ssl=1","datePublished":"2021-04-15T10:03:29+00:00","dateModified":"2021-04-15T10:03:39+00:00","breadcrumb":{"@id":"http:\/\/minutocerord.com\/?p=4024#breadcrumb"},"inLanguage":"es-DO","potentialAction":[{"@type":"ReadAction","target":["http:\/\/minutocerord.com\/?p=4024"]}]},{"@type":"ImageObject","inLanguage":"es-DO","@id":"http:\/\/minutocerord.com\/?p=4024#primaryimage","url":"https:\/\/i0.wp.com\/minutocerord.com\/wp-content\/uploads\/2021\/04\/Abinader-durante-una-entrevista-este-miercoles-14-de-abril-2020-en-el-programa-El-Gobierno-de-la-Manana-transmitida-desde-Cotui..jpg?fit=724%2C374&ssl=1","contentUrl":"https:\/\/i0.wp.com\/minutocerord.com\/wp-content\/uploads\/2021\/04\/Abinader-durante-una-entrevista-este-miercoles-14-de-abril-2020-en-el-programa-El-Gobierno-de-la-Manana-transmitida-desde-Cotui..jpg?fit=724%2C374&ssl=1","width":724,"height":374},{"@type":"BreadcrumbList","@id":"http:\/\/minutocerord.com\/?p=4024#breadcrumb","itemListElement":[{"@type":"ListItem","position":1,"name":"Home","item":"https:\/\/minutocerord.com\/"},{"@type":"ListItem","position":2,"name":"Abinader opina es \u00abirresponsabilidad e insensatez\u00bb hablar ahora de reelecci\u00f3n"}]},{"@type":"WebSite","@id":"https:\/\/minutocerord.com\/#website","url":"https:\/\/minutocerord.com\/","name":"Minuto Cero RD","description":"Periodismo serio y veraz","publisher":{"@id":"https:\/\/minutocerord.com\/#\/schema\/person\/60b5372d60aaa0a5171fb6488be9aee6"},"potentialAction":[{"@type":"SearchAction","target":{"@type":"EntryPoint","urlTemplate":"https:\/\/minutocerord.com\/?s={search_term_string}"},"query-input":{"@type":"PropertyValueSpecification","valueRequired":true,"valueName":"search_term_string"}}],"inLanguage":"es-DO"},{"@type":["Person","Organization"],"@id":"https:\/\/minutocerord.com\/#\/schema\/person\/60b5372d60aaa0a5171fb6488be9aee6","name":"Genof\u00f3ntes Urb\u00e1ez","image":{"@type":"ImageObject","inLanguage":"es-DO","@id":"https:\/\/secure.gravatar.com\/avatar\/a49ef3186a692098ac3e8a1612261e3ad70cf9e44553dff2929e67939a0ecb9d?s=96&d=identicon&r=g","url":"https:\/\/secure.gravatar.com\/avatar\/a49ef3186a692098ac3e8a1612261e3ad70cf9e44553dff2929e67939a0ecb9d?s=96&d=identicon&r=g","contentUrl":"https:\/\/secure.gravatar.com\/avatar\/a49ef3186a692098ac3e8a1612261e3ad70cf9e44553dff2929e67939a0ecb9d?s=96&d=identicon&r=g","caption":"Genof\u00f3ntes Urb\u00e1ez"},"logo":{"@id":"https:\/\/secure.gravatar.com\/avatar\/a49ef3186a692098ac3e8a1612261e3ad70cf9e44553dff2929e67939a0ecb9d?s=96&d=identicon&r=g"},"description":"Periodista \/ Locutor","sameAs":["https:\/\/www.facebook.com\/Genofnotes","https:\/\/www.instagram.com\/genofnotes\/"]}]}},"jetpack_publicize_connections":[],"jetpack_featured_media_url":"https:\/\/i0.wp.com\/minutocerord.com\/wp-content\/uploads\/2021\/04\/Abinader-durante-una-entrevista-este-miercoles-14-de-abril-2020-en-el-programa-El-Gobierno-de-la-Manana-transmitida-desde-Cotui..jpg?fit=724%2C374&ssl=1","jetpack-related-posts":[],"jetpack_sharing_enabled":true,"_links":{"self":[{"href":"https:\/\/minutocerord.com\/index.php?rest_route=\/wp\/v2\/posts\/4024","targetHints":{"allow":["GET"]}}],"collection":[{"href":"https:\/\/minutocerord.com\/index.php?rest_route=\/wp\/v2\/posts"}],"about":[{"href":"https:\/\/minutocerord.com\/index.php?rest_route=\/wp\/v2\/types\/post"}],"author":[{"embeddable":true,"href":"https:\/\/minutocerord.com\/index.php?rest_route=\/wp\/v2\/users\/1"}],"replies":[{"embeddable":true,"href":"https:\/\/minutocerord.com\/index.php?rest_route=%2Fwp%2Fv2%2Fcomments&post=4024"}],"version-history":[{"count":1,"href":"https:\/\/minutocerord.com\/index.php?rest_route=\/wp\/v2\/posts\/4024\/revisions"}],"predecessor-version":[{"id":4027,"href":"https:\/\/minutocerord.com\/index.php?rest_route=\/wp\/v2\/posts\/4024\/revisions\/4027"}],"wp:featuredmedia":[{"embeddable":true,"href":"https:\/\/minutocerord.com\/index.php?rest_route=\/wp\/v2\/media\/4026"}],"wp:attachment":[{"href":"https:\/\/minutocerord.com\/index.php?rest_route=%2Fwp%2Fv2%2Fmedia&parent=4024"}],"wp:term":[{"taxonomy":"category","embeddable":true,"href":"https:\/\/minutocerord.com\/index.php?rest_route=%2Fwp%2Fv2%2Fcategories&post=4024"},{"taxonomy":"post_tag","embeddable":true,"href":"https:\/\/minutocerord.com\/index.php?rest_route=%2Fwp%2Fv2%2Ftags&post=4024"}],"curies":[{"name":"wp","href":"https:\/\/api.w.org\/{rel}","templated":true}]}}