{"id":4028,"date":"2021-04-15T06:05:08","date_gmt":"2021-04-15T10:05:08","guid":{"rendered":"https:\/\/minutocerord.com\/?p=4028"},"modified":"2021-04-15T06:05:12","modified_gmt":"2021-04-15T10:05:12","slug":"fana-queda-en-libertad-luego-que-un-tribunal-sd-le-vario-medida-coercion","status":"publish","type":"post","link":"https:\/\/minutocerord.com\/?p=4028","title":{"rendered":"Fa\u00f1a queda en libertad luego que un tribunal SD le vari\u00f3 medida coerci\u00f3n"},"content":{"rendered":"\n<p>Santo Domingo,(EFE).- El suspendido director del Instituto Agrario Dominicano (IAD) Leonardo Fa\u00f1a, acusado por el Ministerio P\u00fablico de supuesta agresi\u00f3n sexual contra una exempleada de ese organismo, fue favorecido este mi\u00e9rcoles con la libertad condicional.<\/p>\n\n\n\n<p>La Tercera Sala Penal de la Corte de Apelaci\u00f3n del Distrito Nacional dispuso que vari\u00f3 la prisi\u00f3n preventiva que pesaba contra Fa\u00f1a por una fianza de 500,000 pesos y presentaci\u00f3n peri\u00f3dica la Fiscal\u00eda.<\/p>\n\n\n\n<p>Los abogados del suspendido funcionario afirmaron que el tribunal \u00abpudo comprobar\u00bb que las acusaciones en contra de su defendido \u00abno eran coherentes\u00bb.<\/p>\n\n\n\n<p>Decenas de personas se apostaron en los alrededores del Palacio de Justicia de Ciudad Nueva en la capital, para exigir la libertad del acusado, quien fue suspendido temporalmente del cargo por el presidente Luis Abinader, luego de que el propio Fa\u00f1a se lo solicitara a trav\u00e9s de una carta.<\/p>\n\n\n\n<p>Quienes acudieron en defensa de Fa\u00f1a afirmaron que su prisi\u00f3n era producto de sus actuaciones desde el IAD en favor de los productores dominicanos.<\/p>\n\n\n\n<p>En marzo pasado, Fa\u00f1a fue apresado y dictado en su contra dos meses de prisi\u00f3n preventiva a cumplir en la c\u00e1rcel de Najayo, San Crist\u00f3bal.<\/p>\n\n\n\n<p>La denuncia por agresi\u00f3n sexual contra Fa\u00f1a fue presentada el 18 de enero ante la Unidad de Atenci\u00f3n y Prevenci\u00f3n de la Violencia de G\u00e9nero, dependencia que la tramit\u00f3 ante la Procuradur\u00eda Regional de la Corte de Apelaci\u00f3n del Distrito Nacional por tratarse entonces de un funcionario gubernamental.<\/p>\n\n\n\n<p>La denunciante era la gerente financiera del IAD, Mar\u00eda Isabel Flores, quien termin\u00f3 retirando la querella, seg\u00fan inform\u00f3 el pasado 27 de enero el Ministerio P\u00fablico que decidi\u00f3, sin embargo, seguir el caso.<\/p>\n\n\n\n<p>Seg\u00fan la querella, tras designarla en el cargo, Fa\u00f1a le hizo constantes llamadas a la mujer para reunirse fuera del horario laboral.<\/p>\n\n\n\n<p>Flores accedi\u00f3 a reunirse con el funcionario el 4 de enero para coordinar unos trabajos, pero este, seg\u00fan la denuncia, la condujo a una caba\u00f1a, a la que la mujer se neg\u00f3 a entrar.<\/p>\n\n\n\n<p>Posteriormente, la llev\u00f3 a un restaurante en Bonao, donde \u00able dio a comer una comida y a beber una especie de vino\u00bb que presuntamente llevaba en su veh\u00edculo, lo que provoc\u00f3 que \u00abperdiera el conocimiento y la fuerza\u00bb, situaci\u00f3n que aprovech\u00f3 para, supuestamente, agredirla sexualmente.EFE<\/p>\n","protected":false},"excerpt":{"rendered":"<p>Santo Domingo,(EFE).- El suspendido director del Instituto Agrario Dominicano (IAD) Leonardo Fa\u00f1a, acusado por el Ministerio P\u00fablico de supuesta agresi\u00f3n sexual contra una exempleada de ese organismo, fue favorecido este mi\u00e9rcoles con la libertad condicional. La Tercera Sala Penal de la Corte de Apelaci\u00f3n del Distrito Nacional dispuso que vari\u00f3 la prisi\u00f3n preventiva que pesaba [&hellip;]<\/p>\n","protected":false},"author":1,"featured_media":4029,"comment_status":"open","ping_status":"open","sticky":false,"template":"","format":"standard","meta":{"nf_dc_page":"","jetpack_post_was_ever_published":false,"_jetpack_newsletter_access":"","_jetpack_dont_email_post_to_subs":false,"_jetpack_newsletter_tier_id":0,"_jetpack_memberships_contains_paywalled_content":false,"_jetpack_memberships_contains_paid_content":false,"footnotes":"","jetpack_publicize_message":"","jetpack_publicize_feature_enabled":true,"jetpack_social_post_already_shared":false,"jetpack_social_options":{"image_generator_settings":{"template":"highway","default_image_id":0,"font":"","enabled":false},"version":2}},"categories":[93],"tags":[],"class_list":["post-4028","post","type-post","status-publish","format-standard","has-post-thumbnail","hentry","category-justicia"],"yoast_head":"<!-- This site is optimized with the Yoast SEO plugin v27.5 - https:\/\/yoast.com\/product\/yoast-seo-wordpress\/ -->\n<title>Fa\u00f1a queda en libertad luego que un tribunal SD le vari\u00f3 medida coerci\u00f3n - Minuto Cero RD<\/title>\n<meta name=\"robots\" content=\"index, follow, max-snippet:-1, max-image-preview:large, max-video-preview:-1\" \/>\n<link rel=\"canonical\" href=\"http:\/\/minutocerord.com\/?p=4028\" \/>\n<meta property=\"og:locale\" content=\"es_ES\" \/>\n<meta property=\"og:type\" content=\"article\" \/>\n<meta property=\"og:title\" content=\"Fa\u00f1a queda en libertad luego que un tribunal SD le vari\u00f3 medida coerci\u00f3n - Minuto Cero RD\" \/>\n<meta property=\"og:description\" content=\"Santo Domingo,(EFE).- El suspendido director del Instituto Agrario Dominicano (IAD) Leonardo Fa\u00f1a, acusado por el Ministerio P\u00fablico de supuesta agresi\u00f3n sexual contra una exempleada de ese organismo, fue favorecido este mi\u00e9rcoles con la libertad condicional. La Tercera Sala Penal de la Corte de Apelaci\u00f3n del Distrito Nacional dispuso que vari\u00f3 la prisi\u00f3n preventiva que pesaba [&hellip;]\" \/>\n<meta property=\"og:url\" content=\"http:\/\/minutocerord.com\/?p=4028\" \/>\n<meta property=\"og:site_name\" content=\"Minuto Cero RD\" \/>\n<meta property=\"article:publisher\" content=\"https:\/\/www.facebook.com\/Genofnotes\" \/>\n<meta property=\"article:author\" content=\"https:\/\/www.facebook.com\/Genofnotes\" \/>\n<meta property=\"article:published_time\" content=\"2021-04-15T10:05:08+00:00\" \/>\n<meta property=\"article:modified_time\" content=\"2021-04-15T10:05:12+00:00\" \/>\n<meta property=\"og:image\" content=\"https:\/\/i0.wp.com\/minutocerord.com\/wp-content\/uploads\/2021\/04\/fana-1_15980621_20210315183708.jpg?fit=1280%2C853\" \/>\n\t<meta property=\"og:image:width\" content=\"1280\" \/>\n\t<meta property=\"og:image:height\" content=\"853\" \/>\n\t<meta property=\"og:image:type\" content=\"image\/jpeg\" \/>\n<meta name=\"author\" content=\"Genof\u00f3ntes Urb\u00e1ez\" \/>\n<meta name=\"twitter:card\" content=\"summary_large_image\" \/>\n<meta name=\"twitter:label1\" content=\"Written by\" \/>\n\t<meta name=\"twitter:data1\" content=\"Genof\u00f3ntes Urb\u00e1ez\" \/>\n\t<meta name=\"twitter:label2\" content=\"Est. reading time\" \/>\n\t<meta name=\"twitter:data2\" content=\"2 minutos\" \/>\n<script type=\"application\/ld+json\" class=\"yoast-schema-graph\">{\"@context\":\"https:\\\/\\\/schema.org\",\"@graph\":[{\"@type\":\"Article\",\"@id\":\"http:\\\/\\\/minutocerord.com\\\/?p=4028#article\",\"isPartOf\":{\"@id\":\"http:\\\/\\\/minutocerord.com\\\/?p=4028\"},\"author\":{\"name\":\"Genof\u00f3ntes Urb\u00e1ez\",\"@id\":\"https:\\\/\\\/minutocerord.com\\\/#\\\/schema\\\/person\\\/60b5372d60aaa0a5171fb6488be9aee6\"},\"headline\":\"Fa\u00f1a queda en libertad luego que un tribunal SD le vari\u00f3 medida coerci\u00f3n\",\"datePublished\":\"2021-04-15T10:05:08+00:00\",\"dateModified\":\"2021-04-15T10:05:12+00:00\",\"mainEntityOfPage\":{\"@id\":\"http:\\\/\\\/minutocerord.com\\\/?p=4028\"},\"wordCount\":418,\"commentCount\":0,\"publisher\":{\"@id\":\"https:\\\/\\\/minutocerord.com\\\/#\\\/schema\\\/person\\\/60b5372d60aaa0a5171fb6488be9aee6\"},\"image\":{\"@id\":\"http:\\\/\\\/minutocerord.com\\\/?p=4028#primaryimage\"},\"thumbnailUrl\":\"https:\\\/\\\/i0.wp.com\\\/minutocerord.com\\\/wp-content\\\/uploads\\\/2021\\\/04\\\/fana-1_15980621_20210315183708.jpg?fit=1280%2C853&ssl=1\",\"articleSection\":[\"Justicia\"],\"inLanguage\":\"es-DO\",\"potentialAction\":[{\"@type\":\"CommentAction\",\"name\":\"Comment\",\"target\":[\"http:\\\/\\\/minutocerord.com\\\/?p=4028#respond\"]}]},{\"@type\":\"WebPage\",\"@id\":\"http:\\\/\\\/minutocerord.com\\\/?p=4028\",\"url\":\"http:\\\/\\\/minutocerord.com\\\/?p=4028\",\"name\":\"Fa\u00f1a queda en libertad luego que un tribunal SD le vari\u00f3 medida coerci\u00f3n - Minuto Cero RD\",\"isPartOf\":{\"@id\":\"https:\\\/\\\/minutocerord.com\\\/#website\"},\"primaryImageOfPage\":{\"@id\":\"http:\\\/\\\/minutocerord.com\\\/?p=4028#primaryimage\"},\"image\":{\"@id\":\"http:\\\/\\\/minutocerord.com\\\/?p=4028#primaryimage\"},\"thumbnailUrl\":\"https:\\\/\\\/i0.wp.com\\\/minutocerord.com\\\/wp-content\\\/uploads\\\/2021\\\/04\\\/fana-1_15980621_20210315183708.jpg?fit=1280%2C853&ssl=1\",\"datePublished\":\"2021-04-15T10:05:08+00:00\",\"dateModified\":\"2021-04-15T10:05:12+00:00\",\"breadcrumb\":{\"@id\":\"http:\\\/\\\/minutocerord.com\\\/?p=4028#breadcrumb\"},\"inLanguage\":\"es-DO\",\"potentialAction\":[{\"@type\":\"ReadAction\",\"target\":[\"http:\\\/\\\/minutocerord.com\\\/?p=4028\"]}]},{\"@type\":\"ImageObject\",\"inLanguage\":\"es-DO\",\"@id\":\"http:\\\/\\\/minutocerord.com\\\/?p=4028#primaryimage\",\"url\":\"https:\\\/\\\/i0.wp.com\\\/minutocerord.com\\\/wp-content\\\/uploads\\\/2021\\\/04\\\/fana-1_15980621_20210315183708.jpg?fit=1280%2C853&ssl=1\",\"contentUrl\":\"https:\\\/\\\/i0.wp.com\\\/minutocerord.com\\\/wp-content\\\/uploads\\\/2021\\\/04\\\/fana-1_15980621_20210315183708.jpg?fit=1280%2C853&ssl=1\",\"width\":1280,\"height\":853},{\"@type\":\"BreadcrumbList\",\"@id\":\"http:\\\/\\\/minutocerord.com\\\/?p=4028#breadcrumb\",\"itemListElement\":[{\"@type\":\"ListItem\",\"position\":1,\"name\":\"Home\",\"item\":\"https:\\\/\\\/minutocerord.com\\\/\"},{\"@type\":\"ListItem\",\"position\":2,\"name\":\"Fa\u00f1a queda en libertad luego que un tribunal SD le vari\u00f3 medida coerci\u00f3n\"}]},{\"@type\":\"WebSite\",\"@id\":\"https:\\\/\\\/minutocerord.com\\\/#website\",\"url\":\"https:\\\/\\\/minutocerord.com\\\/\",\"name\":\"Minuto Cero RD\",\"description\":\"Periodismo serio y veraz\",\"publisher\":{\"@id\":\"https:\\\/\\\/minutocerord.com\\\/#\\\/schema\\\/person\\\/60b5372d60aaa0a5171fb6488be9aee6\"},\"potentialAction\":[{\"@type\":\"SearchAction\",\"target\":{\"@type\":\"EntryPoint\",\"urlTemplate\":\"https:\\\/\\\/minutocerord.com\\\/?s={search_term_string}\"},\"query-input\":{\"@type\":\"PropertyValueSpecification\",\"valueRequired\":true,\"valueName\":\"search_term_string\"}}],\"inLanguage\":\"es-DO\"},{\"@type\":[\"Person\",\"Organization\"],\"@id\":\"https:\\\/\\\/minutocerord.com\\\/#\\\/schema\\\/person\\\/60b5372d60aaa0a5171fb6488be9aee6\",\"name\":\"Genof\u00f3ntes Urb\u00e1ez\",\"image\":{\"@type\":\"ImageObject\",\"inLanguage\":\"es-DO\",\"@id\":\"https:\\\/\\\/secure.gravatar.com\\\/avatar\\\/a49ef3186a692098ac3e8a1612261e3ad70cf9e44553dff2929e67939a0ecb9d?s=96&d=identicon&r=g\",\"url\":\"https:\\\/\\\/secure.gravatar.com\\\/avatar\\\/a49ef3186a692098ac3e8a1612261e3ad70cf9e44553dff2929e67939a0ecb9d?s=96&d=identicon&r=g\",\"contentUrl\":\"https:\\\/\\\/secure.gravatar.com\\\/avatar\\\/a49ef3186a692098ac3e8a1612261e3ad70cf9e44553dff2929e67939a0ecb9d?s=96&d=identicon&r=g\",\"caption\":\"Genof\u00f3ntes Urb\u00e1ez\"},\"logo\":{\"@id\":\"https:\\\/\\\/secure.gravatar.com\\\/avatar\\\/a49ef3186a692098ac3e8a1612261e3ad70cf9e44553dff2929e67939a0ecb9d?s=96&d=identicon&r=g\"},\"description\":\"Periodista \\\/ Locutor\",\"sameAs\":[\"https:\\\/\\\/www.facebook.com\\\/Genofnotes\",\"https:\\\/\\\/www.instagram.com\\\/genofnotes\\\/\"]}]}<\/script>\n<!-- \/ Yoast SEO plugin. -->","yoast_head_json":{"title":"Fa\u00f1a queda en libertad luego que un tribunal SD le vari\u00f3 medida coerci\u00f3n - Minuto Cero RD","robots":{"index":"index","follow":"follow","max-snippet":"max-snippet:-1","max-image-preview":"max-image-preview:large","max-video-preview":"max-video-preview:-1"},"canonical":"http:\/\/minutocerord.com\/?p=4028","og_locale":"es_ES","og_type":"article","og_title":"Fa\u00f1a queda en libertad luego que un tribunal SD le vari\u00f3 medida coerci\u00f3n - Minuto Cero RD","og_description":"Santo Domingo,(EFE).- El suspendido director del Instituto Agrario Dominicano (IAD) Leonardo Fa\u00f1a, acusado por el Ministerio P\u00fablico de supuesta agresi\u00f3n sexual contra una exempleada de ese organismo, fue favorecido este mi\u00e9rcoles con la libertad condicional. La Tercera Sala Penal de la Corte de Apelaci\u00f3n del Distrito Nacional dispuso que vari\u00f3 la prisi\u00f3n preventiva que pesaba [&hellip;]","og_url":"http:\/\/minutocerord.com\/?p=4028","og_site_name":"Minuto Cero RD","article_publisher":"https:\/\/www.facebook.com\/Genofnotes","article_author":"https:\/\/www.facebook.com\/Genofnotes","article_published_time":"2021-04-15T10:05:08+00:00","article_modified_time":"2021-04-15T10:05:12+00:00","og_image":[{"width":1280,"height":853,"url":"https:\/\/i0.wp.com\/minutocerord.com\/wp-content\/uploads\/2021\/04\/fana-1_15980621_20210315183708.jpg?fit=1280%2C853","type":"image\/jpeg"}],"author":"Genof\u00f3ntes Urb\u00e1ez","twitter_card":"summary_large_image","twitter_misc":{"Written by":"Genof\u00f3ntes Urb\u00e1ez","Est. reading time":"2 minutos"},"schema":{"@context":"https:\/\/schema.org","@graph":[{"@type":"Article","@id":"http:\/\/minutocerord.com\/?p=4028#article","isPartOf":{"@id":"http:\/\/minutocerord.com\/?p=4028"},"author":{"name":"Genof\u00f3ntes Urb\u00e1ez","@id":"https:\/\/minutocerord.com\/#\/schema\/person\/60b5372d60aaa0a5171fb6488be9aee6"},"headline":"Fa\u00f1a queda en libertad luego que un tribunal SD le vari\u00f3 medida coerci\u00f3n","datePublished":"2021-04-15T10:05:08+00:00","dateModified":"2021-04-15T10:05:12+00:00","mainEntityOfPage":{"@id":"http:\/\/minutocerord.com\/?p=4028"},"wordCount":418,"commentCount":0,"publisher":{"@id":"https:\/\/minutocerord.com\/#\/schema\/person\/60b5372d60aaa0a5171fb6488be9aee6"},"image":{"@id":"http:\/\/minutocerord.com\/?p=4028#primaryimage"},"thumbnailUrl":"https:\/\/i0.wp.com\/minutocerord.com\/wp-content\/uploads\/2021\/04\/fana-1_15980621_20210315183708.jpg?fit=1280%2C853&ssl=1","articleSection":["Justicia"],"inLanguage":"es-DO","potentialAction":[{"@type":"CommentAction","name":"Comment","target":["http:\/\/minutocerord.com\/?p=4028#respond"]}]},{"@type":"WebPage","@id":"http:\/\/minutocerord.com\/?p=4028","url":"http:\/\/minutocerord.com\/?p=4028","name":"Fa\u00f1a queda en libertad luego que un tribunal SD le vari\u00f3 medida coerci\u00f3n - Minuto Cero RD","isPartOf":{"@id":"https:\/\/minutocerord.com\/#website"},"primaryImageOfPage":{"@id":"http:\/\/minutocerord.com\/?p=4028#primaryimage"},"image":{"@id":"http:\/\/minutocerord.com\/?p=4028#primaryimage"},"thumbnailUrl":"https:\/\/i0.wp.com\/minutocerord.com\/wp-content\/uploads\/2021\/04\/fana-1_15980621_20210315183708.jpg?fit=1280%2C853&ssl=1","datePublished":"2021-04-15T10:05:08+00:00","dateModified":"2021-04-15T10:05:12+00:00","breadcrumb":{"@id":"http:\/\/minutocerord.com\/?p=4028#breadcrumb"},"inLanguage":"es-DO","potentialAction":[{"@type":"ReadAction","target":["http:\/\/minutocerord.com\/?p=4028"]}]},{"@type":"ImageObject","inLanguage":"es-DO","@id":"http:\/\/minutocerord.com\/?p=4028#primaryimage","url":"https:\/\/i0.wp.com\/minutocerord.com\/wp-content\/uploads\/2021\/04\/fana-1_15980621_20210315183708.jpg?fit=1280%2C853&ssl=1","contentUrl":"https:\/\/i0.wp.com\/minutocerord.com\/wp-content\/uploads\/2021\/04\/fana-1_15980621_20210315183708.jpg?fit=1280%2C853&ssl=1","width":1280,"height":853},{"@type":"BreadcrumbList","@id":"http:\/\/minutocerord.com\/?p=4028#breadcrumb","itemListElement":[{"@type":"ListItem","position":1,"name":"Home","item":"https:\/\/minutocerord.com\/"},{"@type":"ListItem","position":2,"name":"Fa\u00f1a queda en libertad luego que un tribunal SD le vari\u00f3 medida coerci\u00f3n"}]},{"@type":"WebSite","@id":"https:\/\/minutocerord.com\/#website","url":"https:\/\/minutocerord.com\/","name":"Minuto Cero RD","description":"Periodismo serio y veraz","publisher":{"@id":"https:\/\/minutocerord.com\/#\/schema\/person\/60b5372d60aaa0a5171fb6488be9aee6"},"potentialAction":[{"@type":"SearchAction","target":{"@type":"EntryPoint","urlTemplate":"https:\/\/minutocerord.com\/?s={search_term_string}"},"query-input":{"@type":"PropertyValueSpecification","valueRequired":true,"valueName":"search_term_string"}}],"inLanguage":"es-DO"},{"@type":["Person","Organization"],"@id":"https:\/\/minutocerord.com\/#\/schema\/person\/60b5372d60aaa0a5171fb6488be9aee6","name":"Genof\u00f3ntes Urb\u00e1ez","image":{"@type":"ImageObject","inLanguage":"es-DO","@id":"https:\/\/secure.gravatar.com\/avatar\/a49ef3186a692098ac3e8a1612261e3ad70cf9e44553dff2929e67939a0ecb9d?s=96&d=identicon&r=g","url":"https:\/\/secure.gravatar.com\/avatar\/a49ef3186a692098ac3e8a1612261e3ad70cf9e44553dff2929e67939a0ecb9d?s=96&d=identicon&r=g","contentUrl":"https:\/\/secure.gravatar.com\/avatar\/a49ef3186a692098ac3e8a1612261e3ad70cf9e44553dff2929e67939a0ecb9d?s=96&d=identicon&r=g","caption":"Genof\u00f3ntes Urb\u00e1ez"},"logo":{"@id":"https:\/\/secure.gravatar.com\/avatar\/a49ef3186a692098ac3e8a1612261e3ad70cf9e44553dff2929e67939a0ecb9d?s=96&d=identicon&r=g"},"description":"Periodista \/ Locutor","sameAs":["https:\/\/www.facebook.com\/Genofnotes","https:\/\/www.instagram.com\/genofnotes\/"]}]}},"jetpack_publicize_connections":[],"jetpack_featured_media_url":"https:\/\/i0.wp.com\/minutocerord.com\/wp-content\/uploads\/2021\/04\/fana-1_15980621_20210315183708.jpg?fit=1280%2C853&ssl=1","jetpack-related-posts":[],"jetpack_sharing_enabled":true,"_links":{"self":[{"href":"https:\/\/minutocerord.com\/index.php?rest_route=\/wp\/v2\/posts\/4028","targetHints":{"allow":["GET"]}}],"collection":[{"href":"https:\/\/minutocerord.com\/index.php?rest_route=\/wp\/v2\/posts"}],"about":[{"href":"https:\/\/minutocerord.com\/index.php?rest_route=\/wp\/v2\/types\/post"}],"author":[{"embeddable":true,"href":"https:\/\/minutocerord.com\/index.php?rest_route=\/wp\/v2\/users\/1"}],"replies":[{"embeddable":true,"href":"https:\/\/minutocerord.com\/index.php?rest_route=%2Fwp%2Fv2%2Fcomments&post=4028"}],"version-history":[{"count":1,"href":"https:\/\/minutocerord.com\/index.php?rest_route=\/wp\/v2\/posts\/4028\/revisions"}],"predecessor-version":[{"id":4030,"href":"https:\/\/minutocerord.com\/index.php?rest_route=\/wp\/v2\/posts\/4028\/revisions\/4030"}],"wp:featuredmedia":[{"embeddable":true,"href":"https:\/\/minutocerord.com\/index.php?rest_route=\/wp\/v2\/media\/4029"}],"wp:attachment":[{"href":"https:\/\/minutocerord.com\/index.php?rest_route=%2Fwp%2Fv2%2Fmedia&parent=4028"}],"wp:term":[{"taxonomy":"category","embeddable":true,"href":"https:\/\/minutocerord.com\/index.php?rest_route=%2Fwp%2Fv2%2Fcategories&post=4028"},{"taxonomy":"post_tag","embeddable":true,"href":"https:\/\/minutocerord.com\/index.php?rest_route=%2Fwp%2Fv2%2Ftags&post=4028"}],"curies":[{"name":"wp","href":"https:\/\/api.w.org\/{rel}","templated":true}]}}