{"id":4034,"date":"2021-04-15T07:13:32","date_gmt":"2021-04-15T11:13:32","guid":{"rendered":"https:\/\/minutocerord.com\/?p=4034"},"modified":"2021-04-15T07:13:39","modified_gmt":"2021-04-15T11:13:39","slug":"diputados-y-direccion-politica-del-pld-haran-oposicion-firme-y-constructiva","status":"publish","type":"post","link":"https:\/\/minutocerord.com\/?p=4034","title":{"rendered":"Diputados y direcci\u00f3n pol\u00edtica del PLD har\u00e1n oposici\u00f3n \u00abfirme y constructiva\u00bb"},"content":{"rendered":"\n<p>SANTO DOMINGO.- El bloque de diputados del Partido de la Liberaci\u00f3n Dominicana (PLD) y la direcci\u00f3n pol\u00edtica de esa organizaci\u00f3n acordaron \u00abacoplarse a una l\u00ednea opositora firme y constructiva, defendiendo los intereses del pa\u00eds\u00bb.<\/p>\n\n\n\n<p>A petici\u00f3n del expresidente Danilo Medina, los congresistas pelede\u00edstas anunciaron, adem\u00e1s, que legislar\u00e1n acorde a los mandatos del pueblo que los eligi\u00f3 y preservar siempre la unidad entre sus integrantes.<\/p>\n\n\n\n<p>Los diputados fueron convocados por la Presidencia y la Secretaria General del PLD para escuchar sus planteamientos y sugerencias.<\/p>\n\n\n\n<p>La reuni\u00f3n, a la que asistieron los 61 ntegrantes del bloque parlamentario pelede\u00edsta se desarroll\u00f3 en la Casa Nacional del PLD.<\/p>\n\n\n\n<p>El expresidente Medina sugiri\u00f3 a los diputados de su partido que unifiquen temas antes de las sesiones y seguir siempre las instrucciones de la direcci\u00f3n partidaria, ya que \u00abpara una buena labor legislativa, la disciplina es fundamental\u00bb.<\/p>\n\n\n\n<p>En sus ponencias, los congresistas coincidieron en plantear la necesidad de una comunicaci\u00f3n fluida con la direcci\u00f3n partidaria, acentuar el rol de partido opositor desde el Congreso, ahondar en la disciplina partidaria.<\/p>\n","protected":false},"excerpt":{"rendered":"<p>SANTO DOMINGO.- El bloque de diputados del Partido de la Liberaci\u00f3n Dominicana (PLD) y la direcci\u00f3n pol\u00edtica de esa organizaci\u00f3n acordaron \u00abacoplarse a una l\u00ednea opositora firme y constructiva, defendiendo los intereses del pa\u00eds\u00bb. A petici\u00f3n del expresidente Danilo Medina, los congresistas pelede\u00edstas anunciaron, adem\u00e1s, que legislar\u00e1n acorde a los mandatos del pueblo que los [&hellip;]<\/p>\n","protected":false},"author":1,"featured_media":4035,"comment_status":"open","ping_status":"open","sticky":false,"template":"","format":"standard","meta":{"nf_dc_page":"","jetpack_post_was_ever_published":false,"_jetpack_newsletter_access":"","_jetpack_dont_email_post_to_subs":false,"_jetpack_newsletter_tier_id":0,"_jetpack_memberships_contains_paywalled_content":false,"_jetpack_memberships_contains_paid_content":false,"footnotes":"","jetpack_publicize_message":"","jetpack_publicize_feature_enabled":true,"jetpack_social_post_already_shared":false,"jetpack_social_options":{"image_generator_settings":{"template":"highway","default_image_id":0,"font":"","enabled":false},"version":2}},"categories":[70],"tags":[],"class_list":["post-4034","post","type-post","status-publish","format-standard","has-post-thumbnail","hentry","category-politica"],"yoast_head":"<!-- This site is optimized with the Yoast SEO plugin v27.5 - https:\/\/yoast.com\/product\/yoast-seo-wordpress\/ -->\n<title>Diputados y direcci\u00f3n pol\u00edtica del PLD har\u00e1n oposici\u00f3n \u00abfirme y constructiva\u00bb - Minuto Cero RD<\/title>\n<meta name=\"robots\" content=\"index, follow, max-snippet:-1, max-image-preview:large, max-video-preview:-1\" \/>\n<link rel=\"canonical\" href=\"http:\/\/minutocerord.com\/?p=4034\" \/>\n<meta property=\"og:locale\" content=\"es_ES\" \/>\n<meta property=\"og:type\" content=\"article\" \/>\n<meta property=\"og:title\" content=\"Diputados y direcci\u00f3n pol\u00edtica del PLD har\u00e1n oposici\u00f3n \u00abfirme y constructiva\u00bb - Minuto Cero RD\" \/>\n<meta property=\"og:description\" content=\"SANTO DOMINGO.- El bloque de diputados del Partido de la Liberaci\u00f3n Dominicana (PLD) y la direcci\u00f3n pol\u00edtica de esa organizaci\u00f3n acordaron \u00abacoplarse a una l\u00ednea opositora firme y constructiva, defendiendo los intereses del pa\u00eds\u00bb. A petici\u00f3n del expresidente Danilo Medina, los congresistas pelede\u00edstas anunciaron, adem\u00e1s, que legislar\u00e1n acorde a los mandatos del pueblo que los [&hellip;]\" \/>\n<meta property=\"og:url\" content=\"http:\/\/minutocerord.com\/?p=4034\" \/>\n<meta property=\"og:site_name\" content=\"Minuto Cero RD\" \/>\n<meta property=\"article:publisher\" content=\"https:\/\/www.facebook.com\/Genofnotes\" \/>\n<meta property=\"article:author\" content=\"https:\/\/www.facebook.com\/Genofnotes\" \/>\n<meta property=\"article:published_time\" content=\"2021-04-15T11:13:32+00:00\" \/>\n<meta property=\"article:modified_time\" content=\"2021-04-15T11:13:39+00:00\" \/>\n<meta property=\"og:image\" content=\"https:\/\/i0.wp.com\/minutocerord.com\/wp-content\/uploads\/2021\/04\/pld-1.jpg?fit=734%2C449\" \/>\n\t<meta property=\"og:image:width\" content=\"734\" \/>\n\t<meta property=\"og:image:height\" content=\"449\" \/>\n\t<meta property=\"og:image:type\" content=\"image\/jpeg\" \/>\n<meta name=\"author\" content=\"Genof\u00f3ntes Urb\u00e1ez\" \/>\n<meta name=\"twitter:card\" content=\"summary_large_image\" \/>\n<meta name=\"twitter:label1\" content=\"Written by\" \/>\n\t<meta name=\"twitter:data1\" content=\"Genof\u00f3ntes Urb\u00e1ez\" \/>\n\t<meta name=\"twitter:label2\" content=\"Est. reading time\" \/>\n\t<meta name=\"twitter:data2\" content=\"1 minuto\" \/>\n<script type=\"application\/ld+json\" class=\"yoast-schema-graph\">{\"@context\":\"https:\\\/\\\/schema.org\",\"@graph\":[{\"@type\":\"Article\",\"@id\":\"http:\\\/\\\/minutocerord.com\\\/?p=4034#article\",\"isPartOf\":{\"@id\":\"http:\\\/\\\/minutocerord.com\\\/?p=4034\"},\"author\":{\"name\":\"Genof\u00f3ntes Urb\u00e1ez\",\"@id\":\"https:\\\/\\\/minutocerord.com\\\/#\\\/schema\\\/person\\\/60b5372d60aaa0a5171fb6488be9aee6\"},\"headline\":\"Diputados y direcci\u00f3n pol\u00edtica del PLD har\u00e1n oposici\u00f3n \u00abfirme y constructiva\u00bb\",\"datePublished\":\"2021-04-15T11:13:32+00:00\",\"dateModified\":\"2021-04-15T11:13:39+00:00\",\"mainEntityOfPage\":{\"@id\":\"http:\\\/\\\/minutocerord.com\\\/?p=4034\"},\"wordCount\":203,\"commentCount\":0,\"publisher\":{\"@id\":\"https:\\\/\\\/minutocerord.com\\\/#\\\/schema\\\/person\\\/60b5372d60aaa0a5171fb6488be9aee6\"},\"image\":{\"@id\":\"http:\\\/\\\/minutocerord.com\\\/?p=4034#primaryimage\"},\"thumbnailUrl\":\"https:\\\/\\\/i0.wp.com\\\/minutocerord.com\\\/wp-content\\\/uploads\\\/2021\\\/04\\\/pld-1.jpg?fit=734%2C449&ssl=1\",\"articleSection\":[\"Pol\u00edtica\"],\"inLanguage\":\"es-DO\",\"potentialAction\":[{\"@type\":\"CommentAction\",\"name\":\"Comment\",\"target\":[\"http:\\\/\\\/minutocerord.com\\\/?p=4034#respond\"]}]},{\"@type\":\"WebPage\",\"@id\":\"http:\\\/\\\/minutocerord.com\\\/?p=4034\",\"url\":\"http:\\\/\\\/minutocerord.com\\\/?p=4034\",\"name\":\"Diputados y direcci\u00f3n pol\u00edtica del PLD har\u00e1n oposici\u00f3n \u00abfirme y constructiva\u00bb - Minuto Cero RD\",\"isPartOf\":{\"@id\":\"https:\\\/\\\/minutocerord.com\\\/#website\"},\"primaryImageOfPage\":{\"@id\":\"http:\\\/\\\/minutocerord.com\\\/?p=4034#primaryimage\"},\"image\":{\"@id\":\"http:\\\/\\\/minutocerord.com\\\/?p=4034#primaryimage\"},\"thumbnailUrl\":\"https:\\\/\\\/i0.wp.com\\\/minutocerord.com\\\/wp-content\\\/uploads\\\/2021\\\/04\\\/pld-1.jpg?fit=734%2C449&ssl=1\",\"datePublished\":\"2021-04-15T11:13:32+00:00\",\"dateModified\":\"2021-04-15T11:13:39+00:00\",\"breadcrumb\":{\"@id\":\"http:\\\/\\\/minutocerord.com\\\/?p=4034#breadcrumb\"},\"inLanguage\":\"es-DO\",\"potentialAction\":[{\"@type\":\"ReadAction\",\"target\":[\"http:\\\/\\\/minutocerord.com\\\/?p=4034\"]}]},{\"@type\":\"ImageObject\",\"inLanguage\":\"es-DO\",\"@id\":\"http:\\\/\\\/minutocerord.com\\\/?p=4034#primaryimage\",\"url\":\"https:\\\/\\\/i0.wp.com\\\/minutocerord.com\\\/wp-content\\\/uploads\\\/2021\\\/04\\\/pld-1.jpg?fit=734%2C449&ssl=1\",\"contentUrl\":\"https:\\\/\\\/i0.wp.com\\\/minutocerord.com\\\/wp-content\\\/uploads\\\/2021\\\/04\\\/pld-1.jpg?fit=734%2C449&ssl=1\",\"width\":734,\"height\":449},{\"@type\":\"BreadcrumbList\",\"@id\":\"http:\\\/\\\/minutocerord.com\\\/?p=4034#breadcrumb\",\"itemListElement\":[{\"@type\":\"ListItem\",\"position\":1,\"name\":\"Home\",\"item\":\"https:\\\/\\\/minutocerord.com\\\/\"},{\"@type\":\"ListItem\",\"position\":2,\"name\":\"Diputados y direcci\u00f3n pol\u00edtica del PLD har\u00e1n oposici\u00f3n \u00abfirme y constructiva\u00bb\"}]},{\"@type\":\"WebSite\",\"@id\":\"https:\\\/\\\/minutocerord.com\\\/#website\",\"url\":\"https:\\\/\\\/minutocerord.com\\\/\",\"name\":\"Minuto Cero RD\",\"description\":\"Periodismo serio y veraz\",\"publisher\":{\"@id\":\"https:\\\/\\\/minutocerord.com\\\/#\\\/schema\\\/person\\\/60b5372d60aaa0a5171fb6488be9aee6\"},\"potentialAction\":[{\"@type\":\"SearchAction\",\"target\":{\"@type\":\"EntryPoint\",\"urlTemplate\":\"https:\\\/\\\/minutocerord.com\\\/?s={search_term_string}\"},\"query-input\":{\"@type\":\"PropertyValueSpecification\",\"valueRequired\":true,\"valueName\":\"search_term_string\"}}],\"inLanguage\":\"es-DO\"},{\"@type\":[\"Person\",\"Organization\"],\"@id\":\"https:\\\/\\\/minutocerord.com\\\/#\\\/schema\\\/person\\\/60b5372d60aaa0a5171fb6488be9aee6\",\"name\":\"Genof\u00f3ntes Urb\u00e1ez\",\"image\":{\"@type\":\"ImageObject\",\"inLanguage\":\"es-DO\",\"@id\":\"https:\\\/\\\/secure.gravatar.com\\\/avatar\\\/a49ef3186a692098ac3e8a1612261e3ad70cf9e44553dff2929e67939a0ecb9d?s=96&d=identicon&r=g\",\"url\":\"https:\\\/\\\/secure.gravatar.com\\\/avatar\\\/a49ef3186a692098ac3e8a1612261e3ad70cf9e44553dff2929e67939a0ecb9d?s=96&d=identicon&r=g\",\"contentUrl\":\"https:\\\/\\\/secure.gravatar.com\\\/avatar\\\/a49ef3186a692098ac3e8a1612261e3ad70cf9e44553dff2929e67939a0ecb9d?s=96&d=identicon&r=g\",\"caption\":\"Genof\u00f3ntes Urb\u00e1ez\"},\"logo\":{\"@id\":\"https:\\\/\\\/secure.gravatar.com\\\/avatar\\\/a49ef3186a692098ac3e8a1612261e3ad70cf9e44553dff2929e67939a0ecb9d?s=96&d=identicon&r=g\"},\"description\":\"Periodista \\\/ Locutor\",\"sameAs\":[\"https:\\\/\\\/www.facebook.com\\\/Genofnotes\",\"https:\\\/\\\/www.instagram.com\\\/genofnotes\\\/\"]}]}<\/script>\n<!-- \/ Yoast SEO plugin. -->","yoast_head_json":{"title":"Diputados y direcci\u00f3n pol\u00edtica del PLD har\u00e1n oposici\u00f3n \u00abfirme y constructiva\u00bb - Minuto Cero RD","robots":{"index":"index","follow":"follow","max-snippet":"max-snippet:-1","max-image-preview":"max-image-preview:large","max-video-preview":"max-video-preview:-1"},"canonical":"http:\/\/minutocerord.com\/?p=4034","og_locale":"es_ES","og_type":"article","og_title":"Diputados y direcci\u00f3n pol\u00edtica del PLD har\u00e1n oposici\u00f3n \u00abfirme y constructiva\u00bb - Minuto Cero RD","og_description":"SANTO DOMINGO.- El bloque de diputados del Partido de la Liberaci\u00f3n Dominicana (PLD) y la direcci\u00f3n pol\u00edtica de esa organizaci\u00f3n acordaron \u00abacoplarse a una l\u00ednea opositora firme y constructiva, defendiendo los intereses del pa\u00eds\u00bb. A petici\u00f3n del expresidente Danilo Medina, los congresistas pelede\u00edstas anunciaron, adem\u00e1s, que legislar\u00e1n acorde a los mandatos del pueblo que los [&hellip;]","og_url":"http:\/\/minutocerord.com\/?p=4034","og_site_name":"Minuto Cero RD","article_publisher":"https:\/\/www.facebook.com\/Genofnotes","article_author":"https:\/\/www.facebook.com\/Genofnotes","article_published_time":"2021-04-15T11:13:32+00:00","article_modified_time":"2021-04-15T11:13:39+00:00","og_image":[{"width":734,"height":449,"url":"https:\/\/i0.wp.com\/minutocerord.com\/wp-content\/uploads\/2021\/04\/pld-1.jpg?fit=734%2C449","type":"image\/jpeg"}],"author":"Genof\u00f3ntes Urb\u00e1ez","twitter_card":"summary_large_image","twitter_misc":{"Written by":"Genof\u00f3ntes Urb\u00e1ez","Est. reading time":"1 minuto"},"schema":{"@context":"https:\/\/schema.org","@graph":[{"@type":"Article","@id":"http:\/\/minutocerord.com\/?p=4034#article","isPartOf":{"@id":"http:\/\/minutocerord.com\/?p=4034"},"author":{"name":"Genof\u00f3ntes Urb\u00e1ez","@id":"https:\/\/minutocerord.com\/#\/schema\/person\/60b5372d60aaa0a5171fb6488be9aee6"},"headline":"Diputados y direcci\u00f3n pol\u00edtica del PLD har\u00e1n oposici\u00f3n \u00abfirme y constructiva\u00bb","datePublished":"2021-04-15T11:13:32+00:00","dateModified":"2021-04-15T11:13:39+00:00","mainEntityOfPage":{"@id":"http:\/\/minutocerord.com\/?p=4034"},"wordCount":203,"commentCount":0,"publisher":{"@id":"https:\/\/minutocerord.com\/#\/schema\/person\/60b5372d60aaa0a5171fb6488be9aee6"},"image":{"@id":"http:\/\/minutocerord.com\/?p=4034#primaryimage"},"thumbnailUrl":"https:\/\/i0.wp.com\/minutocerord.com\/wp-content\/uploads\/2021\/04\/pld-1.jpg?fit=734%2C449&ssl=1","articleSection":["Pol\u00edtica"],"inLanguage":"es-DO","potentialAction":[{"@type":"CommentAction","name":"Comment","target":["http:\/\/minutocerord.com\/?p=4034#respond"]}]},{"@type":"WebPage","@id":"http:\/\/minutocerord.com\/?p=4034","url":"http:\/\/minutocerord.com\/?p=4034","name":"Diputados y direcci\u00f3n pol\u00edtica del PLD har\u00e1n oposici\u00f3n \u00abfirme y constructiva\u00bb - Minuto Cero RD","isPartOf":{"@id":"https:\/\/minutocerord.com\/#website"},"primaryImageOfPage":{"@id":"http:\/\/minutocerord.com\/?p=4034#primaryimage"},"image":{"@id":"http:\/\/minutocerord.com\/?p=4034#primaryimage"},"thumbnailUrl":"https:\/\/i0.wp.com\/minutocerord.com\/wp-content\/uploads\/2021\/04\/pld-1.jpg?fit=734%2C449&ssl=1","datePublished":"2021-04-15T11:13:32+00:00","dateModified":"2021-04-15T11:13:39+00:00","breadcrumb":{"@id":"http:\/\/minutocerord.com\/?p=4034#breadcrumb"},"inLanguage":"es-DO","potentialAction":[{"@type":"ReadAction","target":["http:\/\/minutocerord.com\/?p=4034"]}]},{"@type":"ImageObject","inLanguage":"es-DO","@id":"http:\/\/minutocerord.com\/?p=4034#primaryimage","url":"https:\/\/i0.wp.com\/minutocerord.com\/wp-content\/uploads\/2021\/04\/pld-1.jpg?fit=734%2C449&ssl=1","contentUrl":"https:\/\/i0.wp.com\/minutocerord.com\/wp-content\/uploads\/2021\/04\/pld-1.jpg?fit=734%2C449&ssl=1","width":734,"height":449},{"@type":"BreadcrumbList","@id":"http:\/\/minutocerord.com\/?p=4034#breadcrumb","itemListElement":[{"@type":"ListItem","position":1,"name":"Home","item":"https:\/\/minutocerord.com\/"},{"@type":"ListItem","position":2,"name":"Diputados y direcci\u00f3n pol\u00edtica del PLD har\u00e1n oposici\u00f3n \u00abfirme y constructiva\u00bb"}]},{"@type":"WebSite","@id":"https:\/\/minutocerord.com\/#website","url":"https:\/\/minutocerord.com\/","name":"Minuto Cero RD","description":"Periodismo serio y veraz","publisher":{"@id":"https:\/\/minutocerord.com\/#\/schema\/person\/60b5372d60aaa0a5171fb6488be9aee6"},"potentialAction":[{"@type":"SearchAction","target":{"@type":"EntryPoint","urlTemplate":"https:\/\/minutocerord.com\/?s={search_term_string}"},"query-input":{"@type":"PropertyValueSpecification","valueRequired":true,"valueName":"search_term_string"}}],"inLanguage":"es-DO"},{"@type":["Person","Organization"],"@id":"https:\/\/minutocerord.com\/#\/schema\/person\/60b5372d60aaa0a5171fb6488be9aee6","name":"Genof\u00f3ntes Urb\u00e1ez","image":{"@type":"ImageObject","inLanguage":"es-DO","@id":"https:\/\/secure.gravatar.com\/avatar\/a49ef3186a692098ac3e8a1612261e3ad70cf9e44553dff2929e67939a0ecb9d?s=96&d=identicon&r=g","url":"https:\/\/secure.gravatar.com\/avatar\/a49ef3186a692098ac3e8a1612261e3ad70cf9e44553dff2929e67939a0ecb9d?s=96&d=identicon&r=g","contentUrl":"https:\/\/secure.gravatar.com\/avatar\/a49ef3186a692098ac3e8a1612261e3ad70cf9e44553dff2929e67939a0ecb9d?s=96&d=identicon&r=g","caption":"Genof\u00f3ntes Urb\u00e1ez"},"logo":{"@id":"https:\/\/secure.gravatar.com\/avatar\/a49ef3186a692098ac3e8a1612261e3ad70cf9e44553dff2929e67939a0ecb9d?s=96&d=identicon&r=g"},"description":"Periodista \/ Locutor","sameAs":["https:\/\/www.facebook.com\/Genofnotes","https:\/\/www.instagram.com\/genofnotes\/"]}]}},"jetpack_publicize_connections":[],"jetpack_featured_media_url":"https:\/\/i0.wp.com\/minutocerord.com\/wp-content\/uploads\/2021\/04\/pld-1.jpg?fit=734%2C449&ssl=1","jetpack-related-posts":[],"jetpack_sharing_enabled":true,"_links":{"self":[{"href":"https:\/\/minutocerord.com\/index.php?rest_route=\/wp\/v2\/posts\/4034","targetHints":{"allow":["GET"]}}],"collection":[{"href":"https:\/\/minutocerord.com\/index.php?rest_route=\/wp\/v2\/posts"}],"about":[{"href":"https:\/\/minutocerord.com\/index.php?rest_route=\/wp\/v2\/types\/post"}],"author":[{"embeddable":true,"href":"https:\/\/minutocerord.com\/index.php?rest_route=\/wp\/v2\/users\/1"}],"replies":[{"embeddable":true,"href":"https:\/\/minutocerord.com\/index.php?rest_route=%2Fwp%2Fv2%2Fcomments&post=4034"}],"version-history":[{"count":1,"href":"https:\/\/minutocerord.com\/index.php?rest_route=\/wp\/v2\/posts\/4034\/revisions"}],"predecessor-version":[{"id":4036,"href":"https:\/\/minutocerord.com\/index.php?rest_route=\/wp\/v2\/posts\/4034\/revisions\/4036"}],"wp:featuredmedia":[{"embeddable":true,"href":"https:\/\/minutocerord.com\/index.php?rest_route=\/wp\/v2\/media\/4035"}],"wp:attachment":[{"href":"https:\/\/minutocerord.com\/index.php?rest_route=%2Fwp%2Fv2%2Fmedia&parent=4034"}],"wp:term":[{"taxonomy":"category","embeddable":true,"href":"https:\/\/minutocerord.com\/index.php?rest_route=%2Fwp%2Fv2%2Fcategories&post=4034"},{"taxonomy":"post_tag","embeddable":true,"href":"https:\/\/minutocerord.com\/index.php?rest_route=%2Fwp%2Fv2%2Ftags&post=4034"}],"curies":[{"name":"wp","href":"https:\/\/api.w.org\/{rel}","templated":true}]}}