{"id":4043,"date":"2021-04-15T09:24:39","date_gmt":"2021-04-15T13:24:39","guid":{"rendered":"https:\/\/minutocerord.com\/?p=4043"},"modified":"2021-04-15T09:24:46","modified_gmt":"2021-04-15T13:24:46","slug":"juegos-olimpicos-podrian-ser-cancelados-otros-proponen-celebrarlos-sin-publico","status":"publish","type":"post","link":"https:\/\/minutocerord.com\/?p=4043","title":{"rendered":"Juegos Ol\u00edmpicos podr\u00edan ser cancelados; otros proponen celebrarlos sin p\u00fablico"},"content":{"rendered":"\n<p>&nbsp;TOKIO (AP) \u2014 Los demorados Juegos Ol\u00edmpicos de Tokio podr\u00edan sufrir cambios radicales, se\u00f1alaron dos altos cargos del partido gobernante japon\u00e9s el jueves. Uno lleg\u00f3 a sugerir que todav\u00eda podr\u00edan cancelarse, mientras que el otro se\u00f1al\u00f3 que podr\u00edan celebrarse sin aficionados.<\/p>\n\n\n\n<p>Toshihiro Nikai, secretario general del Partido Liberal Democr\u00e1tico, sugiri\u00f3 la cancelaci\u00f3n un d\u00eda despu\u00e9s de que Tokio comenz\u00f3 la cuenta regresiva de 100 d\u00edas para la ceremonia inaugural en declaraciones a un programa grabado por la televisora japonesa TBS TV.<\/p>\n\n\n\n<p>\u201cSi parece imposible seguir adelante, deben cancelarse definitivamente&#8217;, afirm\u00f3 Nikai. \u201cSi hay un aumento de los contagios por los Juegos Ol\u00edmpicos, no tendr\u00e1 sentido celebrarlos&#8217;.<\/p>\n\n\n\n<p>Preguntado por si la cancelaci\u00f3n segu\u00eda siendo una opci\u00f3n, Nikai respondi\u00f3: \u201cPor supuesto&#8217;.<\/p>\n\n\n\n<p>\u201cPara Jap\u00f3n es importante tener unos Juegos exitosos. Es una gran oportunidad. Quiero que sea un \u00e9xito. Tendremos muchos asuntos que resolver y preparar, y es importante atenderlos uno a uno&#8217;, a\u00f1adi\u00f3.<\/p>\n\n\n\n<p>Los organizadores de Tokio 2020 dijeron que ellos, el Comit\u00e9 Ol\u00edmpico Internacional y el Comit\u00e9 Paral\u00edmpico Internacional \u201cestamos completamente concentrados en albergar los Juegos este verano\u201d, Adem\u00e1s, se\u00f1alaron que el primer ministro, Yoshihide Suga, \u201cha expresado repetidamente el compromiso del gobierno&#8217; con su celebraci\u00f3n.<\/p>\n\n\n\n<p>Los casos de COVID-19 han aumentado en todo Jap\u00f3n. La ciudad de Osaka, la segunda m\u00e1s grande del pa\u00eds, registr\u00f3 el mi\u00e9rcoles m\u00e1s de 1.100 nuevos casos, su peor dato desde enero. En total, el pa\u00eds report\u00f3 m\u00e1s de 4.000 nuevas infecciones, una cifra que no se alcanzaba desde principio de a\u00f1o. Las autoridades confirmaron 9.500 decesos ligados con al coronavirus, un buen dato a nivel mundial pero malo en comparaci\u00f3n con Asia.<\/p>\n\n\n\n<p>Taro Kono, el ministro encargado de la campa\u00f1a de vacunaci\u00f3n, apunt\u00f3 que aunque la cita ol\u00edmpica siga adelante, si los contagios siguen creciendo en todo el pa\u00eds, las competiciones podr\u00edan celebrarse en sin espectadores en las distintas sedes.<\/p>\n\n\n\n<p>Esto supondr\u00eda que solo habr\u00e1 c\u00e1maras de televisi\u00f3n y operarios de c\u00e1maras fijas para presenciar lo que ocurre, adem\u00e1s de algunos reporteros, jueces y \u00e1rbitros.<\/p>\n\n\n\n<p>Est\u00e1 previsto que los demorados Juegos de 2020 echen a andar en apenas tres meses, el 23 de julio, y los Paral\u00edmpicos, el 24 de agosto. Las autoridades ya prohibieron la presencia de aficionados extranjeros, pero ahora hasta los locales podr\u00edan quedarse fuera ante el avance de la pandemia.<\/p>\n\n\n\n<p>\u201cCreo que la pregunta es c\u00f3mo celebrar los Juegos de una forma que sea posible en esta situaci\u00f3n&#8217;, se\u00f1al\u00f3 Kono en un programa de televisi\u00f3n el jueves. \u201cEsto podr\u00eda significar que posiblemente no haya espectadores&#8217;.<\/p>\n\n\n\n<p>Kono no sugiri\u00f3 que no vayan a llevarse a cabo, pero afirm\u00f3 que podr\u00edan tener que hacerlo bajo \u201cciertas condiciones\u201d.<\/p>\n\n\n\n<p>\u201cLa forma en la que se celebrar\u00e1n estos Juegos ser\u00e1 muy diferente de las anteriores&#8217;, se\u00f1al\u00f3.<\/p>\n\n\n\n<p>Los organizadores de Tokio 2020 esperan anunciar este mes cu\u00e1ntos aficionados podr\u00e1n acceder a cada recinto deportivo.<\/p>\n\n\n\n<p>Esperaban recaudar unos 800 millones de d\u00f3lares con la venta de boletos, su tercera mayor fuente de ingresos. Cualquier d\u00e9ficit ser\u00e1 asumido por el gobierno, que ya paga la mayor\u00eda de las facturas.<\/p>\n\n\n\n<p>El costo oficial de la cita ol\u00edmpica es de 15.400 millones de d\u00f3lares, pero varias auditorias del gobierno sugieren que la cantidad real podr\u00eda ser hasta el doble.<\/p>\n\n\n\n<p>El periodista deportivo de The Associated Press Stephen Wade contribuy\u00f3 a este despacho.<\/p>\n","protected":false},"excerpt":{"rendered":"<p>&nbsp;TOKIO (AP) \u2014 Los demorados Juegos Ol\u00edmpicos de Tokio podr\u00edan sufrir cambios radicales, se\u00f1alaron dos altos cargos del partido gobernante japon\u00e9s el jueves. Uno lleg\u00f3 a sugerir que todav\u00eda podr\u00edan cancelarse, mientras que el otro se\u00f1al\u00f3 que podr\u00edan celebrarse sin aficionados. Toshihiro Nikai, secretario general del Partido Liberal Democr\u00e1tico, sugiri\u00f3 la cancelaci\u00f3n un d\u00eda despu\u00e9s [&hellip;]<\/p>\n","protected":false},"author":1,"featured_media":4044,"comment_status":"open","ping_status":"open","sticky":false,"template":"","format":"standard","meta":{"nf_dc_page":"","jetpack_post_was_ever_published":false,"_jetpack_newsletter_access":"","_jetpack_dont_email_post_to_subs":false,"_jetpack_newsletter_tier_id":0,"_jetpack_memberships_contains_paywalled_content":false,"_jetpack_memberships_contains_paid_content":false,"footnotes":"","jetpack_publicize_message":"","jetpack_publicize_feature_enabled":true,"jetpack_social_post_already_shared":false,"jetpack_social_options":{"image_generator_settings":{"template":"highway","default_image_id":0,"font":"","enabled":false},"version":2}},"categories":[73],"tags":[],"class_list":["post-4043","post","type-post","status-publish","format-standard","has-post-thumbnail","hentry","category-deportes"],"yoast_head":"<!-- This site is optimized with the Yoast SEO plugin v27.5 - https:\/\/yoast.com\/product\/yoast-seo-wordpress\/ -->\n<title>Juegos Ol\u00edmpicos podr\u00edan ser cancelados; otros proponen celebrarlos sin p\u00fablico - Minuto Cero RD<\/title>\n<meta name=\"robots\" content=\"index, follow, max-snippet:-1, max-image-preview:large, max-video-preview:-1\" \/>\n<link rel=\"canonical\" href=\"http:\/\/minutocerord.com\/?p=4043\" \/>\n<meta property=\"og:locale\" content=\"es_ES\" \/>\n<meta property=\"og:type\" content=\"article\" \/>\n<meta property=\"og:title\" content=\"Juegos Ol\u00edmpicos podr\u00edan ser cancelados; otros proponen celebrarlos sin p\u00fablico - Minuto Cero RD\" \/>\n<meta property=\"og:description\" content=\"&nbsp;TOKIO (AP) \u2014 Los demorados Juegos Ol\u00edmpicos de Tokio podr\u00edan sufrir cambios radicales, se\u00f1alaron dos altos cargos del partido gobernante japon\u00e9s el jueves. Uno lleg\u00f3 a sugerir que todav\u00eda podr\u00edan cancelarse, mientras que el otro se\u00f1al\u00f3 que podr\u00edan celebrarse sin aficionados. Toshihiro Nikai, secretario general del Partido Liberal Democr\u00e1tico, sugiri\u00f3 la cancelaci\u00f3n un d\u00eda despu\u00e9s [&hellip;]\" \/>\n<meta property=\"og:url\" content=\"http:\/\/minutocerord.com\/?p=4043\" \/>\n<meta property=\"og:site_name\" content=\"Minuto Cero RD\" \/>\n<meta property=\"article:publisher\" content=\"https:\/\/www.facebook.com\/Genofnotes\" \/>\n<meta property=\"article:author\" content=\"https:\/\/www.facebook.com\/Genofnotes\" \/>\n<meta property=\"article:published_time\" content=\"2021-04-15T13:24:39+00:00\" \/>\n<meta property=\"article:modified_time\" content=\"2021-04-15T13:24:46+00:00\" \/>\n<meta property=\"og:image\" content=\"https:\/\/i0.wp.com\/minutocerord.com\/wp-content\/uploads\/2021\/04\/tokyo2021.jpeg?fit=1024%2C733\" \/>\n\t<meta property=\"og:image:width\" content=\"1024\" \/>\n\t<meta property=\"og:image:height\" content=\"733\" \/>\n\t<meta property=\"og:image:type\" content=\"image\/jpeg\" \/>\n<meta name=\"author\" content=\"Genof\u00f3ntes Urb\u00e1ez\" \/>\n<meta name=\"twitter:card\" content=\"summary_large_image\" \/>\n<meta name=\"twitter:label1\" content=\"Written by\" \/>\n\t<meta name=\"twitter:data1\" content=\"Genof\u00f3ntes Urb\u00e1ez\" \/>\n\t<meta name=\"twitter:label2\" content=\"Est. reading time\" \/>\n\t<meta name=\"twitter:data2\" content=\"3 minutos\" \/>\n<script type=\"application\/ld+json\" class=\"yoast-schema-graph\">{\"@context\":\"https:\\\/\\\/schema.org\",\"@graph\":[{\"@type\":\"Article\",\"@id\":\"http:\\\/\\\/minutocerord.com\\\/?p=4043#article\",\"isPartOf\":{\"@id\":\"http:\\\/\\\/minutocerord.com\\\/?p=4043\"},\"author\":{\"name\":\"Genof\u00f3ntes Urb\u00e1ez\",\"@id\":\"https:\\\/\\\/minutocerord.com\\\/#\\\/schema\\\/person\\\/60b5372d60aaa0a5171fb6488be9aee6\"},\"headline\":\"Juegos Ol\u00edmpicos podr\u00edan ser cancelados; otros proponen celebrarlos sin p\u00fablico\",\"datePublished\":\"2021-04-15T13:24:39+00:00\",\"dateModified\":\"2021-04-15T13:24:46+00:00\",\"mainEntityOfPage\":{\"@id\":\"http:\\\/\\\/minutocerord.com\\\/?p=4043\"},\"wordCount\":605,\"commentCount\":0,\"publisher\":{\"@id\":\"https:\\\/\\\/minutocerord.com\\\/#\\\/schema\\\/person\\\/60b5372d60aaa0a5171fb6488be9aee6\"},\"image\":{\"@id\":\"http:\\\/\\\/minutocerord.com\\\/?p=4043#primaryimage\"},\"thumbnailUrl\":\"https:\\\/\\\/i0.wp.com\\\/minutocerord.com\\\/wp-content\\\/uploads\\\/2021\\\/04\\\/tokyo2021.jpeg?fit=1024%2C733&ssl=1\",\"articleSection\":[\"Deportes\"],\"inLanguage\":\"es-DO\",\"potentialAction\":[{\"@type\":\"CommentAction\",\"name\":\"Comment\",\"target\":[\"http:\\\/\\\/minutocerord.com\\\/?p=4043#respond\"]}]},{\"@type\":\"WebPage\",\"@id\":\"http:\\\/\\\/minutocerord.com\\\/?p=4043\",\"url\":\"http:\\\/\\\/minutocerord.com\\\/?p=4043\",\"name\":\"Juegos Ol\u00edmpicos podr\u00edan ser cancelados; otros proponen celebrarlos sin p\u00fablico - Minuto Cero RD\",\"isPartOf\":{\"@id\":\"https:\\\/\\\/minutocerord.com\\\/#website\"},\"primaryImageOfPage\":{\"@id\":\"http:\\\/\\\/minutocerord.com\\\/?p=4043#primaryimage\"},\"image\":{\"@id\":\"http:\\\/\\\/minutocerord.com\\\/?p=4043#primaryimage\"},\"thumbnailUrl\":\"https:\\\/\\\/i0.wp.com\\\/minutocerord.com\\\/wp-content\\\/uploads\\\/2021\\\/04\\\/tokyo2021.jpeg?fit=1024%2C733&ssl=1\",\"datePublished\":\"2021-04-15T13:24:39+00:00\",\"dateModified\":\"2021-04-15T13:24:46+00:00\",\"breadcrumb\":{\"@id\":\"http:\\\/\\\/minutocerord.com\\\/?p=4043#breadcrumb\"},\"inLanguage\":\"es-DO\",\"potentialAction\":[{\"@type\":\"ReadAction\",\"target\":[\"http:\\\/\\\/minutocerord.com\\\/?p=4043\"]}]},{\"@type\":\"ImageObject\",\"inLanguage\":\"es-DO\",\"@id\":\"http:\\\/\\\/minutocerord.com\\\/?p=4043#primaryimage\",\"url\":\"https:\\\/\\\/i0.wp.com\\\/minutocerord.com\\\/wp-content\\\/uploads\\\/2021\\\/04\\\/tokyo2021.jpeg?fit=1024%2C733&ssl=1\",\"contentUrl\":\"https:\\\/\\\/i0.wp.com\\\/minutocerord.com\\\/wp-content\\\/uploads\\\/2021\\\/04\\\/tokyo2021.jpeg?fit=1024%2C733&ssl=1\",\"width\":1024,\"height\":733},{\"@type\":\"BreadcrumbList\",\"@id\":\"http:\\\/\\\/minutocerord.com\\\/?p=4043#breadcrumb\",\"itemListElement\":[{\"@type\":\"ListItem\",\"position\":1,\"name\":\"Home\",\"item\":\"https:\\\/\\\/minutocerord.com\\\/\"},{\"@type\":\"ListItem\",\"position\":2,\"name\":\"Juegos Ol\u00edmpicos podr\u00edan ser cancelados; otros proponen celebrarlos sin p\u00fablico\"}]},{\"@type\":\"WebSite\",\"@id\":\"https:\\\/\\\/minutocerord.com\\\/#website\",\"url\":\"https:\\\/\\\/minutocerord.com\\\/\",\"name\":\"Minuto Cero RD\",\"description\":\"Periodismo serio y veraz\",\"publisher\":{\"@id\":\"https:\\\/\\\/minutocerord.com\\\/#\\\/schema\\\/person\\\/60b5372d60aaa0a5171fb6488be9aee6\"},\"potentialAction\":[{\"@type\":\"SearchAction\",\"target\":{\"@type\":\"EntryPoint\",\"urlTemplate\":\"https:\\\/\\\/minutocerord.com\\\/?s={search_term_string}\"},\"query-input\":{\"@type\":\"PropertyValueSpecification\",\"valueRequired\":true,\"valueName\":\"search_term_string\"}}],\"inLanguage\":\"es-DO\"},{\"@type\":[\"Person\",\"Organization\"],\"@id\":\"https:\\\/\\\/minutocerord.com\\\/#\\\/schema\\\/person\\\/60b5372d60aaa0a5171fb6488be9aee6\",\"name\":\"Genof\u00f3ntes Urb\u00e1ez\",\"image\":{\"@type\":\"ImageObject\",\"inLanguage\":\"es-DO\",\"@id\":\"https:\\\/\\\/secure.gravatar.com\\\/avatar\\\/a49ef3186a692098ac3e8a1612261e3ad70cf9e44553dff2929e67939a0ecb9d?s=96&d=identicon&r=g\",\"url\":\"https:\\\/\\\/secure.gravatar.com\\\/avatar\\\/a49ef3186a692098ac3e8a1612261e3ad70cf9e44553dff2929e67939a0ecb9d?s=96&d=identicon&r=g\",\"contentUrl\":\"https:\\\/\\\/secure.gravatar.com\\\/avatar\\\/a49ef3186a692098ac3e8a1612261e3ad70cf9e44553dff2929e67939a0ecb9d?s=96&d=identicon&r=g\",\"caption\":\"Genof\u00f3ntes Urb\u00e1ez\"},\"logo\":{\"@id\":\"https:\\\/\\\/secure.gravatar.com\\\/avatar\\\/a49ef3186a692098ac3e8a1612261e3ad70cf9e44553dff2929e67939a0ecb9d?s=96&d=identicon&r=g\"},\"description\":\"Periodista \\\/ Locutor\",\"sameAs\":[\"https:\\\/\\\/www.facebook.com\\\/Genofnotes\",\"https:\\\/\\\/www.instagram.com\\\/genofnotes\\\/\"]}]}<\/script>\n<!-- \/ Yoast SEO plugin. -->","yoast_head_json":{"title":"Juegos Ol\u00edmpicos podr\u00edan ser cancelados; otros proponen celebrarlos sin p\u00fablico - Minuto Cero RD","robots":{"index":"index","follow":"follow","max-snippet":"max-snippet:-1","max-image-preview":"max-image-preview:large","max-video-preview":"max-video-preview:-1"},"canonical":"http:\/\/minutocerord.com\/?p=4043","og_locale":"es_ES","og_type":"article","og_title":"Juegos Ol\u00edmpicos podr\u00edan ser cancelados; otros proponen celebrarlos sin p\u00fablico - Minuto Cero RD","og_description":"&nbsp;TOKIO (AP) \u2014 Los demorados Juegos Ol\u00edmpicos de Tokio podr\u00edan sufrir cambios radicales, se\u00f1alaron dos altos cargos del partido gobernante japon\u00e9s el jueves. Uno lleg\u00f3 a sugerir que todav\u00eda podr\u00edan cancelarse, mientras que el otro se\u00f1al\u00f3 que podr\u00edan celebrarse sin aficionados. Toshihiro Nikai, secretario general del Partido Liberal Democr\u00e1tico, sugiri\u00f3 la cancelaci\u00f3n un d\u00eda despu\u00e9s [&hellip;]","og_url":"http:\/\/minutocerord.com\/?p=4043","og_site_name":"Minuto Cero RD","article_publisher":"https:\/\/www.facebook.com\/Genofnotes","article_author":"https:\/\/www.facebook.com\/Genofnotes","article_published_time":"2021-04-15T13:24:39+00:00","article_modified_time":"2021-04-15T13:24:46+00:00","og_image":[{"width":1024,"height":733,"url":"https:\/\/i0.wp.com\/minutocerord.com\/wp-content\/uploads\/2021\/04\/tokyo2021.jpeg?fit=1024%2C733","type":"image\/jpeg"}],"author":"Genof\u00f3ntes Urb\u00e1ez","twitter_card":"summary_large_image","twitter_misc":{"Written by":"Genof\u00f3ntes Urb\u00e1ez","Est. reading time":"3 minutos"},"schema":{"@context":"https:\/\/schema.org","@graph":[{"@type":"Article","@id":"http:\/\/minutocerord.com\/?p=4043#article","isPartOf":{"@id":"http:\/\/minutocerord.com\/?p=4043"},"author":{"name":"Genof\u00f3ntes Urb\u00e1ez","@id":"https:\/\/minutocerord.com\/#\/schema\/person\/60b5372d60aaa0a5171fb6488be9aee6"},"headline":"Juegos Ol\u00edmpicos podr\u00edan ser cancelados; otros proponen celebrarlos sin p\u00fablico","datePublished":"2021-04-15T13:24:39+00:00","dateModified":"2021-04-15T13:24:46+00:00","mainEntityOfPage":{"@id":"http:\/\/minutocerord.com\/?p=4043"},"wordCount":605,"commentCount":0,"publisher":{"@id":"https:\/\/minutocerord.com\/#\/schema\/person\/60b5372d60aaa0a5171fb6488be9aee6"},"image":{"@id":"http:\/\/minutocerord.com\/?p=4043#primaryimage"},"thumbnailUrl":"https:\/\/i0.wp.com\/minutocerord.com\/wp-content\/uploads\/2021\/04\/tokyo2021.jpeg?fit=1024%2C733&ssl=1","articleSection":["Deportes"],"inLanguage":"es-DO","potentialAction":[{"@type":"CommentAction","name":"Comment","target":["http:\/\/minutocerord.com\/?p=4043#respond"]}]},{"@type":"WebPage","@id":"http:\/\/minutocerord.com\/?p=4043","url":"http:\/\/minutocerord.com\/?p=4043","name":"Juegos Ol\u00edmpicos podr\u00edan ser cancelados; otros proponen celebrarlos sin p\u00fablico - Minuto Cero RD","isPartOf":{"@id":"https:\/\/minutocerord.com\/#website"},"primaryImageOfPage":{"@id":"http:\/\/minutocerord.com\/?p=4043#primaryimage"},"image":{"@id":"http:\/\/minutocerord.com\/?p=4043#primaryimage"},"thumbnailUrl":"https:\/\/i0.wp.com\/minutocerord.com\/wp-content\/uploads\/2021\/04\/tokyo2021.jpeg?fit=1024%2C733&ssl=1","datePublished":"2021-04-15T13:24:39+00:00","dateModified":"2021-04-15T13:24:46+00:00","breadcrumb":{"@id":"http:\/\/minutocerord.com\/?p=4043#breadcrumb"},"inLanguage":"es-DO","potentialAction":[{"@type":"ReadAction","target":["http:\/\/minutocerord.com\/?p=4043"]}]},{"@type":"ImageObject","inLanguage":"es-DO","@id":"http:\/\/minutocerord.com\/?p=4043#primaryimage","url":"https:\/\/i0.wp.com\/minutocerord.com\/wp-content\/uploads\/2021\/04\/tokyo2021.jpeg?fit=1024%2C733&ssl=1","contentUrl":"https:\/\/i0.wp.com\/minutocerord.com\/wp-content\/uploads\/2021\/04\/tokyo2021.jpeg?fit=1024%2C733&ssl=1","width":1024,"height":733},{"@type":"BreadcrumbList","@id":"http:\/\/minutocerord.com\/?p=4043#breadcrumb","itemListElement":[{"@type":"ListItem","position":1,"name":"Home","item":"https:\/\/minutocerord.com\/"},{"@type":"ListItem","position":2,"name":"Juegos Ol\u00edmpicos podr\u00edan ser cancelados; otros proponen celebrarlos sin p\u00fablico"}]},{"@type":"WebSite","@id":"https:\/\/minutocerord.com\/#website","url":"https:\/\/minutocerord.com\/","name":"Minuto Cero RD","description":"Periodismo serio y veraz","publisher":{"@id":"https:\/\/minutocerord.com\/#\/schema\/person\/60b5372d60aaa0a5171fb6488be9aee6"},"potentialAction":[{"@type":"SearchAction","target":{"@type":"EntryPoint","urlTemplate":"https:\/\/minutocerord.com\/?s={search_term_string}"},"query-input":{"@type":"PropertyValueSpecification","valueRequired":true,"valueName":"search_term_string"}}],"inLanguage":"es-DO"},{"@type":["Person","Organization"],"@id":"https:\/\/minutocerord.com\/#\/schema\/person\/60b5372d60aaa0a5171fb6488be9aee6","name":"Genof\u00f3ntes Urb\u00e1ez","image":{"@type":"ImageObject","inLanguage":"es-DO","@id":"https:\/\/secure.gravatar.com\/avatar\/a49ef3186a692098ac3e8a1612261e3ad70cf9e44553dff2929e67939a0ecb9d?s=96&d=identicon&r=g","url":"https:\/\/secure.gravatar.com\/avatar\/a49ef3186a692098ac3e8a1612261e3ad70cf9e44553dff2929e67939a0ecb9d?s=96&d=identicon&r=g","contentUrl":"https:\/\/secure.gravatar.com\/avatar\/a49ef3186a692098ac3e8a1612261e3ad70cf9e44553dff2929e67939a0ecb9d?s=96&d=identicon&r=g","caption":"Genof\u00f3ntes Urb\u00e1ez"},"logo":{"@id":"https:\/\/secure.gravatar.com\/avatar\/a49ef3186a692098ac3e8a1612261e3ad70cf9e44553dff2929e67939a0ecb9d?s=96&d=identicon&r=g"},"description":"Periodista \/ Locutor","sameAs":["https:\/\/www.facebook.com\/Genofnotes","https:\/\/www.instagram.com\/genofnotes\/"]}]}},"jetpack_publicize_connections":[],"jetpack_featured_media_url":"https:\/\/i0.wp.com\/minutocerord.com\/wp-content\/uploads\/2021\/04\/tokyo2021.jpeg?fit=1024%2C733&ssl=1","jetpack-related-posts":[],"jetpack_sharing_enabled":true,"_links":{"self":[{"href":"https:\/\/minutocerord.com\/index.php?rest_route=\/wp\/v2\/posts\/4043","targetHints":{"allow":["GET"]}}],"collection":[{"href":"https:\/\/minutocerord.com\/index.php?rest_route=\/wp\/v2\/posts"}],"about":[{"href":"https:\/\/minutocerord.com\/index.php?rest_route=\/wp\/v2\/types\/post"}],"author":[{"embeddable":true,"href":"https:\/\/minutocerord.com\/index.php?rest_route=\/wp\/v2\/users\/1"}],"replies":[{"embeddable":true,"href":"https:\/\/minutocerord.com\/index.php?rest_route=%2Fwp%2Fv2%2Fcomments&post=4043"}],"version-history":[{"count":1,"href":"https:\/\/minutocerord.com\/index.php?rest_route=\/wp\/v2\/posts\/4043\/revisions"}],"predecessor-version":[{"id":4045,"href":"https:\/\/minutocerord.com\/index.php?rest_route=\/wp\/v2\/posts\/4043\/revisions\/4045"}],"wp:featuredmedia":[{"embeddable":true,"href":"https:\/\/minutocerord.com\/index.php?rest_route=\/wp\/v2\/media\/4044"}],"wp:attachment":[{"href":"https:\/\/minutocerord.com\/index.php?rest_route=%2Fwp%2Fv2%2Fmedia&parent=4043"}],"wp:term":[{"taxonomy":"category","embeddable":true,"href":"https:\/\/minutocerord.com\/index.php?rest_route=%2Fwp%2Fv2%2Fcategories&post=4043"},{"taxonomy":"post_tag","embeddable":true,"href":"https:\/\/minutocerord.com\/index.php?rest_route=%2Fwp%2Fv2%2Ftags&post=4043"}],"curies":[{"name":"wp","href":"https:\/\/api.w.org\/{rel}","templated":true}]}}