{"id":4049,"date":"2021-04-15T10:57:44","date_gmt":"2021-04-15T14:57:44","guid":{"rendered":"https:\/\/minutocerord.com\/?p=4049"},"modified":"2021-04-15T10:57:50","modified_gmt":"2021-04-15T14:57:50","slug":"r-dominicana-suma-3-muertes-y-379-nuevos-contagios-en-ultimas-24-horas","status":"publish","type":"post","link":"https:\/\/minutocerord.com\/?p=4049","title":{"rendered":"R.Dominicana suma 3 muertes y 379 nuevos contagios en \u00faltimas 24 horas"},"content":{"rendered":"\n<p>SANTO DOMINGO.- Rep\u00fablica Dominicana sum\u00f3 3 muertes m\u00e1s y 379 nuevos contagios de covid-19 en el \u00faltimo d\u00eda, seg\u00fan los datos del bolet\u00edn del Ministerio de Salud P\u00fablica divulgado este jueves.<\/p>\n\n\n\n<p>Actualmente, 38,621 personas tienen el virus, 531 de ellas est\u00e1n hospitalizadas, para una tasa de ocupaci\u00f3n del 22%, mientras que 156 pacientes son atendidos en unidades de cuidados intensivos (UCI), que est\u00e1n al 32 % de su capacidad.<\/p>\n\n\n\n<p>La tasa de positividad en las \u00faltimas cuatro semanas se ubic\u00f3 en el 10.26 %, con ligera tendencia a la baja, y la de letalidad, en el 1.31 %.<\/p>\n\n\n\n<p>El informe se\u00f1ala que en las \u00faltimas 24 horas fueron procesadas 4,443 pruebas.<\/p>\n\n\n\n<p>En el Distrito Nacional fueron reportados 171 nuevos contagios, en la provincia Santo Domingo 79, en Santiago 20, en Puerto Plata 5 y en La Vega 9.<\/p>\n\n\n\n<p>El total de muertos por COVID-19 en Rep\u00fablica Dominicana es de 3,405, el 29.63% de los cuales era hipertenso y el 18.68% diab\u00e9tico.<\/p>\n\n\n\n<p>Entre los infectados hay 742 trabajadores de la salud, 360 embarazadas y 28,432 menores de 20 a\u00f1os.<\/p>\n\n\n\n<p><strong>Cifras de contagios y muertes&nbsp;<\/strong><\/p>\n\n\n\n<p>1 marzo \u2013 381 contagios, 6 defunciones<\/p>\n\n\n\n<p>2 marzo \u2013 203 contagios, 12 defunciones<\/p>\n\n\n\n<p>3 marzo \u2013 572 contagios, 12 defunciones<\/p>\n\n\n\n<p>4 marzo \u2013 619 contagios, 9 defunciones<\/p>\n\n\n\n<p>5 marzo \u2013 695 contagios, 11 defunciones<\/p>\n\n\n\n<p>6 marzo \u2013 573 contagios, 12 defunciones<\/p>\n\n\n\n<p>7 marzo \u2013 587 contagios, 10 defunciones<\/p>\n\n\n\n<p>8 marzo \u2013 279 contagios, 7 defunciones<\/p>\n\n\n\n<p>9 marzo \u2013 252 contagios, 12 defunciones<\/p>\n\n\n\n<p>10 marzo \u2013 390 contagios, 7 defunciones<\/p>\n\n\n\n<p>11 marzo \u2013 755 contagios, 6 defunciones<\/p>\n\n\n\n<p>12 marzo \u2013 529 contagios, 9 defunciones<\/p>\n\n\n\n<p>13 marzo \u2013 164 contagios, 1 defunciones<\/p>\n\n\n\n<p>14 marzo \u2013 429 contagios, 9 defunciones<\/p>\n\n\n\n<p>15 marzo \u2013 254 contagios, 4 defunciones<\/p>\n\n\n\n<p>16 marzo \u2013 495 contagios, 11 defunciones<\/p>\n\n\n\n<p>17 marzo \u2013 570 contagios, 11 defunciones<\/p>\n\n\n\n<p>18 marzo \u2013 615 contagios, 9 defunciones<\/p>\n\n\n\n<p>19 marzo \u2013 523 contagios, 5 defunciones<\/p>\n\n\n\n<p>20 marzo \u2013 487 contagios, 7 defunciones<\/p>\n\n\n\n<p>21 marzo \u2013 474 contagios, 3 defunciones<\/p>\n\n\n\n<p>22 marzo \u2013 313 contagios, 3 defunciones<\/p>\n\n\n\n<p>23 marzo \u2013 401 contagios, 8 defunciones<\/p>\n\n\n\n<p>24 marzo \u2013 402 contagios, 6 defunciones<\/p>\n\n\n\n<p>25 marzo \u2013 389 contagios, 6 defunciones<\/p>\n\n\n\n<p>26 marzo \u2013 364 contagios, 3 defunciones<\/p>\n\n\n\n<p>27 marzo \u2013 250 contagios, 4 defunciones<\/p>\n\n\n\n<p>28 marzo \u2013 401 contagios, 2 defunciones<\/p>\n\n\n\n<p>29 marzo \u2013 199 contagios, 3 defunciones<\/p>\n\n\n\n<p>30 marzo \u2013 202 contagios, 10 defunciones<\/p>\n\n\n\n<p>31 marzo \u2013 343 contagios, 8 defunciones<\/p>\n\n\n\n<p>1 abril \u2013 469 contagios, 5 defunciones<\/p>\n\n\n\n<p>2 abril \u2013 585 contagios, 4 defunciones<\/p>\n\n\n\n<p>3 abril \u2013 355 contagios, 7 defunciones<\/p>\n\n\n\n<p>4 abril \u2013 159 contagios, 5 defunciones<\/p>\n\n\n\n<p>5 abril \u2013 140 contagios, 5 defunciones<\/p>\n\n\n\n<p>6 abril \u2013 168 contagios, 4 defunciones<\/p>\n\n\n\n<p>7 abril \u2013 334 contagios, 14 defunciones<\/p>\n\n\n\n<p>8 abril \u2013 1,094 contagios, 9 defunciones<\/p>\n\n\n\n<p>9 abril \u2013 532 contagios, 4 defunciones<\/p>\n\n\n\n<p>10 abril \u2013 623 contagios, 3 defunciones<\/p>\n\n\n\n<p>11 abril \u2013 512 contagios, 3 defunciones<\/p>\n\n\n\n<p>12 abril \u2013 341 contagios, 4 defunciones<\/p>\n\n\n\n<p>13 abril \u2013 598 contagios, 5 defunciones<\/p>\n\n\n\n<p>14 abril \u2013 623 contagios, 5 defunciones<\/p>\n\n\n\n<p>15 abril \u2013 379 contagios, 3 defunciones<\/p>\n","protected":false},"excerpt":{"rendered":"<p>SANTO DOMINGO.- Rep\u00fablica Dominicana sum\u00f3 3 muertes m\u00e1s y 379 nuevos contagios de covid-19 en el \u00faltimo d\u00eda, seg\u00fan los datos del bolet\u00edn del Ministerio de Salud P\u00fablica divulgado este jueves. Actualmente, 38,621 personas tienen el virus, 531 de ellas est\u00e1n hospitalizadas, para una tasa de ocupaci\u00f3n del 22%, mientras que 156 pacientes son atendidos [&hellip;]<\/p>\n","protected":false},"author":1,"featured_media":4050,"comment_status":"open","ping_status":"open","sticky":false,"template":"","format":"standard","meta":{"nf_dc_page":"","jetpack_post_was_ever_published":false,"_jetpack_newsletter_access":"","_jetpack_dont_email_post_to_subs":false,"_jetpack_newsletter_tier_id":0,"_jetpack_memberships_contains_paywalled_content":false,"_jetpack_memberships_contains_paid_content":false,"footnotes":"","jetpack_publicize_message":"","jetpack_publicize_feature_enabled":true,"jetpack_social_post_already_shared":false,"jetpack_social_options":{"image_generator_settings":{"template":"highway","default_image_id":0,"font":"","enabled":false},"version":2}},"categories":[67],"tags":[],"class_list":["post-4049","post","type-post","status-publish","format-standard","has-post-thumbnail","hentry","category-salud"],"yoast_head":"<!-- This site is optimized with the Yoast SEO plugin v27.5 - https:\/\/yoast.com\/product\/yoast-seo-wordpress\/ -->\n<title>R.Dominicana suma 3 muertes y 379 nuevos contagios en \u00faltimas 24 horas - Minuto Cero RD<\/title>\n<meta name=\"robots\" content=\"index, follow, max-snippet:-1, max-image-preview:large, max-video-preview:-1\" \/>\n<link rel=\"canonical\" href=\"http:\/\/minutocerord.com\/?p=4049\" \/>\n<meta property=\"og:locale\" content=\"es_ES\" \/>\n<meta property=\"og:type\" content=\"article\" \/>\n<meta property=\"og:title\" content=\"R.Dominicana suma 3 muertes y 379 nuevos contagios en \u00faltimas 24 horas - Minuto Cero RD\" \/>\n<meta property=\"og:description\" content=\"SANTO DOMINGO.- Rep\u00fablica Dominicana sum\u00f3 3 muertes m\u00e1s y 379 nuevos contagios de covid-19 en el \u00faltimo d\u00eda, seg\u00fan los datos del bolet\u00edn del Ministerio de Salud P\u00fablica divulgado este jueves. Actualmente, 38,621 personas tienen el virus, 531 de ellas est\u00e1n hospitalizadas, para una tasa de ocupaci\u00f3n del 22%, mientras que 156 pacientes son atendidos [&hellip;]\" \/>\n<meta property=\"og:url\" content=\"http:\/\/minutocerord.com\/?p=4049\" \/>\n<meta property=\"og:site_name\" content=\"Minuto Cero RD\" \/>\n<meta property=\"article:publisher\" content=\"https:\/\/www.facebook.com\/Genofnotes\" \/>\n<meta property=\"article:author\" content=\"https:\/\/www.facebook.com\/Genofnotes\" \/>\n<meta property=\"article:published_time\" content=\"2021-04-15T14:57:44+00:00\" \/>\n<meta property=\"article:modified_time\" content=\"2021-04-15T14:57:50+00:00\" \/>\n<meta property=\"og:image\" content=\"https:\/\/i0.wp.com\/minutocerord.com\/wp-content\/uploads\/2021\/04\/brasil-11-jun-696x457-1.jpg?fit=696%2C457\" \/>\n\t<meta property=\"og:image:width\" content=\"696\" \/>\n\t<meta property=\"og:image:height\" content=\"457\" \/>\n\t<meta property=\"og:image:type\" content=\"image\/jpeg\" \/>\n<meta name=\"author\" content=\"Genof\u00f3ntes Urb\u00e1ez\" \/>\n<meta name=\"twitter:card\" content=\"summary_large_image\" \/>\n<meta name=\"twitter:label1\" content=\"Written by\" \/>\n\t<meta name=\"twitter:data1\" content=\"Genof\u00f3ntes Urb\u00e1ez\" \/>\n\t<meta name=\"twitter:label2\" content=\"Est. reading time\" \/>\n\t<meta name=\"twitter:data2\" content=\"3 minutos\" \/>\n<script type=\"application\/ld+json\" class=\"yoast-schema-graph\">{\"@context\":\"https:\\\/\\\/schema.org\",\"@graph\":[{\"@type\":\"Article\",\"@id\":\"http:\\\/\\\/minutocerord.com\\\/?p=4049#article\",\"isPartOf\":{\"@id\":\"http:\\\/\\\/minutocerord.com\\\/?p=4049\"},\"author\":{\"name\":\"Genof\u00f3ntes Urb\u00e1ez\",\"@id\":\"https:\\\/\\\/minutocerord.com\\\/#\\\/schema\\\/person\\\/60b5372d60aaa0a5171fb6488be9aee6\"},\"headline\":\"R.Dominicana suma 3 muertes y 379 nuevos contagios en \u00faltimas 24 horas\",\"datePublished\":\"2021-04-15T14:57:44+00:00\",\"dateModified\":\"2021-04-15T14:57:50+00:00\",\"mainEntityOfPage\":{\"@id\":\"http:\\\/\\\/minutocerord.com\\\/?p=4049\"},\"wordCount\":320,\"commentCount\":0,\"publisher\":{\"@id\":\"https:\\\/\\\/minutocerord.com\\\/#\\\/schema\\\/person\\\/60b5372d60aaa0a5171fb6488be9aee6\"},\"image\":{\"@id\":\"http:\\\/\\\/minutocerord.com\\\/?p=4049#primaryimage\"},\"thumbnailUrl\":\"https:\\\/\\\/i0.wp.com\\\/minutocerord.com\\\/wp-content\\\/uploads\\\/2021\\\/04\\\/brasil-11-jun-696x457-1.jpg?fit=696%2C457&ssl=1\",\"articleSection\":[\"Salud\"],\"inLanguage\":\"es-DO\",\"potentialAction\":[{\"@type\":\"CommentAction\",\"name\":\"Comment\",\"target\":[\"http:\\\/\\\/minutocerord.com\\\/?p=4049#respond\"]}]},{\"@type\":\"WebPage\",\"@id\":\"http:\\\/\\\/minutocerord.com\\\/?p=4049\",\"url\":\"http:\\\/\\\/minutocerord.com\\\/?p=4049\",\"name\":\"R.Dominicana suma 3 muertes y 379 nuevos contagios en \u00faltimas 24 horas - Minuto Cero RD\",\"isPartOf\":{\"@id\":\"https:\\\/\\\/minutocerord.com\\\/#website\"},\"primaryImageOfPage\":{\"@id\":\"http:\\\/\\\/minutocerord.com\\\/?p=4049#primaryimage\"},\"image\":{\"@id\":\"http:\\\/\\\/minutocerord.com\\\/?p=4049#primaryimage\"},\"thumbnailUrl\":\"https:\\\/\\\/i0.wp.com\\\/minutocerord.com\\\/wp-content\\\/uploads\\\/2021\\\/04\\\/brasil-11-jun-696x457-1.jpg?fit=696%2C457&ssl=1\",\"datePublished\":\"2021-04-15T14:57:44+00:00\",\"dateModified\":\"2021-04-15T14:57:50+00:00\",\"breadcrumb\":{\"@id\":\"http:\\\/\\\/minutocerord.com\\\/?p=4049#breadcrumb\"},\"inLanguage\":\"es-DO\",\"potentialAction\":[{\"@type\":\"ReadAction\",\"target\":[\"http:\\\/\\\/minutocerord.com\\\/?p=4049\"]}]},{\"@type\":\"ImageObject\",\"inLanguage\":\"es-DO\",\"@id\":\"http:\\\/\\\/minutocerord.com\\\/?p=4049#primaryimage\",\"url\":\"https:\\\/\\\/i0.wp.com\\\/minutocerord.com\\\/wp-content\\\/uploads\\\/2021\\\/04\\\/brasil-11-jun-696x457-1.jpg?fit=696%2C457&ssl=1\",\"contentUrl\":\"https:\\\/\\\/i0.wp.com\\\/minutocerord.com\\\/wp-content\\\/uploads\\\/2021\\\/04\\\/brasil-11-jun-696x457-1.jpg?fit=696%2C457&ssl=1\",\"width\":696,\"height\":457},{\"@type\":\"BreadcrumbList\",\"@id\":\"http:\\\/\\\/minutocerord.com\\\/?p=4049#breadcrumb\",\"itemListElement\":[{\"@type\":\"ListItem\",\"position\":1,\"name\":\"Home\",\"item\":\"https:\\\/\\\/minutocerord.com\\\/\"},{\"@type\":\"ListItem\",\"position\":2,\"name\":\"R.Dominicana suma 3 muertes y 379 nuevos contagios en \u00faltimas 24 horas\"}]},{\"@type\":\"WebSite\",\"@id\":\"https:\\\/\\\/minutocerord.com\\\/#website\",\"url\":\"https:\\\/\\\/minutocerord.com\\\/\",\"name\":\"Minuto Cero RD\",\"description\":\"Periodismo serio y veraz\",\"publisher\":{\"@id\":\"https:\\\/\\\/minutocerord.com\\\/#\\\/schema\\\/person\\\/60b5372d60aaa0a5171fb6488be9aee6\"},\"potentialAction\":[{\"@type\":\"SearchAction\",\"target\":{\"@type\":\"EntryPoint\",\"urlTemplate\":\"https:\\\/\\\/minutocerord.com\\\/?s={search_term_string}\"},\"query-input\":{\"@type\":\"PropertyValueSpecification\",\"valueRequired\":true,\"valueName\":\"search_term_string\"}}],\"inLanguage\":\"es-DO\"},{\"@type\":[\"Person\",\"Organization\"],\"@id\":\"https:\\\/\\\/minutocerord.com\\\/#\\\/schema\\\/person\\\/60b5372d60aaa0a5171fb6488be9aee6\",\"name\":\"Genof\u00f3ntes Urb\u00e1ez\",\"image\":{\"@type\":\"ImageObject\",\"inLanguage\":\"es-DO\",\"@id\":\"https:\\\/\\\/secure.gravatar.com\\\/avatar\\\/a49ef3186a692098ac3e8a1612261e3ad70cf9e44553dff2929e67939a0ecb9d?s=96&d=identicon&r=g\",\"url\":\"https:\\\/\\\/secure.gravatar.com\\\/avatar\\\/a49ef3186a692098ac3e8a1612261e3ad70cf9e44553dff2929e67939a0ecb9d?s=96&d=identicon&r=g\",\"contentUrl\":\"https:\\\/\\\/secure.gravatar.com\\\/avatar\\\/a49ef3186a692098ac3e8a1612261e3ad70cf9e44553dff2929e67939a0ecb9d?s=96&d=identicon&r=g\",\"caption\":\"Genof\u00f3ntes Urb\u00e1ez\"},\"logo\":{\"@id\":\"https:\\\/\\\/secure.gravatar.com\\\/avatar\\\/a49ef3186a692098ac3e8a1612261e3ad70cf9e44553dff2929e67939a0ecb9d?s=96&d=identicon&r=g\"},\"description\":\"Periodista \\\/ Locutor\",\"sameAs\":[\"https:\\\/\\\/www.facebook.com\\\/Genofnotes\",\"https:\\\/\\\/www.instagram.com\\\/genofnotes\\\/\"]}]}<\/script>\n<!-- \/ Yoast SEO plugin. -->","yoast_head_json":{"title":"R.Dominicana suma 3 muertes y 379 nuevos contagios en \u00faltimas 24 horas - Minuto Cero RD","robots":{"index":"index","follow":"follow","max-snippet":"max-snippet:-1","max-image-preview":"max-image-preview:large","max-video-preview":"max-video-preview:-1"},"canonical":"http:\/\/minutocerord.com\/?p=4049","og_locale":"es_ES","og_type":"article","og_title":"R.Dominicana suma 3 muertes y 379 nuevos contagios en \u00faltimas 24 horas - Minuto Cero RD","og_description":"SANTO DOMINGO.- Rep\u00fablica Dominicana sum\u00f3 3 muertes m\u00e1s y 379 nuevos contagios de covid-19 en el \u00faltimo d\u00eda, seg\u00fan los datos del bolet\u00edn del Ministerio de Salud P\u00fablica divulgado este jueves. Actualmente, 38,621 personas tienen el virus, 531 de ellas est\u00e1n hospitalizadas, para una tasa de ocupaci\u00f3n del 22%, mientras que 156 pacientes son atendidos [&hellip;]","og_url":"http:\/\/minutocerord.com\/?p=4049","og_site_name":"Minuto Cero RD","article_publisher":"https:\/\/www.facebook.com\/Genofnotes","article_author":"https:\/\/www.facebook.com\/Genofnotes","article_published_time":"2021-04-15T14:57:44+00:00","article_modified_time":"2021-04-15T14:57:50+00:00","og_image":[{"width":696,"height":457,"url":"https:\/\/i0.wp.com\/minutocerord.com\/wp-content\/uploads\/2021\/04\/brasil-11-jun-696x457-1.jpg?fit=696%2C457","type":"image\/jpeg"}],"author":"Genof\u00f3ntes Urb\u00e1ez","twitter_card":"summary_large_image","twitter_misc":{"Written by":"Genof\u00f3ntes Urb\u00e1ez","Est. reading time":"3 minutos"},"schema":{"@context":"https:\/\/schema.org","@graph":[{"@type":"Article","@id":"http:\/\/minutocerord.com\/?p=4049#article","isPartOf":{"@id":"http:\/\/minutocerord.com\/?p=4049"},"author":{"name":"Genof\u00f3ntes Urb\u00e1ez","@id":"https:\/\/minutocerord.com\/#\/schema\/person\/60b5372d60aaa0a5171fb6488be9aee6"},"headline":"R.Dominicana suma 3 muertes y 379 nuevos contagios en \u00faltimas 24 horas","datePublished":"2021-04-15T14:57:44+00:00","dateModified":"2021-04-15T14:57:50+00:00","mainEntityOfPage":{"@id":"http:\/\/minutocerord.com\/?p=4049"},"wordCount":320,"commentCount":0,"publisher":{"@id":"https:\/\/minutocerord.com\/#\/schema\/person\/60b5372d60aaa0a5171fb6488be9aee6"},"image":{"@id":"http:\/\/minutocerord.com\/?p=4049#primaryimage"},"thumbnailUrl":"https:\/\/i0.wp.com\/minutocerord.com\/wp-content\/uploads\/2021\/04\/brasil-11-jun-696x457-1.jpg?fit=696%2C457&ssl=1","articleSection":["Salud"],"inLanguage":"es-DO","potentialAction":[{"@type":"CommentAction","name":"Comment","target":["http:\/\/minutocerord.com\/?p=4049#respond"]}]},{"@type":"WebPage","@id":"http:\/\/minutocerord.com\/?p=4049","url":"http:\/\/minutocerord.com\/?p=4049","name":"R.Dominicana suma 3 muertes y 379 nuevos contagios en \u00faltimas 24 horas - Minuto Cero RD","isPartOf":{"@id":"https:\/\/minutocerord.com\/#website"},"primaryImageOfPage":{"@id":"http:\/\/minutocerord.com\/?p=4049#primaryimage"},"image":{"@id":"http:\/\/minutocerord.com\/?p=4049#primaryimage"},"thumbnailUrl":"https:\/\/i0.wp.com\/minutocerord.com\/wp-content\/uploads\/2021\/04\/brasil-11-jun-696x457-1.jpg?fit=696%2C457&ssl=1","datePublished":"2021-04-15T14:57:44+00:00","dateModified":"2021-04-15T14:57:50+00:00","breadcrumb":{"@id":"http:\/\/minutocerord.com\/?p=4049#breadcrumb"},"inLanguage":"es-DO","potentialAction":[{"@type":"ReadAction","target":["http:\/\/minutocerord.com\/?p=4049"]}]},{"@type":"ImageObject","inLanguage":"es-DO","@id":"http:\/\/minutocerord.com\/?p=4049#primaryimage","url":"https:\/\/i0.wp.com\/minutocerord.com\/wp-content\/uploads\/2021\/04\/brasil-11-jun-696x457-1.jpg?fit=696%2C457&ssl=1","contentUrl":"https:\/\/i0.wp.com\/minutocerord.com\/wp-content\/uploads\/2021\/04\/brasil-11-jun-696x457-1.jpg?fit=696%2C457&ssl=1","width":696,"height":457},{"@type":"BreadcrumbList","@id":"http:\/\/minutocerord.com\/?p=4049#breadcrumb","itemListElement":[{"@type":"ListItem","position":1,"name":"Home","item":"https:\/\/minutocerord.com\/"},{"@type":"ListItem","position":2,"name":"R.Dominicana suma 3 muertes y 379 nuevos contagios en \u00faltimas 24 horas"}]},{"@type":"WebSite","@id":"https:\/\/minutocerord.com\/#website","url":"https:\/\/minutocerord.com\/","name":"Minuto Cero RD","description":"Periodismo serio y veraz","publisher":{"@id":"https:\/\/minutocerord.com\/#\/schema\/person\/60b5372d60aaa0a5171fb6488be9aee6"},"potentialAction":[{"@type":"SearchAction","target":{"@type":"EntryPoint","urlTemplate":"https:\/\/minutocerord.com\/?s={search_term_string}"},"query-input":{"@type":"PropertyValueSpecification","valueRequired":true,"valueName":"search_term_string"}}],"inLanguage":"es-DO"},{"@type":["Person","Organization"],"@id":"https:\/\/minutocerord.com\/#\/schema\/person\/60b5372d60aaa0a5171fb6488be9aee6","name":"Genof\u00f3ntes Urb\u00e1ez","image":{"@type":"ImageObject","inLanguage":"es-DO","@id":"https:\/\/secure.gravatar.com\/avatar\/a49ef3186a692098ac3e8a1612261e3ad70cf9e44553dff2929e67939a0ecb9d?s=96&d=identicon&r=g","url":"https:\/\/secure.gravatar.com\/avatar\/a49ef3186a692098ac3e8a1612261e3ad70cf9e44553dff2929e67939a0ecb9d?s=96&d=identicon&r=g","contentUrl":"https:\/\/secure.gravatar.com\/avatar\/a49ef3186a692098ac3e8a1612261e3ad70cf9e44553dff2929e67939a0ecb9d?s=96&d=identicon&r=g","caption":"Genof\u00f3ntes Urb\u00e1ez"},"logo":{"@id":"https:\/\/secure.gravatar.com\/avatar\/a49ef3186a692098ac3e8a1612261e3ad70cf9e44553dff2929e67939a0ecb9d?s=96&d=identicon&r=g"},"description":"Periodista \/ Locutor","sameAs":["https:\/\/www.facebook.com\/Genofnotes","https:\/\/www.instagram.com\/genofnotes\/"]}]}},"jetpack_publicize_connections":[],"jetpack_featured_media_url":"https:\/\/i0.wp.com\/minutocerord.com\/wp-content\/uploads\/2021\/04\/brasil-11-jun-696x457-1.jpg?fit=696%2C457&ssl=1","jetpack-related-posts":[],"jetpack_sharing_enabled":true,"_links":{"self":[{"href":"https:\/\/minutocerord.com\/index.php?rest_route=\/wp\/v2\/posts\/4049","targetHints":{"allow":["GET"]}}],"collection":[{"href":"https:\/\/minutocerord.com\/index.php?rest_route=\/wp\/v2\/posts"}],"about":[{"href":"https:\/\/minutocerord.com\/index.php?rest_route=\/wp\/v2\/types\/post"}],"author":[{"embeddable":true,"href":"https:\/\/minutocerord.com\/index.php?rest_route=\/wp\/v2\/users\/1"}],"replies":[{"embeddable":true,"href":"https:\/\/minutocerord.com\/index.php?rest_route=%2Fwp%2Fv2%2Fcomments&post=4049"}],"version-history":[{"count":1,"href":"https:\/\/minutocerord.com\/index.php?rest_route=\/wp\/v2\/posts\/4049\/revisions"}],"predecessor-version":[{"id":4051,"href":"https:\/\/minutocerord.com\/index.php?rest_route=\/wp\/v2\/posts\/4049\/revisions\/4051"}],"wp:featuredmedia":[{"embeddable":true,"href":"https:\/\/minutocerord.com\/index.php?rest_route=\/wp\/v2\/media\/4050"}],"wp:attachment":[{"href":"https:\/\/minutocerord.com\/index.php?rest_route=%2Fwp%2Fv2%2Fmedia&parent=4049"}],"wp:term":[{"taxonomy":"category","embeddable":true,"href":"https:\/\/minutocerord.com\/index.php?rest_route=%2Fwp%2Fv2%2Fcategories&post=4049"},{"taxonomy":"post_tag","embeddable":true,"href":"https:\/\/minutocerord.com\/index.php?rest_route=%2Fwp%2Fv2%2Ftags&post=4049"}],"curies":[{"name":"wp","href":"https:\/\/api.w.org\/{rel}","templated":true}]}}