{"id":4052,"date":"2021-04-15T11:04:14","date_gmt":"2021-04-15T15:04:14","guid":{"rendered":"https:\/\/minutocerord.com\/?p=4052"},"modified":"2021-04-15T11:04:20","modified_gmt":"2021-04-15T15:04:20","slug":"interior-y-policia-ordena-a-exfuncionarios-y-particulares-devolver-armas-de-fuego-asignadas","status":"publish","type":"post","link":"https:\/\/minutocerord.com\/?p=4052","title":{"rendered":"Interior y Polic\u00eda ordena a exfuncionarios y particulares devolver armas de fuego asignadas"},"content":{"rendered":"\n<p>El Ministerio de Interior y Polic\u00eda orden\u00f3 hoy, mediante resoluci\u00f3n, a todos los exfuncionarios o exservidores p\u00fablicos, as\u00ed como a particulares que fueron beneficiados con la asignaci\u00f3n de armas de fuego, que procedan a su inmediata devoluci\u00f3n a la instituci\u00f3n, a trav\u00e9s del Departamento de Intendencia de Armas.<\/p>\n\n\n\n<p>Mediante la resoluci\u00f3n MIP-RR 0004-2021, inform\u00f3 tambi\u00e9n que a los funcionarios o servidores p\u00fablicos que le corresponde licencia oficial durante los 5 a\u00f1os, luego del cese de funciones deber\u00e1n solicitar la emisi\u00f3n de una nueva expedici\u00f3n de su licencia de porte y tenencia de armas sobre un arma de su propiedad, siempre que dicho plazo no haya llegado a su t\u00e9rmino.<\/p>\n\n\n\n<p>El Ministerio de Interior y Polic\u00eda inform\u00f3 que, en el caso de los particulares, transcurrido un periodo de 45 d\u00edas sin que no hubiere obtemperado a la entrega se solicitar\u00e1 la colaboraci\u00f3n del Ministerio P\u00fablico para la incautaci\u00f3n y sometimiento a la justicia por violaci\u00f3n a la ley 631-16, para el Control y Regulaci\u00f3n de Armas, Municiones y Materiales Relacionados.<\/p>\n\n\n\n<p>En una comunicaci\u00f3n de prensa, en donde se da a conocer la resoluci\u00f3n, no dice establece qu\u00e9 se har\u00e1 con los exfuncionarios que no se acojan al llamado.<\/p>\n\n\n\n<p>La resoluci\u00f3n, firmada por el ministro Jes\u00fas V\u00e1squez Mart\u00ednez, se\u00f1ala, adem\u00e1s, que toda persona que, en virtud de su cargo en la administraci\u00f3n p\u00fablica, ya cesado, le corresponde una licencia oficial ad vitam, deber\u00e1 solicitar la emisi\u00f3n de una nueva expedici\u00f3n de su licencia de porte y tenencia de armas sobre un arma de su propiedad.<\/p>\n\n\n\n<p>Agreg\u00f3 que, en caso de no tener una licencia de armas, deber\u00e1 solicitar una nueva asignaci\u00f3n a Interior y Polic\u00eda, el cual responder\u00e1 el requerimiento, atendiendo a las disposiciones de la Resoluci\u00f3n no. MIP-RR-0001-2021, del 18 de febrero de 2021.<\/p>\n\n\n\n<p>Interior y Polic\u00eda se\u00f1al\u00f3 que, en el caso de particulares, que, sin corresponderle por la realizaci\u00f3n de un servicio p\u00fablico, hubieren sido beneficiados con la asignaci\u00f3n de un arma de fuego, se les ordena la inmediata devoluci\u00f3n.<\/p>\n\n\n\n<p>La instituci\u00f3n, en ese sentido, instruy\u00f3 al Viceministerio de Control y Regulaci\u00f3n de Armas y Municiones, en coordinaci\u00f3n con las \u00e1reas correspondientes, actualizar el listado de las armas asignadas y las recuperadas.<\/p>\n\n\n\n<p>Asimismo, evaluar las armas recuperadas para fines de nuevas asignaciones de conformidad con la Ley No. 631-16, para el Control y Regulaci\u00f3n de Armas, Municiones y Materiales Relacionados y la Resoluci\u00f3n No. MIP-RR-0001-2021 del 18 de febrero de 2021.<\/p>\n","protected":false},"excerpt":{"rendered":"<p>El Ministerio de Interior y Polic\u00eda orden\u00f3 hoy, mediante resoluci\u00f3n, a todos los exfuncionarios o exservidores p\u00fablicos, as\u00ed como a particulares que fueron beneficiados con la asignaci\u00f3n de armas de fuego, que procedan a su inmediata devoluci\u00f3n a la instituci\u00f3n, a trav\u00e9s del Departamento de Intendencia de Armas. Mediante la resoluci\u00f3n MIP-RR 0004-2021, inform\u00f3 tambi\u00e9n [&hellip;]<\/p>\n","protected":false},"author":1,"featured_media":4053,"comment_status":"open","ping_status":"open","sticky":false,"template":"","format":"standard","meta":{"nf_dc_page":"","jetpack_post_was_ever_published":false,"_jetpack_newsletter_access":"","_jetpack_dont_email_post_to_subs":false,"_jetpack_newsletter_tier_id":0,"_jetpack_memberships_contains_paywalled_content":false,"_jetpack_memberships_contains_paid_content":false,"footnotes":"","jetpack_publicize_message":"","jetpack_publicize_feature_enabled":true,"jetpack_social_post_already_shared":false,"jetpack_social_options":{"image_generator_settings":{"template":"highway","default_image_id":0,"font":"","enabled":false},"version":2}},"categories":[65],"tags":[],"class_list":["post-4052","post","type-post","status-publish","format-standard","has-post-thumbnail","hentry","category-nacionales"],"yoast_head":"<!-- This site is optimized with the Yoast SEO plugin v27.5 - https:\/\/yoast.com\/product\/yoast-seo-wordpress\/ -->\n<title>Interior y Polic\u00eda ordena a exfuncionarios y particulares devolver armas de fuego asignadas - Minuto Cero RD<\/title>\n<meta name=\"robots\" content=\"index, follow, max-snippet:-1, max-image-preview:large, max-video-preview:-1\" \/>\n<link rel=\"canonical\" href=\"http:\/\/minutocerord.com\/?p=4052\" \/>\n<meta property=\"og:locale\" content=\"es_ES\" \/>\n<meta property=\"og:type\" content=\"article\" \/>\n<meta property=\"og:title\" content=\"Interior y Polic\u00eda ordena a exfuncionarios y particulares devolver armas de fuego asignadas - Minuto Cero RD\" \/>\n<meta property=\"og:description\" content=\"El Ministerio de Interior y Polic\u00eda orden\u00f3 hoy, mediante resoluci\u00f3n, a todos los exfuncionarios o exservidores p\u00fablicos, as\u00ed como a particulares que fueron beneficiados con la asignaci\u00f3n de armas de fuego, que procedan a su inmediata devoluci\u00f3n a la instituci\u00f3n, a trav\u00e9s del Departamento de Intendencia de Armas. Mediante la resoluci\u00f3n MIP-RR 0004-2021, inform\u00f3 tambi\u00e9n [&hellip;]\" \/>\n<meta property=\"og:url\" content=\"http:\/\/minutocerord.com\/?p=4052\" \/>\n<meta property=\"og:site_name\" content=\"Minuto Cero RD\" \/>\n<meta property=\"article:publisher\" content=\"https:\/\/www.facebook.com\/Genofnotes\" \/>\n<meta property=\"article:author\" content=\"https:\/\/www.facebook.com\/Genofnotes\" \/>\n<meta property=\"article:published_time\" content=\"2021-04-15T15:04:14+00:00\" \/>\n<meta property=\"article:modified_time\" content=\"2021-04-15T15:04:20+00:00\" \/>\n<meta property=\"og:image\" content=\"https:\/\/i0.wp.com\/minutocerord.com\/wp-content\/uploads\/2021\/04\/b15f7252-armas-de-fuego-603848c92117f.jpg?fit=900%2C600\" \/>\n\t<meta property=\"og:image:width\" content=\"900\" \/>\n\t<meta property=\"og:image:height\" content=\"600\" \/>\n\t<meta property=\"og:image:type\" content=\"image\/jpeg\" \/>\n<meta name=\"author\" content=\"Genof\u00f3ntes Urb\u00e1ez\" \/>\n<meta name=\"twitter:card\" content=\"summary_large_image\" \/>\n<meta name=\"twitter:label1\" content=\"Written by\" \/>\n\t<meta name=\"twitter:data1\" content=\"Genof\u00f3ntes Urb\u00e1ez\" \/>\n\t<meta name=\"twitter:label2\" content=\"Est. reading time\" \/>\n\t<meta name=\"twitter:data2\" content=\"2 minutos\" \/>\n<script type=\"application\/ld+json\" class=\"yoast-schema-graph\">{\"@context\":\"https:\\\/\\\/schema.org\",\"@graph\":[{\"@type\":\"Article\",\"@id\":\"http:\\\/\\\/minutocerord.com\\\/?p=4052#article\",\"isPartOf\":{\"@id\":\"http:\\\/\\\/minutocerord.com\\\/?p=4052\"},\"author\":{\"name\":\"Genof\u00f3ntes Urb\u00e1ez\",\"@id\":\"https:\\\/\\\/minutocerord.com\\\/#\\\/schema\\\/person\\\/60b5372d60aaa0a5171fb6488be9aee6\"},\"headline\":\"Interior y Polic\u00eda ordena a exfuncionarios y particulares devolver armas de fuego asignadas\",\"datePublished\":\"2021-04-15T15:04:14+00:00\",\"dateModified\":\"2021-04-15T15:04:20+00:00\",\"mainEntityOfPage\":{\"@id\":\"http:\\\/\\\/minutocerord.com\\\/?p=4052\"},\"wordCount\":459,\"commentCount\":0,\"publisher\":{\"@id\":\"https:\\\/\\\/minutocerord.com\\\/#\\\/schema\\\/person\\\/60b5372d60aaa0a5171fb6488be9aee6\"},\"image\":{\"@id\":\"http:\\\/\\\/minutocerord.com\\\/?p=4052#primaryimage\"},\"thumbnailUrl\":\"https:\\\/\\\/i0.wp.com\\\/minutocerord.com\\\/wp-content\\\/uploads\\\/2021\\\/04\\\/b15f7252-armas-de-fuego-603848c92117f.jpg?fit=900%2C600&ssl=1\",\"articleSection\":[\"Nacionales\"],\"inLanguage\":\"es-DO\",\"potentialAction\":[{\"@type\":\"CommentAction\",\"name\":\"Comment\",\"target\":[\"http:\\\/\\\/minutocerord.com\\\/?p=4052#respond\"]}]},{\"@type\":\"WebPage\",\"@id\":\"http:\\\/\\\/minutocerord.com\\\/?p=4052\",\"url\":\"http:\\\/\\\/minutocerord.com\\\/?p=4052\",\"name\":\"Interior y Polic\u00eda ordena a exfuncionarios y particulares devolver armas de fuego asignadas - Minuto Cero RD\",\"isPartOf\":{\"@id\":\"https:\\\/\\\/minutocerord.com\\\/#website\"},\"primaryImageOfPage\":{\"@id\":\"http:\\\/\\\/minutocerord.com\\\/?p=4052#primaryimage\"},\"image\":{\"@id\":\"http:\\\/\\\/minutocerord.com\\\/?p=4052#primaryimage\"},\"thumbnailUrl\":\"https:\\\/\\\/i0.wp.com\\\/minutocerord.com\\\/wp-content\\\/uploads\\\/2021\\\/04\\\/b15f7252-armas-de-fuego-603848c92117f.jpg?fit=900%2C600&ssl=1\",\"datePublished\":\"2021-04-15T15:04:14+00:00\",\"dateModified\":\"2021-04-15T15:04:20+00:00\",\"breadcrumb\":{\"@id\":\"http:\\\/\\\/minutocerord.com\\\/?p=4052#breadcrumb\"},\"inLanguage\":\"es-DO\",\"potentialAction\":[{\"@type\":\"ReadAction\",\"target\":[\"http:\\\/\\\/minutocerord.com\\\/?p=4052\"]}]},{\"@type\":\"ImageObject\",\"inLanguage\":\"es-DO\",\"@id\":\"http:\\\/\\\/minutocerord.com\\\/?p=4052#primaryimage\",\"url\":\"https:\\\/\\\/i0.wp.com\\\/minutocerord.com\\\/wp-content\\\/uploads\\\/2021\\\/04\\\/b15f7252-armas-de-fuego-603848c92117f.jpg?fit=900%2C600&ssl=1\",\"contentUrl\":\"https:\\\/\\\/i0.wp.com\\\/minutocerord.com\\\/wp-content\\\/uploads\\\/2021\\\/04\\\/b15f7252-armas-de-fuego-603848c92117f.jpg?fit=900%2C600&ssl=1\",\"width\":900,\"height\":600},{\"@type\":\"BreadcrumbList\",\"@id\":\"http:\\\/\\\/minutocerord.com\\\/?p=4052#breadcrumb\",\"itemListElement\":[{\"@type\":\"ListItem\",\"position\":1,\"name\":\"Home\",\"item\":\"https:\\\/\\\/minutocerord.com\\\/\"},{\"@type\":\"ListItem\",\"position\":2,\"name\":\"Interior y Polic\u00eda ordena a exfuncionarios y particulares devolver armas de fuego asignadas\"}]},{\"@type\":\"WebSite\",\"@id\":\"https:\\\/\\\/minutocerord.com\\\/#website\",\"url\":\"https:\\\/\\\/minutocerord.com\\\/\",\"name\":\"Minuto Cero RD\",\"description\":\"Periodismo serio y veraz\",\"publisher\":{\"@id\":\"https:\\\/\\\/minutocerord.com\\\/#\\\/schema\\\/person\\\/60b5372d60aaa0a5171fb6488be9aee6\"},\"potentialAction\":[{\"@type\":\"SearchAction\",\"target\":{\"@type\":\"EntryPoint\",\"urlTemplate\":\"https:\\\/\\\/minutocerord.com\\\/?s={search_term_string}\"},\"query-input\":{\"@type\":\"PropertyValueSpecification\",\"valueRequired\":true,\"valueName\":\"search_term_string\"}}],\"inLanguage\":\"es-DO\"},{\"@type\":[\"Person\",\"Organization\"],\"@id\":\"https:\\\/\\\/minutocerord.com\\\/#\\\/schema\\\/person\\\/60b5372d60aaa0a5171fb6488be9aee6\",\"name\":\"Genof\u00f3ntes Urb\u00e1ez\",\"image\":{\"@type\":\"ImageObject\",\"inLanguage\":\"es-DO\",\"@id\":\"https:\\\/\\\/secure.gravatar.com\\\/avatar\\\/a49ef3186a692098ac3e8a1612261e3ad70cf9e44553dff2929e67939a0ecb9d?s=96&d=identicon&r=g\",\"url\":\"https:\\\/\\\/secure.gravatar.com\\\/avatar\\\/a49ef3186a692098ac3e8a1612261e3ad70cf9e44553dff2929e67939a0ecb9d?s=96&d=identicon&r=g\",\"contentUrl\":\"https:\\\/\\\/secure.gravatar.com\\\/avatar\\\/a49ef3186a692098ac3e8a1612261e3ad70cf9e44553dff2929e67939a0ecb9d?s=96&d=identicon&r=g\",\"caption\":\"Genof\u00f3ntes Urb\u00e1ez\"},\"logo\":{\"@id\":\"https:\\\/\\\/secure.gravatar.com\\\/avatar\\\/a49ef3186a692098ac3e8a1612261e3ad70cf9e44553dff2929e67939a0ecb9d?s=96&d=identicon&r=g\"},\"description\":\"Periodista \\\/ Locutor\",\"sameAs\":[\"https:\\\/\\\/www.facebook.com\\\/Genofnotes\",\"https:\\\/\\\/www.instagram.com\\\/genofnotes\\\/\"]}]}<\/script>\n<!-- \/ Yoast SEO plugin. -->","yoast_head_json":{"title":"Interior y Polic\u00eda ordena a exfuncionarios y particulares devolver armas de fuego asignadas - Minuto Cero RD","robots":{"index":"index","follow":"follow","max-snippet":"max-snippet:-1","max-image-preview":"max-image-preview:large","max-video-preview":"max-video-preview:-1"},"canonical":"http:\/\/minutocerord.com\/?p=4052","og_locale":"es_ES","og_type":"article","og_title":"Interior y Polic\u00eda ordena a exfuncionarios y particulares devolver armas de fuego asignadas - Minuto Cero RD","og_description":"El Ministerio de Interior y Polic\u00eda orden\u00f3 hoy, mediante resoluci\u00f3n, a todos los exfuncionarios o exservidores p\u00fablicos, as\u00ed como a particulares que fueron beneficiados con la asignaci\u00f3n de armas de fuego, que procedan a su inmediata devoluci\u00f3n a la instituci\u00f3n, a trav\u00e9s del Departamento de Intendencia de Armas. Mediante la resoluci\u00f3n MIP-RR 0004-2021, inform\u00f3 tambi\u00e9n [&hellip;]","og_url":"http:\/\/minutocerord.com\/?p=4052","og_site_name":"Minuto Cero RD","article_publisher":"https:\/\/www.facebook.com\/Genofnotes","article_author":"https:\/\/www.facebook.com\/Genofnotes","article_published_time":"2021-04-15T15:04:14+00:00","article_modified_time":"2021-04-15T15:04:20+00:00","og_image":[{"width":900,"height":600,"url":"https:\/\/i0.wp.com\/minutocerord.com\/wp-content\/uploads\/2021\/04\/b15f7252-armas-de-fuego-603848c92117f.jpg?fit=900%2C600","type":"image\/jpeg"}],"author":"Genof\u00f3ntes Urb\u00e1ez","twitter_card":"summary_large_image","twitter_misc":{"Written by":"Genof\u00f3ntes Urb\u00e1ez","Est. reading time":"2 minutos"},"schema":{"@context":"https:\/\/schema.org","@graph":[{"@type":"Article","@id":"http:\/\/minutocerord.com\/?p=4052#article","isPartOf":{"@id":"http:\/\/minutocerord.com\/?p=4052"},"author":{"name":"Genof\u00f3ntes Urb\u00e1ez","@id":"https:\/\/minutocerord.com\/#\/schema\/person\/60b5372d60aaa0a5171fb6488be9aee6"},"headline":"Interior y Polic\u00eda ordena a exfuncionarios y particulares devolver armas de fuego asignadas","datePublished":"2021-04-15T15:04:14+00:00","dateModified":"2021-04-15T15:04:20+00:00","mainEntityOfPage":{"@id":"http:\/\/minutocerord.com\/?p=4052"},"wordCount":459,"commentCount":0,"publisher":{"@id":"https:\/\/minutocerord.com\/#\/schema\/person\/60b5372d60aaa0a5171fb6488be9aee6"},"image":{"@id":"http:\/\/minutocerord.com\/?p=4052#primaryimage"},"thumbnailUrl":"https:\/\/i0.wp.com\/minutocerord.com\/wp-content\/uploads\/2021\/04\/b15f7252-armas-de-fuego-603848c92117f.jpg?fit=900%2C600&ssl=1","articleSection":["Nacionales"],"inLanguage":"es-DO","potentialAction":[{"@type":"CommentAction","name":"Comment","target":["http:\/\/minutocerord.com\/?p=4052#respond"]}]},{"@type":"WebPage","@id":"http:\/\/minutocerord.com\/?p=4052","url":"http:\/\/minutocerord.com\/?p=4052","name":"Interior y Polic\u00eda ordena a exfuncionarios y particulares devolver armas de fuego asignadas - Minuto Cero RD","isPartOf":{"@id":"https:\/\/minutocerord.com\/#website"},"primaryImageOfPage":{"@id":"http:\/\/minutocerord.com\/?p=4052#primaryimage"},"image":{"@id":"http:\/\/minutocerord.com\/?p=4052#primaryimage"},"thumbnailUrl":"https:\/\/i0.wp.com\/minutocerord.com\/wp-content\/uploads\/2021\/04\/b15f7252-armas-de-fuego-603848c92117f.jpg?fit=900%2C600&ssl=1","datePublished":"2021-04-15T15:04:14+00:00","dateModified":"2021-04-15T15:04:20+00:00","breadcrumb":{"@id":"http:\/\/minutocerord.com\/?p=4052#breadcrumb"},"inLanguage":"es-DO","potentialAction":[{"@type":"ReadAction","target":["http:\/\/minutocerord.com\/?p=4052"]}]},{"@type":"ImageObject","inLanguage":"es-DO","@id":"http:\/\/minutocerord.com\/?p=4052#primaryimage","url":"https:\/\/i0.wp.com\/minutocerord.com\/wp-content\/uploads\/2021\/04\/b15f7252-armas-de-fuego-603848c92117f.jpg?fit=900%2C600&ssl=1","contentUrl":"https:\/\/i0.wp.com\/minutocerord.com\/wp-content\/uploads\/2021\/04\/b15f7252-armas-de-fuego-603848c92117f.jpg?fit=900%2C600&ssl=1","width":900,"height":600},{"@type":"BreadcrumbList","@id":"http:\/\/minutocerord.com\/?p=4052#breadcrumb","itemListElement":[{"@type":"ListItem","position":1,"name":"Home","item":"https:\/\/minutocerord.com\/"},{"@type":"ListItem","position":2,"name":"Interior y Polic\u00eda ordena a exfuncionarios y particulares devolver armas de fuego asignadas"}]},{"@type":"WebSite","@id":"https:\/\/minutocerord.com\/#website","url":"https:\/\/minutocerord.com\/","name":"Minuto Cero RD","description":"Periodismo serio y veraz","publisher":{"@id":"https:\/\/minutocerord.com\/#\/schema\/person\/60b5372d60aaa0a5171fb6488be9aee6"},"potentialAction":[{"@type":"SearchAction","target":{"@type":"EntryPoint","urlTemplate":"https:\/\/minutocerord.com\/?s={search_term_string}"},"query-input":{"@type":"PropertyValueSpecification","valueRequired":true,"valueName":"search_term_string"}}],"inLanguage":"es-DO"},{"@type":["Person","Organization"],"@id":"https:\/\/minutocerord.com\/#\/schema\/person\/60b5372d60aaa0a5171fb6488be9aee6","name":"Genof\u00f3ntes Urb\u00e1ez","image":{"@type":"ImageObject","inLanguage":"es-DO","@id":"https:\/\/secure.gravatar.com\/avatar\/a49ef3186a692098ac3e8a1612261e3ad70cf9e44553dff2929e67939a0ecb9d?s=96&d=identicon&r=g","url":"https:\/\/secure.gravatar.com\/avatar\/a49ef3186a692098ac3e8a1612261e3ad70cf9e44553dff2929e67939a0ecb9d?s=96&d=identicon&r=g","contentUrl":"https:\/\/secure.gravatar.com\/avatar\/a49ef3186a692098ac3e8a1612261e3ad70cf9e44553dff2929e67939a0ecb9d?s=96&d=identicon&r=g","caption":"Genof\u00f3ntes Urb\u00e1ez"},"logo":{"@id":"https:\/\/secure.gravatar.com\/avatar\/a49ef3186a692098ac3e8a1612261e3ad70cf9e44553dff2929e67939a0ecb9d?s=96&d=identicon&r=g"},"description":"Periodista \/ Locutor","sameAs":["https:\/\/www.facebook.com\/Genofnotes","https:\/\/www.instagram.com\/genofnotes\/"]}]}},"jetpack_publicize_connections":[],"jetpack_featured_media_url":"https:\/\/i0.wp.com\/minutocerord.com\/wp-content\/uploads\/2021\/04\/b15f7252-armas-de-fuego-603848c92117f.jpg?fit=900%2C600&ssl=1","jetpack-related-posts":[],"jetpack_sharing_enabled":true,"_links":{"self":[{"href":"https:\/\/minutocerord.com\/index.php?rest_route=\/wp\/v2\/posts\/4052","targetHints":{"allow":["GET"]}}],"collection":[{"href":"https:\/\/minutocerord.com\/index.php?rest_route=\/wp\/v2\/posts"}],"about":[{"href":"https:\/\/minutocerord.com\/index.php?rest_route=\/wp\/v2\/types\/post"}],"author":[{"embeddable":true,"href":"https:\/\/minutocerord.com\/index.php?rest_route=\/wp\/v2\/users\/1"}],"replies":[{"embeddable":true,"href":"https:\/\/minutocerord.com\/index.php?rest_route=%2Fwp%2Fv2%2Fcomments&post=4052"}],"version-history":[{"count":1,"href":"https:\/\/minutocerord.com\/index.php?rest_route=\/wp\/v2\/posts\/4052\/revisions"}],"predecessor-version":[{"id":4054,"href":"https:\/\/minutocerord.com\/index.php?rest_route=\/wp\/v2\/posts\/4052\/revisions\/4054"}],"wp:featuredmedia":[{"embeddable":true,"href":"https:\/\/minutocerord.com\/index.php?rest_route=\/wp\/v2\/media\/4053"}],"wp:attachment":[{"href":"https:\/\/minutocerord.com\/index.php?rest_route=%2Fwp%2Fv2%2Fmedia&parent=4052"}],"wp:term":[{"taxonomy":"category","embeddable":true,"href":"https:\/\/minutocerord.com\/index.php?rest_route=%2Fwp%2Fv2%2Fcategories&post=4052"},{"taxonomy":"post_tag","embeddable":true,"href":"https:\/\/minutocerord.com\/index.php?rest_route=%2Fwp%2Fv2%2Ftags&post=4052"}],"curies":[{"name":"wp","href":"https:\/\/api.w.org\/{rel}","templated":true}]}}