{"id":4058,"date":"2021-04-16T08:07:31","date_gmt":"2021-04-16T12:07:31","guid":{"rendered":"https:\/\/minutocerord.com\/?p=4058"},"modified":"2021-04-16T08:07:41","modified_gmt":"2021-04-16T12:07:41","slug":"poder-ejecutivo-prorroga-el-estado-de-emergencia-por-otros-45-dias-en-la-rd","status":"publish","type":"post","link":"https:\/\/minutocerord.com\/?p=4058","title":{"rendered":"Poder Ejecutivo prorroga el estado de emergencia por otros 45 d\u00edas en la RD"},"content":{"rendered":"\n<p>SANTO DOMINGO.- El Poder Ejecutivo prorrog\u00f3 este jueves por otros 45 d\u00edas el estado de emergencia declarado en la Rep\u00fablica Dominicana para combatir la COVId-19.<\/p>\n\n\n\n<p>La decisi\u00f3n en este sentido est\u00e1 contenida en un decreto emitido por el presidente Luis Abinader, el cual se\u00f1ala que la pr\u00f3rroga comienza a regir este 16 de abril.<\/p>\n\n\n\n<p>La continuaci\u00f3n del estado de emergencia fue autorizada recientemente por el Congreso Nacional.<\/p>\n","protected":false},"excerpt":{"rendered":"<p>SANTO DOMINGO.- El Poder Ejecutivo prorrog\u00f3 este jueves por otros 45 d\u00edas el estado de emergencia declarado en la Rep\u00fablica Dominicana para combatir la COVId-19. La decisi\u00f3n en este sentido est\u00e1 contenida en un decreto emitido por el presidente Luis Abinader, el cual se\u00f1ala que la pr\u00f3rroga comienza a regir este 16 de abril. La [&hellip;]<\/p>\n","protected":false},"author":1,"featured_media":4059,"comment_status":"open","ping_status":"open","sticky":false,"template":"","format":"standard","meta":{"nf_dc_page":"","jetpack_post_was_ever_published":false,"_jetpack_newsletter_access":"","_jetpack_dont_email_post_to_subs":false,"_jetpack_newsletter_tier_id":0,"_jetpack_memberships_contains_paywalled_content":false,"_jetpack_memberships_contains_paid_content":false,"footnotes":"","jetpack_publicize_message":"","jetpack_publicize_feature_enabled":true,"jetpack_social_post_already_shared":false,"jetpack_social_options":{"image_generator_settings":{"template":"highway","default_image_id":0,"font":"","enabled":false},"version":2}},"categories":[65],"tags":[],"class_list":["post-4058","post","type-post","status-publish","format-standard","has-post-thumbnail","hentry","category-nacionales"],"yoast_head":"<!-- This site is optimized with the Yoast SEO plugin v27.5 - https:\/\/yoast.com\/product\/yoast-seo-wordpress\/ -->\n<title>Poder Ejecutivo prorroga el estado de emergencia por otros 45 d\u00edas en la RD - Minuto Cero RD<\/title>\n<meta name=\"robots\" content=\"index, follow, max-snippet:-1, max-image-preview:large, max-video-preview:-1\" \/>\n<link rel=\"canonical\" href=\"https:\/\/minutocerord.com\/?p=4058\" \/>\n<meta property=\"og:locale\" content=\"es_ES\" \/>\n<meta property=\"og:type\" content=\"article\" \/>\n<meta property=\"og:title\" content=\"Poder Ejecutivo prorroga el estado de emergencia por otros 45 d\u00edas en la RD - Minuto Cero RD\" \/>\n<meta property=\"og:description\" content=\"SANTO DOMINGO.- El Poder Ejecutivo prorrog\u00f3 este jueves por otros 45 d\u00edas el estado de emergencia declarado en la Rep\u00fablica Dominicana para combatir la COVId-19. La decisi\u00f3n en este sentido est\u00e1 contenida en un decreto emitido por el presidente Luis Abinader, el cual se\u00f1ala que la pr\u00f3rroga comienza a regir este 16 de abril. La [&hellip;]\" \/>\n<meta property=\"og:url\" content=\"https:\/\/minutocerord.com\/?p=4058\" \/>\n<meta property=\"og:site_name\" content=\"Minuto Cero RD\" \/>\n<meta property=\"article:publisher\" content=\"https:\/\/www.facebook.com\/Genofnotes\" \/>\n<meta property=\"article:author\" content=\"https:\/\/www.facebook.com\/Genofnotes\" \/>\n<meta property=\"article:published_time\" content=\"2021-04-16T12:07:31+00:00\" \/>\n<meta property=\"article:modified_time\" content=\"2021-04-16T12:07:41+00:00\" \/>\n<meta property=\"og:image\" content=\"https:\/\/i0.wp.com\/minutocerord.com\/wp-content\/uploads\/2021\/04\/Republica-Dominicana-palacio-nacional-1024x550-1.jpg?fit=1024%2C550&ssl=1\" \/>\n\t<meta property=\"og:image:width\" content=\"1024\" \/>\n\t<meta property=\"og:image:height\" content=\"550\" \/>\n\t<meta property=\"og:image:type\" content=\"image\/jpeg\" \/>\n<meta name=\"author\" content=\"Genof\u00f3ntes Urb\u00e1ez\" \/>\n<meta name=\"twitter:card\" content=\"summary_large_image\" \/>\n<meta name=\"twitter:label1\" content=\"Written by\" \/>\n\t<meta name=\"twitter:data1\" content=\"Genof\u00f3ntes Urb\u00e1ez\" \/>\n\t<meta name=\"twitter:label2\" content=\"Est. reading time\" \/>\n\t<meta name=\"twitter:data2\" content=\"1 minuto\" \/>\n<script type=\"application\/ld+json\" class=\"yoast-schema-graph\">{\"@context\":\"https:\\\/\\\/schema.org\",\"@graph\":[{\"@type\":\"Article\",\"@id\":\"https:\\\/\\\/minutocerord.com\\\/?p=4058#article\",\"isPartOf\":{\"@id\":\"https:\\\/\\\/minutocerord.com\\\/?p=4058\"},\"author\":{\"name\":\"Genof\u00f3ntes Urb\u00e1ez\",\"@id\":\"https:\\\/\\\/minutocerord.com\\\/#\\\/schema\\\/person\\\/60b5372d60aaa0a5171fb6488be9aee6\"},\"headline\":\"Poder Ejecutivo prorroga el estado de emergencia por otros 45 d\u00edas en la RD\",\"datePublished\":\"2021-04-16T12:07:31+00:00\",\"dateModified\":\"2021-04-16T12:07:41+00:00\",\"mainEntityOfPage\":{\"@id\":\"https:\\\/\\\/minutocerord.com\\\/?p=4058\"},\"wordCount\":86,\"commentCount\":0,\"publisher\":{\"@id\":\"https:\\\/\\\/minutocerord.com\\\/#\\\/schema\\\/person\\\/60b5372d60aaa0a5171fb6488be9aee6\"},\"image\":{\"@id\":\"https:\\\/\\\/minutocerord.com\\\/?p=4058#primaryimage\"},\"thumbnailUrl\":\"https:\\\/\\\/i0.wp.com\\\/minutocerord.com\\\/wp-content\\\/uploads\\\/2021\\\/04\\\/Republica-Dominicana-palacio-nacional-1024x550-1.jpg?fit=1024%2C550&ssl=1\",\"articleSection\":[\"Nacionales\"],\"inLanguage\":\"es-DO\",\"potentialAction\":[{\"@type\":\"CommentAction\",\"name\":\"Comment\",\"target\":[\"https:\\\/\\\/minutocerord.com\\\/?p=4058#respond\"]}]},{\"@type\":\"WebPage\",\"@id\":\"https:\\\/\\\/minutocerord.com\\\/?p=4058\",\"url\":\"https:\\\/\\\/minutocerord.com\\\/?p=4058\",\"name\":\"Poder Ejecutivo prorroga el estado de emergencia por otros 45 d\u00edas en la RD - Minuto Cero RD\",\"isPartOf\":{\"@id\":\"https:\\\/\\\/minutocerord.com\\\/#website\"},\"primaryImageOfPage\":{\"@id\":\"https:\\\/\\\/minutocerord.com\\\/?p=4058#primaryimage\"},\"image\":{\"@id\":\"https:\\\/\\\/minutocerord.com\\\/?p=4058#primaryimage\"},\"thumbnailUrl\":\"https:\\\/\\\/i0.wp.com\\\/minutocerord.com\\\/wp-content\\\/uploads\\\/2021\\\/04\\\/Republica-Dominicana-palacio-nacional-1024x550-1.jpg?fit=1024%2C550&ssl=1\",\"datePublished\":\"2021-04-16T12:07:31+00:00\",\"dateModified\":\"2021-04-16T12:07:41+00:00\",\"breadcrumb\":{\"@id\":\"https:\\\/\\\/minutocerord.com\\\/?p=4058#breadcrumb\"},\"inLanguage\":\"es-DO\",\"potentialAction\":[{\"@type\":\"ReadAction\",\"target\":[\"https:\\\/\\\/minutocerord.com\\\/?p=4058\"]}]},{\"@type\":\"ImageObject\",\"inLanguage\":\"es-DO\",\"@id\":\"https:\\\/\\\/minutocerord.com\\\/?p=4058#primaryimage\",\"url\":\"https:\\\/\\\/i0.wp.com\\\/minutocerord.com\\\/wp-content\\\/uploads\\\/2021\\\/04\\\/Republica-Dominicana-palacio-nacional-1024x550-1.jpg?fit=1024%2C550&ssl=1\",\"contentUrl\":\"https:\\\/\\\/i0.wp.com\\\/minutocerord.com\\\/wp-content\\\/uploads\\\/2021\\\/04\\\/Republica-Dominicana-palacio-nacional-1024x550-1.jpg?fit=1024%2C550&ssl=1\",\"width\":1024,\"height\":550},{\"@type\":\"BreadcrumbList\",\"@id\":\"https:\\\/\\\/minutocerord.com\\\/?p=4058#breadcrumb\",\"itemListElement\":[{\"@type\":\"ListItem\",\"position\":1,\"name\":\"Home\",\"item\":\"https:\\\/\\\/minutocerord.com\\\/\"},{\"@type\":\"ListItem\",\"position\":2,\"name\":\"Poder Ejecutivo prorroga el estado de emergencia por otros 45 d\u00edas en la RD\"}]},{\"@type\":\"WebSite\",\"@id\":\"https:\\\/\\\/minutocerord.com\\\/#website\",\"url\":\"https:\\\/\\\/minutocerord.com\\\/\",\"name\":\"Minuto Cero RD\",\"description\":\"Periodismo serio y veraz\",\"publisher\":{\"@id\":\"https:\\\/\\\/minutocerord.com\\\/#\\\/schema\\\/person\\\/60b5372d60aaa0a5171fb6488be9aee6\"},\"potentialAction\":[{\"@type\":\"SearchAction\",\"target\":{\"@type\":\"EntryPoint\",\"urlTemplate\":\"https:\\\/\\\/minutocerord.com\\\/?s={search_term_string}\"},\"query-input\":{\"@type\":\"PropertyValueSpecification\",\"valueRequired\":true,\"valueName\":\"search_term_string\"}}],\"inLanguage\":\"es-DO\"},{\"@type\":[\"Person\",\"Organization\"],\"@id\":\"https:\\\/\\\/minutocerord.com\\\/#\\\/schema\\\/person\\\/60b5372d60aaa0a5171fb6488be9aee6\",\"name\":\"Genof\u00f3ntes Urb\u00e1ez\",\"image\":{\"@type\":\"ImageObject\",\"inLanguage\":\"es-DO\",\"@id\":\"https:\\\/\\\/secure.gravatar.com\\\/avatar\\\/a49ef3186a692098ac3e8a1612261e3ad70cf9e44553dff2929e67939a0ecb9d?s=96&d=identicon&r=g\",\"url\":\"https:\\\/\\\/secure.gravatar.com\\\/avatar\\\/a49ef3186a692098ac3e8a1612261e3ad70cf9e44553dff2929e67939a0ecb9d?s=96&d=identicon&r=g\",\"contentUrl\":\"https:\\\/\\\/secure.gravatar.com\\\/avatar\\\/a49ef3186a692098ac3e8a1612261e3ad70cf9e44553dff2929e67939a0ecb9d?s=96&d=identicon&r=g\",\"caption\":\"Genof\u00f3ntes Urb\u00e1ez\"},\"logo\":{\"@id\":\"https:\\\/\\\/secure.gravatar.com\\\/avatar\\\/a49ef3186a692098ac3e8a1612261e3ad70cf9e44553dff2929e67939a0ecb9d?s=96&d=identicon&r=g\"},\"description\":\"Periodista \\\/ Locutor\",\"sameAs\":[\"https:\\\/\\\/www.facebook.com\\\/Genofnotes\",\"https:\\\/\\\/www.instagram.com\\\/genofnotes\\\/\"]}]}<\/script>\n<!-- \/ Yoast SEO plugin. -->","yoast_head_json":{"title":"Poder Ejecutivo prorroga el estado de emergencia por otros 45 d\u00edas en la RD - Minuto Cero RD","robots":{"index":"index","follow":"follow","max-snippet":"max-snippet:-1","max-image-preview":"max-image-preview:large","max-video-preview":"max-video-preview:-1"},"canonical":"https:\/\/minutocerord.com\/?p=4058","og_locale":"es_ES","og_type":"article","og_title":"Poder Ejecutivo prorroga el estado de emergencia por otros 45 d\u00edas en la RD - Minuto Cero RD","og_description":"SANTO DOMINGO.- El Poder Ejecutivo prorrog\u00f3 este jueves por otros 45 d\u00edas el estado de emergencia declarado en la Rep\u00fablica Dominicana para combatir la COVId-19. La decisi\u00f3n en este sentido est\u00e1 contenida en un decreto emitido por el presidente Luis Abinader, el cual se\u00f1ala que la pr\u00f3rroga comienza a regir este 16 de abril. La [&hellip;]","og_url":"https:\/\/minutocerord.com\/?p=4058","og_site_name":"Minuto Cero RD","article_publisher":"https:\/\/www.facebook.com\/Genofnotes","article_author":"https:\/\/www.facebook.com\/Genofnotes","article_published_time":"2021-04-16T12:07:31+00:00","article_modified_time":"2021-04-16T12:07:41+00:00","og_image":[{"width":1024,"height":550,"url":"https:\/\/i0.wp.com\/minutocerord.com\/wp-content\/uploads\/2021\/04\/Republica-Dominicana-palacio-nacional-1024x550-1.jpg?fit=1024%2C550&ssl=1","type":"image\/jpeg"}],"author":"Genof\u00f3ntes Urb\u00e1ez","twitter_card":"summary_large_image","twitter_misc":{"Written by":"Genof\u00f3ntes Urb\u00e1ez","Est. reading time":"1 minuto"},"schema":{"@context":"https:\/\/schema.org","@graph":[{"@type":"Article","@id":"https:\/\/minutocerord.com\/?p=4058#article","isPartOf":{"@id":"https:\/\/minutocerord.com\/?p=4058"},"author":{"name":"Genof\u00f3ntes Urb\u00e1ez","@id":"https:\/\/minutocerord.com\/#\/schema\/person\/60b5372d60aaa0a5171fb6488be9aee6"},"headline":"Poder Ejecutivo prorroga el estado de emergencia por otros 45 d\u00edas en la RD","datePublished":"2021-04-16T12:07:31+00:00","dateModified":"2021-04-16T12:07:41+00:00","mainEntityOfPage":{"@id":"https:\/\/minutocerord.com\/?p=4058"},"wordCount":86,"commentCount":0,"publisher":{"@id":"https:\/\/minutocerord.com\/#\/schema\/person\/60b5372d60aaa0a5171fb6488be9aee6"},"image":{"@id":"https:\/\/minutocerord.com\/?p=4058#primaryimage"},"thumbnailUrl":"https:\/\/i0.wp.com\/minutocerord.com\/wp-content\/uploads\/2021\/04\/Republica-Dominicana-palacio-nacional-1024x550-1.jpg?fit=1024%2C550&ssl=1","articleSection":["Nacionales"],"inLanguage":"es-DO","potentialAction":[{"@type":"CommentAction","name":"Comment","target":["https:\/\/minutocerord.com\/?p=4058#respond"]}]},{"@type":"WebPage","@id":"https:\/\/minutocerord.com\/?p=4058","url":"https:\/\/minutocerord.com\/?p=4058","name":"Poder Ejecutivo prorroga el estado de emergencia por otros 45 d\u00edas en la RD - Minuto Cero RD","isPartOf":{"@id":"https:\/\/minutocerord.com\/#website"},"primaryImageOfPage":{"@id":"https:\/\/minutocerord.com\/?p=4058#primaryimage"},"image":{"@id":"https:\/\/minutocerord.com\/?p=4058#primaryimage"},"thumbnailUrl":"https:\/\/i0.wp.com\/minutocerord.com\/wp-content\/uploads\/2021\/04\/Republica-Dominicana-palacio-nacional-1024x550-1.jpg?fit=1024%2C550&ssl=1","datePublished":"2021-04-16T12:07:31+00:00","dateModified":"2021-04-16T12:07:41+00:00","breadcrumb":{"@id":"https:\/\/minutocerord.com\/?p=4058#breadcrumb"},"inLanguage":"es-DO","potentialAction":[{"@type":"ReadAction","target":["https:\/\/minutocerord.com\/?p=4058"]}]},{"@type":"ImageObject","inLanguage":"es-DO","@id":"https:\/\/minutocerord.com\/?p=4058#primaryimage","url":"https:\/\/i0.wp.com\/minutocerord.com\/wp-content\/uploads\/2021\/04\/Republica-Dominicana-palacio-nacional-1024x550-1.jpg?fit=1024%2C550&ssl=1","contentUrl":"https:\/\/i0.wp.com\/minutocerord.com\/wp-content\/uploads\/2021\/04\/Republica-Dominicana-palacio-nacional-1024x550-1.jpg?fit=1024%2C550&ssl=1","width":1024,"height":550},{"@type":"BreadcrumbList","@id":"https:\/\/minutocerord.com\/?p=4058#breadcrumb","itemListElement":[{"@type":"ListItem","position":1,"name":"Home","item":"https:\/\/minutocerord.com\/"},{"@type":"ListItem","position":2,"name":"Poder Ejecutivo prorroga el estado de emergencia por otros 45 d\u00edas en la RD"}]},{"@type":"WebSite","@id":"https:\/\/minutocerord.com\/#website","url":"https:\/\/minutocerord.com\/","name":"Minuto Cero RD","description":"Periodismo serio y veraz","publisher":{"@id":"https:\/\/minutocerord.com\/#\/schema\/person\/60b5372d60aaa0a5171fb6488be9aee6"},"potentialAction":[{"@type":"SearchAction","target":{"@type":"EntryPoint","urlTemplate":"https:\/\/minutocerord.com\/?s={search_term_string}"},"query-input":{"@type":"PropertyValueSpecification","valueRequired":true,"valueName":"search_term_string"}}],"inLanguage":"es-DO"},{"@type":["Person","Organization"],"@id":"https:\/\/minutocerord.com\/#\/schema\/person\/60b5372d60aaa0a5171fb6488be9aee6","name":"Genof\u00f3ntes Urb\u00e1ez","image":{"@type":"ImageObject","inLanguage":"es-DO","@id":"https:\/\/secure.gravatar.com\/avatar\/a49ef3186a692098ac3e8a1612261e3ad70cf9e44553dff2929e67939a0ecb9d?s=96&d=identicon&r=g","url":"https:\/\/secure.gravatar.com\/avatar\/a49ef3186a692098ac3e8a1612261e3ad70cf9e44553dff2929e67939a0ecb9d?s=96&d=identicon&r=g","contentUrl":"https:\/\/secure.gravatar.com\/avatar\/a49ef3186a692098ac3e8a1612261e3ad70cf9e44553dff2929e67939a0ecb9d?s=96&d=identicon&r=g","caption":"Genof\u00f3ntes Urb\u00e1ez"},"logo":{"@id":"https:\/\/secure.gravatar.com\/avatar\/a49ef3186a692098ac3e8a1612261e3ad70cf9e44553dff2929e67939a0ecb9d?s=96&d=identicon&r=g"},"description":"Periodista \/ Locutor","sameAs":["https:\/\/www.facebook.com\/Genofnotes","https:\/\/www.instagram.com\/genofnotes\/"]}]}},"jetpack_publicize_connections":[],"jetpack_featured_media_url":"https:\/\/i0.wp.com\/minutocerord.com\/wp-content\/uploads\/2021\/04\/Republica-Dominicana-palacio-nacional-1024x550-1.jpg?fit=1024%2C550&ssl=1","jetpack-related-posts":[],"jetpack_sharing_enabled":true,"_links":{"self":[{"href":"https:\/\/minutocerord.com\/index.php?rest_route=\/wp\/v2\/posts\/4058","targetHints":{"allow":["GET"]}}],"collection":[{"href":"https:\/\/minutocerord.com\/index.php?rest_route=\/wp\/v2\/posts"}],"about":[{"href":"https:\/\/minutocerord.com\/index.php?rest_route=\/wp\/v2\/types\/post"}],"author":[{"embeddable":true,"href":"https:\/\/minutocerord.com\/index.php?rest_route=\/wp\/v2\/users\/1"}],"replies":[{"embeddable":true,"href":"https:\/\/minutocerord.com\/index.php?rest_route=%2Fwp%2Fv2%2Fcomments&post=4058"}],"version-history":[{"count":1,"href":"https:\/\/minutocerord.com\/index.php?rest_route=\/wp\/v2\/posts\/4058\/revisions"}],"predecessor-version":[{"id":4060,"href":"https:\/\/minutocerord.com\/index.php?rest_route=\/wp\/v2\/posts\/4058\/revisions\/4060"}],"wp:featuredmedia":[{"embeddable":true,"href":"https:\/\/minutocerord.com\/index.php?rest_route=\/wp\/v2\/media\/4059"}],"wp:attachment":[{"href":"https:\/\/minutocerord.com\/index.php?rest_route=%2Fwp%2Fv2%2Fmedia&parent=4058"}],"wp:term":[{"taxonomy":"category","embeddable":true,"href":"https:\/\/minutocerord.com\/index.php?rest_route=%2Fwp%2Fv2%2Fcategories&post=4058"},{"taxonomy":"post_tag","embeddable":true,"href":"https:\/\/minutocerord.com\/index.php?rest_route=%2Fwp%2Fv2%2Ftags&post=4058"}],"curies":[{"name":"wp","href":"https:\/\/api.w.org\/{rel}","templated":true}]}}