{"id":4061,"date":"2021-04-16T08:09:09","date_gmt":"2021-04-16T12:09:09","guid":{"rendered":"https:\/\/minutocerord.com\/?p=4061"},"modified":"2021-04-16T08:09:14","modified_gmt":"2021-04-16T12:09:14","slug":"haiti-paralizan-labores-economicas-y-educativas-en-protesta-por-secuestros","status":"publish","type":"post","link":"https:\/\/minutocerord.com\/?p=4061","title":{"rendered":"HAITI: Paralizan labores econ\u00f3micas y educativas en protesta por secuestros"},"content":{"rendered":"\n<p>PUERTO PRINCIPE.- Las actividades econ\u00f3micas y educativas quedaron pr\u00e1cticamente paralizadas el jueves en Puerto Pr\u00edncipe y en localidades provinciales de Hait\u00ed, como forma de protestar para exigir la liberaci\u00f3n de siete religiosos recientemente secuestrados y mostrar solidaridad con la Iglesia cat\u00f3lica.<\/p>\n\n\n\n<p>Todo el sector empresarial privado de Hait\u00ed y el sector escolar se unieron a esta convocatoria, m\u00e1s all\u00e1 de la decisi\u00f3n de la Iglesia de realizar un paro laboral este jueves, para exigir la liberaci\u00f3n de los secuestrados el 11 de abril.<\/p>\n\n\n\n<p>En Puerto Pr\u00edncipe y en la mayor\u00eda de las ciudades provinciales, todas las actividades econ\u00f3micas y escolares estaban paralizadas y el transporte p\u00fablico era lento. Tambi\u00e9n se vio alterado el funcionamiento del servicio p\u00fablico.<\/p>\n\n\n\n<p>Se celebraron misas y las campanas sonaron en todo el pa\u00eds en las iglesias cat\u00f3licas exactamente al mediod\u00eda, en se\u00f1al de protesta y para exigir la liberaci\u00f3n de los siete religiosos.<\/p>\n\n\n\n<p>\u00abLa Conferencia Episcopal exige la liberaci\u00f3n de todos los secuestrados sin condiciones, sanos y salvos. Denunciamos la dictadura del secuestro en nuestro pa\u00eds\u00bb, dijo el presidente de la Conferencia Episcopal de Hait\u00ed, monse\u00f1or Launey Saturn\u00e9, que celebraba una de las misas.<\/p>\n\n\n\n<p>\u00abPedimos a los secuestradores que dejen de hacer llorar al pueblo haitiano. No podemos negociar la liberaci\u00f3n de las personas como negociar\u00edamos el pan. No podemos reducir la vida de un ser humano al precio de una mercanc\u00eda\u00bb, dijo el prelado.<\/p>\n\n\n\n<p>\u00abSo\u00f1amos con un Hait\u00ed sin inseguridad, sin secuestros, sin violencia\u00bb, dijo monse\u00f1or Saturn\u00e9.<\/p>\n\n\n\n<p>La mayor parte de las misas se convirtieron r\u00e1pidamente en protestas contra el gobierno actual, que, seg\u00fan los manifestantes, no est\u00e1 haciendo nada para combatir los secuestros y la inseguridad en el pa\u00eds.<\/p>\n\n\n\n<p>Mientras los obispos celebraban una misa en la iglesia de San Pedro de P\u00e9tion-Ville, no muy lejos de Puerto Pr\u00edncipe, individuos no identificados lanzaron un bote de gas lacrim\u00f3geno contra la iglesia.<\/p>\n\n\n\n<p>La Iglesia protestante tambi\u00e9n apoy\u00f3 el paro laboral de la Iglesia cat\u00f3lica.<\/p>\n\n\n\n<p>Tras el nombramiento de un nuevo primer ministro el mi\u00e9rcoles, el Palacio Nacional dijo en un comunicado que \u00abya se tomaron medidas de emergencia para garantizar la seguridad de las personas y los bienes, para iniciar procesos judiciales contra los autores de los abusos denunciados, para proceder al desarme incondicional de las bandas\u00bb.<\/p>\n","protected":false},"excerpt":{"rendered":"<p>PUERTO PRINCIPE.- Las actividades econ\u00f3micas y educativas quedaron pr\u00e1cticamente paralizadas el jueves en Puerto Pr\u00edncipe y en localidades provinciales de Hait\u00ed, como forma de protestar para exigir la liberaci\u00f3n de siete religiosos recientemente secuestrados y mostrar solidaridad con la Iglesia cat\u00f3lica. Todo el sector empresarial privado de Hait\u00ed y el sector escolar se unieron a [&hellip;]<\/p>\n","protected":false},"author":1,"featured_media":4062,"comment_status":"open","ping_status":"open","sticky":false,"template":"","format":"standard","meta":{"nf_dc_page":"","jetpack_post_was_ever_published":false,"_jetpack_newsletter_access":"","_jetpack_dont_email_post_to_subs":false,"_jetpack_newsletter_tier_id":0,"_jetpack_memberships_contains_paywalled_content":false,"_jetpack_memberships_contains_paid_content":false,"footnotes":"","jetpack_publicize_message":"","jetpack_publicize_feature_enabled":true,"jetpack_social_post_already_shared":false,"jetpack_social_options":{"image_generator_settings":{"template":"highway","default_image_id":0,"font":"","enabled":false},"version":2}},"categories":[75],"tags":[],"class_list":["post-4061","post","type-post","status-publish","format-standard","has-post-thumbnail","hentry","category-haiti"],"yoast_head":"<!-- This site is optimized with the Yoast SEO plugin v27.5 - https:\/\/yoast.com\/product\/yoast-seo-wordpress\/ -->\n<title>HAITI: Paralizan labores econ\u00f3micas y educativas en protesta por secuestros - Minuto Cero RD<\/title>\n<meta name=\"robots\" content=\"index, follow, max-snippet:-1, max-image-preview:large, max-video-preview:-1\" \/>\n<link rel=\"canonical\" href=\"http:\/\/minutocerord.com\/?p=4061\" \/>\n<meta property=\"og:locale\" content=\"es_ES\" \/>\n<meta property=\"og:type\" content=\"article\" \/>\n<meta property=\"og:title\" content=\"HAITI: Paralizan labores econ\u00f3micas y educativas en protesta por secuestros - Minuto Cero RD\" \/>\n<meta property=\"og:description\" content=\"PUERTO PRINCIPE.- Las actividades econ\u00f3micas y educativas quedaron pr\u00e1cticamente paralizadas el jueves en Puerto Pr\u00edncipe y en localidades provinciales de Hait\u00ed, como forma de protestar para exigir la liberaci\u00f3n de siete religiosos recientemente secuestrados y mostrar solidaridad con la Iglesia cat\u00f3lica. Todo el sector empresarial privado de Hait\u00ed y el sector escolar se unieron a [&hellip;]\" \/>\n<meta property=\"og:url\" content=\"http:\/\/minutocerord.com\/?p=4061\" \/>\n<meta property=\"og:site_name\" content=\"Minuto Cero RD\" \/>\n<meta property=\"article:publisher\" content=\"https:\/\/www.facebook.com\/Genofnotes\" \/>\n<meta property=\"article:author\" content=\"https:\/\/www.facebook.com\/Genofnotes\" \/>\n<meta property=\"article:published_time\" content=\"2021-04-16T12:09:09+00:00\" \/>\n<meta property=\"article:modified_time\" content=\"2021-04-16T12:09:14+00:00\" \/>\n<meta property=\"og:image\" content=\"https:\/\/i0.wp.com\/minutocerord.com\/wp-content\/uploads\/2021\/04\/HAITI-1.jpg?fit=750%2C436\" \/>\n\t<meta property=\"og:image:width\" content=\"750\" \/>\n\t<meta property=\"og:image:height\" content=\"436\" \/>\n\t<meta property=\"og:image:type\" content=\"image\/jpeg\" \/>\n<meta name=\"author\" content=\"Genof\u00f3ntes Urb\u00e1ez\" \/>\n<meta name=\"twitter:card\" content=\"summary_large_image\" \/>\n<meta name=\"twitter:label1\" content=\"Written by\" \/>\n\t<meta name=\"twitter:data1\" content=\"Genof\u00f3ntes Urb\u00e1ez\" \/>\n\t<meta name=\"twitter:label2\" content=\"Est. reading time\" \/>\n\t<meta name=\"twitter:data2\" content=\"2 minutos\" \/>\n<script type=\"application\/ld+json\" class=\"yoast-schema-graph\">{\"@context\":\"https:\\\/\\\/schema.org\",\"@graph\":[{\"@type\":\"Article\",\"@id\":\"http:\\\/\\\/minutocerord.com\\\/?p=4061#article\",\"isPartOf\":{\"@id\":\"http:\\\/\\\/minutocerord.com\\\/?p=4061\"},\"author\":{\"name\":\"Genof\u00f3ntes Urb\u00e1ez\",\"@id\":\"https:\\\/\\\/minutocerord.com\\\/#\\\/schema\\\/person\\\/60b5372d60aaa0a5171fb6488be9aee6\"},\"headline\":\"HAITI: Paralizan labores econ\u00f3micas y educativas en protesta por secuestros\",\"datePublished\":\"2021-04-16T12:09:09+00:00\",\"dateModified\":\"2021-04-16T12:09:14+00:00\",\"mainEntityOfPage\":{\"@id\":\"http:\\\/\\\/minutocerord.com\\\/?p=4061\"},\"wordCount\":420,\"commentCount\":0,\"publisher\":{\"@id\":\"https:\\\/\\\/minutocerord.com\\\/#\\\/schema\\\/person\\\/60b5372d60aaa0a5171fb6488be9aee6\"},\"image\":{\"@id\":\"http:\\\/\\\/minutocerord.com\\\/?p=4061#primaryimage\"},\"thumbnailUrl\":\"https:\\\/\\\/i0.wp.com\\\/minutocerord.com\\\/wp-content\\\/uploads\\\/2021\\\/04\\\/HAITI-1.jpg?fit=750%2C436&ssl=1\",\"articleSection\":[\"Hait\u00ed\"],\"inLanguage\":\"es-DO\",\"potentialAction\":[{\"@type\":\"CommentAction\",\"name\":\"Comment\",\"target\":[\"http:\\\/\\\/minutocerord.com\\\/?p=4061#respond\"]}]},{\"@type\":\"WebPage\",\"@id\":\"http:\\\/\\\/minutocerord.com\\\/?p=4061\",\"url\":\"http:\\\/\\\/minutocerord.com\\\/?p=4061\",\"name\":\"HAITI: Paralizan labores econ\u00f3micas y educativas en protesta por secuestros - Minuto Cero RD\",\"isPartOf\":{\"@id\":\"https:\\\/\\\/minutocerord.com\\\/#website\"},\"primaryImageOfPage\":{\"@id\":\"http:\\\/\\\/minutocerord.com\\\/?p=4061#primaryimage\"},\"image\":{\"@id\":\"http:\\\/\\\/minutocerord.com\\\/?p=4061#primaryimage\"},\"thumbnailUrl\":\"https:\\\/\\\/i0.wp.com\\\/minutocerord.com\\\/wp-content\\\/uploads\\\/2021\\\/04\\\/HAITI-1.jpg?fit=750%2C436&ssl=1\",\"datePublished\":\"2021-04-16T12:09:09+00:00\",\"dateModified\":\"2021-04-16T12:09:14+00:00\",\"breadcrumb\":{\"@id\":\"http:\\\/\\\/minutocerord.com\\\/?p=4061#breadcrumb\"},\"inLanguage\":\"es-DO\",\"potentialAction\":[{\"@type\":\"ReadAction\",\"target\":[\"http:\\\/\\\/minutocerord.com\\\/?p=4061\"]}]},{\"@type\":\"ImageObject\",\"inLanguage\":\"es-DO\",\"@id\":\"http:\\\/\\\/minutocerord.com\\\/?p=4061#primaryimage\",\"url\":\"https:\\\/\\\/i0.wp.com\\\/minutocerord.com\\\/wp-content\\\/uploads\\\/2021\\\/04\\\/HAITI-1.jpg?fit=750%2C436&ssl=1\",\"contentUrl\":\"https:\\\/\\\/i0.wp.com\\\/minutocerord.com\\\/wp-content\\\/uploads\\\/2021\\\/04\\\/HAITI-1.jpg?fit=750%2C436&ssl=1\",\"width\":750,\"height\":436},{\"@type\":\"BreadcrumbList\",\"@id\":\"http:\\\/\\\/minutocerord.com\\\/?p=4061#breadcrumb\",\"itemListElement\":[{\"@type\":\"ListItem\",\"position\":1,\"name\":\"Home\",\"item\":\"https:\\\/\\\/minutocerord.com\\\/\"},{\"@type\":\"ListItem\",\"position\":2,\"name\":\"HAITI: Paralizan labores econ\u00f3micas y educativas en protesta por secuestros\"}]},{\"@type\":\"WebSite\",\"@id\":\"https:\\\/\\\/minutocerord.com\\\/#website\",\"url\":\"https:\\\/\\\/minutocerord.com\\\/\",\"name\":\"Minuto Cero RD\",\"description\":\"Periodismo serio y veraz\",\"publisher\":{\"@id\":\"https:\\\/\\\/minutocerord.com\\\/#\\\/schema\\\/person\\\/60b5372d60aaa0a5171fb6488be9aee6\"},\"potentialAction\":[{\"@type\":\"SearchAction\",\"target\":{\"@type\":\"EntryPoint\",\"urlTemplate\":\"https:\\\/\\\/minutocerord.com\\\/?s={search_term_string}\"},\"query-input\":{\"@type\":\"PropertyValueSpecification\",\"valueRequired\":true,\"valueName\":\"search_term_string\"}}],\"inLanguage\":\"es-DO\"},{\"@type\":[\"Person\",\"Organization\"],\"@id\":\"https:\\\/\\\/minutocerord.com\\\/#\\\/schema\\\/person\\\/60b5372d60aaa0a5171fb6488be9aee6\",\"name\":\"Genof\u00f3ntes Urb\u00e1ez\",\"image\":{\"@type\":\"ImageObject\",\"inLanguage\":\"es-DO\",\"@id\":\"https:\\\/\\\/secure.gravatar.com\\\/avatar\\\/a49ef3186a692098ac3e8a1612261e3ad70cf9e44553dff2929e67939a0ecb9d?s=96&d=identicon&r=g\",\"url\":\"https:\\\/\\\/secure.gravatar.com\\\/avatar\\\/a49ef3186a692098ac3e8a1612261e3ad70cf9e44553dff2929e67939a0ecb9d?s=96&d=identicon&r=g\",\"contentUrl\":\"https:\\\/\\\/secure.gravatar.com\\\/avatar\\\/a49ef3186a692098ac3e8a1612261e3ad70cf9e44553dff2929e67939a0ecb9d?s=96&d=identicon&r=g\",\"caption\":\"Genof\u00f3ntes Urb\u00e1ez\"},\"logo\":{\"@id\":\"https:\\\/\\\/secure.gravatar.com\\\/avatar\\\/a49ef3186a692098ac3e8a1612261e3ad70cf9e44553dff2929e67939a0ecb9d?s=96&d=identicon&r=g\"},\"description\":\"Periodista \\\/ Locutor\",\"sameAs\":[\"https:\\\/\\\/www.facebook.com\\\/Genofnotes\",\"https:\\\/\\\/www.instagram.com\\\/genofnotes\\\/\"]}]}<\/script>\n<!-- \/ Yoast SEO plugin. -->","yoast_head_json":{"title":"HAITI: Paralizan labores econ\u00f3micas y educativas en protesta por secuestros - Minuto Cero RD","robots":{"index":"index","follow":"follow","max-snippet":"max-snippet:-1","max-image-preview":"max-image-preview:large","max-video-preview":"max-video-preview:-1"},"canonical":"http:\/\/minutocerord.com\/?p=4061","og_locale":"es_ES","og_type":"article","og_title":"HAITI: Paralizan labores econ\u00f3micas y educativas en protesta por secuestros - Minuto Cero RD","og_description":"PUERTO PRINCIPE.- Las actividades econ\u00f3micas y educativas quedaron pr\u00e1cticamente paralizadas el jueves en Puerto Pr\u00edncipe y en localidades provinciales de Hait\u00ed, como forma de protestar para exigir la liberaci\u00f3n de siete religiosos recientemente secuestrados y mostrar solidaridad con la Iglesia cat\u00f3lica. Todo el sector empresarial privado de Hait\u00ed y el sector escolar se unieron a [&hellip;]","og_url":"http:\/\/minutocerord.com\/?p=4061","og_site_name":"Minuto Cero RD","article_publisher":"https:\/\/www.facebook.com\/Genofnotes","article_author":"https:\/\/www.facebook.com\/Genofnotes","article_published_time":"2021-04-16T12:09:09+00:00","article_modified_time":"2021-04-16T12:09:14+00:00","og_image":[{"width":750,"height":436,"url":"https:\/\/i0.wp.com\/minutocerord.com\/wp-content\/uploads\/2021\/04\/HAITI-1.jpg?fit=750%2C436","type":"image\/jpeg"}],"author":"Genof\u00f3ntes Urb\u00e1ez","twitter_card":"summary_large_image","twitter_misc":{"Written by":"Genof\u00f3ntes Urb\u00e1ez","Est. reading time":"2 minutos"},"schema":{"@context":"https:\/\/schema.org","@graph":[{"@type":"Article","@id":"http:\/\/minutocerord.com\/?p=4061#article","isPartOf":{"@id":"http:\/\/minutocerord.com\/?p=4061"},"author":{"name":"Genof\u00f3ntes Urb\u00e1ez","@id":"https:\/\/minutocerord.com\/#\/schema\/person\/60b5372d60aaa0a5171fb6488be9aee6"},"headline":"HAITI: Paralizan labores econ\u00f3micas y educativas en protesta por secuestros","datePublished":"2021-04-16T12:09:09+00:00","dateModified":"2021-04-16T12:09:14+00:00","mainEntityOfPage":{"@id":"http:\/\/minutocerord.com\/?p=4061"},"wordCount":420,"commentCount":0,"publisher":{"@id":"https:\/\/minutocerord.com\/#\/schema\/person\/60b5372d60aaa0a5171fb6488be9aee6"},"image":{"@id":"http:\/\/minutocerord.com\/?p=4061#primaryimage"},"thumbnailUrl":"https:\/\/i0.wp.com\/minutocerord.com\/wp-content\/uploads\/2021\/04\/HAITI-1.jpg?fit=750%2C436&ssl=1","articleSection":["Hait\u00ed"],"inLanguage":"es-DO","potentialAction":[{"@type":"CommentAction","name":"Comment","target":["http:\/\/minutocerord.com\/?p=4061#respond"]}]},{"@type":"WebPage","@id":"http:\/\/minutocerord.com\/?p=4061","url":"http:\/\/minutocerord.com\/?p=4061","name":"HAITI: Paralizan labores econ\u00f3micas y educativas en protesta por secuestros - Minuto Cero RD","isPartOf":{"@id":"https:\/\/minutocerord.com\/#website"},"primaryImageOfPage":{"@id":"http:\/\/minutocerord.com\/?p=4061#primaryimage"},"image":{"@id":"http:\/\/minutocerord.com\/?p=4061#primaryimage"},"thumbnailUrl":"https:\/\/i0.wp.com\/minutocerord.com\/wp-content\/uploads\/2021\/04\/HAITI-1.jpg?fit=750%2C436&ssl=1","datePublished":"2021-04-16T12:09:09+00:00","dateModified":"2021-04-16T12:09:14+00:00","breadcrumb":{"@id":"http:\/\/minutocerord.com\/?p=4061#breadcrumb"},"inLanguage":"es-DO","potentialAction":[{"@type":"ReadAction","target":["http:\/\/minutocerord.com\/?p=4061"]}]},{"@type":"ImageObject","inLanguage":"es-DO","@id":"http:\/\/minutocerord.com\/?p=4061#primaryimage","url":"https:\/\/i0.wp.com\/minutocerord.com\/wp-content\/uploads\/2021\/04\/HAITI-1.jpg?fit=750%2C436&ssl=1","contentUrl":"https:\/\/i0.wp.com\/minutocerord.com\/wp-content\/uploads\/2021\/04\/HAITI-1.jpg?fit=750%2C436&ssl=1","width":750,"height":436},{"@type":"BreadcrumbList","@id":"http:\/\/minutocerord.com\/?p=4061#breadcrumb","itemListElement":[{"@type":"ListItem","position":1,"name":"Home","item":"https:\/\/minutocerord.com\/"},{"@type":"ListItem","position":2,"name":"HAITI: Paralizan labores econ\u00f3micas y educativas en protesta por secuestros"}]},{"@type":"WebSite","@id":"https:\/\/minutocerord.com\/#website","url":"https:\/\/minutocerord.com\/","name":"Minuto Cero RD","description":"Periodismo serio y veraz","publisher":{"@id":"https:\/\/minutocerord.com\/#\/schema\/person\/60b5372d60aaa0a5171fb6488be9aee6"},"potentialAction":[{"@type":"SearchAction","target":{"@type":"EntryPoint","urlTemplate":"https:\/\/minutocerord.com\/?s={search_term_string}"},"query-input":{"@type":"PropertyValueSpecification","valueRequired":true,"valueName":"search_term_string"}}],"inLanguage":"es-DO"},{"@type":["Person","Organization"],"@id":"https:\/\/minutocerord.com\/#\/schema\/person\/60b5372d60aaa0a5171fb6488be9aee6","name":"Genof\u00f3ntes Urb\u00e1ez","image":{"@type":"ImageObject","inLanguage":"es-DO","@id":"https:\/\/secure.gravatar.com\/avatar\/a49ef3186a692098ac3e8a1612261e3ad70cf9e44553dff2929e67939a0ecb9d?s=96&d=identicon&r=g","url":"https:\/\/secure.gravatar.com\/avatar\/a49ef3186a692098ac3e8a1612261e3ad70cf9e44553dff2929e67939a0ecb9d?s=96&d=identicon&r=g","contentUrl":"https:\/\/secure.gravatar.com\/avatar\/a49ef3186a692098ac3e8a1612261e3ad70cf9e44553dff2929e67939a0ecb9d?s=96&d=identicon&r=g","caption":"Genof\u00f3ntes Urb\u00e1ez"},"logo":{"@id":"https:\/\/secure.gravatar.com\/avatar\/a49ef3186a692098ac3e8a1612261e3ad70cf9e44553dff2929e67939a0ecb9d?s=96&d=identicon&r=g"},"description":"Periodista \/ Locutor","sameAs":["https:\/\/www.facebook.com\/Genofnotes","https:\/\/www.instagram.com\/genofnotes\/"]}]}},"jetpack_publicize_connections":[],"jetpack_featured_media_url":"https:\/\/i0.wp.com\/minutocerord.com\/wp-content\/uploads\/2021\/04\/HAITI-1.jpg?fit=750%2C436&ssl=1","jetpack-related-posts":[],"jetpack_sharing_enabled":true,"_links":{"self":[{"href":"https:\/\/minutocerord.com\/index.php?rest_route=\/wp\/v2\/posts\/4061","targetHints":{"allow":["GET"]}}],"collection":[{"href":"https:\/\/minutocerord.com\/index.php?rest_route=\/wp\/v2\/posts"}],"about":[{"href":"https:\/\/minutocerord.com\/index.php?rest_route=\/wp\/v2\/types\/post"}],"author":[{"embeddable":true,"href":"https:\/\/minutocerord.com\/index.php?rest_route=\/wp\/v2\/users\/1"}],"replies":[{"embeddable":true,"href":"https:\/\/minutocerord.com\/index.php?rest_route=%2Fwp%2Fv2%2Fcomments&post=4061"}],"version-history":[{"count":1,"href":"https:\/\/minutocerord.com\/index.php?rest_route=\/wp\/v2\/posts\/4061\/revisions"}],"predecessor-version":[{"id":4063,"href":"https:\/\/minutocerord.com\/index.php?rest_route=\/wp\/v2\/posts\/4061\/revisions\/4063"}],"wp:featuredmedia":[{"embeddable":true,"href":"https:\/\/minutocerord.com\/index.php?rest_route=\/wp\/v2\/media\/4062"}],"wp:attachment":[{"href":"https:\/\/minutocerord.com\/index.php?rest_route=%2Fwp%2Fv2%2Fmedia&parent=4061"}],"wp:term":[{"taxonomy":"category","embeddable":true,"href":"https:\/\/minutocerord.com\/index.php?rest_route=%2Fwp%2Fv2%2Fcategories&post=4061"},{"taxonomy":"post_tag","embeddable":true,"href":"https:\/\/minutocerord.com\/index.php?rest_route=%2Fwp%2Fv2%2Ftags&post=4061"}],"curies":[{"name":"wp","href":"https:\/\/api.w.org\/{rel}","templated":true}]}}