{"id":4067,"date":"2021-04-16T08:21:59","date_gmt":"2021-04-16T12:21:59","guid":{"rendered":"https:\/\/minutocerord.com\/?p=4067"},"modified":"2021-04-16T08:22:04","modified_gmt":"2021-04-16T12:22:04","slug":"aplazan-juicio-de-fondo-kanqui-acusado-de-abuso-sexual","status":"publish","type":"post","link":"https:\/\/minutocerord.com\/?p=4067","title":{"rendered":"Aplazan juicio de fondo Kanqui, acusado de abuso sexual"},"content":{"rendered":"\n<p>El Primer Tribunal Colegiado del Distrito judicial de Santiago aplaz\u00f3 el juicio de fondo que se le conoc\u00eda este jueves a Kelvin Francisco N\u00fa\u00f1ez Morel, mejor conocido como el payaso Kanqui, acusado de abusar sexualmente de varios menores de edad.<\/p>\n\n\n\n<p>El tribunal que conoc\u00eda la apertura del juicio tom\u00f3 la decisi\u00f3n de aplazar la audiencia para el pr\u00f3ximo 17 de mayo, en vista de que algunos testigos de los querellantes no comparecieron.<\/p>\n\n\n\n<p>El juez Sergio Furcal, quien dirige el primer tribunal que conoc\u00eda la audiencia de fondo a \u201cKaqui\u201d, explic\u00f3 que aplaz\u00f3 la audiencia con la finalidad de darle la oportunidad a los abogados de la parte querellante de que presente a los testigos, que de no asistir ser\u00e1n citado con una orden de conducencia.<\/p>\n\n\n\n<p>Juan Carlos B\u00e1ez Peralta, quien estaba como representante de F\u00e9lix Portes, abogado titular de las tres v\u00edctimas, sostuvo que el juez rechaz\u00f3 el pedimento de la parte acusada donde solicitaban el disentimiento t\u00e1ctico de los testigos que se ausentaron.<\/p>\n\n\n\n<p>El pasado 3 de agosto de 2020 el Primer Tribunal Colegiado de del Distrito Judicial de Santiago, dispuso la variaci\u00f3n de la medida&nbsp; de coerci\u00f3n que estaba cumpliendo&nbsp; Kelvin Francisco N\u00fa\u00f1ez Morel de un a\u00f1o en prisi\u00f3n.<\/p>\n\n\n\n<p>La medida fue variada en impedimento de salida y presentaci\u00f3n peri\u00f3dica, adem\u00e1s le fue impuesto el pago de cinco millones de pesos en efectivo, el cual no ha podido pagar porque no cuenta con los recursos necesarios.<\/p>\n\n\n\n<p>N\u00fa\u00f1ez Morel, momento de que era trasladado a la sala de audiencia, dijo que est\u00e1 confiado en la justicia que en su momento demostrara su inocencia<\/p>\n\n\n\n<p>\u201cKanqui\u201d fue apresado el 8 de abril del 2019, acusado de violaci\u00f3n contra varios menores de edad&nbsp; y a\u00fan permanece en prisi\u00f3n, pese a la variaci\u00f3n de la medida.<\/p>\n","protected":false},"excerpt":{"rendered":"<p>El Primer Tribunal Colegiado del Distrito judicial de Santiago aplaz\u00f3 el juicio de fondo que se le conoc\u00eda este jueves a Kelvin Francisco N\u00fa\u00f1ez Morel, mejor conocido como el payaso Kanqui, acusado de abusar sexualmente de varios menores de edad. El tribunal que conoc\u00eda la apertura del juicio tom\u00f3 la decisi\u00f3n de aplazar la audiencia [&hellip;]<\/p>\n","protected":false},"author":1,"featured_media":4068,"comment_status":"open","ping_status":"open","sticky":false,"template":"","format":"standard","meta":{"nf_dc_page":"","jetpack_post_was_ever_published":false,"_jetpack_newsletter_access":"","_jetpack_dont_email_post_to_subs":false,"_jetpack_newsletter_tier_id":0,"_jetpack_memberships_contains_paywalled_content":false,"_jetpack_memberships_contains_paid_content":false,"footnotes":"","jetpack_publicize_message":"","jetpack_publicize_feature_enabled":true,"jetpack_social_post_already_shared":false,"jetpack_social_options":{"image_generator_settings":{"template":"highway","default_image_id":0,"font":"","enabled":false},"version":2}},"categories":[68],"tags":[],"class_list":["post-4067","post","type-post","status-publish","format-standard","has-post-thumbnail","hentry","category-entretenimiento"],"yoast_head":"<!-- This site is optimized with the Yoast SEO plugin v27.5 - https:\/\/yoast.com\/product\/yoast-seo-wordpress\/ -->\n<title>Aplazan juicio de fondo Kanqui, acusado de abuso sexual - Minuto Cero RD<\/title>\n<meta name=\"robots\" content=\"index, follow, max-snippet:-1, max-image-preview:large, max-video-preview:-1\" \/>\n<link rel=\"canonical\" href=\"http:\/\/minutocerord.com\/?p=4067\" \/>\n<meta property=\"og:locale\" content=\"es_ES\" \/>\n<meta property=\"og:type\" content=\"article\" \/>\n<meta property=\"og:title\" content=\"Aplazan juicio de fondo Kanqui, acusado de abuso sexual - Minuto Cero RD\" \/>\n<meta property=\"og:description\" content=\"El Primer Tribunal Colegiado del Distrito judicial de Santiago aplaz\u00f3 el juicio de fondo que se le conoc\u00eda este jueves a Kelvin Francisco N\u00fa\u00f1ez Morel, mejor conocido como el payaso Kanqui, acusado de abusar sexualmente de varios menores de edad. El tribunal que conoc\u00eda la apertura del juicio tom\u00f3 la decisi\u00f3n de aplazar la audiencia [&hellip;]\" \/>\n<meta property=\"og:url\" content=\"http:\/\/minutocerord.com\/?p=4067\" \/>\n<meta property=\"og:site_name\" content=\"Minuto Cero RD\" \/>\n<meta property=\"article:publisher\" content=\"https:\/\/www.facebook.com\/Genofnotes\" \/>\n<meta property=\"article:author\" content=\"https:\/\/www.facebook.com\/Genofnotes\" \/>\n<meta property=\"article:published_time\" content=\"2021-04-16T12:21:59+00:00\" \/>\n<meta property=\"article:modified_time\" content=\"2021-04-16T12:22:04+00:00\" \/>\n<meta property=\"og:image\" content=\"https:\/\/i0.wp.com\/minutocerord.com\/wp-content\/uploads\/2021\/04\/payaso-kanqui.jpg?fit=1037%2C665\" \/>\n\t<meta property=\"og:image:width\" content=\"1037\" \/>\n\t<meta property=\"og:image:height\" content=\"665\" \/>\n\t<meta property=\"og:image:type\" content=\"image\/jpeg\" \/>\n<meta name=\"author\" content=\"Genof\u00f3ntes Urb\u00e1ez\" \/>\n<meta name=\"twitter:card\" content=\"summary_large_image\" \/>\n<meta name=\"twitter:label1\" content=\"Written by\" \/>\n\t<meta name=\"twitter:data1\" content=\"Genof\u00f3ntes Urb\u00e1ez\" \/>\n\t<meta name=\"twitter:label2\" content=\"Est. reading time\" \/>\n\t<meta name=\"twitter:data2\" content=\"2 minutos\" \/>\n<script type=\"application\/ld+json\" class=\"yoast-schema-graph\">{\"@context\":\"https:\\\/\\\/schema.org\",\"@graph\":[{\"@type\":\"Article\",\"@id\":\"http:\\\/\\\/minutocerord.com\\\/?p=4067#article\",\"isPartOf\":{\"@id\":\"http:\\\/\\\/minutocerord.com\\\/?p=4067\"},\"author\":{\"name\":\"Genof\u00f3ntes Urb\u00e1ez\",\"@id\":\"https:\\\/\\\/minutocerord.com\\\/#\\\/schema\\\/person\\\/60b5372d60aaa0a5171fb6488be9aee6\"},\"headline\":\"Aplazan juicio de fondo Kanqui, acusado de abuso sexual\",\"datePublished\":\"2021-04-16T12:21:59+00:00\",\"dateModified\":\"2021-04-16T12:22:04+00:00\",\"mainEntityOfPage\":{\"@id\":\"http:\\\/\\\/minutocerord.com\\\/?p=4067\"},\"wordCount\":324,\"commentCount\":0,\"publisher\":{\"@id\":\"https:\\\/\\\/minutocerord.com\\\/#\\\/schema\\\/person\\\/60b5372d60aaa0a5171fb6488be9aee6\"},\"image\":{\"@id\":\"http:\\\/\\\/minutocerord.com\\\/?p=4067#primaryimage\"},\"thumbnailUrl\":\"https:\\\/\\\/i0.wp.com\\\/minutocerord.com\\\/wp-content\\\/uploads\\\/2021\\\/04\\\/payaso-kanqui.jpg?fit=1037%2C665&ssl=1\",\"articleSection\":[\"Entretenimiento\"],\"inLanguage\":\"es-DO\",\"potentialAction\":[{\"@type\":\"CommentAction\",\"name\":\"Comment\",\"target\":[\"http:\\\/\\\/minutocerord.com\\\/?p=4067#respond\"]}]},{\"@type\":\"WebPage\",\"@id\":\"http:\\\/\\\/minutocerord.com\\\/?p=4067\",\"url\":\"http:\\\/\\\/minutocerord.com\\\/?p=4067\",\"name\":\"Aplazan juicio de fondo Kanqui, acusado de abuso sexual - Minuto Cero RD\",\"isPartOf\":{\"@id\":\"https:\\\/\\\/minutocerord.com\\\/#website\"},\"primaryImageOfPage\":{\"@id\":\"http:\\\/\\\/minutocerord.com\\\/?p=4067#primaryimage\"},\"image\":{\"@id\":\"http:\\\/\\\/minutocerord.com\\\/?p=4067#primaryimage\"},\"thumbnailUrl\":\"https:\\\/\\\/i0.wp.com\\\/minutocerord.com\\\/wp-content\\\/uploads\\\/2021\\\/04\\\/payaso-kanqui.jpg?fit=1037%2C665&ssl=1\",\"datePublished\":\"2021-04-16T12:21:59+00:00\",\"dateModified\":\"2021-04-16T12:22:04+00:00\",\"breadcrumb\":{\"@id\":\"http:\\\/\\\/minutocerord.com\\\/?p=4067#breadcrumb\"},\"inLanguage\":\"es-DO\",\"potentialAction\":[{\"@type\":\"ReadAction\",\"target\":[\"http:\\\/\\\/minutocerord.com\\\/?p=4067\"]}]},{\"@type\":\"ImageObject\",\"inLanguage\":\"es-DO\",\"@id\":\"http:\\\/\\\/minutocerord.com\\\/?p=4067#primaryimage\",\"url\":\"https:\\\/\\\/i0.wp.com\\\/minutocerord.com\\\/wp-content\\\/uploads\\\/2021\\\/04\\\/payaso-kanqui.jpg?fit=1037%2C665&ssl=1\",\"contentUrl\":\"https:\\\/\\\/i0.wp.com\\\/minutocerord.com\\\/wp-content\\\/uploads\\\/2021\\\/04\\\/payaso-kanqui.jpg?fit=1037%2C665&ssl=1\",\"width\":1037,\"height\":665},{\"@type\":\"BreadcrumbList\",\"@id\":\"http:\\\/\\\/minutocerord.com\\\/?p=4067#breadcrumb\",\"itemListElement\":[{\"@type\":\"ListItem\",\"position\":1,\"name\":\"Home\",\"item\":\"https:\\\/\\\/minutocerord.com\\\/\"},{\"@type\":\"ListItem\",\"position\":2,\"name\":\"Aplazan juicio de fondo Kanqui, acusado de abuso sexual\"}]},{\"@type\":\"WebSite\",\"@id\":\"https:\\\/\\\/minutocerord.com\\\/#website\",\"url\":\"https:\\\/\\\/minutocerord.com\\\/\",\"name\":\"Minuto Cero RD\",\"description\":\"Periodismo serio y veraz\",\"publisher\":{\"@id\":\"https:\\\/\\\/minutocerord.com\\\/#\\\/schema\\\/person\\\/60b5372d60aaa0a5171fb6488be9aee6\"},\"potentialAction\":[{\"@type\":\"SearchAction\",\"target\":{\"@type\":\"EntryPoint\",\"urlTemplate\":\"https:\\\/\\\/minutocerord.com\\\/?s={search_term_string}\"},\"query-input\":{\"@type\":\"PropertyValueSpecification\",\"valueRequired\":true,\"valueName\":\"search_term_string\"}}],\"inLanguage\":\"es-DO\"},{\"@type\":[\"Person\",\"Organization\"],\"@id\":\"https:\\\/\\\/minutocerord.com\\\/#\\\/schema\\\/person\\\/60b5372d60aaa0a5171fb6488be9aee6\",\"name\":\"Genof\u00f3ntes Urb\u00e1ez\",\"image\":{\"@type\":\"ImageObject\",\"inLanguage\":\"es-DO\",\"@id\":\"https:\\\/\\\/secure.gravatar.com\\\/avatar\\\/a49ef3186a692098ac3e8a1612261e3ad70cf9e44553dff2929e67939a0ecb9d?s=96&d=identicon&r=g\",\"url\":\"https:\\\/\\\/secure.gravatar.com\\\/avatar\\\/a49ef3186a692098ac3e8a1612261e3ad70cf9e44553dff2929e67939a0ecb9d?s=96&d=identicon&r=g\",\"contentUrl\":\"https:\\\/\\\/secure.gravatar.com\\\/avatar\\\/a49ef3186a692098ac3e8a1612261e3ad70cf9e44553dff2929e67939a0ecb9d?s=96&d=identicon&r=g\",\"caption\":\"Genof\u00f3ntes Urb\u00e1ez\"},\"logo\":{\"@id\":\"https:\\\/\\\/secure.gravatar.com\\\/avatar\\\/a49ef3186a692098ac3e8a1612261e3ad70cf9e44553dff2929e67939a0ecb9d?s=96&d=identicon&r=g\"},\"description\":\"Periodista \\\/ Locutor\",\"sameAs\":[\"https:\\\/\\\/www.facebook.com\\\/Genofnotes\",\"https:\\\/\\\/www.instagram.com\\\/genofnotes\\\/\"]}]}<\/script>\n<!-- \/ Yoast SEO plugin. -->","yoast_head_json":{"title":"Aplazan juicio de fondo Kanqui, acusado de abuso sexual - Minuto Cero RD","robots":{"index":"index","follow":"follow","max-snippet":"max-snippet:-1","max-image-preview":"max-image-preview:large","max-video-preview":"max-video-preview:-1"},"canonical":"http:\/\/minutocerord.com\/?p=4067","og_locale":"es_ES","og_type":"article","og_title":"Aplazan juicio de fondo Kanqui, acusado de abuso sexual - Minuto Cero RD","og_description":"El Primer Tribunal Colegiado del Distrito judicial de Santiago aplaz\u00f3 el juicio de fondo que se le conoc\u00eda este jueves a Kelvin Francisco N\u00fa\u00f1ez Morel, mejor conocido como el payaso Kanqui, acusado de abusar sexualmente de varios menores de edad. El tribunal que conoc\u00eda la apertura del juicio tom\u00f3 la decisi\u00f3n de aplazar la audiencia [&hellip;]","og_url":"http:\/\/minutocerord.com\/?p=4067","og_site_name":"Minuto Cero RD","article_publisher":"https:\/\/www.facebook.com\/Genofnotes","article_author":"https:\/\/www.facebook.com\/Genofnotes","article_published_time":"2021-04-16T12:21:59+00:00","article_modified_time":"2021-04-16T12:22:04+00:00","og_image":[{"width":1037,"height":665,"url":"https:\/\/i0.wp.com\/minutocerord.com\/wp-content\/uploads\/2021\/04\/payaso-kanqui.jpg?fit=1037%2C665","type":"image\/jpeg"}],"author":"Genof\u00f3ntes Urb\u00e1ez","twitter_card":"summary_large_image","twitter_misc":{"Written by":"Genof\u00f3ntes Urb\u00e1ez","Est. reading time":"2 minutos"},"schema":{"@context":"https:\/\/schema.org","@graph":[{"@type":"Article","@id":"http:\/\/minutocerord.com\/?p=4067#article","isPartOf":{"@id":"http:\/\/minutocerord.com\/?p=4067"},"author":{"name":"Genof\u00f3ntes Urb\u00e1ez","@id":"https:\/\/minutocerord.com\/#\/schema\/person\/60b5372d60aaa0a5171fb6488be9aee6"},"headline":"Aplazan juicio de fondo Kanqui, acusado de abuso sexual","datePublished":"2021-04-16T12:21:59+00:00","dateModified":"2021-04-16T12:22:04+00:00","mainEntityOfPage":{"@id":"http:\/\/minutocerord.com\/?p=4067"},"wordCount":324,"commentCount":0,"publisher":{"@id":"https:\/\/minutocerord.com\/#\/schema\/person\/60b5372d60aaa0a5171fb6488be9aee6"},"image":{"@id":"http:\/\/minutocerord.com\/?p=4067#primaryimage"},"thumbnailUrl":"https:\/\/i0.wp.com\/minutocerord.com\/wp-content\/uploads\/2021\/04\/payaso-kanqui.jpg?fit=1037%2C665&ssl=1","articleSection":["Entretenimiento"],"inLanguage":"es-DO","potentialAction":[{"@type":"CommentAction","name":"Comment","target":["http:\/\/minutocerord.com\/?p=4067#respond"]}]},{"@type":"WebPage","@id":"http:\/\/minutocerord.com\/?p=4067","url":"http:\/\/minutocerord.com\/?p=4067","name":"Aplazan juicio de fondo Kanqui, acusado de abuso sexual - Minuto Cero RD","isPartOf":{"@id":"https:\/\/minutocerord.com\/#website"},"primaryImageOfPage":{"@id":"http:\/\/minutocerord.com\/?p=4067#primaryimage"},"image":{"@id":"http:\/\/minutocerord.com\/?p=4067#primaryimage"},"thumbnailUrl":"https:\/\/i0.wp.com\/minutocerord.com\/wp-content\/uploads\/2021\/04\/payaso-kanqui.jpg?fit=1037%2C665&ssl=1","datePublished":"2021-04-16T12:21:59+00:00","dateModified":"2021-04-16T12:22:04+00:00","breadcrumb":{"@id":"http:\/\/minutocerord.com\/?p=4067#breadcrumb"},"inLanguage":"es-DO","potentialAction":[{"@type":"ReadAction","target":["http:\/\/minutocerord.com\/?p=4067"]}]},{"@type":"ImageObject","inLanguage":"es-DO","@id":"http:\/\/minutocerord.com\/?p=4067#primaryimage","url":"https:\/\/i0.wp.com\/minutocerord.com\/wp-content\/uploads\/2021\/04\/payaso-kanqui.jpg?fit=1037%2C665&ssl=1","contentUrl":"https:\/\/i0.wp.com\/minutocerord.com\/wp-content\/uploads\/2021\/04\/payaso-kanqui.jpg?fit=1037%2C665&ssl=1","width":1037,"height":665},{"@type":"BreadcrumbList","@id":"http:\/\/minutocerord.com\/?p=4067#breadcrumb","itemListElement":[{"@type":"ListItem","position":1,"name":"Home","item":"https:\/\/minutocerord.com\/"},{"@type":"ListItem","position":2,"name":"Aplazan juicio de fondo Kanqui, acusado de abuso sexual"}]},{"@type":"WebSite","@id":"https:\/\/minutocerord.com\/#website","url":"https:\/\/minutocerord.com\/","name":"Minuto Cero RD","description":"Periodismo serio y veraz","publisher":{"@id":"https:\/\/minutocerord.com\/#\/schema\/person\/60b5372d60aaa0a5171fb6488be9aee6"},"potentialAction":[{"@type":"SearchAction","target":{"@type":"EntryPoint","urlTemplate":"https:\/\/minutocerord.com\/?s={search_term_string}"},"query-input":{"@type":"PropertyValueSpecification","valueRequired":true,"valueName":"search_term_string"}}],"inLanguage":"es-DO"},{"@type":["Person","Organization"],"@id":"https:\/\/minutocerord.com\/#\/schema\/person\/60b5372d60aaa0a5171fb6488be9aee6","name":"Genof\u00f3ntes Urb\u00e1ez","image":{"@type":"ImageObject","inLanguage":"es-DO","@id":"https:\/\/secure.gravatar.com\/avatar\/a49ef3186a692098ac3e8a1612261e3ad70cf9e44553dff2929e67939a0ecb9d?s=96&d=identicon&r=g","url":"https:\/\/secure.gravatar.com\/avatar\/a49ef3186a692098ac3e8a1612261e3ad70cf9e44553dff2929e67939a0ecb9d?s=96&d=identicon&r=g","contentUrl":"https:\/\/secure.gravatar.com\/avatar\/a49ef3186a692098ac3e8a1612261e3ad70cf9e44553dff2929e67939a0ecb9d?s=96&d=identicon&r=g","caption":"Genof\u00f3ntes Urb\u00e1ez"},"logo":{"@id":"https:\/\/secure.gravatar.com\/avatar\/a49ef3186a692098ac3e8a1612261e3ad70cf9e44553dff2929e67939a0ecb9d?s=96&d=identicon&r=g"},"description":"Periodista \/ Locutor","sameAs":["https:\/\/www.facebook.com\/Genofnotes","https:\/\/www.instagram.com\/genofnotes\/"]}]}},"jetpack_publicize_connections":[],"jetpack_featured_media_url":"https:\/\/i0.wp.com\/minutocerord.com\/wp-content\/uploads\/2021\/04\/payaso-kanqui.jpg?fit=1037%2C665&ssl=1","jetpack-related-posts":[],"jetpack_sharing_enabled":true,"_links":{"self":[{"href":"https:\/\/minutocerord.com\/index.php?rest_route=\/wp\/v2\/posts\/4067","targetHints":{"allow":["GET"]}}],"collection":[{"href":"https:\/\/minutocerord.com\/index.php?rest_route=\/wp\/v2\/posts"}],"about":[{"href":"https:\/\/minutocerord.com\/index.php?rest_route=\/wp\/v2\/types\/post"}],"author":[{"embeddable":true,"href":"https:\/\/minutocerord.com\/index.php?rest_route=\/wp\/v2\/users\/1"}],"replies":[{"embeddable":true,"href":"https:\/\/minutocerord.com\/index.php?rest_route=%2Fwp%2Fv2%2Fcomments&post=4067"}],"version-history":[{"count":1,"href":"https:\/\/minutocerord.com\/index.php?rest_route=\/wp\/v2\/posts\/4067\/revisions"}],"predecessor-version":[{"id":4069,"href":"https:\/\/minutocerord.com\/index.php?rest_route=\/wp\/v2\/posts\/4067\/revisions\/4069"}],"wp:featuredmedia":[{"embeddable":true,"href":"https:\/\/minutocerord.com\/index.php?rest_route=\/wp\/v2\/media\/4068"}],"wp:attachment":[{"href":"https:\/\/minutocerord.com\/index.php?rest_route=%2Fwp%2Fv2%2Fmedia&parent=4067"}],"wp:term":[{"taxonomy":"category","embeddable":true,"href":"https:\/\/minutocerord.com\/index.php?rest_route=%2Fwp%2Fv2%2Fcategories&post=4067"},{"taxonomy":"post_tag","embeddable":true,"href":"https:\/\/minutocerord.com\/index.php?rest_route=%2Fwp%2Fv2%2Ftags&post=4067"}],"curies":[{"name":"wp","href":"https:\/\/api.w.org\/{rel}","templated":true}]}}