{"id":4083,"date":"2021-04-16T12:01:53","date_gmt":"2021-04-16T16:01:53","guid":{"rendered":"https:\/\/minutocerord.com\/?p=4083"},"modified":"2021-04-16T12:01:57","modified_gmt":"2021-04-16T16:01:57","slug":"reportan-otras-5-muertes-y-494-nuevos-contagios-de-covid-en-r-domininana","status":"publish","type":"post","link":"https:\/\/minutocerord.com\/?p=4083","title":{"rendered":"Reportan otras 5 muertes y 494 nuevos contagios de COVID en R. Domininana"},"content":{"rendered":"\n<p>SANTO DOMINGO.- Rep\u00fablica Dominicana sum\u00f3 5 muertes m\u00e1s y 494 nuevos contagios de covid-19 en el \u00faltimo d\u00eda, seg\u00fan los datos del bolet\u00edn del Ministerio de Salud P\u00fablica divulgado este viernes.<\/p>\n\n\n\n<p>Estas cifras fueron obtenidas al procesar 5,725 muestras. Actualmente, 38,713 personas tienen el virus. En total, desde que comenz\u00f3 la pandemia, en la Rep\u00fablica Dominicana se han registrado 260,133 casos, de los cuales se han recuperado 218,010 personas.<\/p>\n\n\n\n<p>De las camas que el sistema de salud tiene destinadas para pacientes de esta enfermedad, est\u00e1n ocupadas s\u00f3lo el 21 por ciento.<\/p>\n\n\n\n<p>El Ministerio de Salud, a trav\u00e9s del bolet\u00edn n\u00famero 393 emitido por la Direcci\u00f3n General de Epidemiolog\u00eda (DIGEPI), informa que la positividad de las \u00faltimas cuatro semanas contin\u00faa descendiendo y se sit\u00faa en 10.09 por ciento, mientras que la diaria est\u00e1 en 13.74.<\/p>\n\n\n\n<p>Precisa que, entre los cinco fallecimientos reportados este viernes, s\u00f3lo uno ocurri\u00f3 el jueves. El total de defunciones registradas hasta el momento es de 3,410.&nbsp; &nbsp;No obstante, la letalidad por la enfermedad es de 1.31 por ciento, en tanto que la mortalidad por mill\u00f3n de personas es de 326.36.<\/p>\n\n\n\n<p>Del total de muestras procesadas, unas 3,596 corresponden a la primera vez, mientras que 2,129 son muestras subsecuentes. La cantidad de muestras PCR realizadas es de 5,604, y 121 fueron antig\u00e9nicas.<\/p>\n\n\n\n<p><strong>Cifras de contagios y muertes&nbsp;<\/strong><\/p>\n\n\n\n<p>1 abril \u2013 469 contagios, 5 defunciones<\/p>\n\n\n\n<p>2 abril \u2013 585 contagios, 4 defunciones<\/p>\n\n\n\n<p>3 abril \u2013 355 contagios, 7 defunciones<\/p>\n\n\n\n<p>4 abril \u2013 159 contagios, 5 defunciones<\/p>\n\n\n\n<p>5 abril \u2013 140 contagios, 5 defunciones<\/p>\n\n\n\n<p>6 abril \u2013 168 contagios, 4 defunciones<\/p>\n\n\n\n<p>7 abril \u2013 334 contagios, 14 defunciones<\/p>\n\n\n\n<p>8 abril \u2013 1,094 contagios, 9 defunciones<\/p>\n\n\n\n<p>9 abril \u2013 532 contagios, 4 defunciones<\/p>\n\n\n\n<p>10 abril \u2013 623 contagios, 3 defunciones<\/p>\n\n\n\n<p>11 abril \u2013 512 contagios, 3 defunciones<\/p>\n\n\n\n<p>12 abril \u2013 341 contagios, 4 defunciones<\/p>\n\n\n\n<p>13 abril \u2013 598 contagios, 5 defunciones<\/p>\n\n\n\n<p>14 abril \u2013 623 contagios, 5 defunciones<\/p>\n\n\n\n<p>15 abril \u2013 379 contagios, 3 defunciones<\/p>\n\n\n\n<p>16 de abril \u2013 &nbsp;494 nuevos contagios, 5 muertes<\/p>\n","protected":false},"excerpt":{"rendered":"<p>SANTO DOMINGO.- Rep\u00fablica Dominicana sum\u00f3 5 muertes m\u00e1s y 494 nuevos contagios de covid-19 en el \u00faltimo d\u00eda, seg\u00fan los datos del bolet\u00edn del Ministerio de Salud P\u00fablica divulgado este viernes. Estas cifras fueron obtenidas al procesar 5,725 muestras. Actualmente, 38,713 personas tienen el virus. En total, desde que comenz\u00f3 la pandemia, en la Rep\u00fablica [&hellip;]<\/p>\n","protected":false},"author":1,"featured_media":4084,"comment_status":"open","ping_status":"open","sticky":false,"template":"","format":"standard","meta":{"nf_dc_page":"","jetpack_post_was_ever_published":false,"_jetpack_newsletter_access":"","_jetpack_dont_email_post_to_subs":false,"_jetpack_newsletter_tier_id":0,"_jetpack_memberships_contains_paywalled_content":false,"_jetpack_memberships_contains_paid_content":false,"footnotes":"","jetpack_publicize_message":"","jetpack_publicize_feature_enabled":true,"jetpack_social_post_already_shared":false,"jetpack_social_options":{"image_generator_settings":{"template":"highway","default_image_id":0,"font":"","enabled":false},"version":2}},"categories":[67],"tags":[],"class_list":["post-4083","post","type-post","status-publish","format-standard","has-post-thumbnail","hentry","category-salud"],"yoast_head":"<!-- This site is optimized with the Yoast SEO plugin v27.5 - https:\/\/yoast.com\/product\/yoast-seo-wordpress\/ -->\n<title>Reportan otras 5 muertes y 494 nuevos contagios de COVID en R. Domininana - Minuto Cero RD<\/title>\n<meta name=\"robots\" content=\"index, follow, max-snippet:-1, max-image-preview:large, max-video-preview:-1\" \/>\n<link rel=\"canonical\" href=\"https:\/\/minutocerord.com\/?p=4083\" \/>\n<meta property=\"og:locale\" content=\"es_ES\" \/>\n<meta property=\"og:type\" content=\"article\" \/>\n<meta property=\"og:title\" content=\"Reportan otras 5 muertes y 494 nuevos contagios de COVID en R. Domininana - Minuto Cero RD\" \/>\n<meta property=\"og:description\" content=\"SANTO DOMINGO.- Rep\u00fablica Dominicana sum\u00f3 5 muertes m\u00e1s y 494 nuevos contagios de covid-19 en el \u00faltimo d\u00eda, seg\u00fan los datos del bolet\u00edn del Ministerio de Salud P\u00fablica divulgado este viernes. Estas cifras fueron obtenidas al procesar 5,725 muestras. Actualmente, 38,713 personas tienen el virus. En total, desde que comenz\u00f3 la pandemia, en la Rep\u00fablica [&hellip;]\" \/>\n<meta property=\"og:url\" content=\"https:\/\/minutocerord.com\/?p=4083\" \/>\n<meta property=\"og:site_name\" content=\"Minuto Cero RD\" \/>\n<meta property=\"article:publisher\" content=\"https:\/\/www.facebook.com\/Genofnotes\" \/>\n<meta property=\"article:author\" content=\"https:\/\/www.facebook.com\/Genofnotes\" \/>\n<meta property=\"article:published_time\" content=\"2021-04-16T16:01:53+00:00\" \/>\n<meta property=\"article:modified_time\" content=\"2021-04-16T16:01:57+00:00\" \/>\n<meta property=\"og:image\" content=\"https:\/\/i0.wp.com\/minutocerord.com\/wp-content\/uploads\/2021\/04\/brasil-11-jun-696x457-1-1.jpg?fit=696%2C457&ssl=1\" \/>\n\t<meta property=\"og:image:width\" content=\"696\" \/>\n\t<meta property=\"og:image:height\" content=\"457\" \/>\n\t<meta property=\"og:image:type\" content=\"image\/jpeg\" \/>\n<meta name=\"author\" content=\"Genof\u00f3ntes Urb\u00e1ez\" \/>\n<meta name=\"twitter:card\" content=\"summary_large_image\" \/>\n<meta name=\"twitter:label1\" content=\"Written by\" \/>\n\t<meta name=\"twitter:data1\" content=\"Genof\u00f3ntes Urb\u00e1ez\" \/>\n\t<meta name=\"twitter:label2\" content=\"Est. reading time\" \/>\n\t<meta name=\"twitter:data2\" content=\"2 minutos\" \/>\n<script type=\"application\/ld+json\" class=\"yoast-schema-graph\">{\"@context\":\"https:\\\/\\\/schema.org\",\"@graph\":[{\"@type\":\"Article\",\"@id\":\"https:\\\/\\\/minutocerord.com\\\/?p=4083#article\",\"isPartOf\":{\"@id\":\"https:\\\/\\\/minutocerord.com\\\/?p=4083\"},\"author\":{\"name\":\"Genof\u00f3ntes Urb\u00e1ez\",\"@id\":\"https:\\\/\\\/minutocerord.com\\\/#\\\/schema\\\/person\\\/60b5372d60aaa0a5171fb6488be9aee6\"},\"headline\":\"Reportan otras 5 muertes y 494 nuevos contagios de COVID en R. Domininana\",\"datePublished\":\"2021-04-16T16:01:53+00:00\",\"dateModified\":\"2021-04-16T16:01:57+00:00\",\"mainEntityOfPage\":{\"@id\":\"https:\\\/\\\/minutocerord.com\\\/?p=4083\"},\"wordCount\":287,\"commentCount\":0,\"publisher\":{\"@id\":\"https:\\\/\\\/minutocerord.com\\\/#\\\/schema\\\/person\\\/60b5372d60aaa0a5171fb6488be9aee6\"},\"image\":{\"@id\":\"https:\\\/\\\/minutocerord.com\\\/?p=4083#primaryimage\"},\"thumbnailUrl\":\"https:\\\/\\\/i0.wp.com\\\/minutocerord.com\\\/wp-content\\\/uploads\\\/2021\\\/04\\\/brasil-11-jun-696x457-1-1.jpg?fit=696%2C457&ssl=1\",\"articleSection\":[\"Salud\"],\"inLanguage\":\"es-DO\",\"potentialAction\":[{\"@type\":\"CommentAction\",\"name\":\"Comment\",\"target\":[\"https:\\\/\\\/minutocerord.com\\\/?p=4083#respond\"]}]},{\"@type\":\"WebPage\",\"@id\":\"https:\\\/\\\/minutocerord.com\\\/?p=4083\",\"url\":\"https:\\\/\\\/minutocerord.com\\\/?p=4083\",\"name\":\"Reportan otras 5 muertes y 494 nuevos contagios de COVID en R. Domininana - Minuto Cero RD\",\"isPartOf\":{\"@id\":\"https:\\\/\\\/minutocerord.com\\\/#website\"},\"primaryImageOfPage\":{\"@id\":\"https:\\\/\\\/minutocerord.com\\\/?p=4083#primaryimage\"},\"image\":{\"@id\":\"https:\\\/\\\/minutocerord.com\\\/?p=4083#primaryimage\"},\"thumbnailUrl\":\"https:\\\/\\\/i0.wp.com\\\/minutocerord.com\\\/wp-content\\\/uploads\\\/2021\\\/04\\\/brasil-11-jun-696x457-1-1.jpg?fit=696%2C457&ssl=1\",\"datePublished\":\"2021-04-16T16:01:53+00:00\",\"dateModified\":\"2021-04-16T16:01:57+00:00\",\"breadcrumb\":{\"@id\":\"https:\\\/\\\/minutocerord.com\\\/?p=4083#breadcrumb\"},\"inLanguage\":\"es-DO\",\"potentialAction\":[{\"@type\":\"ReadAction\",\"target\":[\"https:\\\/\\\/minutocerord.com\\\/?p=4083\"]}]},{\"@type\":\"ImageObject\",\"inLanguage\":\"es-DO\",\"@id\":\"https:\\\/\\\/minutocerord.com\\\/?p=4083#primaryimage\",\"url\":\"https:\\\/\\\/i0.wp.com\\\/minutocerord.com\\\/wp-content\\\/uploads\\\/2021\\\/04\\\/brasil-11-jun-696x457-1-1.jpg?fit=696%2C457&ssl=1\",\"contentUrl\":\"https:\\\/\\\/i0.wp.com\\\/minutocerord.com\\\/wp-content\\\/uploads\\\/2021\\\/04\\\/brasil-11-jun-696x457-1-1.jpg?fit=696%2C457&ssl=1\",\"width\":696,\"height\":457},{\"@type\":\"BreadcrumbList\",\"@id\":\"https:\\\/\\\/minutocerord.com\\\/?p=4083#breadcrumb\",\"itemListElement\":[{\"@type\":\"ListItem\",\"position\":1,\"name\":\"Home\",\"item\":\"https:\\\/\\\/minutocerord.com\\\/\"},{\"@type\":\"ListItem\",\"position\":2,\"name\":\"Reportan otras 5 muertes y 494 nuevos contagios de COVID en R. Domininana\"}]},{\"@type\":\"WebSite\",\"@id\":\"https:\\\/\\\/minutocerord.com\\\/#website\",\"url\":\"https:\\\/\\\/minutocerord.com\\\/\",\"name\":\"Minuto Cero RD\",\"description\":\"Periodismo serio y veraz\",\"publisher\":{\"@id\":\"https:\\\/\\\/minutocerord.com\\\/#\\\/schema\\\/person\\\/60b5372d60aaa0a5171fb6488be9aee6\"},\"potentialAction\":[{\"@type\":\"SearchAction\",\"target\":{\"@type\":\"EntryPoint\",\"urlTemplate\":\"https:\\\/\\\/minutocerord.com\\\/?s={search_term_string}\"},\"query-input\":{\"@type\":\"PropertyValueSpecification\",\"valueRequired\":true,\"valueName\":\"search_term_string\"}}],\"inLanguage\":\"es-DO\"},{\"@type\":[\"Person\",\"Organization\"],\"@id\":\"https:\\\/\\\/minutocerord.com\\\/#\\\/schema\\\/person\\\/60b5372d60aaa0a5171fb6488be9aee6\",\"name\":\"Genof\u00f3ntes Urb\u00e1ez\",\"image\":{\"@type\":\"ImageObject\",\"inLanguage\":\"es-DO\",\"@id\":\"https:\\\/\\\/secure.gravatar.com\\\/avatar\\\/a49ef3186a692098ac3e8a1612261e3ad70cf9e44553dff2929e67939a0ecb9d?s=96&d=identicon&r=g\",\"url\":\"https:\\\/\\\/secure.gravatar.com\\\/avatar\\\/a49ef3186a692098ac3e8a1612261e3ad70cf9e44553dff2929e67939a0ecb9d?s=96&d=identicon&r=g\",\"contentUrl\":\"https:\\\/\\\/secure.gravatar.com\\\/avatar\\\/a49ef3186a692098ac3e8a1612261e3ad70cf9e44553dff2929e67939a0ecb9d?s=96&d=identicon&r=g\",\"caption\":\"Genof\u00f3ntes Urb\u00e1ez\"},\"logo\":{\"@id\":\"https:\\\/\\\/secure.gravatar.com\\\/avatar\\\/a49ef3186a692098ac3e8a1612261e3ad70cf9e44553dff2929e67939a0ecb9d?s=96&d=identicon&r=g\"},\"description\":\"Periodista \\\/ Locutor\",\"sameAs\":[\"https:\\\/\\\/www.facebook.com\\\/Genofnotes\",\"https:\\\/\\\/www.instagram.com\\\/genofnotes\\\/\"]}]}<\/script>\n<!-- \/ Yoast SEO plugin. -->","yoast_head_json":{"title":"Reportan otras 5 muertes y 494 nuevos contagios de COVID en R. Domininana - Minuto Cero RD","robots":{"index":"index","follow":"follow","max-snippet":"max-snippet:-1","max-image-preview":"max-image-preview:large","max-video-preview":"max-video-preview:-1"},"canonical":"https:\/\/minutocerord.com\/?p=4083","og_locale":"es_ES","og_type":"article","og_title":"Reportan otras 5 muertes y 494 nuevos contagios de COVID en R. Domininana - Minuto Cero RD","og_description":"SANTO DOMINGO.- Rep\u00fablica Dominicana sum\u00f3 5 muertes m\u00e1s y 494 nuevos contagios de covid-19 en el \u00faltimo d\u00eda, seg\u00fan los datos del bolet\u00edn del Ministerio de Salud P\u00fablica divulgado este viernes. Estas cifras fueron obtenidas al procesar 5,725 muestras. Actualmente, 38,713 personas tienen el virus. En total, desde que comenz\u00f3 la pandemia, en la Rep\u00fablica [&hellip;]","og_url":"https:\/\/minutocerord.com\/?p=4083","og_site_name":"Minuto Cero RD","article_publisher":"https:\/\/www.facebook.com\/Genofnotes","article_author":"https:\/\/www.facebook.com\/Genofnotes","article_published_time":"2021-04-16T16:01:53+00:00","article_modified_time":"2021-04-16T16:01:57+00:00","og_image":[{"width":696,"height":457,"url":"https:\/\/i0.wp.com\/minutocerord.com\/wp-content\/uploads\/2021\/04\/brasil-11-jun-696x457-1-1.jpg?fit=696%2C457&ssl=1","type":"image\/jpeg"}],"author":"Genof\u00f3ntes Urb\u00e1ez","twitter_card":"summary_large_image","twitter_misc":{"Written by":"Genof\u00f3ntes Urb\u00e1ez","Est. reading time":"2 minutos"},"schema":{"@context":"https:\/\/schema.org","@graph":[{"@type":"Article","@id":"https:\/\/minutocerord.com\/?p=4083#article","isPartOf":{"@id":"https:\/\/minutocerord.com\/?p=4083"},"author":{"name":"Genof\u00f3ntes Urb\u00e1ez","@id":"https:\/\/minutocerord.com\/#\/schema\/person\/60b5372d60aaa0a5171fb6488be9aee6"},"headline":"Reportan otras 5 muertes y 494 nuevos contagios de COVID en R. Domininana","datePublished":"2021-04-16T16:01:53+00:00","dateModified":"2021-04-16T16:01:57+00:00","mainEntityOfPage":{"@id":"https:\/\/minutocerord.com\/?p=4083"},"wordCount":287,"commentCount":0,"publisher":{"@id":"https:\/\/minutocerord.com\/#\/schema\/person\/60b5372d60aaa0a5171fb6488be9aee6"},"image":{"@id":"https:\/\/minutocerord.com\/?p=4083#primaryimage"},"thumbnailUrl":"https:\/\/i0.wp.com\/minutocerord.com\/wp-content\/uploads\/2021\/04\/brasil-11-jun-696x457-1-1.jpg?fit=696%2C457&ssl=1","articleSection":["Salud"],"inLanguage":"es-DO","potentialAction":[{"@type":"CommentAction","name":"Comment","target":["https:\/\/minutocerord.com\/?p=4083#respond"]}]},{"@type":"WebPage","@id":"https:\/\/minutocerord.com\/?p=4083","url":"https:\/\/minutocerord.com\/?p=4083","name":"Reportan otras 5 muertes y 494 nuevos contagios de COVID en R. Domininana - Minuto Cero RD","isPartOf":{"@id":"https:\/\/minutocerord.com\/#website"},"primaryImageOfPage":{"@id":"https:\/\/minutocerord.com\/?p=4083#primaryimage"},"image":{"@id":"https:\/\/minutocerord.com\/?p=4083#primaryimage"},"thumbnailUrl":"https:\/\/i0.wp.com\/minutocerord.com\/wp-content\/uploads\/2021\/04\/brasil-11-jun-696x457-1-1.jpg?fit=696%2C457&ssl=1","datePublished":"2021-04-16T16:01:53+00:00","dateModified":"2021-04-16T16:01:57+00:00","breadcrumb":{"@id":"https:\/\/minutocerord.com\/?p=4083#breadcrumb"},"inLanguage":"es-DO","potentialAction":[{"@type":"ReadAction","target":["https:\/\/minutocerord.com\/?p=4083"]}]},{"@type":"ImageObject","inLanguage":"es-DO","@id":"https:\/\/minutocerord.com\/?p=4083#primaryimage","url":"https:\/\/i0.wp.com\/minutocerord.com\/wp-content\/uploads\/2021\/04\/brasil-11-jun-696x457-1-1.jpg?fit=696%2C457&ssl=1","contentUrl":"https:\/\/i0.wp.com\/minutocerord.com\/wp-content\/uploads\/2021\/04\/brasil-11-jun-696x457-1-1.jpg?fit=696%2C457&ssl=1","width":696,"height":457},{"@type":"BreadcrumbList","@id":"https:\/\/minutocerord.com\/?p=4083#breadcrumb","itemListElement":[{"@type":"ListItem","position":1,"name":"Home","item":"https:\/\/minutocerord.com\/"},{"@type":"ListItem","position":2,"name":"Reportan otras 5 muertes y 494 nuevos contagios de COVID en R. Domininana"}]},{"@type":"WebSite","@id":"https:\/\/minutocerord.com\/#website","url":"https:\/\/minutocerord.com\/","name":"Minuto Cero RD","description":"Periodismo serio y veraz","publisher":{"@id":"https:\/\/minutocerord.com\/#\/schema\/person\/60b5372d60aaa0a5171fb6488be9aee6"},"potentialAction":[{"@type":"SearchAction","target":{"@type":"EntryPoint","urlTemplate":"https:\/\/minutocerord.com\/?s={search_term_string}"},"query-input":{"@type":"PropertyValueSpecification","valueRequired":true,"valueName":"search_term_string"}}],"inLanguage":"es-DO"},{"@type":["Person","Organization"],"@id":"https:\/\/minutocerord.com\/#\/schema\/person\/60b5372d60aaa0a5171fb6488be9aee6","name":"Genof\u00f3ntes Urb\u00e1ez","image":{"@type":"ImageObject","inLanguage":"es-DO","@id":"https:\/\/secure.gravatar.com\/avatar\/a49ef3186a692098ac3e8a1612261e3ad70cf9e44553dff2929e67939a0ecb9d?s=96&d=identicon&r=g","url":"https:\/\/secure.gravatar.com\/avatar\/a49ef3186a692098ac3e8a1612261e3ad70cf9e44553dff2929e67939a0ecb9d?s=96&d=identicon&r=g","contentUrl":"https:\/\/secure.gravatar.com\/avatar\/a49ef3186a692098ac3e8a1612261e3ad70cf9e44553dff2929e67939a0ecb9d?s=96&d=identicon&r=g","caption":"Genof\u00f3ntes Urb\u00e1ez"},"logo":{"@id":"https:\/\/secure.gravatar.com\/avatar\/a49ef3186a692098ac3e8a1612261e3ad70cf9e44553dff2929e67939a0ecb9d?s=96&d=identicon&r=g"},"description":"Periodista \/ Locutor","sameAs":["https:\/\/www.facebook.com\/Genofnotes","https:\/\/www.instagram.com\/genofnotes\/"]}]}},"jetpack_publicize_connections":[],"jetpack_featured_media_url":"https:\/\/i0.wp.com\/minutocerord.com\/wp-content\/uploads\/2021\/04\/brasil-11-jun-696x457-1-1.jpg?fit=696%2C457&ssl=1","jetpack-related-posts":[],"jetpack_sharing_enabled":true,"_links":{"self":[{"href":"https:\/\/minutocerord.com\/index.php?rest_route=\/wp\/v2\/posts\/4083","targetHints":{"allow":["GET"]}}],"collection":[{"href":"https:\/\/minutocerord.com\/index.php?rest_route=\/wp\/v2\/posts"}],"about":[{"href":"https:\/\/minutocerord.com\/index.php?rest_route=\/wp\/v2\/types\/post"}],"author":[{"embeddable":true,"href":"https:\/\/minutocerord.com\/index.php?rest_route=\/wp\/v2\/users\/1"}],"replies":[{"embeddable":true,"href":"https:\/\/minutocerord.com\/index.php?rest_route=%2Fwp%2Fv2%2Fcomments&post=4083"}],"version-history":[{"count":1,"href":"https:\/\/minutocerord.com\/index.php?rest_route=\/wp\/v2\/posts\/4083\/revisions"}],"predecessor-version":[{"id":4085,"href":"https:\/\/minutocerord.com\/index.php?rest_route=\/wp\/v2\/posts\/4083\/revisions\/4085"}],"wp:featuredmedia":[{"embeddable":true,"href":"https:\/\/minutocerord.com\/index.php?rest_route=\/wp\/v2\/media\/4084"}],"wp:attachment":[{"href":"https:\/\/minutocerord.com\/index.php?rest_route=%2Fwp%2Fv2%2Fmedia&parent=4083"}],"wp:term":[{"taxonomy":"category","embeddable":true,"href":"https:\/\/minutocerord.com\/index.php?rest_route=%2Fwp%2Fv2%2Fcategories&post=4083"},{"taxonomy":"post_tag","embeddable":true,"href":"https:\/\/minutocerord.com\/index.php?rest_route=%2Fwp%2Fv2%2Ftags&post=4083"}],"curies":[{"name":"wp","href":"https:\/\/api.w.org\/{rel}","templated":true}]}}