{"id":4086,"date":"2021-04-18T20:46:28","date_gmt":"2021-04-19T00:46:28","guid":{"rendered":"https:\/\/minutocerord.com\/?p=4086"},"modified":"2021-04-18T20:46:35","modified_gmt":"2021-04-19T00:46:35","slug":"espana-dominicanos-interesados-en-invertir-piden-facilidades-a-abinader","status":"publish","type":"post","link":"https:\/\/minutocerord.com\/?p=4086","title":{"rendered":"ESPA\u00d1A: Dominicanos interesados en invertir piden facilidades a Abinader"},"content":{"rendered":"\n<figure class=\"wp-block-embed is-type-rich is-provider-embed-handler wp-block-embed-embed-handler wp-embed-aspect-16-9 wp-has-aspect-ratio\"><div class=\"wp-block-embed__wrapper\">\n<div class=\"youtube-embed\" data-video_id=\"keGtOnbGHNA\"><iframe loading=\"lazy\" title=\"Presidente Abinader se re\u00fane con dominicanos radicados en Espa\u00f1a\" width=\"640\" height=\"360\" src=\"https:\/\/www.youtube.com\/embed\/keGtOnbGHNA?feature=oembed&#038;enablejsapi=1\" frameborder=\"0\" allow=\"accelerometer; autoplay; clipboard-write; encrypted-media; gyroscope; picture-in-picture; web-share\" referrerpolicy=\"strict-origin-when-cross-origin\" allowfullscreen><\/iframe><\/div>\n<\/div><\/figure>\n\n\n\n<p>MADRID.- Dominicanos residentes en Espa\u00f1a expresaron al presidente de Luis Abinader, su disposici\u00f3n de invertir en su pa\u00eds, para lo cual solicitaron al Gobierno que les otorgue facilidades.<\/p>\n\n\n\n<p>De su lado, el Jefe del Estado les reiter\u00f3 que pueden contar con el Gobierno dominicano.<\/p>\n\n\n\n<p>El intercambio de impresiones se produjo durante un encuentro que el mandatario sostuvo este domingo con compatriotas suyos radicados aqu\u00ed.<\/p>\n\n\n\n<p>\u201cLos dominicanos somos gente buena y trabajadora, que donde quiera que vamos, nos destacamos. Fue un gran honor para m\u00ed, reunirme y cenar con la comunidad dominicana radicada en Espa\u00f1a. El pa\u00eds cuenta con ustedes, y ustedes con un Gobierno que les respaldar\u00e1\u201d, expres\u00f3 el mandatario luego del encuentro.<\/p>\n\n\n\n<p>En el mismo estuvieron artistas, empresarios, deportistas, periodistas, catedr\u00e1ticos, comerciantes representantes de otros sectores, entre ellos Luis Abreu, Rafaela Pimentel, Julio de Castro, Carlos Pe\u00f1a Mercedes, \u00c1ngela Carrasco, Ram\u00f3n Soc\u00edas, L\u00eda Chapman, Janette Alfau, &nbsp;Crismeidy Ure\u00f1a, Julio C\u00e9sar Vargas, Neivy Tolentino, Andr\u00e9s Omega Ram\u00edrez, Luis Garc\u00eda, William Erickson, Carlos B\u00e1ez Evertz, Wendy Rodr\u00edguez, Kenia del Orbe, Carla Jovine y Eugenia Garc\u00eda.<\/p>\n\n\n\n<p><strong>Apoyo de dirigentes del PRM<\/strong><\/p>\n\n\n\n<p>M\u00e1s temprano, el Presidente se reuni\u00f3 con dirigentes del Partido Revolucionario Moderno (PRM), en Madrid, quienes manifestaron apoyo al Gobierno y su inter\u00e9s de continuar fortaleciendo esta entidad pol\u00edtica.<\/p>\n\n\n\n<p>Solicitaron al mandatario que se les tome en cuenta en la presente gesti\u00f3n gubernamental, que sean ampliados los servicios del gobierno dominicano entre ellos los de Migraci\u00f3n y Pasaportes, y se les incluya en el Seguro Nacional de Salud (Senasa).<\/p>\n\n\n\n<p><strong>Encuentros con Aznar y Gonz\u00e1lez<\/strong><\/p>\n\n\n\n<p>En la ma\u00f1ana Abinader se reuni\u00f3, por separado, con los ex presidentes del gobierno espa\u00f1ol, Felipe Gonz\u00e1lez y Jos\u00e9 Mar\u00eda Aznar, con los cuales habl\u00f3 sobre t\u00f3ipicos de inter\u00e9s internacional-<\/p>\n\n\n\n<p>El canciller dominicano Roberto Alvarez y el embajador ante el Reino de Espa\u00f1a, Juan Bolivar D\u00edaz, acompa\u00f1aron al gobernante en estos encuentros.<\/p>\n\n\n\n<p>Para este lunes la agenda presidencial contempla encuentros con el presidente del gobierno espa\u00f1ol, Pedro S\u00e1nchez, y el rey Don Felipe VI.<\/p>\n\n\n\n<figure class=\"wp-block-image\" id=\"attachment_700633\"><a href=\"https:\/\/i0.wp.com\/almomento.net\/wp-content\/uploads\/2021\/04\/Abinader-reunido-con-el-expesidente-del-gobierno-espa%C3%B1ol-Felipe-Gonz%C3%A1lez..jpg?ssl=1\"><img data-recalc-dims=\"1\" decoding=\"async\" loading=\"lazy\" src=\"https:\/\/i0.wp.com\/almomento.net\/wp-content\/uploads\/2021\/04\/Abinader-reunido-con-el-expesidente-del-gobierno-espa%C3%B1ol-Felipe-Gonz%C3%A1lez..jpg?w=640&#038;ssl=1\" alt=\"\" class=\"wp-image-700633\"\/><\/a><figcaption>Abinader reunido con el expesidente del gobierno espa\u00f1ol, Felipe Gonz\u00e1lez.<\/figcaption><\/figure>\n","protected":false},"excerpt":{"rendered":"<p>MADRID.- Dominicanos residentes en Espa\u00f1a expresaron al presidente de Luis Abinader, su disposici\u00f3n de invertir en su pa\u00eds, para lo cual solicitaron al Gobierno que les otorgue facilidades. De su lado, el Jefe del Estado les reiter\u00f3 que pueden contar con el Gobierno dominicano. El intercambio de impresiones se produjo durante un encuentro que el [&hellip;]<\/p>\n","protected":false},"author":1,"featured_media":4088,"comment_status":"open","ping_status":"open","sticky":false,"template":"","format":"standard","meta":{"nf_dc_page":"","jetpack_post_was_ever_published":false,"_jetpack_newsletter_access":"","_jetpack_dont_email_post_to_subs":false,"_jetpack_newsletter_tier_id":0,"_jetpack_memberships_contains_paywalled_content":false,"_jetpack_memberships_contains_paid_content":false,"footnotes":"","jetpack_publicize_message":"","jetpack_publicize_feature_enabled":true,"jetpack_social_post_already_shared":false,"jetpack_social_options":{"image_generator_settings":{"template":"highway","default_image_id":0,"font":"","enabled":false},"version":2}},"categories":[79],"tags":[],"class_list":["post-4086","post","type-post","status-publish","format-standard","has-post-thumbnail","hentry"],"yoast_head":"<!-- This site is optimized with the Yoast SEO plugin v27.5 - https:\/\/yoast.com\/product\/yoast-seo-wordpress\/ -->\n<title>ESPA\u00d1A: Dominicanos interesados en invertir piden facilidades a Abinader - Minuto Cero RD<\/title>\n<meta name=\"robots\" content=\"index, follow, max-snippet:-1, max-image-preview:large, max-video-preview:-1\" \/>\n<link rel=\"canonical\" href=\"https:\/\/minutocerord.com\/?p=4086\" \/>\n<meta property=\"og:locale\" content=\"es_ES\" \/>\n<meta property=\"og:type\" content=\"article\" \/>\n<meta property=\"og:title\" content=\"ESPA\u00d1A: Dominicanos interesados en invertir piden facilidades a Abinader - Minuto Cero RD\" \/>\n<meta property=\"og:description\" content=\"MADRID.- Dominicanos residentes en Espa\u00f1a expresaron al presidente de Luis Abinader, su disposici\u00f3n de invertir en su pa\u00eds, para lo cual solicitaron al Gobierno que les otorgue facilidades. De su lado, el Jefe del Estado les reiter\u00f3 que pueden contar con el Gobierno dominicano. El intercambio de impresiones se produjo durante un encuentro que el [&hellip;]\" \/>\n<meta property=\"og:url\" content=\"https:\/\/minutocerord.com\/?p=4086\" \/>\n<meta property=\"og:site_name\" content=\"Minuto Cero RD\" \/>\n<meta property=\"article:publisher\" content=\"https:\/\/www.facebook.com\/Genofnotes\" \/>\n<meta property=\"article:author\" content=\"https:\/\/www.facebook.com\/Genofnotes\" \/>\n<meta property=\"article:published_time\" content=\"2021-04-19T00:46:28+00:00\" \/>\n<meta property=\"article:modified_time\" content=\"2021-04-19T00:46:35+00:00\" \/>\n<meta property=\"og:image\" content=\"https:\/\/i0.wp.com\/minutocerord.com\/wp-content\/uploads\/2021\/04\/El-presidente-Abinader-reunido-con-dominicanos-en-Madrid.jpg?fit=812%2C434&ssl=1\" \/>\n\t<meta property=\"og:image:width\" content=\"812\" \/>\n\t<meta property=\"og:image:height\" content=\"434\" \/>\n\t<meta property=\"og:image:type\" content=\"image\/jpeg\" \/>\n<meta name=\"author\" content=\"Genof\u00f3ntes Urb\u00e1ez\" \/>\n<meta name=\"twitter:card\" content=\"summary_large_image\" \/>\n<meta name=\"twitter:label1\" content=\"Written by\" \/>\n\t<meta name=\"twitter:data1\" content=\"Genof\u00f3ntes Urb\u00e1ez\" \/>\n\t<meta name=\"twitter:label2\" content=\"Est. reading time\" \/>\n\t<meta name=\"twitter:data2\" content=\"2 minutos\" \/>\n<script type=\"application\/ld+json\" class=\"yoast-schema-graph\">{\"@context\":\"https:\\\/\\\/schema.org\",\"@graph\":[{\"@type\":\"Article\",\"@id\":\"https:\\\/\\\/minutocerord.com\\\/?p=4086#article\",\"isPartOf\":{\"@id\":\"https:\\\/\\\/minutocerord.com\\\/?p=4086\"},\"author\":{\"name\":\"Genof\u00f3ntes Urb\u00e1ez\",\"@id\":\"https:\\\/\\\/minutocerord.com\\\/#\\\/schema\\\/person\\\/60b5372d60aaa0a5171fb6488be9aee6\"},\"headline\":\"ESPA\u00d1A: Dominicanos interesados en invertir piden facilidades a Abinader\",\"datePublished\":\"2021-04-19T00:46:28+00:00\",\"dateModified\":\"2021-04-19T00:46:35+00:00\",\"mainEntityOfPage\":{\"@id\":\"https:\\\/\\\/minutocerord.com\\\/?p=4086\"},\"wordCount\":392,\"commentCount\":0,\"publisher\":{\"@id\":\"https:\\\/\\\/minutocerord.com\\\/#\\\/schema\\\/person\\\/60b5372d60aaa0a5171fb6488be9aee6\"},\"image\":{\"@id\":\"https:\\\/\\\/minutocerord.com\\\/?p=4086#primaryimage\"},\"thumbnailUrl\":\"https:\\\/\\\/i0.wp.com\\\/minutocerord.com\\\/wp-content\\\/uploads\\\/2021\\\/04\\\/El-presidente-Abinader-reunido-con-dominicanos-en-Madrid.jpg?fit=812%2C434&ssl=1\",\"articleSection\":[\"Espa\u00f1a\"],\"inLanguage\":\"es-DO\",\"potentialAction\":[{\"@type\":\"CommentAction\",\"name\":\"Comment\",\"target\":[\"https:\\\/\\\/minutocerord.com\\\/?p=4086#respond\"]}]},{\"@type\":\"WebPage\",\"@id\":\"https:\\\/\\\/minutocerord.com\\\/?p=4086\",\"url\":\"https:\\\/\\\/minutocerord.com\\\/?p=4086\",\"name\":\"ESPA\u00d1A: Dominicanos interesados en invertir piden facilidades a Abinader - Minuto Cero RD\",\"isPartOf\":{\"@id\":\"https:\\\/\\\/minutocerord.com\\\/#website\"},\"primaryImageOfPage\":{\"@id\":\"https:\\\/\\\/minutocerord.com\\\/?p=4086#primaryimage\"},\"image\":{\"@id\":\"https:\\\/\\\/minutocerord.com\\\/?p=4086#primaryimage\"},\"thumbnailUrl\":\"https:\\\/\\\/i0.wp.com\\\/minutocerord.com\\\/wp-content\\\/uploads\\\/2021\\\/04\\\/El-presidente-Abinader-reunido-con-dominicanos-en-Madrid.jpg?fit=812%2C434&ssl=1\",\"datePublished\":\"2021-04-19T00:46:28+00:00\",\"dateModified\":\"2021-04-19T00:46:35+00:00\",\"breadcrumb\":{\"@id\":\"https:\\\/\\\/minutocerord.com\\\/?p=4086#breadcrumb\"},\"inLanguage\":\"es-DO\",\"potentialAction\":[{\"@type\":\"ReadAction\",\"target\":[\"https:\\\/\\\/minutocerord.com\\\/?p=4086\"]}]},{\"@type\":\"ImageObject\",\"inLanguage\":\"es-DO\",\"@id\":\"https:\\\/\\\/minutocerord.com\\\/?p=4086#primaryimage\",\"url\":\"https:\\\/\\\/i0.wp.com\\\/minutocerord.com\\\/wp-content\\\/uploads\\\/2021\\\/04\\\/El-presidente-Abinader-reunido-con-dominicanos-en-Madrid.jpg?fit=812%2C434&ssl=1\",\"contentUrl\":\"https:\\\/\\\/i0.wp.com\\\/minutocerord.com\\\/wp-content\\\/uploads\\\/2021\\\/04\\\/El-presidente-Abinader-reunido-con-dominicanos-en-Madrid.jpg?fit=812%2C434&ssl=1\",\"width\":812,\"height\":434},{\"@type\":\"BreadcrumbList\",\"@id\":\"https:\\\/\\\/minutocerord.com\\\/?p=4086#breadcrumb\",\"itemListElement\":[{\"@type\":\"ListItem\",\"position\":1,\"name\":\"Home\",\"item\":\"https:\\\/\\\/minutocerord.com\\\/\"},{\"@type\":\"ListItem\",\"position\":2,\"name\":\"ESPA\u00d1A: Dominicanos interesados en invertir piden facilidades a Abinader\"}]},{\"@type\":\"WebSite\",\"@id\":\"https:\\\/\\\/minutocerord.com\\\/#website\",\"url\":\"https:\\\/\\\/minutocerord.com\\\/\",\"name\":\"Minuto Cero RD\",\"description\":\"Periodismo serio y veraz\",\"publisher\":{\"@id\":\"https:\\\/\\\/minutocerord.com\\\/#\\\/schema\\\/person\\\/60b5372d60aaa0a5171fb6488be9aee6\"},\"potentialAction\":[{\"@type\":\"SearchAction\",\"target\":{\"@type\":\"EntryPoint\",\"urlTemplate\":\"https:\\\/\\\/minutocerord.com\\\/?s={search_term_string}\"},\"query-input\":{\"@type\":\"PropertyValueSpecification\",\"valueRequired\":true,\"valueName\":\"search_term_string\"}}],\"inLanguage\":\"es-DO\"},{\"@type\":[\"Person\",\"Organization\"],\"@id\":\"https:\\\/\\\/minutocerord.com\\\/#\\\/schema\\\/person\\\/60b5372d60aaa0a5171fb6488be9aee6\",\"name\":\"Genof\u00f3ntes Urb\u00e1ez\",\"image\":{\"@type\":\"ImageObject\",\"inLanguage\":\"es-DO\",\"@id\":\"https:\\\/\\\/secure.gravatar.com\\\/avatar\\\/a49ef3186a692098ac3e8a1612261e3ad70cf9e44553dff2929e67939a0ecb9d?s=96&d=identicon&r=g\",\"url\":\"https:\\\/\\\/secure.gravatar.com\\\/avatar\\\/a49ef3186a692098ac3e8a1612261e3ad70cf9e44553dff2929e67939a0ecb9d?s=96&d=identicon&r=g\",\"contentUrl\":\"https:\\\/\\\/secure.gravatar.com\\\/avatar\\\/a49ef3186a692098ac3e8a1612261e3ad70cf9e44553dff2929e67939a0ecb9d?s=96&d=identicon&r=g\",\"caption\":\"Genof\u00f3ntes Urb\u00e1ez\"},\"logo\":{\"@id\":\"https:\\\/\\\/secure.gravatar.com\\\/avatar\\\/a49ef3186a692098ac3e8a1612261e3ad70cf9e44553dff2929e67939a0ecb9d?s=96&d=identicon&r=g\"},\"description\":\"Periodista \\\/ Locutor\",\"sameAs\":[\"https:\\\/\\\/www.facebook.com\\\/Genofnotes\",\"https:\\\/\\\/www.instagram.com\\\/genofnotes\\\/\"]}]}<\/script>\n<!-- \/ Yoast SEO plugin. -->","yoast_head_json":{"title":"ESPA\u00d1A: Dominicanos interesados en invertir piden facilidades a Abinader - Minuto Cero RD","robots":{"index":"index","follow":"follow","max-snippet":"max-snippet:-1","max-image-preview":"max-image-preview:large","max-video-preview":"max-video-preview:-1"},"canonical":"https:\/\/minutocerord.com\/?p=4086","og_locale":"es_ES","og_type":"article","og_title":"ESPA\u00d1A: Dominicanos interesados en invertir piden facilidades a Abinader - Minuto Cero RD","og_description":"MADRID.- Dominicanos residentes en Espa\u00f1a expresaron al presidente de Luis Abinader, su disposici\u00f3n de invertir en su pa\u00eds, para lo cual solicitaron al Gobierno que les otorgue facilidades. De su lado, el Jefe del Estado les reiter\u00f3 que pueden contar con el Gobierno dominicano. El intercambio de impresiones se produjo durante un encuentro que el [&hellip;]","og_url":"https:\/\/minutocerord.com\/?p=4086","og_site_name":"Minuto Cero RD","article_publisher":"https:\/\/www.facebook.com\/Genofnotes","article_author":"https:\/\/www.facebook.com\/Genofnotes","article_published_time":"2021-04-19T00:46:28+00:00","article_modified_time":"2021-04-19T00:46:35+00:00","og_image":[{"width":812,"height":434,"url":"https:\/\/i0.wp.com\/minutocerord.com\/wp-content\/uploads\/2021\/04\/El-presidente-Abinader-reunido-con-dominicanos-en-Madrid.jpg?fit=812%2C434&ssl=1","type":"image\/jpeg"}],"author":"Genof\u00f3ntes Urb\u00e1ez","twitter_card":"summary_large_image","twitter_misc":{"Written by":"Genof\u00f3ntes Urb\u00e1ez","Est. reading time":"2 minutos"},"schema":{"@context":"https:\/\/schema.org","@graph":[{"@type":"Article","@id":"https:\/\/minutocerord.com\/?p=4086#article","isPartOf":{"@id":"https:\/\/minutocerord.com\/?p=4086"},"author":{"name":"Genof\u00f3ntes Urb\u00e1ez","@id":"https:\/\/minutocerord.com\/#\/schema\/person\/60b5372d60aaa0a5171fb6488be9aee6"},"headline":"ESPA\u00d1A: Dominicanos interesados en invertir piden facilidades a Abinader","datePublished":"2021-04-19T00:46:28+00:00","dateModified":"2021-04-19T00:46:35+00:00","mainEntityOfPage":{"@id":"https:\/\/minutocerord.com\/?p=4086"},"wordCount":392,"commentCount":0,"publisher":{"@id":"https:\/\/minutocerord.com\/#\/schema\/person\/60b5372d60aaa0a5171fb6488be9aee6"},"image":{"@id":"https:\/\/minutocerord.com\/?p=4086#primaryimage"},"thumbnailUrl":"https:\/\/i0.wp.com\/minutocerord.com\/wp-content\/uploads\/2021\/04\/El-presidente-Abinader-reunido-con-dominicanos-en-Madrid.jpg?fit=812%2C434&ssl=1","articleSection":["Espa\u00f1a"],"inLanguage":"es-DO","potentialAction":[{"@type":"CommentAction","name":"Comment","target":["https:\/\/minutocerord.com\/?p=4086#respond"]}]},{"@type":"WebPage","@id":"https:\/\/minutocerord.com\/?p=4086","url":"https:\/\/minutocerord.com\/?p=4086","name":"ESPA\u00d1A: Dominicanos interesados en invertir piden facilidades a Abinader - Minuto Cero RD","isPartOf":{"@id":"https:\/\/minutocerord.com\/#website"},"primaryImageOfPage":{"@id":"https:\/\/minutocerord.com\/?p=4086#primaryimage"},"image":{"@id":"https:\/\/minutocerord.com\/?p=4086#primaryimage"},"thumbnailUrl":"https:\/\/i0.wp.com\/minutocerord.com\/wp-content\/uploads\/2021\/04\/El-presidente-Abinader-reunido-con-dominicanos-en-Madrid.jpg?fit=812%2C434&ssl=1","datePublished":"2021-04-19T00:46:28+00:00","dateModified":"2021-04-19T00:46:35+00:00","breadcrumb":{"@id":"https:\/\/minutocerord.com\/?p=4086#breadcrumb"},"inLanguage":"es-DO","potentialAction":[{"@type":"ReadAction","target":["https:\/\/minutocerord.com\/?p=4086"]}]},{"@type":"ImageObject","inLanguage":"es-DO","@id":"https:\/\/minutocerord.com\/?p=4086#primaryimage","url":"https:\/\/i0.wp.com\/minutocerord.com\/wp-content\/uploads\/2021\/04\/El-presidente-Abinader-reunido-con-dominicanos-en-Madrid.jpg?fit=812%2C434&ssl=1","contentUrl":"https:\/\/i0.wp.com\/minutocerord.com\/wp-content\/uploads\/2021\/04\/El-presidente-Abinader-reunido-con-dominicanos-en-Madrid.jpg?fit=812%2C434&ssl=1","width":812,"height":434},{"@type":"BreadcrumbList","@id":"https:\/\/minutocerord.com\/?p=4086#breadcrumb","itemListElement":[{"@type":"ListItem","position":1,"name":"Home","item":"https:\/\/minutocerord.com\/"},{"@type":"ListItem","position":2,"name":"ESPA\u00d1A: Dominicanos interesados en invertir piden facilidades a Abinader"}]},{"@type":"WebSite","@id":"https:\/\/minutocerord.com\/#website","url":"https:\/\/minutocerord.com\/","name":"Minuto Cero RD","description":"Periodismo serio y veraz","publisher":{"@id":"https:\/\/minutocerord.com\/#\/schema\/person\/60b5372d60aaa0a5171fb6488be9aee6"},"potentialAction":[{"@type":"SearchAction","target":{"@type":"EntryPoint","urlTemplate":"https:\/\/minutocerord.com\/?s={search_term_string}"},"query-input":{"@type":"PropertyValueSpecification","valueRequired":true,"valueName":"search_term_string"}}],"inLanguage":"es-DO"},{"@type":["Person","Organization"],"@id":"https:\/\/minutocerord.com\/#\/schema\/person\/60b5372d60aaa0a5171fb6488be9aee6","name":"Genof\u00f3ntes Urb\u00e1ez","image":{"@type":"ImageObject","inLanguage":"es-DO","@id":"https:\/\/secure.gravatar.com\/avatar\/a49ef3186a692098ac3e8a1612261e3ad70cf9e44553dff2929e67939a0ecb9d?s=96&d=identicon&r=g","url":"https:\/\/secure.gravatar.com\/avatar\/a49ef3186a692098ac3e8a1612261e3ad70cf9e44553dff2929e67939a0ecb9d?s=96&d=identicon&r=g","contentUrl":"https:\/\/secure.gravatar.com\/avatar\/a49ef3186a692098ac3e8a1612261e3ad70cf9e44553dff2929e67939a0ecb9d?s=96&d=identicon&r=g","caption":"Genof\u00f3ntes Urb\u00e1ez"},"logo":{"@id":"https:\/\/secure.gravatar.com\/avatar\/a49ef3186a692098ac3e8a1612261e3ad70cf9e44553dff2929e67939a0ecb9d?s=96&d=identicon&r=g"},"description":"Periodista \/ Locutor","sameAs":["https:\/\/www.facebook.com\/Genofnotes","https:\/\/www.instagram.com\/genofnotes\/"]}]}},"jetpack_publicize_connections":[],"jetpack_featured_media_url":"https:\/\/i0.wp.com\/minutocerord.com\/wp-content\/uploads\/2021\/04\/El-presidente-Abinader-reunido-con-dominicanos-en-Madrid.jpg?fit=812%2C434&ssl=1","jetpack-related-posts":[],"jetpack_sharing_enabled":true,"_links":{"self":[{"href":"https:\/\/minutocerord.com\/index.php?rest_route=\/wp\/v2\/posts\/4086","targetHints":{"allow":["GET"]}}],"collection":[{"href":"https:\/\/minutocerord.com\/index.php?rest_route=\/wp\/v2\/posts"}],"about":[{"href":"https:\/\/minutocerord.com\/index.php?rest_route=\/wp\/v2\/types\/post"}],"author":[{"embeddable":true,"href":"https:\/\/minutocerord.com\/index.php?rest_route=\/wp\/v2\/users\/1"}],"replies":[{"embeddable":true,"href":"https:\/\/minutocerord.com\/index.php?rest_route=%2Fwp%2Fv2%2Fcomments&post=4086"}],"version-history":[{"count":1,"href":"https:\/\/minutocerord.com\/index.php?rest_route=\/wp\/v2\/posts\/4086\/revisions"}],"predecessor-version":[{"id":4089,"href":"https:\/\/minutocerord.com\/index.php?rest_route=\/wp\/v2\/posts\/4086\/revisions\/4089"}],"wp:featuredmedia":[{"embeddable":true,"href":"https:\/\/minutocerord.com\/index.php?rest_route=\/wp\/v2\/media\/4088"}],"wp:attachment":[{"href":"https:\/\/minutocerord.com\/index.php?rest_route=%2Fwp%2Fv2%2Fmedia&parent=4086"}],"wp:term":[{"taxonomy":"category","embeddable":true,"href":"https:\/\/minutocerord.com\/index.php?rest_route=%2Fwp%2Fv2%2Fcategories&post=4086"},{"taxonomy":"post_tag","embeddable":true,"href":"https:\/\/minutocerord.com\/index.php?rest_route=%2Fwp%2Fv2%2Ftags&post=4086"}],"curies":[{"name":"wp","href":"https:\/\/api.w.org\/{rel}","templated":true}]}}