{"id":4099,"date":"2021-04-20T17:14:03","date_gmt":"2021-04-20T21:14:03","guid":{"rendered":"https:\/\/minutocerord.com\/?p=4099"},"modified":"2021-04-20T17:14:07","modified_gmt":"2021-04-20T21:14:07","slug":"abinader-cree-que-un-10-de-dominicanos-no-recuperara-empleos","status":"publish","type":"post","link":"https:\/\/minutocerord.com\/?p=4099","title":{"rendered":"Abinader cree que un 10% de dominicanos no recuperar\u00e1 empleos"},"content":{"rendered":"\n<p>El presidente de la Rep\u00fablica, Luis Abinader, reconoci\u00f3 este martes que al menos un 10 por ciento de las personas que perdieron sus empleos debido a la pandemia en la Rep\u00fablica Dominicana, no volver\u00eda al mercado laboral.<\/p>\n\n\n\n<p>Al participar del dialogo de jefes de Estado y de Gobierno que se celebr\u00f3 durante el XIII Encuentro empresarial Iberoamericano que se celebr\u00f3 en Andorra, previo a la Cumbre Iberoamericana de jefes de Estado y de Gobierno, Abinader, dijo que si bien es cierto que la mayor\u00eda de las empresas han retomado sus actividades productivas, cree que un 10% de los empleados no \u201cva a volver\u201d.<\/p>\n\n\n\n<p>\u201cCuando estoy revisando el programa Fase I veo que se han recuperado muchas industrias, pero todav\u00eda siguen desempleados. Bueno se\u00f1ores, es que este proceso pand\u00e9mico ha llevado a muchas empresas a hacer y aumentar la productividad y ya yo calculo que el 10% de los empleados de las empresas que a\u00fan est\u00e1n funcionando e incluso recuperada totalmente, no van a volver\u201d, refiri\u00f3 el mandatario al destacar el compromiso social del empresariado dominicano durante la crisis.<\/p>\n\n\n\n<p>Abinader tambi\u00e9n refiri\u00f3 que debido a la crisis generada por el coronavirus, la pobreza en la Rep\u00fablica Dominicana ha aumentado en un 1.9 por ciento. Al mismo tiempo, explic\u00f3 que los organismos internacionales han pronosticado que la econom\u00eda dominicana, que hab\u00eda estado en constante crecimiento previo al COVID-19, podr\u00eda tener una recuperaci\u00f3n de un 6 % para este a\u00f1o 2021.<\/p>\n\n\n\n<p>Evitar revueltas<\/p>\n\n\n\n<p>Otra preocupaci\u00f3n presentada por Abinader es que los pa\u00edses lleguen a una crisis financiera que desestabilice socialmente a los diferentes pa\u00edses de Iberoam\u00e9rica.<\/p>\n\n\n\n<p>Llam\u00f3 a prepararse ante la crisis financiera, creada por un aumento de la deuda p\u00fablica en todo el mundo, que podr\u00eda traer como resultado el aumento de los impuestos o que pueda tener una contracci\u00f3n del gasto y en ese sentido provocar problemas, revueltas, sociales.<\/p>\n\n\n\n<p>\u201cY, eso es lo que tenemos que evitar y eso es lo que tenemos que dise\u00f1ar desde ahora para el 2022\u201d, refiri\u00f3 al llamar a tener una visi\u00f3n pro crecimiento en las actuales circunstancias.<\/p>\n\n\n\n<p>El jefe de Estado dominicano, comparti\u00f3 el comentario de su hom\u00f3logo guatemanteco, Alejandro Giammattei, quien calific\u00f3 de fracaso el sistema de Colaboraci\u00f3n para un Acceso Equitativo Mundial a las Vacunas contra la COVID-19 (COVAC) de la Organizaci\u00f3n Mundial de la Salud, debido a que no ha garantizado, como dice su nombre, el acceso equitativo a las vacunas y ha permitido que unos pocos pa\u00edses, especialmente las grandes potencias, hayan acaparado todas las vacunas.<\/p>\n\n\n\n<p>En el conversatorio celebrado previo al cierre oficial del encuentro de empresarios, participaron tambi\u00e9n Xavier Espot de Andorra, Pedro S\u00e1nchez de Espa\u00f1a, Antonio Costa y Marcelo Rebelo de Sousa, primer ministro y presidente de Portugal, respectivamente.<\/p>\n\n\n\n<p>Al finalizar el di\u00e1logo, los empresarios leyeron un documento con las recomendaciones que hacen a los diferentes gobiernos para afrontar los retos dejados por la pandemia y seguir avanzando en cumplir con los Objetivos de Desarrollo Sostenibles (ODS).<\/p>\n\n\n\n<p>En ese mismo escenario se entreg\u00f3 el premio a la calidad, donde el Servicio Nacional de Salud (Senasa) dominicano, fue galardonado, junto a otros dos pa\u00edses, en la categor\u00eda oro.<\/p>\n","protected":false},"excerpt":{"rendered":"<p>El presidente de la Rep\u00fablica, Luis Abinader, reconoci\u00f3 este martes que al menos un 10 por ciento de las personas que perdieron sus empleos debido a la pandemia en la Rep\u00fablica Dominicana, no volver\u00eda al mercado laboral. Al participar del dialogo de jefes de Estado y de Gobierno que se celebr\u00f3 durante el XIII Encuentro [&hellip;]<\/p>\n","protected":false},"author":1,"featured_media":4100,"comment_status":"open","ping_status":"open","sticky":false,"template":"","format":"standard","meta":{"nf_dc_page":"","jetpack_post_was_ever_published":false,"_jetpack_newsletter_access":"","_jetpack_dont_email_post_to_subs":false,"_jetpack_newsletter_tier_id":0,"_jetpack_memberships_contains_paywalled_content":false,"_jetpack_memberships_contains_paid_content":false,"footnotes":"","jetpack_publicize_message":"","jetpack_publicize_feature_enabled":true,"jetpack_social_post_already_shared":false,"jetpack_social_options":{"image_generator_settings":{"template":"highway","default_image_id":0,"font":"","enabled":false},"version":2}},"categories":[70],"tags":[],"class_list":["post-4099","post","type-post","status-publish","format-standard","has-post-thumbnail","hentry","category-politica"],"yoast_head":"<!-- This site is optimized with the Yoast SEO plugin v27.5 - https:\/\/yoast.com\/product\/yoast-seo-wordpress\/ -->\n<title>Abinader cree que un 10% de dominicanos no recuperar\u00e1 empleos - Minuto Cero RD<\/title>\n<meta name=\"robots\" content=\"index, follow, max-snippet:-1, max-image-preview:large, max-video-preview:-1\" \/>\n<link rel=\"canonical\" href=\"http:\/\/minutocerord.com\/?p=4099\" \/>\n<meta property=\"og:locale\" content=\"es_ES\" \/>\n<meta property=\"og:type\" content=\"article\" \/>\n<meta property=\"og:title\" content=\"Abinader cree que un 10% de dominicanos no recuperar\u00e1 empleos - Minuto Cero RD\" \/>\n<meta property=\"og:description\" content=\"El presidente de la Rep\u00fablica, Luis Abinader, reconoci\u00f3 este martes que al menos un 10 por ciento de las personas que perdieron sus empleos debido a la pandemia en la Rep\u00fablica Dominicana, no volver\u00eda al mercado laboral. Al participar del dialogo de jefes de Estado y de Gobierno que se celebr\u00f3 durante el XIII Encuentro [&hellip;]\" \/>\n<meta property=\"og:url\" content=\"http:\/\/minutocerord.com\/?p=4099\" \/>\n<meta property=\"og:site_name\" content=\"Minuto Cero RD\" \/>\n<meta property=\"article:publisher\" content=\"https:\/\/www.facebook.com\/Genofnotes\" \/>\n<meta property=\"article:author\" content=\"https:\/\/www.facebook.com\/Genofnotes\" \/>\n<meta property=\"article:published_time\" content=\"2021-04-20T21:14:03+00:00\" \/>\n<meta property=\"article:modified_time\" content=\"2021-04-20T21:14:07+00:00\" \/>\n<meta property=\"og:image\" content=\"https:\/\/i0.wp.com\/minutocerord.com\/wp-content\/uploads\/2021\/04\/abinader-discurso-impuesto2_14946074_20201009001305.jpg?fit=982%2C630\" \/>\n\t<meta property=\"og:image:width\" content=\"982\" \/>\n\t<meta property=\"og:image:height\" content=\"630\" \/>\n\t<meta property=\"og:image:type\" content=\"image\/jpeg\" \/>\n<meta name=\"author\" content=\"Genof\u00f3ntes Urb\u00e1ez\" \/>\n<meta name=\"twitter:card\" content=\"summary_large_image\" \/>\n<meta name=\"twitter:label1\" content=\"Written by\" \/>\n\t<meta name=\"twitter:data1\" content=\"Genof\u00f3ntes Urb\u00e1ez\" \/>\n\t<meta name=\"twitter:label2\" content=\"Est. reading time\" \/>\n\t<meta name=\"twitter:data2\" content=\"3 minutos\" \/>\n<script type=\"application\/ld+json\" class=\"yoast-schema-graph\">{\"@context\":\"https:\\\/\\\/schema.org\",\"@graph\":[{\"@type\":\"Article\",\"@id\":\"http:\\\/\\\/minutocerord.com\\\/?p=4099#article\",\"isPartOf\":{\"@id\":\"http:\\\/\\\/minutocerord.com\\\/?p=4099\"},\"author\":{\"name\":\"Genof\u00f3ntes Urb\u00e1ez\",\"@id\":\"https:\\\/\\\/minutocerord.com\\\/#\\\/schema\\\/person\\\/60b5372d60aaa0a5171fb6488be9aee6\"},\"headline\":\"Abinader cree que un 10% de dominicanos no recuperar\u00e1 empleos\",\"datePublished\":\"2021-04-20T21:14:03+00:00\",\"dateModified\":\"2021-04-20T21:14:07+00:00\",\"mainEntityOfPage\":{\"@id\":\"http:\\\/\\\/minutocerord.com\\\/?p=4099\"},\"wordCount\":555,\"commentCount\":0,\"publisher\":{\"@id\":\"https:\\\/\\\/minutocerord.com\\\/#\\\/schema\\\/person\\\/60b5372d60aaa0a5171fb6488be9aee6\"},\"image\":{\"@id\":\"http:\\\/\\\/minutocerord.com\\\/?p=4099#primaryimage\"},\"thumbnailUrl\":\"https:\\\/\\\/i0.wp.com\\\/minutocerord.com\\\/wp-content\\\/uploads\\\/2021\\\/04\\\/abinader-discurso-impuesto2_14946074_20201009001305.jpg?fit=982%2C630&ssl=1\",\"articleSection\":[\"Pol\u00edtica\"],\"inLanguage\":\"es-DO\",\"potentialAction\":[{\"@type\":\"CommentAction\",\"name\":\"Comment\",\"target\":[\"http:\\\/\\\/minutocerord.com\\\/?p=4099#respond\"]}]},{\"@type\":\"WebPage\",\"@id\":\"http:\\\/\\\/minutocerord.com\\\/?p=4099\",\"url\":\"http:\\\/\\\/minutocerord.com\\\/?p=4099\",\"name\":\"Abinader cree que un 10% de dominicanos no recuperar\u00e1 empleos - Minuto Cero RD\",\"isPartOf\":{\"@id\":\"https:\\\/\\\/minutocerord.com\\\/#website\"},\"primaryImageOfPage\":{\"@id\":\"http:\\\/\\\/minutocerord.com\\\/?p=4099#primaryimage\"},\"image\":{\"@id\":\"http:\\\/\\\/minutocerord.com\\\/?p=4099#primaryimage\"},\"thumbnailUrl\":\"https:\\\/\\\/i0.wp.com\\\/minutocerord.com\\\/wp-content\\\/uploads\\\/2021\\\/04\\\/abinader-discurso-impuesto2_14946074_20201009001305.jpg?fit=982%2C630&ssl=1\",\"datePublished\":\"2021-04-20T21:14:03+00:00\",\"dateModified\":\"2021-04-20T21:14:07+00:00\",\"breadcrumb\":{\"@id\":\"http:\\\/\\\/minutocerord.com\\\/?p=4099#breadcrumb\"},\"inLanguage\":\"es-DO\",\"potentialAction\":[{\"@type\":\"ReadAction\",\"target\":[\"http:\\\/\\\/minutocerord.com\\\/?p=4099\"]}]},{\"@type\":\"ImageObject\",\"inLanguage\":\"es-DO\",\"@id\":\"http:\\\/\\\/minutocerord.com\\\/?p=4099#primaryimage\",\"url\":\"https:\\\/\\\/i0.wp.com\\\/minutocerord.com\\\/wp-content\\\/uploads\\\/2021\\\/04\\\/abinader-discurso-impuesto2_14946074_20201009001305.jpg?fit=982%2C630&ssl=1\",\"contentUrl\":\"https:\\\/\\\/i0.wp.com\\\/minutocerord.com\\\/wp-content\\\/uploads\\\/2021\\\/04\\\/abinader-discurso-impuesto2_14946074_20201009001305.jpg?fit=982%2C630&ssl=1\",\"width\":982,\"height\":630},{\"@type\":\"BreadcrumbList\",\"@id\":\"http:\\\/\\\/minutocerord.com\\\/?p=4099#breadcrumb\",\"itemListElement\":[{\"@type\":\"ListItem\",\"position\":1,\"name\":\"Home\",\"item\":\"https:\\\/\\\/minutocerord.com\\\/\"},{\"@type\":\"ListItem\",\"position\":2,\"name\":\"Abinader cree que un 10% de dominicanos no recuperar\u00e1 empleos\"}]},{\"@type\":\"WebSite\",\"@id\":\"https:\\\/\\\/minutocerord.com\\\/#website\",\"url\":\"https:\\\/\\\/minutocerord.com\\\/\",\"name\":\"Minuto Cero RD\",\"description\":\"Periodismo serio y veraz\",\"publisher\":{\"@id\":\"https:\\\/\\\/minutocerord.com\\\/#\\\/schema\\\/person\\\/60b5372d60aaa0a5171fb6488be9aee6\"},\"potentialAction\":[{\"@type\":\"SearchAction\",\"target\":{\"@type\":\"EntryPoint\",\"urlTemplate\":\"https:\\\/\\\/minutocerord.com\\\/?s={search_term_string}\"},\"query-input\":{\"@type\":\"PropertyValueSpecification\",\"valueRequired\":true,\"valueName\":\"search_term_string\"}}],\"inLanguage\":\"es-DO\"},{\"@type\":[\"Person\",\"Organization\"],\"@id\":\"https:\\\/\\\/minutocerord.com\\\/#\\\/schema\\\/person\\\/60b5372d60aaa0a5171fb6488be9aee6\",\"name\":\"Genof\u00f3ntes Urb\u00e1ez\",\"image\":{\"@type\":\"ImageObject\",\"inLanguage\":\"es-DO\",\"@id\":\"https:\\\/\\\/secure.gravatar.com\\\/avatar\\\/a49ef3186a692098ac3e8a1612261e3ad70cf9e44553dff2929e67939a0ecb9d?s=96&d=identicon&r=g\",\"url\":\"https:\\\/\\\/secure.gravatar.com\\\/avatar\\\/a49ef3186a692098ac3e8a1612261e3ad70cf9e44553dff2929e67939a0ecb9d?s=96&d=identicon&r=g\",\"contentUrl\":\"https:\\\/\\\/secure.gravatar.com\\\/avatar\\\/a49ef3186a692098ac3e8a1612261e3ad70cf9e44553dff2929e67939a0ecb9d?s=96&d=identicon&r=g\",\"caption\":\"Genof\u00f3ntes Urb\u00e1ez\"},\"logo\":{\"@id\":\"https:\\\/\\\/secure.gravatar.com\\\/avatar\\\/a49ef3186a692098ac3e8a1612261e3ad70cf9e44553dff2929e67939a0ecb9d?s=96&d=identicon&r=g\"},\"description\":\"Periodista \\\/ Locutor\",\"sameAs\":[\"https:\\\/\\\/www.facebook.com\\\/Genofnotes\",\"https:\\\/\\\/www.instagram.com\\\/genofnotes\\\/\"]}]}<\/script>\n<!-- \/ Yoast SEO plugin. -->","yoast_head_json":{"title":"Abinader cree que un 10% de dominicanos no recuperar\u00e1 empleos - Minuto Cero RD","robots":{"index":"index","follow":"follow","max-snippet":"max-snippet:-1","max-image-preview":"max-image-preview:large","max-video-preview":"max-video-preview:-1"},"canonical":"http:\/\/minutocerord.com\/?p=4099","og_locale":"es_ES","og_type":"article","og_title":"Abinader cree que un 10% de dominicanos no recuperar\u00e1 empleos - Minuto Cero RD","og_description":"El presidente de la Rep\u00fablica, Luis Abinader, reconoci\u00f3 este martes que al menos un 10 por ciento de las personas que perdieron sus empleos debido a la pandemia en la Rep\u00fablica Dominicana, no volver\u00eda al mercado laboral. Al participar del dialogo de jefes de Estado y de Gobierno que se celebr\u00f3 durante el XIII Encuentro [&hellip;]","og_url":"http:\/\/minutocerord.com\/?p=4099","og_site_name":"Minuto Cero RD","article_publisher":"https:\/\/www.facebook.com\/Genofnotes","article_author":"https:\/\/www.facebook.com\/Genofnotes","article_published_time":"2021-04-20T21:14:03+00:00","article_modified_time":"2021-04-20T21:14:07+00:00","og_image":[{"width":982,"height":630,"url":"https:\/\/i0.wp.com\/minutocerord.com\/wp-content\/uploads\/2021\/04\/abinader-discurso-impuesto2_14946074_20201009001305.jpg?fit=982%2C630","type":"image\/jpeg"}],"author":"Genof\u00f3ntes Urb\u00e1ez","twitter_card":"summary_large_image","twitter_misc":{"Written by":"Genof\u00f3ntes Urb\u00e1ez","Est. reading time":"3 minutos"},"schema":{"@context":"https:\/\/schema.org","@graph":[{"@type":"Article","@id":"http:\/\/minutocerord.com\/?p=4099#article","isPartOf":{"@id":"http:\/\/minutocerord.com\/?p=4099"},"author":{"name":"Genof\u00f3ntes Urb\u00e1ez","@id":"https:\/\/minutocerord.com\/#\/schema\/person\/60b5372d60aaa0a5171fb6488be9aee6"},"headline":"Abinader cree que un 10% de dominicanos no recuperar\u00e1 empleos","datePublished":"2021-04-20T21:14:03+00:00","dateModified":"2021-04-20T21:14:07+00:00","mainEntityOfPage":{"@id":"http:\/\/minutocerord.com\/?p=4099"},"wordCount":555,"commentCount":0,"publisher":{"@id":"https:\/\/minutocerord.com\/#\/schema\/person\/60b5372d60aaa0a5171fb6488be9aee6"},"image":{"@id":"http:\/\/minutocerord.com\/?p=4099#primaryimage"},"thumbnailUrl":"https:\/\/i0.wp.com\/minutocerord.com\/wp-content\/uploads\/2021\/04\/abinader-discurso-impuesto2_14946074_20201009001305.jpg?fit=982%2C630&ssl=1","articleSection":["Pol\u00edtica"],"inLanguage":"es-DO","potentialAction":[{"@type":"CommentAction","name":"Comment","target":["http:\/\/minutocerord.com\/?p=4099#respond"]}]},{"@type":"WebPage","@id":"http:\/\/minutocerord.com\/?p=4099","url":"http:\/\/minutocerord.com\/?p=4099","name":"Abinader cree que un 10% de dominicanos no recuperar\u00e1 empleos - Minuto Cero RD","isPartOf":{"@id":"https:\/\/minutocerord.com\/#website"},"primaryImageOfPage":{"@id":"http:\/\/minutocerord.com\/?p=4099#primaryimage"},"image":{"@id":"http:\/\/minutocerord.com\/?p=4099#primaryimage"},"thumbnailUrl":"https:\/\/i0.wp.com\/minutocerord.com\/wp-content\/uploads\/2021\/04\/abinader-discurso-impuesto2_14946074_20201009001305.jpg?fit=982%2C630&ssl=1","datePublished":"2021-04-20T21:14:03+00:00","dateModified":"2021-04-20T21:14:07+00:00","breadcrumb":{"@id":"http:\/\/minutocerord.com\/?p=4099#breadcrumb"},"inLanguage":"es-DO","potentialAction":[{"@type":"ReadAction","target":["http:\/\/minutocerord.com\/?p=4099"]}]},{"@type":"ImageObject","inLanguage":"es-DO","@id":"http:\/\/minutocerord.com\/?p=4099#primaryimage","url":"https:\/\/i0.wp.com\/minutocerord.com\/wp-content\/uploads\/2021\/04\/abinader-discurso-impuesto2_14946074_20201009001305.jpg?fit=982%2C630&ssl=1","contentUrl":"https:\/\/i0.wp.com\/minutocerord.com\/wp-content\/uploads\/2021\/04\/abinader-discurso-impuesto2_14946074_20201009001305.jpg?fit=982%2C630&ssl=1","width":982,"height":630},{"@type":"BreadcrumbList","@id":"http:\/\/minutocerord.com\/?p=4099#breadcrumb","itemListElement":[{"@type":"ListItem","position":1,"name":"Home","item":"https:\/\/minutocerord.com\/"},{"@type":"ListItem","position":2,"name":"Abinader cree que un 10% de dominicanos no recuperar\u00e1 empleos"}]},{"@type":"WebSite","@id":"https:\/\/minutocerord.com\/#website","url":"https:\/\/minutocerord.com\/","name":"Minuto Cero RD","description":"Periodismo serio y veraz","publisher":{"@id":"https:\/\/minutocerord.com\/#\/schema\/person\/60b5372d60aaa0a5171fb6488be9aee6"},"potentialAction":[{"@type":"SearchAction","target":{"@type":"EntryPoint","urlTemplate":"https:\/\/minutocerord.com\/?s={search_term_string}"},"query-input":{"@type":"PropertyValueSpecification","valueRequired":true,"valueName":"search_term_string"}}],"inLanguage":"es-DO"},{"@type":["Person","Organization"],"@id":"https:\/\/minutocerord.com\/#\/schema\/person\/60b5372d60aaa0a5171fb6488be9aee6","name":"Genof\u00f3ntes Urb\u00e1ez","image":{"@type":"ImageObject","inLanguage":"es-DO","@id":"https:\/\/secure.gravatar.com\/avatar\/a49ef3186a692098ac3e8a1612261e3ad70cf9e44553dff2929e67939a0ecb9d?s=96&d=identicon&r=g","url":"https:\/\/secure.gravatar.com\/avatar\/a49ef3186a692098ac3e8a1612261e3ad70cf9e44553dff2929e67939a0ecb9d?s=96&d=identicon&r=g","contentUrl":"https:\/\/secure.gravatar.com\/avatar\/a49ef3186a692098ac3e8a1612261e3ad70cf9e44553dff2929e67939a0ecb9d?s=96&d=identicon&r=g","caption":"Genof\u00f3ntes Urb\u00e1ez"},"logo":{"@id":"https:\/\/secure.gravatar.com\/avatar\/a49ef3186a692098ac3e8a1612261e3ad70cf9e44553dff2929e67939a0ecb9d?s=96&d=identicon&r=g"},"description":"Periodista \/ Locutor","sameAs":["https:\/\/www.facebook.com\/Genofnotes","https:\/\/www.instagram.com\/genofnotes\/"]}]}},"jetpack_publicize_connections":[],"jetpack_featured_media_url":"https:\/\/i0.wp.com\/minutocerord.com\/wp-content\/uploads\/2021\/04\/abinader-discurso-impuesto2_14946074_20201009001305.jpg?fit=982%2C630&ssl=1","jetpack-related-posts":[],"jetpack_sharing_enabled":true,"_links":{"self":[{"href":"https:\/\/minutocerord.com\/index.php?rest_route=\/wp\/v2\/posts\/4099","targetHints":{"allow":["GET"]}}],"collection":[{"href":"https:\/\/minutocerord.com\/index.php?rest_route=\/wp\/v2\/posts"}],"about":[{"href":"https:\/\/minutocerord.com\/index.php?rest_route=\/wp\/v2\/types\/post"}],"author":[{"embeddable":true,"href":"https:\/\/minutocerord.com\/index.php?rest_route=\/wp\/v2\/users\/1"}],"replies":[{"embeddable":true,"href":"https:\/\/minutocerord.com\/index.php?rest_route=%2Fwp%2Fv2%2Fcomments&post=4099"}],"version-history":[{"count":1,"href":"https:\/\/minutocerord.com\/index.php?rest_route=\/wp\/v2\/posts\/4099\/revisions"}],"predecessor-version":[{"id":4101,"href":"https:\/\/minutocerord.com\/index.php?rest_route=\/wp\/v2\/posts\/4099\/revisions\/4101"}],"wp:featuredmedia":[{"embeddable":true,"href":"https:\/\/minutocerord.com\/index.php?rest_route=\/wp\/v2\/media\/4100"}],"wp:attachment":[{"href":"https:\/\/minutocerord.com\/index.php?rest_route=%2Fwp%2Fv2%2Fmedia&parent=4099"}],"wp:term":[{"taxonomy":"category","embeddable":true,"href":"https:\/\/minutocerord.com\/index.php?rest_route=%2Fwp%2Fv2%2Fcategories&post=4099"},{"taxonomy":"post_tag","embeddable":true,"href":"https:\/\/minutocerord.com\/index.php?rest_route=%2Fwp%2Fv2%2Ftags&post=4099"}],"curies":[{"name":"wp","href":"https:\/\/api.w.org\/{rel}","templated":true}]}}