{"id":4102,"date":"2021-04-20T17:21:12","date_gmt":"2021-04-20T21:21:12","guid":{"rendered":"https:\/\/minutocerord.com\/?p=4102"},"modified":"2021-04-20T17:21:18","modified_gmt":"2021-04-20T21:21:18","slug":"policia-desmonta-campamento-de-mujeres-antes-del-debate-sobre-las-tres-causales-sobre-el-aborto-en-r-dominicana","status":"publish","type":"post","link":"https:\/\/minutocerord.com\/?p=4102","title":{"rendered":"Polic\u00eda desmonta campamento de mujeres antes del debate sobre las tres causales sobre &#8220;el aborto&#8221; en R. Dominicana"},"content":{"rendered":"\n<figure class=\"wp-block-embed is-type-video is-provider-youtube wp-block-embed-youtube wp-embed-aspect-16-9 wp-has-aspect-ratio\"><div class=\"wp-block-embed__wrapper\">\nhttps:\/\/youtu.be\/ySH3aQxYAYQ\n<\/div><\/figure>\n\n\n\n<p>SANTO DOMINGO,RD.- La Polic\u00eda desmantel\u00f3 este martes tiendas de campa\u00f1a que un grupo de feministas hab\u00eda instalado frente al Congreso Nacional antes de que se inicie hoy el debate sobre la despenalizaci\u00f3n del aborto.<\/p>\n\n\n\n<p>Las activistas publicaron videos en las redes sociales en los que se ve a varios polic\u00edas rasgando las tiendas de campa\u00f1a con cuchillos, esta madrugada.<\/p>\n\n\n\n<p>\u00abVinieron a quitarnos las casas de campa\u00f1a, nos tiraron bombas lacrim\u00f3genas y rompieron las carpas con cuchillos con nosotras adentro\u00bb, dijo a Efe la activista Natalia Marmol.<\/p>\n\n\n\n<p>En la noche del lunes, las feministas mudaron su campamento desde el Palacio Nacional, sede del Ejecutivo, a las afueras del Congreso Nacional, donde este martes se inicia el debate sobre el C\u00f3digo Penal, en el que se abordar\u00e1 la cuesti\u00f3n del aborto.<\/p>\n\n\n\n<p>Las feministas llevaban instaladas frente al Palacio Nacional desde el 11 de marzo, sin que hubiera intervenido la Polic\u00eda, para presionar a las autoridades a favor de la despenalizaci\u00f3n del aborto en tres causales.<\/p>\n\n\n\n<p><strong>PN: Manifestantes violaban toque de queda<\/strong><\/p>\n\n\n\n<p>La Polic\u00eda Nacional justific\u00f3 este martes el desmantelamiento de las tiendas de campa\u00f1a que un grupo de feministas hab\u00edan instalado frente al Congreso Nacional antes de que se inicie el debate sobre la despenalizaci\u00f3n del aborto, tras argumentar que violaban el toque de queda.<\/p>\n\n\n\n<p>En un breve comunicado, la Polic\u00eda asegur\u00f3, adem\u00e1s, que las activistas no ten\u00edan permiso para instalar las carpas.<\/p>\n\n\n\n<p>De acuerdo con la instituci\u00f3n, sus agentes establecieron \u00abun di\u00e1logo por espacio de dos horas\u00bb con los organizadores, \u00abexplic\u00e1ndoles las razones por las cu\u00e1les no pod\u00edan hacerlo, por lo que una vez finalizado el proceso de disuasi\u00f3n, procedimos a desinstalar dicha estructura\u00bb.<\/p>\n\n\n\n<p>Las activistas publicaron videos en las redes sociales en los que se ve a varios polic\u00edas rasgando las tiendas de campa\u00f1a con cuchillos, esta madrugada.<\/p>\n\n\n\n<p>En la noche del lunes, las feministas mudaron su campamento desde el Palacio Nacional, sede del Ejecutivo, a las afueras del Congreso Nacional, donde este martes se inicia el debate sobre el C\u00f3digo Penal, en el que se abordar\u00e1 la cuesti\u00f3n del aborto.<\/p>\n\n\n\n<p>Las feministas llevaban instaladas frente al Palacio Nacional desde el 11 de marzo, sin que hubiera intervenido la Polic\u00eda, para presionar a las autoridades a favor de la despenalizaci\u00f3n del aborto en tres causales.<\/p>\n","protected":false},"excerpt":{"rendered":"<p>SANTO DOMINGO,RD.- La Polic\u00eda desmantel\u00f3 este martes tiendas de campa\u00f1a que un grupo de feministas hab\u00eda instalado frente al Congreso Nacional antes de que se inicie hoy el debate sobre la despenalizaci\u00f3n del aborto. Las activistas publicaron videos en las redes sociales en los que se ve a varios polic\u00edas rasgando las tiendas de campa\u00f1a [&hellip;]<\/p>\n","protected":false},"author":1,"featured_media":4104,"comment_status":"open","ping_status":"open","sticky":false,"template":"","format":"standard","meta":{"nf_dc_page":"","jetpack_post_was_ever_published":false,"_jetpack_newsletter_access":"","_jetpack_dont_email_post_to_subs":false,"_jetpack_newsletter_tier_id":0,"_jetpack_memberships_contains_paywalled_content":false,"_jetpack_memberships_contains_paid_content":false,"footnotes":"","jetpack_publicize_message":"","jetpack_publicize_feature_enabled":true,"jetpack_social_post_already_shared":false,"jetpack_social_options":{"image_generator_settings":{"template":"highway","default_image_id":0,"font":"","enabled":false},"version":2}},"categories":[65],"tags":[],"class_list":["post-4102","post","type-post","status-publish","format-standard","has-post-thumbnail","hentry","category-nacionales"],"yoast_head":"<!-- This site is optimized with the Yoast SEO plugin v27.5 - https:\/\/yoast.com\/product\/yoast-seo-wordpress\/ -->\n<title>Polic\u00eda desmonta campamento de mujeres antes del debate sobre las tres causales sobre &quot;el aborto&quot; en R. Dominicana - Minuto Cero RD<\/title>\n<meta name=\"robots\" content=\"index, follow, max-snippet:-1, max-image-preview:large, max-video-preview:-1\" \/>\n<link rel=\"canonical\" href=\"http:\/\/minutocerord.com\/?p=4102\" \/>\n<meta property=\"og:locale\" content=\"es_ES\" \/>\n<meta property=\"og:type\" content=\"article\" \/>\n<meta property=\"og:title\" content=\"Polic\u00eda desmonta campamento de mujeres antes del debate sobre las tres causales sobre &quot;el aborto&quot; en R. Dominicana - Minuto Cero RD\" \/>\n<meta property=\"og:description\" content=\"SANTO DOMINGO,RD.- La Polic\u00eda desmantel\u00f3 este martes tiendas de campa\u00f1a que un grupo de feministas hab\u00eda instalado frente al Congreso Nacional antes de que se inicie hoy el debate sobre la despenalizaci\u00f3n del aborto. Las activistas publicaron videos en las redes sociales en los que se ve a varios polic\u00edas rasgando las tiendas de campa\u00f1a [&hellip;]\" \/>\n<meta property=\"og:url\" content=\"http:\/\/minutocerord.com\/?p=4102\" \/>\n<meta property=\"og:site_name\" content=\"Minuto Cero RD\" \/>\n<meta property=\"article:publisher\" content=\"https:\/\/www.facebook.com\/Genofnotes\" \/>\n<meta property=\"article:author\" content=\"https:\/\/www.facebook.com\/Genofnotes\" \/>\n<meta property=\"article:published_time\" content=\"2021-04-20T21:21:12+00:00\" \/>\n<meta property=\"article:modified_time\" content=\"2021-04-20T21:21:18+00:00\" \/>\n<meta property=\"og:image\" content=\"https:\/\/i0.wp.com\/minutocerord.com\/wp-content\/uploads\/2021\/04\/FR-1.jpg?fit=506%2C296\" \/>\n\t<meta property=\"og:image:width\" content=\"506\" \/>\n\t<meta property=\"og:image:height\" content=\"296\" \/>\n\t<meta property=\"og:image:type\" content=\"image\/jpeg\" \/>\n<meta name=\"author\" content=\"Genof\u00f3ntes Urb\u00e1ez\" \/>\n<meta name=\"twitter:card\" content=\"summary_large_image\" \/>\n<meta name=\"twitter:label1\" content=\"Written by\" \/>\n\t<meta name=\"twitter:data1\" content=\"Genof\u00f3ntes Urb\u00e1ez\" \/>\n\t<meta name=\"twitter:label2\" content=\"Est. reading time\" \/>\n\t<meta name=\"twitter:data2\" content=\"2 minutos\" \/>\n<script type=\"application\/ld+json\" class=\"yoast-schema-graph\">{\"@context\":\"https:\\\/\\\/schema.org\",\"@graph\":[{\"@type\":\"Article\",\"@id\":\"http:\\\/\\\/minutocerord.com\\\/?p=4102#article\",\"isPartOf\":{\"@id\":\"http:\\\/\\\/minutocerord.com\\\/?p=4102\"},\"author\":{\"name\":\"Genof\u00f3ntes Urb\u00e1ez\",\"@id\":\"https:\\\/\\\/minutocerord.com\\\/#\\\/schema\\\/person\\\/60b5372d60aaa0a5171fb6488be9aee6\"},\"headline\":\"Polic\u00eda desmonta campamento de mujeres antes del debate sobre las tres causales sobre &#8220;el aborto&#8221; en R. Dominicana\",\"datePublished\":\"2021-04-20T21:21:12+00:00\",\"dateModified\":\"2021-04-20T21:21:18+00:00\",\"mainEntityOfPage\":{\"@id\":\"http:\\\/\\\/minutocerord.com\\\/?p=4102\"},\"wordCount\":430,\"commentCount\":0,\"publisher\":{\"@id\":\"https:\\\/\\\/minutocerord.com\\\/#\\\/schema\\\/person\\\/60b5372d60aaa0a5171fb6488be9aee6\"},\"image\":{\"@id\":\"http:\\\/\\\/minutocerord.com\\\/?p=4102#primaryimage\"},\"thumbnailUrl\":\"https:\\\/\\\/i0.wp.com\\\/minutocerord.com\\\/wp-content\\\/uploads\\\/2021\\\/04\\\/FR-1.jpg?fit=506%2C296&ssl=1\",\"articleSection\":[\"Nacionales\"],\"inLanguage\":\"es-DO\",\"potentialAction\":[{\"@type\":\"CommentAction\",\"name\":\"Comment\",\"target\":[\"http:\\\/\\\/minutocerord.com\\\/?p=4102#respond\"]}]},{\"@type\":\"WebPage\",\"@id\":\"http:\\\/\\\/minutocerord.com\\\/?p=4102\",\"url\":\"http:\\\/\\\/minutocerord.com\\\/?p=4102\",\"name\":\"Polic\u00eda desmonta campamento de mujeres antes del debate sobre las tres causales sobre \\\"el aborto\\\" en R. Dominicana - Minuto Cero RD\",\"isPartOf\":{\"@id\":\"https:\\\/\\\/minutocerord.com\\\/#website\"},\"primaryImageOfPage\":{\"@id\":\"http:\\\/\\\/minutocerord.com\\\/?p=4102#primaryimage\"},\"image\":{\"@id\":\"http:\\\/\\\/minutocerord.com\\\/?p=4102#primaryimage\"},\"thumbnailUrl\":\"https:\\\/\\\/i0.wp.com\\\/minutocerord.com\\\/wp-content\\\/uploads\\\/2021\\\/04\\\/FR-1.jpg?fit=506%2C296&ssl=1\",\"datePublished\":\"2021-04-20T21:21:12+00:00\",\"dateModified\":\"2021-04-20T21:21:18+00:00\",\"breadcrumb\":{\"@id\":\"http:\\\/\\\/minutocerord.com\\\/?p=4102#breadcrumb\"},\"inLanguage\":\"es-DO\",\"potentialAction\":[{\"@type\":\"ReadAction\",\"target\":[\"http:\\\/\\\/minutocerord.com\\\/?p=4102\"]}]},{\"@type\":\"ImageObject\",\"inLanguage\":\"es-DO\",\"@id\":\"http:\\\/\\\/minutocerord.com\\\/?p=4102#primaryimage\",\"url\":\"https:\\\/\\\/i0.wp.com\\\/minutocerord.com\\\/wp-content\\\/uploads\\\/2021\\\/04\\\/FR-1.jpg?fit=506%2C296&ssl=1\",\"contentUrl\":\"https:\\\/\\\/i0.wp.com\\\/minutocerord.com\\\/wp-content\\\/uploads\\\/2021\\\/04\\\/FR-1.jpg?fit=506%2C296&ssl=1\",\"width\":506,\"height\":296},{\"@type\":\"BreadcrumbList\",\"@id\":\"http:\\\/\\\/minutocerord.com\\\/?p=4102#breadcrumb\",\"itemListElement\":[{\"@type\":\"ListItem\",\"position\":1,\"name\":\"Home\",\"item\":\"https:\\\/\\\/minutocerord.com\\\/\"},{\"@type\":\"ListItem\",\"position\":2,\"name\":\"Polic\u00eda desmonta campamento de mujeres antes del debate sobre las tres causales sobre &#8220;el aborto&#8221; en R. Dominicana\"}]},{\"@type\":\"WebSite\",\"@id\":\"https:\\\/\\\/minutocerord.com\\\/#website\",\"url\":\"https:\\\/\\\/minutocerord.com\\\/\",\"name\":\"Minuto Cero RD\",\"description\":\"Periodismo serio y veraz\",\"publisher\":{\"@id\":\"https:\\\/\\\/minutocerord.com\\\/#\\\/schema\\\/person\\\/60b5372d60aaa0a5171fb6488be9aee6\"},\"potentialAction\":[{\"@type\":\"SearchAction\",\"target\":{\"@type\":\"EntryPoint\",\"urlTemplate\":\"https:\\\/\\\/minutocerord.com\\\/?s={search_term_string}\"},\"query-input\":{\"@type\":\"PropertyValueSpecification\",\"valueRequired\":true,\"valueName\":\"search_term_string\"}}],\"inLanguage\":\"es-DO\"},{\"@type\":[\"Person\",\"Organization\"],\"@id\":\"https:\\\/\\\/minutocerord.com\\\/#\\\/schema\\\/person\\\/60b5372d60aaa0a5171fb6488be9aee6\",\"name\":\"Genof\u00f3ntes Urb\u00e1ez\",\"image\":{\"@type\":\"ImageObject\",\"inLanguage\":\"es-DO\",\"@id\":\"https:\\\/\\\/secure.gravatar.com\\\/avatar\\\/a49ef3186a692098ac3e8a1612261e3ad70cf9e44553dff2929e67939a0ecb9d?s=96&d=identicon&r=g\",\"url\":\"https:\\\/\\\/secure.gravatar.com\\\/avatar\\\/a49ef3186a692098ac3e8a1612261e3ad70cf9e44553dff2929e67939a0ecb9d?s=96&d=identicon&r=g\",\"contentUrl\":\"https:\\\/\\\/secure.gravatar.com\\\/avatar\\\/a49ef3186a692098ac3e8a1612261e3ad70cf9e44553dff2929e67939a0ecb9d?s=96&d=identicon&r=g\",\"caption\":\"Genof\u00f3ntes Urb\u00e1ez\"},\"logo\":{\"@id\":\"https:\\\/\\\/secure.gravatar.com\\\/avatar\\\/a49ef3186a692098ac3e8a1612261e3ad70cf9e44553dff2929e67939a0ecb9d?s=96&d=identicon&r=g\"},\"description\":\"Periodista \\\/ Locutor\",\"sameAs\":[\"https:\\\/\\\/www.facebook.com\\\/Genofnotes\",\"https:\\\/\\\/www.instagram.com\\\/genofnotes\\\/\"]}]}<\/script>\n<!-- \/ Yoast SEO plugin. -->","yoast_head_json":{"title":"Polic\u00eda desmonta campamento de mujeres antes del debate sobre las tres causales sobre \"el aborto\" en R. Dominicana - Minuto Cero RD","robots":{"index":"index","follow":"follow","max-snippet":"max-snippet:-1","max-image-preview":"max-image-preview:large","max-video-preview":"max-video-preview:-1"},"canonical":"http:\/\/minutocerord.com\/?p=4102","og_locale":"es_ES","og_type":"article","og_title":"Polic\u00eda desmonta campamento de mujeres antes del debate sobre las tres causales sobre \"el aborto\" en R. Dominicana - Minuto Cero RD","og_description":"SANTO DOMINGO,RD.- La Polic\u00eda desmantel\u00f3 este martes tiendas de campa\u00f1a que un grupo de feministas hab\u00eda instalado frente al Congreso Nacional antes de que se inicie hoy el debate sobre la despenalizaci\u00f3n del aborto. Las activistas publicaron videos en las redes sociales en los que se ve a varios polic\u00edas rasgando las tiendas de campa\u00f1a [&hellip;]","og_url":"http:\/\/minutocerord.com\/?p=4102","og_site_name":"Minuto Cero RD","article_publisher":"https:\/\/www.facebook.com\/Genofnotes","article_author":"https:\/\/www.facebook.com\/Genofnotes","article_published_time":"2021-04-20T21:21:12+00:00","article_modified_time":"2021-04-20T21:21:18+00:00","og_image":[{"width":506,"height":296,"url":"https:\/\/i0.wp.com\/minutocerord.com\/wp-content\/uploads\/2021\/04\/FR-1.jpg?fit=506%2C296","type":"image\/jpeg"}],"author":"Genof\u00f3ntes Urb\u00e1ez","twitter_card":"summary_large_image","twitter_misc":{"Written by":"Genof\u00f3ntes Urb\u00e1ez","Est. reading time":"2 minutos"},"schema":{"@context":"https:\/\/schema.org","@graph":[{"@type":"Article","@id":"http:\/\/minutocerord.com\/?p=4102#article","isPartOf":{"@id":"http:\/\/minutocerord.com\/?p=4102"},"author":{"name":"Genof\u00f3ntes Urb\u00e1ez","@id":"https:\/\/minutocerord.com\/#\/schema\/person\/60b5372d60aaa0a5171fb6488be9aee6"},"headline":"Polic\u00eda desmonta campamento de mujeres antes del debate sobre las tres causales sobre &#8220;el aborto&#8221; en R. Dominicana","datePublished":"2021-04-20T21:21:12+00:00","dateModified":"2021-04-20T21:21:18+00:00","mainEntityOfPage":{"@id":"http:\/\/minutocerord.com\/?p=4102"},"wordCount":430,"commentCount":0,"publisher":{"@id":"https:\/\/minutocerord.com\/#\/schema\/person\/60b5372d60aaa0a5171fb6488be9aee6"},"image":{"@id":"http:\/\/minutocerord.com\/?p=4102#primaryimage"},"thumbnailUrl":"https:\/\/i0.wp.com\/minutocerord.com\/wp-content\/uploads\/2021\/04\/FR-1.jpg?fit=506%2C296&ssl=1","articleSection":["Nacionales"],"inLanguage":"es-DO","potentialAction":[{"@type":"CommentAction","name":"Comment","target":["http:\/\/minutocerord.com\/?p=4102#respond"]}]},{"@type":"WebPage","@id":"http:\/\/minutocerord.com\/?p=4102","url":"http:\/\/minutocerord.com\/?p=4102","name":"Polic\u00eda desmonta campamento de mujeres antes del debate sobre las tres causales sobre \"el aborto\" en R. Dominicana - Minuto Cero RD","isPartOf":{"@id":"https:\/\/minutocerord.com\/#website"},"primaryImageOfPage":{"@id":"http:\/\/minutocerord.com\/?p=4102#primaryimage"},"image":{"@id":"http:\/\/minutocerord.com\/?p=4102#primaryimage"},"thumbnailUrl":"https:\/\/i0.wp.com\/minutocerord.com\/wp-content\/uploads\/2021\/04\/FR-1.jpg?fit=506%2C296&ssl=1","datePublished":"2021-04-20T21:21:12+00:00","dateModified":"2021-04-20T21:21:18+00:00","breadcrumb":{"@id":"http:\/\/minutocerord.com\/?p=4102#breadcrumb"},"inLanguage":"es-DO","potentialAction":[{"@type":"ReadAction","target":["http:\/\/minutocerord.com\/?p=4102"]}]},{"@type":"ImageObject","inLanguage":"es-DO","@id":"http:\/\/minutocerord.com\/?p=4102#primaryimage","url":"https:\/\/i0.wp.com\/minutocerord.com\/wp-content\/uploads\/2021\/04\/FR-1.jpg?fit=506%2C296&ssl=1","contentUrl":"https:\/\/i0.wp.com\/minutocerord.com\/wp-content\/uploads\/2021\/04\/FR-1.jpg?fit=506%2C296&ssl=1","width":506,"height":296},{"@type":"BreadcrumbList","@id":"http:\/\/minutocerord.com\/?p=4102#breadcrumb","itemListElement":[{"@type":"ListItem","position":1,"name":"Home","item":"https:\/\/minutocerord.com\/"},{"@type":"ListItem","position":2,"name":"Polic\u00eda desmonta campamento de mujeres antes del debate sobre las tres causales sobre &#8220;el aborto&#8221; en R. Dominicana"}]},{"@type":"WebSite","@id":"https:\/\/minutocerord.com\/#website","url":"https:\/\/minutocerord.com\/","name":"Minuto Cero RD","description":"Periodismo serio y veraz","publisher":{"@id":"https:\/\/minutocerord.com\/#\/schema\/person\/60b5372d60aaa0a5171fb6488be9aee6"},"potentialAction":[{"@type":"SearchAction","target":{"@type":"EntryPoint","urlTemplate":"https:\/\/minutocerord.com\/?s={search_term_string}"},"query-input":{"@type":"PropertyValueSpecification","valueRequired":true,"valueName":"search_term_string"}}],"inLanguage":"es-DO"},{"@type":["Person","Organization"],"@id":"https:\/\/minutocerord.com\/#\/schema\/person\/60b5372d60aaa0a5171fb6488be9aee6","name":"Genof\u00f3ntes Urb\u00e1ez","image":{"@type":"ImageObject","inLanguage":"es-DO","@id":"https:\/\/secure.gravatar.com\/avatar\/a49ef3186a692098ac3e8a1612261e3ad70cf9e44553dff2929e67939a0ecb9d?s=96&d=identicon&r=g","url":"https:\/\/secure.gravatar.com\/avatar\/a49ef3186a692098ac3e8a1612261e3ad70cf9e44553dff2929e67939a0ecb9d?s=96&d=identicon&r=g","contentUrl":"https:\/\/secure.gravatar.com\/avatar\/a49ef3186a692098ac3e8a1612261e3ad70cf9e44553dff2929e67939a0ecb9d?s=96&d=identicon&r=g","caption":"Genof\u00f3ntes Urb\u00e1ez"},"logo":{"@id":"https:\/\/secure.gravatar.com\/avatar\/a49ef3186a692098ac3e8a1612261e3ad70cf9e44553dff2929e67939a0ecb9d?s=96&d=identicon&r=g"},"description":"Periodista \/ Locutor","sameAs":["https:\/\/www.facebook.com\/Genofnotes","https:\/\/www.instagram.com\/genofnotes\/"]}]}},"jetpack_publicize_connections":[],"jetpack_featured_media_url":"https:\/\/i0.wp.com\/minutocerord.com\/wp-content\/uploads\/2021\/04\/FR-1.jpg?fit=506%2C296&ssl=1","jetpack-related-posts":[],"jetpack_sharing_enabled":true,"_links":{"self":[{"href":"https:\/\/minutocerord.com\/index.php?rest_route=\/wp\/v2\/posts\/4102","targetHints":{"allow":["GET"]}}],"collection":[{"href":"https:\/\/minutocerord.com\/index.php?rest_route=\/wp\/v2\/posts"}],"about":[{"href":"https:\/\/minutocerord.com\/index.php?rest_route=\/wp\/v2\/types\/post"}],"author":[{"embeddable":true,"href":"https:\/\/minutocerord.com\/index.php?rest_route=\/wp\/v2\/users\/1"}],"replies":[{"embeddable":true,"href":"https:\/\/minutocerord.com\/index.php?rest_route=%2Fwp%2Fv2%2Fcomments&post=4102"}],"version-history":[{"count":1,"href":"https:\/\/minutocerord.com\/index.php?rest_route=\/wp\/v2\/posts\/4102\/revisions"}],"predecessor-version":[{"id":4105,"href":"https:\/\/minutocerord.com\/index.php?rest_route=\/wp\/v2\/posts\/4102\/revisions\/4105"}],"wp:featuredmedia":[{"embeddable":true,"href":"https:\/\/minutocerord.com\/index.php?rest_route=\/wp\/v2\/media\/4104"}],"wp:attachment":[{"href":"https:\/\/minutocerord.com\/index.php?rest_route=%2Fwp%2Fv2%2Fmedia&parent=4102"}],"wp:term":[{"taxonomy":"category","embeddable":true,"href":"https:\/\/minutocerord.com\/index.php?rest_route=%2Fwp%2Fv2%2Fcategories&post=4102"},{"taxonomy":"post_tag","embeddable":true,"href":"https:\/\/minutocerord.com\/index.php?rest_route=%2Fwp%2Fv2%2Ftags&post=4102"}],"curies":[{"name":"wp","href":"https:\/\/api.w.org\/{rel}","templated":true}]}}