{"id":4109,"date":"2021-04-20T18:39:28","date_gmt":"2021-04-20T22:39:28","guid":{"rendered":"https:\/\/minutocerord.com\/?p=4109"},"modified":"2021-04-20T18:39:33","modified_gmt":"2021-04-20T22:39:33","slug":"el-expolicia-derek-chauvin-es-declarado-culpable-del-asesinato-de-george-floyd","status":"publish","type":"post","link":"https:\/\/minutocerord.com\/?p=4109","title":{"rendered":"El expolic\u00eda Derek Chauvin es declarado culpable del asesinato de George Floyd"},"content":{"rendered":"\n<figure class=\"wp-block-image\"><a href=\"https:\/\/i0.wp.com\/1.bp.blogspot.com\/-y5mRirE2aoE\/YH9FhkNQA3I\/AAAAAAAHioM\/1N3wztodkkAn_oC8rdnAAYEYjlsl5bzlgCLcBGAsYHQ\/s1088\/tDunGJNA.jpg?ssl=1\"><img data-recalc-dims=\"1\" decoding=\"async\" loading=\"lazy\" src=\"https:\/\/i0.wp.com\/1.bp.blogspot.com\/-y5mRirE2aoE\/YH9FhkNQA3I\/AAAAAAAHioM\/1N3wztodkkAn_oC8rdnAAYEYjlsl5bzlgCLcBGAsYHQ\/w400-h225\/tDunGJNA.jpg?w=640&#038;ssl=1\" alt=\"\"\/><\/a><\/figure>\n\n\n\n<p>Un jurado de Mine\u00e1polis encontr\u00f3 al expolic\u00eda Derek Chauvin culpable de los cargos de homicidio en segundo y tercer grado, as\u00ed como de homicidio involuntario, por las acciones que acabaron con la vida del afroamericano George Floyd en mayo de 2020.<\/p>\n\n\n\n<div class=\"wp-block-image\"><figure class=\"alignright is-resized\"><a href=\"https:\/\/i0.wp.com\/1.bp.blogspot.com\/-04xPTU_Vq6E\/YH9FkvOicQI\/AAAAAAAHioQ\/zsHOzxTBDjsrfSu0qTRtvga8vc9J2i3sACLcBGAsYHQ\/s390\/EzcmAkuXoAAtn1H.png?ssl=1\"><img data-recalc-dims=\"1\" decoding=\"async\" loading=\"lazy\" src=\"https:\/\/i0.wp.com\/1.bp.blogspot.com\/-04xPTU_Vq6E\/YH9FkvOicQI\/AAAAAAAHioQ\/zsHOzxTBDjsrfSu0qTRtvga8vc9J2i3sACLcBGAsYHQ\/s320\/EzcmAkuXoAAtn1H.png?resize=259%2C389&#038;ssl=1\" alt=\"\" width=\"259\" height=\"389\"\/><\/a><\/figure><\/div>\n\n\n\n<p>El jurado de 12 miembros pronunci\u00f3 el veredicto este martes despu\u00e9s de tres semanas de testimonios de testigos, oficiales de Polic\u00eda y expertos m\u00e9dicos. Los miembros del jurado comenzaron sus deliberaciones el lunes.<\/p>\n\n\n\n<p>El afroamericano George Floyd muri\u00f3 en un hospital en mayo de 2020 poco despu\u00e9s de su arresto. Videos de los hechos mostraron que Chauvin coloc\u00f3 su rodilla sobre el cuello del detenido durante al menos ocho minutos, a pesar de que el individuo se quejaba de que no pod\u00eda respirar.<\/p>\n\n\n\n<p>Los miembros del jurado de esa ciudad decidieron de manera un\u00e1nime que Chauvin, de 45 a\u00f1os, es culpable de asesinato involuntario en segundo grado, penado con hasta 40 a\u00f1os de c\u00e1rcel; asesinato en tercer grado, con una condena m\u00e1xima de 25 a\u00f1os, y homicidio involuntario en segundo grado, que acarrea hasta 10 a\u00f1os de privaci\u00f3n de libertad.<\/p>\n\n\n\n<p>Tras la lectura del veredicto, Chauvin fue esposado en la sala y puesto bajo custodia por la Oficina del Sheriff del Condado de Hennepin. El juez Peter Cahill dijo que \u201cdentro de ocho semanas tendremos la sentencia\u201d.<\/p>\n","protected":false},"excerpt":{"rendered":"<p>Un jurado de Mine\u00e1polis encontr\u00f3 al expolic\u00eda Derek Chauvin culpable de los cargos de homicidio en segundo y tercer grado, as\u00ed como de homicidio involuntario, por las acciones que acabaron con la vida del afroamericano George Floyd en mayo de 2020. El jurado de 12 miembros pronunci\u00f3 el veredicto este martes despu\u00e9s de tres semanas [&hellip;]<\/p>\n","protected":false},"author":1,"featured_media":4110,"comment_status":"open","ping_status":"open","sticky":false,"template":"","format":"standard","meta":{"nf_dc_page":"","jetpack_post_was_ever_published":false,"_jetpack_newsletter_access":"","_jetpack_dont_email_post_to_subs":false,"_jetpack_newsletter_tier_id":0,"_jetpack_memberships_contains_paywalled_content":false,"_jetpack_memberships_contains_paid_content":false,"footnotes":"","jetpack_publicize_message":"","jetpack_publicize_feature_enabled":true,"jetpack_social_post_already_shared":false,"jetpack_social_options":{"image_generator_settings":{"template":"highway","default_image_id":0,"font":"","enabled":false},"version":2}},"categories":[83],"tags":[],"class_list":["post-4109","post","type-post","status-publish","format-standard","has-post-thumbnail","hentry","category-estados-unidos"],"yoast_head":"<!-- This site is optimized with the Yoast SEO plugin v27.5 - https:\/\/yoast.com\/product\/yoast-seo-wordpress\/ -->\n<title>El expolic\u00eda Derek Chauvin es declarado culpable del asesinato de George Floyd - Minuto Cero RD<\/title>\n<meta name=\"robots\" content=\"index, follow, max-snippet:-1, max-image-preview:large, max-video-preview:-1\" \/>\n<link rel=\"canonical\" href=\"https:\/\/minutocerord.com\/?p=4109\" \/>\n<meta property=\"og:locale\" content=\"es_ES\" \/>\n<meta property=\"og:type\" content=\"article\" \/>\n<meta property=\"og:title\" content=\"El expolic\u00eda Derek Chauvin es declarado culpable del asesinato de George Floyd - Minuto Cero RD\" \/>\n<meta property=\"og:description\" content=\"Un jurado de Mine\u00e1polis encontr\u00f3 al expolic\u00eda Derek Chauvin culpable de los cargos de homicidio en segundo y tercer grado, as\u00ed como de homicidio involuntario, por las acciones que acabaron con la vida del afroamericano George Floyd en mayo de 2020. El jurado de 12 miembros pronunci\u00f3 el veredicto este martes despu\u00e9s de tres semanas [&hellip;]\" \/>\n<meta property=\"og:url\" content=\"https:\/\/minutocerord.com\/?p=4109\" \/>\n<meta property=\"og:site_name\" content=\"Minuto Cero RD\" \/>\n<meta property=\"article:publisher\" content=\"https:\/\/www.facebook.com\/Genofnotes\" \/>\n<meta property=\"article:author\" content=\"https:\/\/www.facebook.com\/Genofnotes\" \/>\n<meta property=\"article:published_time\" content=\"2021-04-20T22:39:28+00:00\" \/>\n<meta property=\"article:modified_time\" content=\"2021-04-20T22:39:33+00:00\" \/>\n<meta property=\"og:image\" content=\"https:\/\/i0.wp.com\/minutocerord.com\/wp-content\/uploads\/2021\/04\/EzcpomCXoAE5t1k.jpg?fit=600%2C337&ssl=1\" \/>\n\t<meta property=\"og:image:width\" content=\"600\" \/>\n\t<meta property=\"og:image:height\" content=\"337\" \/>\n\t<meta property=\"og:image:type\" content=\"image\/jpeg\" \/>\n<meta name=\"author\" content=\"Genof\u00f3ntes Urb\u00e1ez\" \/>\n<meta name=\"twitter:card\" content=\"summary_large_image\" \/>\n<meta name=\"twitter:label1\" content=\"Written by\" \/>\n\t<meta name=\"twitter:data1\" content=\"Genof\u00f3ntes Urb\u00e1ez\" \/>\n\t<meta name=\"twitter:label2\" content=\"Est. reading time\" \/>\n\t<meta name=\"twitter:data2\" content=\"2 minutos\" \/>\n<script type=\"application\/ld+json\" class=\"yoast-schema-graph\">{\"@context\":\"https:\\\/\\\/schema.org\",\"@graph\":[{\"@type\":\"Article\",\"@id\":\"https:\\\/\\\/minutocerord.com\\\/?p=4109#article\",\"isPartOf\":{\"@id\":\"https:\\\/\\\/minutocerord.com\\\/?p=4109\"},\"author\":{\"name\":\"Genof\u00f3ntes Urb\u00e1ez\",\"@id\":\"https:\\\/\\\/minutocerord.com\\\/#\\\/schema\\\/person\\\/60b5372d60aaa0a5171fb6488be9aee6\"},\"headline\":\"El expolic\u00eda Derek Chauvin es declarado culpable del asesinato de George Floyd\",\"datePublished\":\"2021-04-20T22:39:28+00:00\",\"dateModified\":\"2021-04-20T22:39:33+00:00\",\"mainEntityOfPage\":{\"@id\":\"https:\\\/\\\/minutocerord.com\\\/?p=4109\"},\"wordCount\":239,\"commentCount\":0,\"publisher\":{\"@id\":\"https:\\\/\\\/minutocerord.com\\\/#\\\/schema\\\/person\\\/60b5372d60aaa0a5171fb6488be9aee6\"},\"image\":{\"@id\":\"https:\\\/\\\/minutocerord.com\\\/?p=4109#primaryimage\"},\"thumbnailUrl\":\"https:\\\/\\\/i0.wp.com\\\/minutocerord.com\\\/wp-content\\\/uploads\\\/2021\\\/04\\\/EzcpomCXoAE5t1k.jpg?fit=600%2C337&ssl=1\",\"articleSection\":[\"Estados Unidos\"],\"inLanguage\":\"es-DO\",\"potentialAction\":[{\"@type\":\"CommentAction\",\"name\":\"Comment\",\"target\":[\"https:\\\/\\\/minutocerord.com\\\/?p=4109#respond\"]}]},{\"@type\":\"WebPage\",\"@id\":\"https:\\\/\\\/minutocerord.com\\\/?p=4109\",\"url\":\"https:\\\/\\\/minutocerord.com\\\/?p=4109\",\"name\":\"El expolic\u00eda Derek Chauvin es declarado culpable del asesinato de George Floyd - Minuto Cero RD\",\"isPartOf\":{\"@id\":\"https:\\\/\\\/minutocerord.com\\\/#website\"},\"primaryImageOfPage\":{\"@id\":\"https:\\\/\\\/minutocerord.com\\\/?p=4109#primaryimage\"},\"image\":{\"@id\":\"https:\\\/\\\/minutocerord.com\\\/?p=4109#primaryimage\"},\"thumbnailUrl\":\"https:\\\/\\\/i0.wp.com\\\/minutocerord.com\\\/wp-content\\\/uploads\\\/2021\\\/04\\\/EzcpomCXoAE5t1k.jpg?fit=600%2C337&ssl=1\",\"datePublished\":\"2021-04-20T22:39:28+00:00\",\"dateModified\":\"2021-04-20T22:39:33+00:00\",\"breadcrumb\":{\"@id\":\"https:\\\/\\\/minutocerord.com\\\/?p=4109#breadcrumb\"},\"inLanguage\":\"es-DO\",\"potentialAction\":[{\"@type\":\"ReadAction\",\"target\":[\"https:\\\/\\\/minutocerord.com\\\/?p=4109\"]}]},{\"@type\":\"ImageObject\",\"inLanguage\":\"es-DO\",\"@id\":\"https:\\\/\\\/minutocerord.com\\\/?p=4109#primaryimage\",\"url\":\"https:\\\/\\\/i0.wp.com\\\/minutocerord.com\\\/wp-content\\\/uploads\\\/2021\\\/04\\\/EzcpomCXoAE5t1k.jpg?fit=600%2C337&ssl=1\",\"contentUrl\":\"https:\\\/\\\/i0.wp.com\\\/minutocerord.com\\\/wp-content\\\/uploads\\\/2021\\\/04\\\/EzcpomCXoAE5t1k.jpg?fit=600%2C337&ssl=1\",\"width\":600,\"height\":337},{\"@type\":\"BreadcrumbList\",\"@id\":\"https:\\\/\\\/minutocerord.com\\\/?p=4109#breadcrumb\",\"itemListElement\":[{\"@type\":\"ListItem\",\"position\":1,\"name\":\"Home\",\"item\":\"https:\\\/\\\/minutocerord.com\\\/\"},{\"@type\":\"ListItem\",\"position\":2,\"name\":\"El expolic\u00eda Derek Chauvin es declarado culpable del asesinato de George Floyd\"}]},{\"@type\":\"WebSite\",\"@id\":\"https:\\\/\\\/minutocerord.com\\\/#website\",\"url\":\"https:\\\/\\\/minutocerord.com\\\/\",\"name\":\"Minuto Cero RD\",\"description\":\"Periodismo serio y veraz\",\"publisher\":{\"@id\":\"https:\\\/\\\/minutocerord.com\\\/#\\\/schema\\\/person\\\/60b5372d60aaa0a5171fb6488be9aee6\"},\"potentialAction\":[{\"@type\":\"SearchAction\",\"target\":{\"@type\":\"EntryPoint\",\"urlTemplate\":\"https:\\\/\\\/minutocerord.com\\\/?s={search_term_string}\"},\"query-input\":{\"@type\":\"PropertyValueSpecification\",\"valueRequired\":true,\"valueName\":\"search_term_string\"}}],\"inLanguage\":\"es-DO\"},{\"@type\":[\"Person\",\"Organization\"],\"@id\":\"https:\\\/\\\/minutocerord.com\\\/#\\\/schema\\\/person\\\/60b5372d60aaa0a5171fb6488be9aee6\",\"name\":\"Genof\u00f3ntes Urb\u00e1ez\",\"image\":{\"@type\":\"ImageObject\",\"inLanguage\":\"es-DO\",\"@id\":\"https:\\\/\\\/secure.gravatar.com\\\/avatar\\\/a49ef3186a692098ac3e8a1612261e3ad70cf9e44553dff2929e67939a0ecb9d?s=96&d=identicon&r=g\",\"url\":\"https:\\\/\\\/secure.gravatar.com\\\/avatar\\\/a49ef3186a692098ac3e8a1612261e3ad70cf9e44553dff2929e67939a0ecb9d?s=96&d=identicon&r=g\",\"contentUrl\":\"https:\\\/\\\/secure.gravatar.com\\\/avatar\\\/a49ef3186a692098ac3e8a1612261e3ad70cf9e44553dff2929e67939a0ecb9d?s=96&d=identicon&r=g\",\"caption\":\"Genof\u00f3ntes Urb\u00e1ez\"},\"logo\":{\"@id\":\"https:\\\/\\\/secure.gravatar.com\\\/avatar\\\/a49ef3186a692098ac3e8a1612261e3ad70cf9e44553dff2929e67939a0ecb9d?s=96&d=identicon&r=g\"},\"description\":\"Periodista \\\/ Locutor\",\"sameAs\":[\"https:\\\/\\\/www.facebook.com\\\/Genofnotes\",\"https:\\\/\\\/www.instagram.com\\\/genofnotes\\\/\"]}]}<\/script>\n<!-- \/ Yoast SEO plugin. -->","yoast_head_json":{"title":"El expolic\u00eda Derek Chauvin es declarado culpable del asesinato de George Floyd - Minuto Cero RD","robots":{"index":"index","follow":"follow","max-snippet":"max-snippet:-1","max-image-preview":"max-image-preview:large","max-video-preview":"max-video-preview:-1"},"canonical":"https:\/\/minutocerord.com\/?p=4109","og_locale":"es_ES","og_type":"article","og_title":"El expolic\u00eda Derek Chauvin es declarado culpable del asesinato de George Floyd - Minuto Cero RD","og_description":"Un jurado de Mine\u00e1polis encontr\u00f3 al expolic\u00eda Derek Chauvin culpable de los cargos de homicidio en segundo y tercer grado, as\u00ed como de homicidio involuntario, por las acciones que acabaron con la vida del afroamericano George Floyd en mayo de 2020. El jurado de 12 miembros pronunci\u00f3 el veredicto este martes despu\u00e9s de tres semanas [&hellip;]","og_url":"https:\/\/minutocerord.com\/?p=4109","og_site_name":"Minuto Cero RD","article_publisher":"https:\/\/www.facebook.com\/Genofnotes","article_author":"https:\/\/www.facebook.com\/Genofnotes","article_published_time":"2021-04-20T22:39:28+00:00","article_modified_time":"2021-04-20T22:39:33+00:00","og_image":[{"width":600,"height":337,"url":"https:\/\/i0.wp.com\/minutocerord.com\/wp-content\/uploads\/2021\/04\/EzcpomCXoAE5t1k.jpg?fit=600%2C337&ssl=1","type":"image\/jpeg"}],"author":"Genof\u00f3ntes Urb\u00e1ez","twitter_card":"summary_large_image","twitter_misc":{"Written by":"Genof\u00f3ntes Urb\u00e1ez","Est. reading time":"2 minutos"},"schema":{"@context":"https:\/\/schema.org","@graph":[{"@type":"Article","@id":"https:\/\/minutocerord.com\/?p=4109#article","isPartOf":{"@id":"https:\/\/minutocerord.com\/?p=4109"},"author":{"name":"Genof\u00f3ntes Urb\u00e1ez","@id":"https:\/\/minutocerord.com\/#\/schema\/person\/60b5372d60aaa0a5171fb6488be9aee6"},"headline":"El expolic\u00eda Derek Chauvin es declarado culpable del asesinato de George Floyd","datePublished":"2021-04-20T22:39:28+00:00","dateModified":"2021-04-20T22:39:33+00:00","mainEntityOfPage":{"@id":"https:\/\/minutocerord.com\/?p=4109"},"wordCount":239,"commentCount":0,"publisher":{"@id":"https:\/\/minutocerord.com\/#\/schema\/person\/60b5372d60aaa0a5171fb6488be9aee6"},"image":{"@id":"https:\/\/minutocerord.com\/?p=4109#primaryimage"},"thumbnailUrl":"https:\/\/i0.wp.com\/minutocerord.com\/wp-content\/uploads\/2021\/04\/EzcpomCXoAE5t1k.jpg?fit=600%2C337&ssl=1","articleSection":["Estados Unidos"],"inLanguage":"es-DO","potentialAction":[{"@type":"CommentAction","name":"Comment","target":["https:\/\/minutocerord.com\/?p=4109#respond"]}]},{"@type":"WebPage","@id":"https:\/\/minutocerord.com\/?p=4109","url":"https:\/\/minutocerord.com\/?p=4109","name":"El expolic\u00eda Derek Chauvin es declarado culpable del asesinato de George Floyd - Minuto Cero RD","isPartOf":{"@id":"https:\/\/minutocerord.com\/#website"},"primaryImageOfPage":{"@id":"https:\/\/minutocerord.com\/?p=4109#primaryimage"},"image":{"@id":"https:\/\/minutocerord.com\/?p=4109#primaryimage"},"thumbnailUrl":"https:\/\/i0.wp.com\/minutocerord.com\/wp-content\/uploads\/2021\/04\/EzcpomCXoAE5t1k.jpg?fit=600%2C337&ssl=1","datePublished":"2021-04-20T22:39:28+00:00","dateModified":"2021-04-20T22:39:33+00:00","breadcrumb":{"@id":"https:\/\/minutocerord.com\/?p=4109#breadcrumb"},"inLanguage":"es-DO","potentialAction":[{"@type":"ReadAction","target":["https:\/\/minutocerord.com\/?p=4109"]}]},{"@type":"ImageObject","inLanguage":"es-DO","@id":"https:\/\/minutocerord.com\/?p=4109#primaryimage","url":"https:\/\/i0.wp.com\/minutocerord.com\/wp-content\/uploads\/2021\/04\/EzcpomCXoAE5t1k.jpg?fit=600%2C337&ssl=1","contentUrl":"https:\/\/i0.wp.com\/minutocerord.com\/wp-content\/uploads\/2021\/04\/EzcpomCXoAE5t1k.jpg?fit=600%2C337&ssl=1","width":600,"height":337},{"@type":"BreadcrumbList","@id":"https:\/\/minutocerord.com\/?p=4109#breadcrumb","itemListElement":[{"@type":"ListItem","position":1,"name":"Home","item":"https:\/\/minutocerord.com\/"},{"@type":"ListItem","position":2,"name":"El expolic\u00eda Derek Chauvin es declarado culpable del asesinato de George Floyd"}]},{"@type":"WebSite","@id":"https:\/\/minutocerord.com\/#website","url":"https:\/\/minutocerord.com\/","name":"Minuto Cero RD","description":"Periodismo serio y veraz","publisher":{"@id":"https:\/\/minutocerord.com\/#\/schema\/person\/60b5372d60aaa0a5171fb6488be9aee6"},"potentialAction":[{"@type":"SearchAction","target":{"@type":"EntryPoint","urlTemplate":"https:\/\/minutocerord.com\/?s={search_term_string}"},"query-input":{"@type":"PropertyValueSpecification","valueRequired":true,"valueName":"search_term_string"}}],"inLanguage":"es-DO"},{"@type":["Person","Organization"],"@id":"https:\/\/minutocerord.com\/#\/schema\/person\/60b5372d60aaa0a5171fb6488be9aee6","name":"Genof\u00f3ntes Urb\u00e1ez","image":{"@type":"ImageObject","inLanguage":"es-DO","@id":"https:\/\/secure.gravatar.com\/avatar\/a49ef3186a692098ac3e8a1612261e3ad70cf9e44553dff2929e67939a0ecb9d?s=96&d=identicon&r=g","url":"https:\/\/secure.gravatar.com\/avatar\/a49ef3186a692098ac3e8a1612261e3ad70cf9e44553dff2929e67939a0ecb9d?s=96&d=identicon&r=g","contentUrl":"https:\/\/secure.gravatar.com\/avatar\/a49ef3186a692098ac3e8a1612261e3ad70cf9e44553dff2929e67939a0ecb9d?s=96&d=identicon&r=g","caption":"Genof\u00f3ntes Urb\u00e1ez"},"logo":{"@id":"https:\/\/secure.gravatar.com\/avatar\/a49ef3186a692098ac3e8a1612261e3ad70cf9e44553dff2929e67939a0ecb9d?s=96&d=identicon&r=g"},"description":"Periodista \/ Locutor","sameAs":["https:\/\/www.facebook.com\/Genofnotes","https:\/\/www.instagram.com\/genofnotes\/"]}]}},"jetpack_publicize_connections":[],"jetpack_featured_media_url":"https:\/\/i0.wp.com\/minutocerord.com\/wp-content\/uploads\/2021\/04\/EzcpomCXoAE5t1k.jpg?fit=600%2C337&ssl=1","jetpack-related-posts":[],"jetpack_sharing_enabled":true,"_links":{"self":[{"href":"https:\/\/minutocerord.com\/index.php?rest_route=\/wp\/v2\/posts\/4109","targetHints":{"allow":["GET"]}}],"collection":[{"href":"https:\/\/minutocerord.com\/index.php?rest_route=\/wp\/v2\/posts"}],"about":[{"href":"https:\/\/minutocerord.com\/index.php?rest_route=\/wp\/v2\/types\/post"}],"author":[{"embeddable":true,"href":"https:\/\/minutocerord.com\/index.php?rest_route=\/wp\/v2\/users\/1"}],"replies":[{"embeddable":true,"href":"https:\/\/minutocerord.com\/index.php?rest_route=%2Fwp%2Fv2%2Fcomments&post=4109"}],"version-history":[{"count":1,"href":"https:\/\/minutocerord.com\/index.php?rest_route=\/wp\/v2\/posts\/4109\/revisions"}],"predecessor-version":[{"id":4111,"href":"https:\/\/minutocerord.com\/index.php?rest_route=\/wp\/v2\/posts\/4109\/revisions\/4111"}],"wp:featuredmedia":[{"embeddable":true,"href":"https:\/\/minutocerord.com\/index.php?rest_route=\/wp\/v2\/media\/4110"}],"wp:attachment":[{"href":"https:\/\/minutocerord.com\/index.php?rest_route=%2Fwp%2Fv2%2Fmedia&parent=4109"}],"wp:term":[{"taxonomy":"category","embeddable":true,"href":"https:\/\/minutocerord.com\/index.php?rest_route=%2Fwp%2Fv2%2Fcategories&post=4109"},{"taxonomy":"post_tag","embeddable":true,"href":"https:\/\/minutocerord.com\/index.php?rest_route=%2Fwp%2Fv2%2Ftags&post=4109"}],"curies":[{"name":"wp","href":"https:\/\/api.w.org\/{rel}","templated":true}]}}