{"id":4116,"date":"2021-04-20T23:27:58","date_gmt":"2021-04-21T03:27:58","guid":{"rendered":"https:\/\/minutocerord.com\/?p=4116"},"modified":"2021-04-20T23:28:30","modified_gmt":"2021-04-21T03:28:30","slug":"coronel-marinez-lora-fue-apresado-por-la-muerte-de-pareja-en-villa-altagracia","status":"publish","type":"post","link":"https:\/\/minutocerord.com\/?p=4116","title":{"rendered":"Coronel Mar\u00ed\u00f1ez Lora, fue apresado por la muerte de pareja en Villa Altagracia"},"content":{"rendered":"\n<p>VILLA ALTAGRACIA.- Fue arrestado este martes el coronel C\u00e9sar Mar\u00ed\u00f1ez Lora, superior jer\u00e1rquico de la patrulla policial que ultim\u00f3 a la pareja de esposos cristianos Joel D\u00edaz y Elisabeth Mu\u00f1oz, el pasado 30 de marzo.<\/p>\n\n\n\n<p>F\u00e1tima S\u00e1nchez Guzm\u00e1n, fiscal titular de Villa Altagracia, inform\u00f3 que en el transcurso de la investigaci\u00f3n, el Ministerio P\u00fablico hall\u00f3 elementos de pruebas que comprometen la responsabilidad penal del oficial sobre los hechos que provocaron la muerte de los j\u00f3venes evang\u00e9licos.<\/p>\n\n\n\n<p>\u201cEn las pr\u00f3ximas horas el \u00f3rgano de persecuci\u00f3n penal solicitar\u00e1 medidas de coerci\u00f3n contra Mar\u00ed\u00f1ez Lora, alojado en el Centro de Privaci\u00f3n Provisional de Libertada de Ciudad Nueva hasta el momento en que se presente ante un juez de la Oficina Judicial de Servicios de Atenci\u00f3n Permanente\u201d, dice la Procuradur\u00eda en un comunicado de prensa.<\/p>\n\n\n\n<p>Por el caso ya se dict\u00f3 un a\u00f1o de prisi\u00f3n preventiva contra Victorino Reyes Navarro (segundo teniente), Domingo Perdomo Reyes (sargento), as\u00ed como de los cabos Norquis Rodr\u00edguez Jim\u00e9nez y \u00c1ngel de Los Santos y los rasos Antony Castro P\u00e9rez y Juan Samuel Ogando Sol\u00eds, integrantes de la patrulla actuante.<\/p>\n\n\n\n<p><strong>Los hechos&nbsp;<\/strong><\/p>\n\n\n\n<p>Al momento en que ocurri\u00f3 el hecho los esposos se desplazaban por la autopista Duarte, a la altura del Kil\u00f3metro 45, junto a Ram\u00edrez Lamais y Carlos Jos\u00e9 P\u00e9rez B\u00e1ez, quien result\u00f3 ileso, en un carro marca Kia, modelo K5, color blanco.<\/p>\n\n\n\n<p>Los ocupantes del veh\u00edculo fueron interceptados por la patrulla policial que la emprendi\u00f3 a tiros contra el veh\u00edculo.<\/p>\n\n\n\n<p>Como comandante del departamento policial, a quien respond\u00edan los integrantes de la patrulla, al coronel Mar\u00ed\u00f1ez Lora el Ministerio P\u00fablico le imputa la violaci\u00f3n a varios art\u00edculos del C\u00f3digo Penal y de la Ley 631-16, para el Control y Regulaci\u00f3n de Armas, Municiones y Materiales Relacionados.<\/p>\n\n\n\n<p>La PGR inform\u00f3 que la magistrada S\u00e1nchez Guzm\u00e1n encabeza la investigaci\u00f3n del caso con el apoyo de un equipo de fiscales designado por la Direcci\u00f3n General de Persecuci\u00f3n del Ministerio P\u00fablico, que encabeza la procuradora adjunta Yeni Berenice Reynoso.<\/p>\n","protected":false},"excerpt":{"rendered":"<p>VILLA ALTAGRACIA.- Fue arrestado este martes el coronel C\u00e9sar Mar\u00ed\u00f1ez Lora, superior jer\u00e1rquico de la patrulla policial que ultim\u00f3 a la pareja de esposos cristianos Joel D\u00edaz y Elisabeth Mu\u00f1oz, el pasado 30 de marzo. F\u00e1tima S\u00e1nchez Guzm\u00e1n, fiscal titular de Villa Altagracia, inform\u00f3 que en el transcurso de la investigaci\u00f3n, el Ministerio P\u00fablico hall\u00f3 [&hellip;]<\/p>\n","protected":false},"author":1,"featured_media":4117,"comment_status":"open","ping_status":"open","sticky":false,"template":"","format":"standard","meta":{"nf_dc_page":"","jetpack_post_was_ever_published":false,"_jetpack_newsletter_access":"","_jetpack_dont_email_post_to_subs":false,"_jetpack_newsletter_tier_id":0,"_jetpack_memberships_contains_paywalled_content":false,"_jetpack_memberships_contains_paid_content":false,"footnotes":"","jetpack_publicize_message":"","jetpack_publicize_feature_enabled":true,"jetpack_social_post_already_shared":false,"jetpack_social_options":{"image_generator_settings":{"template":"highway","default_image_id":0,"font":"","enabled":false},"version":2}},"categories":[93],"tags":[],"class_list":["post-4116","post","type-post","status-publish","format-standard","has-post-thumbnail","hentry","category-justicia"],"yoast_head":"<!-- This site is optimized with the Yoast SEO plugin v27.5 - https:\/\/yoast.com\/product\/yoast-seo-wordpress\/ -->\n<title>Coronel Mar\u00ed\u00f1ez Lora, fue apresado por la muerte de pareja en Villa Altagracia - Minuto Cero RD<\/title>\n<meta name=\"robots\" content=\"index, follow, max-snippet:-1, max-image-preview:large, max-video-preview:-1\" \/>\n<link rel=\"canonical\" href=\"https:\/\/minutocerord.com\/?p=4116\" \/>\n<meta property=\"og:locale\" content=\"es_ES\" \/>\n<meta property=\"og:type\" content=\"article\" \/>\n<meta property=\"og:title\" content=\"Coronel Mar\u00ed\u00f1ez Lora, fue apresado por la muerte de pareja en Villa Altagracia - Minuto Cero RD\" \/>\n<meta property=\"og:description\" content=\"VILLA ALTAGRACIA.- Fue arrestado este martes el coronel C\u00e9sar Mar\u00ed\u00f1ez Lora, superior jer\u00e1rquico de la patrulla policial que ultim\u00f3 a la pareja de esposos cristianos Joel D\u00edaz y Elisabeth Mu\u00f1oz, el pasado 30 de marzo. F\u00e1tima S\u00e1nchez Guzm\u00e1n, fiscal titular de Villa Altagracia, inform\u00f3 que en el transcurso de la investigaci\u00f3n, el Ministerio P\u00fablico hall\u00f3 [&hellip;]\" \/>\n<meta property=\"og:url\" content=\"https:\/\/minutocerord.com\/?p=4116\" \/>\n<meta property=\"og:site_name\" content=\"Minuto Cero RD\" \/>\n<meta property=\"article:publisher\" content=\"https:\/\/www.facebook.com\/Genofnotes\" \/>\n<meta property=\"article:author\" content=\"https:\/\/www.facebook.com\/Genofnotes\" \/>\n<meta property=\"article:published_time\" content=\"2021-04-21T03:27:58+00:00\" \/>\n<meta property=\"article:modified_time\" content=\"2021-04-21T03:28:30+00:00\" \/>\n<meta property=\"og:image\" content=\"https:\/\/i0.wp.com\/minutocerord.com\/wp-content\/uploads\/2021\/04\/Coronel-Marinez..jpg?fit=819%2C453&ssl=1\" \/>\n\t<meta property=\"og:image:width\" content=\"819\" \/>\n\t<meta property=\"og:image:height\" content=\"453\" \/>\n\t<meta property=\"og:image:type\" content=\"image\/jpeg\" \/>\n<meta name=\"author\" content=\"Genof\u00f3ntes Urb\u00e1ez\" \/>\n<meta name=\"twitter:card\" content=\"summary_large_image\" \/>\n<meta name=\"twitter:label1\" content=\"Written by\" \/>\n\t<meta name=\"twitter:data1\" content=\"Genof\u00f3ntes Urb\u00e1ez\" \/>\n\t<meta name=\"twitter:label2\" content=\"Est. reading time\" \/>\n\t<meta name=\"twitter:data2\" content=\"2 minutos\" \/>\n<script type=\"application\/ld+json\" class=\"yoast-schema-graph\">{\"@context\":\"https:\\\/\\\/schema.org\",\"@graph\":[{\"@type\":\"Article\",\"@id\":\"https:\\\/\\\/minutocerord.com\\\/?p=4116#article\",\"isPartOf\":{\"@id\":\"https:\\\/\\\/minutocerord.com\\\/?p=4116\"},\"author\":{\"name\":\"Genof\u00f3ntes Urb\u00e1ez\",\"@id\":\"https:\\\/\\\/minutocerord.com\\\/#\\\/schema\\\/person\\\/60b5372d60aaa0a5171fb6488be9aee6\"},\"headline\":\"Coronel Mar\u00ed\u00f1ez Lora, fue apresado por la muerte de pareja en Villa Altagracia\",\"datePublished\":\"2021-04-21T03:27:58+00:00\",\"dateModified\":\"2021-04-21T03:28:30+00:00\",\"mainEntityOfPage\":{\"@id\":\"https:\\\/\\\/minutocerord.com\\\/?p=4116\"},\"wordCount\":386,\"commentCount\":0,\"publisher\":{\"@id\":\"https:\\\/\\\/minutocerord.com\\\/#\\\/schema\\\/person\\\/60b5372d60aaa0a5171fb6488be9aee6\"},\"image\":{\"@id\":\"https:\\\/\\\/minutocerord.com\\\/?p=4116#primaryimage\"},\"thumbnailUrl\":\"https:\\\/\\\/i0.wp.com\\\/minutocerord.com\\\/wp-content\\\/uploads\\\/2021\\\/04\\\/Coronel-Marinez..jpg?fit=819%2C453&ssl=1\",\"articleSection\":[\"Justicia\"],\"inLanguage\":\"es-DO\",\"potentialAction\":[{\"@type\":\"CommentAction\",\"name\":\"Comment\",\"target\":[\"https:\\\/\\\/minutocerord.com\\\/?p=4116#respond\"]}]},{\"@type\":\"WebPage\",\"@id\":\"https:\\\/\\\/minutocerord.com\\\/?p=4116\",\"url\":\"https:\\\/\\\/minutocerord.com\\\/?p=4116\",\"name\":\"Coronel Mar\u00ed\u00f1ez Lora, fue apresado por la muerte de pareja en Villa Altagracia - Minuto Cero RD\",\"isPartOf\":{\"@id\":\"https:\\\/\\\/minutocerord.com\\\/#website\"},\"primaryImageOfPage\":{\"@id\":\"https:\\\/\\\/minutocerord.com\\\/?p=4116#primaryimage\"},\"image\":{\"@id\":\"https:\\\/\\\/minutocerord.com\\\/?p=4116#primaryimage\"},\"thumbnailUrl\":\"https:\\\/\\\/i0.wp.com\\\/minutocerord.com\\\/wp-content\\\/uploads\\\/2021\\\/04\\\/Coronel-Marinez..jpg?fit=819%2C453&ssl=1\",\"datePublished\":\"2021-04-21T03:27:58+00:00\",\"dateModified\":\"2021-04-21T03:28:30+00:00\",\"breadcrumb\":{\"@id\":\"https:\\\/\\\/minutocerord.com\\\/?p=4116#breadcrumb\"},\"inLanguage\":\"es-DO\",\"potentialAction\":[{\"@type\":\"ReadAction\",\"target\":[\"https:\\\/\\\/minutocerord.com\\\/?p=4116\"]}]},{\"@type\":\"ImageObject\",\"inLanguage\":\"es-DO\",\"@id\":\"https:\\\/\\\/minutocerord.com\\\/?p=4116#primaryimage\",\"url\":\"https:\\\/\\\/i0.wp.com\\\/minutocerord.com\\\/wp-content\\\/uploads\\\/2021\\\/04\\\/Coronel-Marinez..jpg?fit=819%2C453&ssl=1\",\"contentUrl\":\"https:\\\/\\\/i0.wp.com\\\/minutocerord.com\\\/wp-content\\\/uploads\\\/2021\\\/04\\\/Coronel-Marinez..jpg?fit=819%2C453&ssl=1\",\"width\":819,\"height\":453},{\"@type\":\"BreadcrumbList\",\"@id\":\"https:\\\/\\\/minutocerord.com\\\/?p=4116#breadcrumb\",\"itemListElement\":[{\"@type\":\"ListItem\",\"position\":1,\"name\":\"Home\",\"item\":\"https:\\\/\\\/minutocerord.com\\\/\"},{\"@type\":\"ListItem\",\"position\":2,\"name\":\"Coronel Mar\u00ed\u00f1ez Lora, fue apresado por la muerte de pareja en Villa Altagracia\"}]},{\"@type\":\"WebSite\",\"@id\":\"https:\\\/\\\/minutocerord.com\\\/#website\",\"url\":\"https:\\\/\\\/minutocerord.com\\\/\",\"name\":\"Minuto Cero RD\",\"description\":\"Periodismo serio y veraz\",\"publisher\":{\"@id\":\"https:\\\/\\\/minutocerord.com\\\/#\\\/schema\\\/person\\\/60b5372d60aaa0a5171fb6488be9aee6\"},\"potentialAction\":[{\"@type\":\"SearchAction\",\"target\":{\"@type\":\"EntryPoint\",\"urlTemplate\":\"https:\\\/\\\/minutocerord.com\\\/?s={search_term_string}\"},\"query-input\":{\"@type\":\"PropertyValueSpecification\",\"valueRequired\":true,\"valueName\":\"search_term_string\"}}],\"inLanguage\":\"es-DO\"},{\"@type\":[\"Person\",\"Organization\"],\"@id\":\"https:\\\/\\\/minutocerord.com\\\/#\\\/schema\\\/person\\\/60b5372d60aaa0a5171fb6488be9aee6\",\"name\":\"Genof\u00f3ntes Urb\u00e1ez\",\"image\":{\"@type\":\"ImageObject\",\"inLanguage\":\"es-DO\",\"@id\":\"https:\\\/\\\/secure.gravatar.com\\\/avatar\\\/a49ef3186a692098ac3e8a1612261e3ad70cf9e44553dff2929e67939a0ecb9d?s=96&d=identicon&r=g\",\"url\":\"https:\\\/\\\/secure.gravatar.com\\\/avatar\\\/a49ef3186a692098ac3e8a1612261e3ad70cf9e44553dff2929e67939a0ecb9d?s=96&d=identicon&r=g\",\"contentUrl\":\"https:\\\/\\\/secure.gravatar.com\\\/avatar\\\/a49ef3186a692098ac3e8a1612261e3ad70cf9e44553dff2929e67939a0ecb9d?s=96&d=identicon&r=g\",\"caption\":\"Genof\u00f3ntes Urb\u00e1ez\"},\"logo\":{\"@id\":\"https:\\\/\\\/secure.gravatar.com\\\/avatar\\\/a49ef3186a692098ac3e8a1612261e3ad70cf9e44553dff2929e67939a0ecb9d?s=96&d=identicon&r=g\"},\"description\":\"Periodista \\\/ Locutor\",\"sameAs\":[\"https:\\\/\\\/www.facebook.com\\\/Genofnotes\",\"https:\\\/\\\/www.instagram.com\\\/genofnotes\\\/\"]}]}<\/script>\n<!-- \/ Yoast SEO plugin. -->","yoast_head_json":{"title":"Coronel Mar\u00ed\u00f1ez Lora, fue apresado por la muerte de pareja en Villa Altagracia - Minuto Cero RD","robots":{"index":"index","follow":"follow","max-snippet":"max-snippet:-1","max-image-preview":"max-image-preview:large","max-video-preview":"max-video-preview:-1"},"canonical":"https:\/\/minutocerord.com\/?p=4116","og_locale":"es_ES","og_type":"article","og_title":"Coronel Mar\u00ed\u00f1ez Lora, fue apresado por la muerte de pareja en Villa Altagracia - Minuto Cero RD","og_description":"VILLA ALTAGRACIA.- Fue arrestado este martes el coronel C\u00e9sar Mar\u00ed\u00f1ez Lora, superior jer\u00e1rquico de la patrulla policial que ultim\u00f3 a la pareja de esposos cristianos Joel D\u00edaz y Elisabeth Mu\u00f1oz, el pasado 30 de marzo. F\u00e1tima S\u00e1nchez Guzm\u00e1n, fiscal titular de Villa Altagracia, inform\u00f3 que en el transcurso de la investigaci\u00f3n, el Ministerio P\u00fablico hall\u00f3 [&hellip;]","og_url":"https:\/\/minutocerord.com\/?p=4116","og_site_name":"Minuto Cero RD","article_publisher":"https:\/\/www.facebook.com\/Genofnotes","article_author":"https:\/\/www.facebook.com\/Genofnotes","article_published_time":"2021-04-21T03:27:58+00:00","article_modified_time":"2021-04-21T03:28:30+00:00","og_image":[{"width":819,"height":453,"url":"https:\/\/i0.wp.com\/minutocerord.com\/wp-content\/uploads\/2021\/04\/Coronel-Marinez..jpg?fit=819%2C453&ssl=1","type":"image\/jpeg"}],"author":"Genof\u00f3ntes Urb\u00e1ez","twitter_card":"summary_large_image","twitter_misc":{"Written by":"Genof\u00f3ntes Urb\u00e1ez","Est. reading time":"2 minutos"},"schema":{"@context":"https:\/\/schema.org","@graph":[{"@type":"Article","@id":"https:\/\/minutocerord.com\/?p=4116#article","isPartOf":{"@id":"https:\/\/minutocerord.com\/?p=4116"},"author":{"name":"Genof\u00f3ntes Urb\u00e1ez","@id":"https:\/\/minutocerord.com\/#\/schema\/person\/60b5372d60aaa0a5171fb6488be9aee6"},"headline":"Coronel Mar\u00ed\u00f1ez Lora, fue apresado por la muerte de pareja en Villa Altagracia","datePublished":"2021-04-21T03:27:58+00:00","dateModified":"2021-04-21T03:28:30+00:00","mainEntityOfPage":{"@id":"https:\/\/minutocerord.com\/?p=4116"},"wordCount":386,"commentCount":0,"publisher":{"@id":"https:\/\/minutocerord.com\/#\/schema\/person\/60b5372d60aaa0a5171fb6488be9aee6"},"image":{"@id":"https:\/\/minutocerord.com\/?p=4116#primaryimage"},"thumbnailUrl":"https:\/\/i0.wp.com\/minutocerord.com\/wp-content\/uploads\/2021\/04\/Coronel-Marinez..jpg?fit=819%2C453&ssl=1","articleSection":["Justicia"],"inLanguage":"es-DO","potentialAction":[{"@type":"CommentAction","name":"Comment","target":["https:\/\/minutocerord.com\/?p=4116#respond"]}]},{"@type":"WebPage","@id":"https:\/\/minutocerord.com\/?p=4116","url":"https:\/\/minutocerord.com\/?p=4116","name":"Coronel Mar\u00ed\u00f1ez Lora, fue apresado por la muerte de pareja en Villa Altagracia - Minuto Cero RD","isPartOf":{"@id":"https:\/\/minutocerord.com\/#website"},"primaryImageOfPage":{"@id":"https:\/\/minutocerord.com\/?p=4116#primaryimage"},"image":{"@id":"https:\/\/minutocerord.com\/?p=4116#primaryimage"},"thumbnailUrl":"https:\/\/i0.wp.com\/minutocerord.com\/wp-content\/uploads\/2021\/04\/Coronel-Marinez..jpg?fit=819%2C453&ssl=1","datePublished":"2021-04-21T03:27:58+00:00","dateModified":"2021-04-21T03:28:30+00:00","breadcrumb":{"@id":"https:\/\/minutocerord.com\/?p=4116#breadcrumb"},"inLanguage":"es-DO","potentialAction":[{"@type":"ReadAction","target":["https:\/\/minutocerord.com\/?p=4116"]}]},{"@type":"ImageObject","inLanguage":"es-DO","@id":"https:\/\/minutocerord.com\/?p=4116#primaryimage","url":"https:\/\/i0.wp.com\/minutocerord.com\/wp-content\/uploads\/2021\/04\/Coronel-Marinez..jpg?fit=819%2C453&ssl=1","contentUrl":"https:\/\/i0.wp.com\/minutocerord.com\/wp-content\/uploads\/2021\/04\/Coronel-Marinez..jpg?fit=819%2C453&ssl=1","width":819,"height":453},{"@type":"BreadcrumbList","@id":"https:\/\/minutocerord.com\/?p=4116#breadcrumb","itemListElement":[{"@type":"ListItem","position":1,"name":"Home","item":"https:\/\/minutocerord.com\/"},{"@type":"ListItem","position":2,"name":"Coronel Mar\u00ed\u00f1ez Lora, fue apresado por la muerte de pareja en Villa Altagracia"}]},{"@type":"WebSite","@id":"https:\/\/minutocerord.com\/#website","url":"https:\/\/minutocerord.com\/","name":"Minuto Cero RD","description":"Periodismo serio y veraz","publisher":{"@id":"https:\/\/minutocerord.com\/#\/schema\/person\/60b5372d60aaa0a5171fb6488be9aee6"},"potentialAction":[{"@type":"SearchAction","target":{"@type":"EntryPoint","urlTemplate":"https:\/\/minutocerord.com\/?s={search_term_string}"},"query-input":{"@type":"PropertyValueSpecification","valueRequired":true,"valueName":"search_term_string"}}],"inLanguage":"es-DO"},{"@type":["Person","Organization"],"@id":"https:\/\/minutocerord.com\/#\/schema\/person\/60b5372d60aaa0a5171fb6488be9aee6","name":"Genof\u00f3ntes Urb\u00e1ez","image":{"@type":"ImageObject","inLanguage":"es-DO","@id":"https:\/\/secure.gravatar.com\/avatar\/a49ef3186a692098ac3e8a1612261e3ad70cf9e44553dff2929e67939a0ecb9d?s=96&d=identicon&r=g","url":"https:\/\/secure.gravatar.com\/avatar\/a49ef3186a692098ac3e8a1612261e3ad70cf9e44553dff2929e67939a0ecb9d?s=96&d=identicon&r=g","contentUrl":"https:\/\/secure.gravatar.com\/avatar\/a49ef3186a692098ac3e8a1612261e3ad70cf9e44553dff2929e67939a0ecb9d?s=96&d=identicon&r=g","caption":"Genof\u00f3ntes Urb\u00e1ez"},"logo":{"@id":"https:\/\/secure.gravatar.com\/avatar\/a49ef3186a692098ac3e8a1612261e3ad70cf9e44553dff2929e67939a0ecb9d?s=96&d=identicon&r=g"},"description":"Periodista \/ Locutor","sameAs":["https:\/\/www.facebook.com\/Genofnotes","https:\/\/www.instagram.com\/genofnotes\/"]}]}},"jetpack_publicize_connections":[],"jetpack_featured_media_url":"https:\/\/i0.wp.com\/minutocerord.com\/wp-content\/uploads\/2021\/04\/Coronel-Marinez..jpg?fit=819%2C453&ssl=1","jetpack-related-posts":[],"jetpack_sharing_enabled":true,"_links":{"self":[{"href":"https:\/\/minutocerord.com\/index.php?rest_route=\/wp\/v2\/posts\/4116","targetHints":{"allow":["GET"]}}],"collection":[{"href":"https:\/\/minutocerord.com\/index.php?rest_route=\/wp\/v2\/posts"}],"about":[{"href":"https:\/\/minutocerord.com\/index.php?rest_route=\/wp\/v2\/types\/post"}],"author":[{"embeddable":true,"href":"https:\/\/minutocerord.com\/index.php?rest_route=\/wp\/v2\/users\/1"}],"replies":[{"embeddable":true,"href":"https:\/\/minutocerord.com\/index.php?rest_route=%2Fwp%2Fv2%2Fcomments&post=4116"}],"version-history":[{"count":2,"href":"https:\/\/minutocerord.com\/index.php?rest_route=\/wp\/v2\/posts\/4116\/revisions"}],"predecessor-version":[{"id":4119,"href":"https:\/\/minutocerord.com\/index.php?rest_route=\/wp\/v2\/posts\/4116\/revisions\/4119"}],"wp:featuredmedia":[{"embeddable":true,"href":"https:\/\/minutocerord.com\/index.php?rest_route=\/wp\/v2\/media\/4117"}],"wp:attachment":[{"href":"https:\/\/minutocerord.com\/index.php?rest_route=%2Fwp%2Fv2%2Fmedia&parent=4116"}],"wp:term":[{"taxonomy":"category","embeddable":true,"href":"https:\/\/minutocerord.com\/index.php?rest_route=%2Fwp%2Fv2%2Fcategories&post=4116"},{"taxonomy":"post_tag","embeddable":true,"href":"https:\/\/minutocerord.com\/index.php?rest_route=%2Fwp%2Fv2%2Ftags&post=4116"}],"curies":[{"name":"wp","href":"https:\/\/api.w.org\/{rel}","templated":true}]}}