{"id":4124,"date":"2021-04-22T23:10:19","date_gmt":"2021-04-23T03:10:19","guid":{"rendered":"https:\/\/minutocerord.com\/?p=4124"},"modified":"2021-04-22T23:10:25","modified_gmt":"2021-04-23T03:10:25","slug":"por-que-es-poco-probable-que-chauvin-enfrente-una-sentencia-maxima","status":"publish","type":"post","link":"https:\/\/minutocerord.com\/?p=4124","title":{"rendered":"\u00bfPor qu\u00e9 es poco probable que Chauvin enfrente una sentencia m\u00e1xima?"},"content":{"rendered":"\n<p>Derek Chauvin ya est\u00e1 encerrado en la \u00fanica prisi\u00f3n de m\u00e1xima seguridad de Minnesota, en una sola celda por su propia seguridad. Pero pasar\u00e1n dos meses antes de que el ex oficial de polic\u00eda de Minneapolis se entere de su sentencia por la muerte de George Floyd.<\/p>\n\n\n\n<p>Chauvin, de 45 a\u00f1os, fue condenado el martes por asesinato involuntario en segundo grado, asesinato en tercer grado y homicidio involuntario en segundo grado por presionar su rodilla contra el cuello de Floyd durante nueve minutos y medio, ya que el hombre negro dijo que no pod\u00eda respirar.<\/p>\n\n\n\n<p>Aqu\u00ed hay un desglose de los matices de las sentencias de Minnesota:<\/p>\n\n\n\n<p>\u00bfPor qu\u00e9 no vemos m\u00faltiples oraciones?<\/p>\n\n\n\n<p>Porque todos los cargos se derivan de un solo acto, realizado contra una persona. Por lo general, se dictan sentencias m\u00faltiples en los casos en que hay condenas para m\u00faltiples v\u00edctimas o m\u00faltiples delitos contra una v\u00edctima.<\/p>\n\n\n\n<p>Por ejemplo, si un acusado es declarado culpable de secuestrar y agredir sexualmente a una mujer (dos delitos contra una v\u00edctima), un juez emitir\u00eda una sentencia por cada cargo y podr\u00eda dictaminar que se cumplen al mismo tiempo o consecutivamente, dijo el ex condado de Hennepin. la defensora p\u00fablica principal Mary Moriarty.<\/p>\n\n\n\n<p>Ese no es el caso aqu\u00ed, dijo Moriarty. &#8220;Este caso involucr\u00f3 tres teor\u00edas diferentes del mismo comportamiento hacia la misma persona&#8221;.<\/p>\n\n\n\n<p>\u00bfHay otro ejemplo de esto?<\/p>\n\n\n\n<p>En otro caso de asesinato de alto perfil que involucra a un oficial de Minneapolis, Mohamed Noor fue declarado culpable de asesinato en tercer grado y homicidio involuntario en la muerte a tiros de Justine Ruszczyk Damond en 2017. Noor fue sentenciado a 12 a\u00f1os y medio de prisi\u00f3n por homicidio en tercer grado, pero no se emiti\u00f3 ninguna sanci\u00f3n por homicidio.<\/p>\n\n\n\n<p>\u00bfPor qu\u00e9 no es probable que Chauvin obtenga el m\u00e1ximo de 40 a\u00f1os?<\/p>\n\n\n\n<p>Minnesota tiene pautas de sentencia que fueron creadas para establecer sentencias racionales y consistentes y asegurar que las sentencias sean neutrales sin considerar factores como la raza o el g\u00e9nero.<\/p>\n\n\n\n<p>Las directrices dicen que, aunque son de car\u00e1cter consultivo, las sentencias presuntivas &#8220;se consideran apropiadas&#8221; y los jueces solo deben apartarse de ellas cuando &#8220;se puedan identificar y articular circunstancias sustanciales y apremiantes&#8221;.<\/p>\n\n\n\n<p>Para el asesinato no intencional en segundo grado, las pautas dicen que la sentencia presunta para alguien sin antecedentes penales como Chauvin ser\u00eda de 12 a\u00f1os y medio. Los jueces pueden condenar a alguien a tan solo 10 a\u00f1os y ocho meses o hasta 15 a\u00f1os y a\u00fan estar dentro del rango de las pautas de asesoramiento.<\/p>\n\n\n\n<p>Pero en este caso, los fiscales buscan una sentencia que supere el rango de las pautas, lo que se denomina &#8220;desviaci\u00f3n ascendente&#8221;.<\/p>\n\n\n\n<p>Citaron varios factores agravantes, incluido que Floyd era particularmente vulnerable, que Chauvin era un oficial uniformado que actuaba en una posici\u00f3n de autoridad y que su crimen fue presenciado por varios ni\u00f1os, incluida una ni\u00f1a de 9 a\u00f1os que testific\u00f3 que observar la restricci\u00f3n la hizo &#8220;triste y un poco enojada&#8221;.<\/p>\n\n\n\n<p>Despu\u00e9s de los veredictos, el fiscal general Keith Ellison dijo: &#8220;Creemos que hay factores agravantes y la sentencia debe exceder las pautas de sentencia&#8221;.<\/p>\n\n\n\n<p>\u00bfQu\u00e9 es realista?<\/p>\n\n\n\n<p>Los expertos dicen que el m\u00e1ximo ser\u00e1 de 30 a\u00f1os, el doble del l\u00edmite superior del rango de la gu\u00eda. Si el juez Peter Cahill condenara a Chauvin a algo por encima de eso, corre el riesgo de que se revoque su decisi\u00f3n en la apelaci\u00f3n.<\/p>\n\n\n\n<p>Mark Osler, profesor de la Facultad de Derecho de la Universidad de St. Thomas, dijo que la Corte Suprema de Minnesota estableci\u00f3 un m\u00e1ximo est\u00e1ndar para las desviaciones ascendentes en el caso del Estado contra Evans de 1981, y encontr\u00f3 que, en general, cuando se justifica una desviaci\u00f3n ascendente el l\u00edmite ser\u00e1 el doble de la duraci\u00f3n presunta de la sentencia&#8221;.<\/p>\n\n\n\n<p>El tribunal enfatiz\u00f3 que duplicar el rango de la gu\u00eda es solo un l\u00edmite superior y no deber\u00eda ser autom\u00e1tico. Los jueces tambi\u00e9n dejaron espacio para el raro caso en el que un juez estar\u00eda justificado para ir a\u00fan m\u00e1s alto.<\/p>\n\n\n\n<p>El profesor de derecho de Mitchell Hamline, Ted Sampsell-Jones, dijo que la opini\u00f3n del Estado contra Barthman del a\u00f1o pasado reafirm\u00f3 la regla de Evans y &#8220;envi\u00f3 una se\u00f1al&#8221; de que las sentencias que superan el doble de las pautas &#8220;deber\u00edan ser de hecho extremadamente raras&#8221; y casi nunca suceder\u00e1n.<\/p>\n\n\n\n<p>\u00bfQu\u00e9 pasa en el proceso?<\/p>\n\n\n\n<p>Osler dijo que al decidir una salida al alza, Cahill tiene que mirar qu\u00e9 distingue este caso de un caso sin factores agravantes. Dijo que un factor agravante es la crueldad en particular, pero Cahill tiene que sopesar las circunstancias espec\u00edficas de este caso con la crueldad inherente de matar a alguien en primer lugar.<\/p>\n\n\n\n<p>Si decide que existen factores agravantes, debe mantenerlos en proporci\u00f3n al delito.<\/p>\n\n\n\n<p>&#8220;Va a ser una decisi\u00f3n realmente dif\u00edcil para el juez Cahill&#8221;, dijo Osler.<\/p>\n\n\n\n<p>\u00bfTiempo realmente servido?<\/p>\n\n\n\n<p>Independientemente de la sentencia que reciba Chauvin, en Minnesota se presume que un acusado con buen comportamiento cumplir\u00e1 dos tercios de la pena en prisi\u00f3n y el resto en libertad supervisada, com\u00fanmente conocida como libertad condicional.<\/p>\n\n\n\n<p>Eso significa que si Chauvin es sentenciado a 30 a\u00f1os, probablemente cumplir\u00eda 20 tras las rejas, siempre que no cause problemas en la c\u00e1rcel. Una vez en libertad supervisada, podr\u00eda ser enviado de regreso a prisi\u00f3n si viola las condiciones de su libertad condicional.<\/p>\n\n\n\n<p>\u00bfQu\u00e9 sigue?<\/p>\n\n\n\n<p>Ambas partes est\u00e1n escribiendo informes legales sobre factores agravantes, que Cahill revisar\u00e1 antes de determinar si existen.<\/p>\n\n\n\n<p>Cahill tambi\u00e9n orden\u00f3 un informe de investigaci\u00f3n previo a la sentencia, que generalmente no es p\u00fablico. Este informe generalmente lo prepara un oficial de libertad condicional e incluye informaci\u00f3n muy personal, como antecedentes familiares y problemas de salud mental. Tambi\u00e9n incluye detalles del delito y el da\u00f1o que caus\u00f3 a los dem\u00e1s y a la comunidad.<\/p>\n\n\n\n<p>Cahill dijo que emitir\u00e1 una sentencia en dos meses. No se ha fijado una fecha para la sentencia.<\/p>\n\n\n\n<p>\u00bfOiremos de Chauvin?<\/p>\n\n\n\n<p>Eso es dif\u00edcil de decir. Tiene derecho a hacer una declaraci\u00f3n durante la audiencia de sentencia, pero Moriarty dijo que puede ser complicado. Si bien los jueces quieren que las personas asuman la responsabilidad y se arrepientan, y pueden tener eso en cuenta al dictar sentencia, un acusado tampoco querr\u00eda decir nada que pudiera poner en peligro una posible apelaci\u00f3n.<\/p>\n\n\n\n<p>\u201cEsa es la parte dif\u00edcil porque creo que todos, incluida la familia, quieren escucharlo decir algo sobre lo que siente\u201d, dijo.<\/p>\n\n\n\n<p>\u00a0Amy Forliti\/AP<\/p>\n","protected":false},"excerpt":{"rendered":"<p>Derek Chauvin ya est\u00e1 encerrado en la \u00fanica prisi\u00f3n de m\u00e1xima seguridad de Minnesota, en una sola celda por su propia seguridad. Pero pasar\u00e1n dos meses antes de que el ex oficial de polic\u00eda de Minneapolis se entere de su sentencia por la muerte de George Floyd. Chauvin, de 45 a\u00f1os, fue condenado el martes [&hellip;]<\/p>\n","protected":false},"author":1,"featured_media":4125,"comment_status":"open","ping_status":"open","sticky":false,"template":"","format":"standard","meta":{"nf_dc_page":"","jetpack_post_was_ever_published":false,"_jetpack_newsletter_access":"","_jetpack_dont_email_post_to_subs":false,"_jetpack_newsletter_tier_id":0,"_jetpack_memberships_contains_paywalled_content":false,"_jetpack_memberships_contains_paid_content":false,"footnotes":"","jetpack_publicize_message":"","jetpack_publicize_feature_enabled":true,"jetpack_social_post_already_shared":false,"jetpack_social_options":{"image_generator_settings":{"template":"highway","default_image_id":0,"font":"","enabled":false},"version":2}},"categories":[83],"tags":[],"class_list":["post-4124","post","type-post","status-publish","format-standard","has-post-thumbnail","hentry","category-estados-unidos"],"yoast_head":"<!-- This site is optimized with the Yoast SEO plugin v27.5 - https:\/\/yoast.com\/product\/yoast-seo-wordpress\/ -->\n<title>\u00bfPor qu\u00e9 es poco probable que Chauvin enfrente una sentencia m\u00e1xima? - Minuto Cero RD<\/title>\n<meta name=\"robots\" content=\"index, follow, max-snippet:-1, max-image-preview:large, max-video-preview:-1\" \/>\n<link rel=\"canonical\" href=\"http:\/\/minutocerord.com\/?p=4124\" \/>\n<meta property=\"og:locale\" content=\"es_ES\" \/>\n<meta property=\"og:type\" content=\"article\" \/>\n<meta property=\"og:title\" content=\"\u00bfPor qu\u00e9 es poco probable que Chauvin enfrente una sentencia m\u00e1xima? - Minuto Cero RD\" \/>\n<meta property=\"og:description\" content=\"Derek Chauvin ya est\u00e1 encerrado en la \u00fanica prisi\u00f3n de m\u00e1xima seguridad de Minnesota, en una sola celda por su propia seguridad. Pero pasar\u00e1n dos meses antes de que el ex oficial de polic\u00eda de Minneapolis se entere de su sentencia por la muerte de George Floyd. Chauvin, de 45 a\u00f1os, fue condenado el martes [&hellip;]\" \/>\n<meta property=\"og:url\" content=\"http:\/\/minutocerord.com\/?p=4124\" \/>\n<meta property=\"og:site_name\" content=\"Minuto Cero RD\" \/>\n<meta property=\"article:publisher\" content=\"https:\/\/www.facebook.com\/Genofnotes\" \/>\n<meta property=\"article:author\" content=\"https:\/\/www.facebook.com\/Genofnotes\" \/>\n<meta property=\"article:published_time\" content=\"2021-04-23T03:10:19+00:00\" \/>\n<meta property=\"article:modified_time\" content=\"2021-04-23T03:10:25+00:00\" \/>\n<meta property=\"og:image\" content=\"https:\/\/i0.wp.com\/minutocerord.com\/wp-content\/uploads\/2021\/04\/Captura-4.png?fit=455%2C553\" \/>\n\t<meta property=\"og:image:width\" content=\"455\" \/>\n\t<meta property=\"og:image:height\" content=\"553\" \/>\n\t<meta property=\"og:image:type\" content=\"image\/png\" \/>\n<meta name=\"author\" content=\"Genof\u00f3ntes Urb\u00e1ez\" \/>\n<meta name=\"twitter:card\" content=\"summary_large_image\" \/>\n<meta name=\"twitter:label1\" content=\"Written by\" \/>\n\t<meta name=\"twitter:data1\" content=\"Genof\u00f3ntes Urb\u00e1ez\" \/>\n\t<meta name=\"twitter:label2\" content=\"Est. reading time\" \/>\n\t<meta name=\"twitter:data2\" content=\"5 minutos\" \/>\n<script type=\"application\/ld+json\" class=\"yoast-schema-graph\">{\"@context\":\"https:\\\/\\\/schema.org\",\"@graph\":[{\"@type\":\"Article\",\"@id\":\"http:\\\/\\\/minutocerord.com\\\/?p=4124#article\",\"isPartOf\":{\"@id\":\"http:\\\/\\\/minutocerord.com\\\/?p=4124\"},\"author\":{\"name\":\"Genof\u00f3ntes Urb\u00e1ez\",\"@id\":\"https:\\\/\\\/minutocerord.com\\\/#\\\/schema\\\/person\\\/60b5372d60aaa0a5171fb6488be9aee6\"},\"headline\":\"\u00bfPor qu\u00e9 es poco probable que Chauvin enfrente una sentencia m\u00e1xima?\",\"datePublished\":\"2021-04-23T03:10:19+00:00\",\"dateModified\":\"2021-04-23T03:10:25+00:00\",\"mainEntityOfPage\":{\"@id\":\"http:\\\/\\\/minutocerord.com\\\/?p=4124\"},\"wordCount\":1153,\"commentCount\":0,\"publisher\":{\"@id\":\"https:\\\/\\\/minutocerord.com\\\/#\\\/schema\\\/person\\\/60b5372d60aaa0a5171fb6488be9aee6\"},\"image\":{\"@id\":\"http:\\\/\\\/minutocerord.com\\\/?p=4124#primaryimage\"},\"thumbnailUrl\":\"https:\\\/\\\/i0.wp.com\\\/minutocerord.com\\\/wp-content\\\/uploads\\\/2021\\\/04\\\/Captura-4.png?fit=455%2C553&ssl=1\",\"articleSection\":[\"Estados Unidos\"],\"inLanguage\":\"es-DO\",\"potentialAction\":[{\"@type\":\"CommentAction\",\"name\":\"Comment\",\"target\":[\"http:\\\/\\\/minutocerord.com\\\/?p=4124#respond\"]}]},{\"@type\":\"WebPage\",\"@id\":\"http:\\\/\\\/minutocerord.com\\\/?p=4124\",\"url\":\"http:\\\/\\\/minutocerord.com\\\/?p=4124\",\"name\":\"\u00bfPor qu\u00e9 es poco probable que Chauvin enfrente una sentencia m\u00e1xima? - Minuto Cero RD\",\"isPartOf\":{\"@id\":\"https:\\\/\\\/minutocerord.com\\\/#website\"},\"primaryImageOfPage\":{\"@id\":\"http:\\\/\\\/minutocerord.com\\\/?p=4124#primaryimage\"},\"image\":{\"@id\":\"http:\\\/\\\/minutocerord.com\\\/?p=4124#primaryimage\"},\"thumbnailUrl\":\"https:\\\/\\\/i0.wp.com\\\/minutocerord.com\\\/wp-content\\\/uploads\\\/2021\\\/04\\\/Captura-4.png?fit=455%2C553&ssl=1\",\"datePublished\":\"2021-04-23T03:10:19+00:00\",\"dateModified\":\"2021-04-23T03:10:25+00:00\",\"breadcrumb\":{\"@id\":\"http:\\\/\\\/minutocerord.com\\\/?p=4124#breadcrumb\"},\"inLanguage\":\"es-DO\",\"potentialAction\":[{\"@type\":\"ReadAction\",\"target\":[\"http:\\\/\\\/minutocerord.com\\\/?p=4124\"]}]},{\"@type\":\"ImageObject\",\"inLanguage\":\"es-DO\",\"@id\":\"http:\\\/\\\/minutocerord.com\\\/?p=4124#primaryimage\",\"url\":\"https:\\\/\\\/i0.wp.com\\\/minutocerord.com\\\/wp-content\\\/uploads\\\/2021\\\/04\\\/Captura-4.png?fit=455%2C553&ssl=1\",\"contentUrl\":\"https:\\\/\\\/i0.wp.com\\\/minutocerord.com\\\/wp-content\\\/uploads\\\/2021\\\/04\\\/Captura-4.png?fit=455%2C553&ssl=1\",\"width\":455,\"height\":553},{\"@type\":\"BreadcrumbList\",\"@id\":\"http:\\\/\\\/minutocerord.com\\\/?p=4124#breadcrumb\",\"itemListElement\":[{\"@type\":\"ListItem\",\"position\":1,\"name\":\"Home\",\"item\":\"https:\\\/\\\/minutocerord.com\\\/\"},{\"@type\":\"ListItem\",\"position\":2,\"name\":\"\u00bfPor qu\u00e9 es poco probable que Chauvin enfrente una sentencia m\u00e1xima?\"}]},{\"@type\":\"WebSite\",\"@id\":\"https:\\\/\\\/minutocerord.com\\\/#website\",\"url\":\"https:\\\/\\\/minutocerord.com\\\/\",\"name\":\"Minuto Cero RD\",\"description\":\"Periodismo serio y veraz\",\"publisher\":{\"@id\":\"https:\\\/\\\/minutocerord.com\\\/#\\\/schema\\\/person\\\/60b5372d60aaa0a5171fb6488be9aee6\"},\"potentialAction\":[{\"@type\":\"SearchAction\",\"target\":{\"@type\":\"EntryPoint\",\"urlTemplate\":\"https:\\\/\\\/minutocerord.com\\\/?s={search_term_string}\"},\"query-input\":{\"@type\":\"PropertyValueSpecification\",\"valueRequired\":true,\"valueName\":\"search_term_string\"}}],\"inLanguage\":\"es-DO\"},{\"@type\":[\"Person\",\"Organization\"],\"@id\":\"https:\\\/\\\/minutocerord.com\\\/#\\\/schema\\\/person\\\/60b5372d60aaa0a5171fb6488be9aee6\",\"name\":\"Genof\u00f3ntes Urb\u00e1ez\",\"image\":{\"@type\":\"ImageObject\",\"inLanguage\":\"es-DO\",\"@id\":\"https:\\\/\\\/secure.gravatar.com\\\/avatar\\\/a49ef3186a692098ac3e8a1612261e3ad70cf9e44553dff2929e67939a0ecb9d?s=96&d=identicon&r=g\",\"url\":\"https:\\\/\\\/secure.gravatar.com\\\/avatar\\\/a49ef3186a692098ac3e8a1612261e3ad70cf9e44553dff2929e67939a0ecb9d?s=96&d=identicon&r=g\",\"contentUrl\":\"https:\\\/\\\/secure.gravatar.com\\\/avatar\\\/a49ef3186a692098ac3e8a1612261e3ad70cf9e44553dff2929e67939a0ecb9d?s=96&d=identicon&r=g\",\"caption\":\"Genof\u00f3ntes Urb\u00e1ez\"},\"logo\":{\"@id\":\"https:\\\/\\\/secure.gravatar.com\\\/avatar\\\/a49ef3186a692098ac3e8a1612261e3ad70cf9e44553dff2929e67939a0ecb9d?s=96&d=identicon&r=g\"},\"description\":\"Periodista \\\/ Locutor\",\"sameAs\":[\"https:\\\/\\\/www.facebook.com\\\/Genofnotes\",\"https:\\\/\\\/www.instagram.com\\\/genofnotes\\\/\"]}]}<\/script>\n<!-- \/ Yoast SEO plugin. -->","yoast_head_json":{"title":"\u00bfPor qu\u00e9 es poco probable que Chauvin enfrente una sentencia m\u00e1xima? - Minuto Cero RD","robots":{"index":"index","follow":"follow","max-snippet":"max-snippet:-1","max-image-preview":"max-image-preview:large","max-video-preview":"max-video-preview:-1"},"canonical":"http:\/\/minutocerord.com\/?p=4124","og_locale":"es_ES","og_type":"article","og_title":"\u00bfPor qu\u00e9 es poco probable que Chauvin enfrente una sentencia m\u00e1xima? - Minuto Cero RD","og_description":"Derek Chauvin ya est\u00e1 encerrado en la \u00fanica prisi\u00f3n de m\u00e1xima seguridad de Minnesota, en una sola celda por su propia seguridad. Pero pasar\u00e1n dos meses antes de que el ex oficial de polic\u00eda de Minneapolis se entere de su sentencia por la muerte de George Floyd. Chauvin, de 45 a\u00f1os, fue condenado el martes [&hellip;]","og_url":"http:\/\/minutocerord.com\/?p=4124","og_site_name":"Minuto Cero RD","article_publisher":"https:\/\/www.facebook.com\/Genofnotes","article_author":"https:\/\/www.facebook.com\/Genofnotes","article_published_time":"2021-04-23T03:10:19+00:00","article_modified_time":"2021-04-23T03:10:25+00:00","og_image":[{"width":455,"height":553,"url":"https:\/\/i0.wp.com\/minutocerord.com\/wp-content\/uploads\/2021\/04\/Captura-4.png?fit=455%2C553","type":"image\/png"}],"author":"Genof\u00f3ntes Urb\u00e1ez","twitter_card":"summary_large_image","twitter_misc":{"Written by":"Genof\u00f3ntes Urb\u00e1ez","Est. reading time":"5 minutos"},"schema":{"@context":"https:\/\/schema.org","@graph":[{"@type":"Article","@id":"http:\/\/minutocerord.com\/?p=4124#article","isPartOf":{"@id":"http:\/\/minutocerord.com\/?p=4124"},"author":{"name":"Genof\u00f3ntes Urb\u00e1ez","@id":"https:\/\/minutocerord.com\/#\/schema\/person\/60b5372d60aaa0a5171fb6488be9aee6"},"headline":"\u00bfPor qu\u00e9 es poco probable que Chauvin enfrente una sentencia m\u00e1xima?","datePublished":"2021-04-23T03:10:19+00:00","dateModified":"2021-04-23T03:10:25+00:00","mainEntityOfPage":{"@id":"http:\/\/minutocerord.com\/?p=4124"},"wordCount":1153,"commentCount":0,"publisher":{"@id":"https:\/\/minutocerord.com\/#\/schema\/person\/60b5372d60aaa0a5171fb6488be9aee6"},"image":{"@id":"http:\/\/minutocerord.com\/?p=4124#primaryimage"},"thumbnailUrl":"https:\/\/i0.wp.com\/minutocerord.com\/wp-content\/uploads\/2021\/04\/Captura-4.png?fit=455%2C553&ssl=1","articleSection":["Estados Unidos"],"inLanguage":"es-DO","potentialAction":[{"@type":"CommentAction","name":"Comment","target":["http:\/\/minutocerord.com\/?p=4124#respond"]}]},{"@type":"WebPage","@id":"http:\/\/minutocerord.com\/?p=4124","url":"http:\/\/minutocerord.com\/?p=4124","name":"\u00bfPor qu\u00e9 es poco probable que Chauvin enfrente una sentencia m\u00e1xima? - Minuto Cero RD","isPartOf":{"@id":"https:\/\/minutocerord.com\/#website"},"primaryImageOfPage":{"@id":"http:\/\/minutocerord.com\/?p=4124#primaryimage"},"image":{"@id":"http:\/\/minutocerord.com\/?p=4124#primaryimage"},"thumbnailUrl":"https:\/\/i0.wp.com\/minutocerord.com\/wp-content\/uploads\/2021\/04\/Captura-4.png?fit=455%2C553&ssl=1","datePublished":"2021-04-23T03:10:19+00:00","dateModified":"2021-04-23T03:10:25+00:00","breadcrumb":{"@id":"http:\/\/minutocerord.com\/?p=4124#breadcrumb"},"inLanguage":"es-DO","potentialAction":[{"@type":"ReadAction","target":["http:\/\/minutocerord.com\/?p=4124"]}]},{"@type":"ImageObject","inLanguage":"es-DO","@id":"http:\/\/minutocerord.com\/?p=4124#primaryimage","url":"https:\/\/i0.wp.com\/minutocerord.com\/wp-content\/uploads\/2021\/04\/Captura-4.png?fit=455%2C553&ssl=1","contentUrl":"https:\/\/i0.wp.com\/minutocerord.com\/wp-content\/uploads\/2021\/04\/Captura-4.png?fit=455%2C553&ssl=1","width":455,"height":553},{"@type":"BreadcrumbList","@id":"http:\/\/minutocerord.com\/?p=4124#breadcrumb","itemListElement":[{"@type":"ListItem","position":1,"name":"Home","item":"https:\/\/minutocerord.com\/"},{"@type":"ListItem","position":2,"name":"\u00bfPor qu\u00e9 es poco probable que Chauvin enfrente una sentencia m\u00e1xima?"}]},{"@type":"WebSite","@id":"https:\/\/minutocerord.com\/#website","url":"https:\/\/minutocerord.com\/","name":"Minuto Cero RD","description":"Periodismo serio y veraz","publisher":{"@id":"https:\/\/minutocerord.com\/#\/schema\/person\/60b5372d60aaa0a5171fb6488be9aee6"},"potentialAction":[{"@type":"SearchAction","target":{"@type":"EntryPoint","urlTemplate":"https:\/\/minutocerord.com\/?s={search_term_string}"},"query-input":{"@type":"PropertyValueSpecification","valueRequired":true,"valueName":"search_term_string"}}],"inLanguage":"es-DO"},{"@type":["Person","Organization"],"@id":"https:\/\/minutocerord.com\/#\/schema\/person\/60b5372d60aaa0a5171fb6488be9aee6","name":"Genof\u00f3ntes Urb\u00e1ez","image":{"@type":"ImageObject","inLanguage":"es-DO","@id":"https:\/\/secure.gravatar.com\/avatar\/a49ef3186a692098ac3e8a1612261e3ad70cf9e44553dff2929e67939a0ecb9d?s=96&d=identicon&r=g","url":"https:\/\/secure.gravatar.com\/avatar\/a49ef3186a692098ac3e8a1612261e3ad70cf9e44553dff2929e67939a0ecb9d?s=96&d=identicon&r=g","contentUrl":"https:\/\/secure.gravatar.com\/avatar\/a49ef3186a692098ac3e8a1612261e3ad70cf9e44553dff2929e67939a0ecb9d?s=96&d=identicon&r=g","caption":"Genof\u00f3ntes Urb\u00e1ez"},"logo":{"@id":"https:\/\/secure.gravatar.com\/avatar\/a49ef3186a692098ac3e8a1612261e3ad70cf9e44553dff2929e67939a0ecb9d?s=96&d=identicon&r=g"},"description":"Periodista \/ Locutor","sameAs":["https:\/\/www.facebook.com\/Genofnotes","https:\/\/www.instagram.com\/genofnotes\/"]}]}},"jetpack_publicize_connections":[],"jetpack_featured_media_url":"https:\/\/i0.wp.com\/minutocerord.com\/wp-content\/uploads\/2021\/04\/Captura-4.png?fit=455%2C553&ssl=1","jetpack-related-posts":[],"jetpack_sharing_enabled":true,"_links":{"self":[{"href":"https:\/\/minutocerord.com\/index.php?rest_route=\/wp\/v2\/posts\/4124","targetHints":{"allow":["GET"]}}],"collection":[{"href":"https:\/\/minutocerord.com\/index.php?rest_route=\/wp\/v2\/posts"}],"about":[{"href":"https:\/\/minutocerord.com\/index.php?rest_route=\/wp\/v2\/types\/post"}],"author":[{"embeddable":true,"href":"https:\/\/minutocerord.com\/index.php?rest_route=\/wp\/v2\/users\/1"}],"replies":[{"embeddable":true,"href":"https:\/\/minutocerord.com\/index.php?rest_route=%2Fwp%2Fv2%2Fcomments&post=4124"}],"version-history":[{"count":1,"href":"https:\/\/minutocerord.com\/index.php?rest_route=\/wp\/v2\/posts\/4124\/revisions"}],"predecessor-version":[{"id":4126,"href":"https:\/\/minutocerord.com\/index.php?rest_route=\/wp\/v2\/posts\/4124\/revisions\/4126"}],"wp:featuredmedia":[{"embeddable":true,"href":"https:\/\/minutocerord.com\/index.php?rest_route=\/wp\/v2\/media\/4125"}],"wp:attachment":[{"href":"https:\/\/minutocerord.com\/index.php?rest_route=%2Fwp%2Fv2%2Fmedia&parent=4124"}],"wp:term":[{"taxonomy":"category","embeddable":true,"href":"https:\/\/minutocerord.com\/index.php?rest_route=%2Fwp%2Fv2%2Fcategories&post=4124"},{"taxonomy":"post_tag","embeddable":true,"href":"https:\/\/minutocerord.com\/index.php?rest_route=%2Fwp%2Fv2%2Ftags&post=4124"}],"curies":[{"name":"wp","href":"https:\/\/api.w.org\/{rel}","templated":true}]}}