{"id":4130,"date":"2021-04-26T01:07:23","date_gmt":"2021-04-26T05:07:23","guid":{"rendered":"https:\/\/minutocerord.com\/?p=4130"},"modified":"2021-04-26T01:07:29","modified_gmt":"2021-04-26T05:07:29","slug":"mp-informa-incauto-bienes-millonarios-en-operacion-coral-y-presentara-coercion-este-lunes","status":"publish","type":"post","link":"https:\/\/minutocerord.com\/?p=4130","title":{"rendered":"MP informa incaut\u00f3 bienes millonarios en \u201cOperaci\u00f3n Coral\u201d y presentar\u00e1 coerci\u00f3n este lunes"},"content":{"rendered":"\n<p>SANTO DOMINGO, RD.- El Ministerio P\u00fablico ha ocupado bienes millonarios al general Adams B. C\u00e1ceres Silvestre, la pastora Rossy Guzm\u00e1n S\u00e1nchez y los dem\u00e1s apresados hasta el momento como parte de la primera fase de la \u201cOperaci\u00f3n Coral\u201d.<\/p>\n\n\n\n<p>El \u00f3rgano de la persecuci\u00f3n penal tiene previsto depositar la tarde de este lunes la solicitud de medida de coerci\u00f3n contra los imputados ante un juez de la instrucci\u00f3n del Distrito Nacional.<\/p>\n\n\n\n<p>El Ministerio P\u00fablico procurar\u00e1 prisi\u00f3n preventiva y la declaratoria de caso complejo, al depositar este lunes la solicitud de medida de coerci\u00f3n contra el general C\u00e1ceres Silvestre, la pastora Guzm\u00e1n S\u00e1nchez, Tanner Antonio Flete Guzm\u00e1n, Rafael N\u00fa\u00f1ez de Aza y Ra\u00fal Alejandro Gir\u00f3n Jim\u00e9nez.<\/p>\n\n\n\n<p>La Procuradur\u00eda Especializada de Persecuci\u00f3n de la Corrupci\u00f3n Administrativa (Pepca) y la Direcci\u00f3n General de Persecuci\u00f3n del Ministerio P\u00fablico, que dirigen los procuradores adjuntos Wilson Camacho y Yeni Berenice Reynoso, llevan las investigaciones como parte de las acciones contra la corrupci\u00f3n de la gesti\u00f3n de la procuradora general, Miriam Germ\u00e1n Brito.<\/p>\n\n\n\n<p>Al grupo apresado en la Operaci\u00f3n Coral se le imputan los delitos de asociaci\u00f3n de malhechores, estafa contra el Estado dominicano, coalici\u00f3n de funcionarios, falsificaci\u00f3n de documentos p\u00fablicos, lavado de activos provenientes de actos de corrupci\u00f3n y porte y tenencia ilegal de armas de fuego.<\/p>\n\n\n\n<p>Los imputados est\u00e1n detenidos en el Centro de Atenci\u00f3n y Privaci\u00f3n de Libertad Ciudad Nueva (CAPLIP-2), que est\u00e1 bajo custodia del Modelo de Gesti\u00f3n Penitenciaria.<\/p>\n\n\n\n<p>Como parte de la Operaci\u00f3n Coral, el Ministerio P\u00fablico realiz\u00f3 el s\u00e1bado un total de 27 allanamientos en el Distrito Nacional y las provincias Santo Domingo, San Pedro de Macor\u00eds, Monte Plata y Saman\u00e1.<\/p>\n\n\n\n<p>Direcci\u00f3n de Comunicaci\u00f3n y Prensa&nbsp;<\/p>\n","protected":false},"excerpt":{"rendered":"<p>SANTO DOMINGO, RD.- El Ministerio P\u00fablico ha ocupado bienes millonarios al general Adams B. C\u00e1ceres Silvestre, la pastora Rossy Guzm\u00e1n S\u00e1nchez y los dem\u00e1s apresados hasta el momento como parte de la primera fase de la \u201cOperaci\u00f3n Coral\u201d. El \u00f3rgano de la persecuci\u00f3n penal tiene previsto depositar la tarde de este lunes la solicitud de [&hellip;]<\/p>\n","protected":false},"author":1,"featured_media":4131,"comment_status":"open","ping_status":"open","sticky":false,"template":"","format":"standard","meta":{"nf_dc_page":"","jetpack_post_was_ever_published":false,"_jetpack_newsletter_access":"","_jetpack_dont_email_post_to_subs":false,"_jetpack_newsletter_tier_id":0,"_jetpack_memberships_contains_paywalled_content":false,"_jetpack_memberships_contains_paid_content":false,"footnotes":"","jetpack_publicize_message":"","jetpack_publicize_feature_enabled":true,"jetpack_social_post_already_shared":false,"jetpack_social_options":{"image_generator_settings":{"template":"highway","default_image_id":0,"font":"","enabled":false},"version":2}},"categories":[93],"tags":[],"class_list":["post-4130","post","type-post","status-publish","format-standard","has-post-thumbnail","hentry","category-justicia"],"yoast_head":"<!-- This site is optimized with the Yoast SEO plugin v27.5 - https:\/\/yoast.com\/product\/yoast-seo-wordpress\/ -->\n<title>MP informa incaut\u00f3 bienes millonarios en \u201cOperaci\u00f3n Coral\u201d y presentar\u00e1 coerci\u00f3n este lunes - Minuto Cero RD<\/title>\n<meta name=\"robots\" content=\"index, follow, max-snippet:-1, max-image-preview:large, max-video-preview:-1\" \/>\n<link rel=\"canonical\" href=\"http:\/\/minutocerord.com\/?p=4130\" \/>\n<meta property=\"og:locale\" content=\"es_ES\" \/>\n<meta property=\"og:type\" content=\"article\" \/>\n<meta property=\"og:title\" content=\"MP informa incaut\u00f3 bienes millonarios en \u201cOperaci\u00f3n Coral\u201d y presentar\u00e1 coerci\u00f3n este lunes - Minuto Cero RD\" \/>\n<meta property=\"og:description\" content=\"SANTO DOMINGO, RD.- El Ministerio P\u00fablico ha ocupado bienes millonarios al general Adams B. C\u00e1ceres Silvestre, la pastora Rossy Guzm\u00e1n S\u00e1nchez y los dem\u00e1s apresados hasta el momento como parte de la primera fase de la \u201cOperaci\u00f3n Coral\u201d. El \u00f3rgano de la persecuci\u00f3n penal tiene previsto depositar la tarde de este lunes la solicitud de [&hellip;]\" \/>\n<meta property=\"og:url\" content=\"http:\/\/minutocerord.com\/?p=4130\" \/>\n<meta property=\"og:site_name\" content=\"Minuto Cero RD\" \/>\n<meta property=\"article:publisher\" content=\"https:\/\/www.facebook.com\/Genofnotes\" \/>\n<meta property=\"article:author\" content=\"https:\/\/www.facebook.com\/Genofnotes\" \/>\n<meta property=\"article:published_time\" content=\"2021-04-26T05:07:23+00:00\" \/>\n<meta property=\"article:modified_time\" content=\"2021-04-26T05:07:29+00:00\" \/>\n<meta property=\"og:image\" content=\"https:\/\/i0.wp.com\/minutocerord.com\/wp-content\/uploads\/2021\/04\/adan-caceres-silvestre-y-pastora.jpg?fit=903%2C539\" \/>\n\t<meta property=\"og:image:width\" content=\"903\" \/>\n\t<meta property=\"og:image:height\" content=\"539\" \/>\n\t<meta property=\"og:image:type\" content=\"image\/jpeg\" \/>\n<meta name=\"author\" content=\"Genof\u00f3ntes Urb\u00e1ez\" \/>\n<meta name=\"twitter:card\" content=\"summary_large_image\" \/>\n<meta name=\"twitter:label1\" content=\"Written by\" \/>\n\t<meta name=\"twitter:data1\" content=\"Genof\u00f3ntes Urb\u00e1ez\" \/>\n\t<meta name=\"twitter:label2\" content=\"Est. reading time\" \/>\n\t<meta name=\"twitter:data2\" content=\"2 minutos\" \/>\n<script type=\"application\/ld+json\" class=\"yoast-schema-graph\">{\"@context\":\"https:\\\/\\\/schema.org\",\"@graph\":[{\"@type\":\"Article\",\"@id\":\"http:\\\/\\\/minutocerord.com\\\/?p=4130#article\",\"isPartOf\":{\"@id\":\"http:\\\/\\\/minutocerord.com\\\/?p=4130\"},\"author\":{\"name\":\"Genof\u00f3ntes Urb\u00e1ez\",\"@id\":\"https:\\\/\\\/minutocerord.com\\\/#\\\/schema\\\/person\\\/60b5372d60aaa0a5171fb6488be9aee6\"},\"headline\":\"MP informa incaut\u00f3 bienes millonarios en \u201cOperaci\u00f3n Coral\u201d y presentar\u00e1 coerci\u00f3n este lunes\",\"datePublished\":\"2021-04-26T05:07:23+00:00\",\"dateModified\":\"2021-04-26T05:07:29+00:00\",\"mainEntityOfPage\":{\"@id\":\"http:\\\/\\\/minutocerord.com\\\/?p=4130\"},\"wordCount\":335,\"commentCount\":0,\"publisher\":{\"@id\":\"https:\\\/\\\/minutocerord.com\\\/#\\\/schema\\\/person\\\/60b5372d60aaa0a5171fb6488be9aee6\"},\"image\":{\"@id\":\"http:\\\/\\\/minutocerord.com\\\/?p=4130#primaryimage\"},\"thumbnailUrl\":\"https:\\\/\\\/i0.wp.com\\\/minutocerord.com\\\/wp-content\\\/uploads\\\/2021\\\/04\\\/adan-caceres-silvestre-y-pastora.jpg?fit=903%2C539&ssl=1\",\"articleSection\":[\"Justicia\"],\"inLanguage\":\"es-DO\",\"potentialAction\":[{\"@type\":\"CommentAction\",\"name\":\"Comment\",\"target\":[\"http:\\\/\\\/minutocerord.com\\\/?p=4130#respond\"]}]},{\"@type\":\"WebPage\",\"@id\":\"http:\\\/\\\/minutocerord.com\\\/?p=4130\",\"url\":\"http:\\\/\\\/minutocerord.com\\\/?p=4130\",\"name\":\"MP informa incaut\u00f3 bienes millonarios en \u201cOperaci\u00f3n Coral\u201d y presentar\u00e1 coerci\u00f3n este lunes - Minuto Cero RD\",\"isPartOf\":{\"@id\":\"https:\\\/\\\/minutocerord.com\\\/#website\"},\"primaryImageOfPage\":{\"@id\":\"http:\\\/\\\/minutocerord.com\\\/?p=4130#primaryimage\"},\"image\":{\"@id\":\"http:\\\/\\\/minutocerord.com\\\/?p=4130#primaryimage\"},\"thumbnailUrl\":\"https:\\\/\\\/i0.wp.com\\\/minutocerord.com\\\/wp-content\\\/uploads\\\/2021\\\/04\\\/adan-caceres-silvestre-y-pastora.jpg?fit=903%2C539&ssl=1\",\"datePublished\":\"2021-04-26T05:07:23+00:00\",\"dateModified\":\"2021-04-26T05:07:29+00:00\",\"breadcrumb\":{\"@id\":\"http:\\\/\\\/minutocerord.com\\\/?p=4130#breadcrumb\"},\"inLanguage\":\"es-DO\",\"potentialAction\":[{\"@type\":\"ReadAction\",\"target\":[\"http:\\\/\\\/minutocerord.com\\\/?p=4130\"]}]},{\"@type\":\"ImageObject\",\"inLanguage\":\"es-DO\",\"@id\":\"http:\\\/\\\/minutocerord.com\\\/?p=4130#primaryimage\",\"url\":\"https:\\\/\\\/i0.wp.com\\\/minutocerord.com\\\/wp-content\\\/uploads\\\/2021\\\/04\\\/adan-caceres-silvestre-y-pastora.jpg?fit=903%2C539&ssl=1\",\"contentUrl\":\"https:\\\/\\\/i0.wp.com\\\/minutocerord.com\\\/wp-content\\\/uploads\\\/2021\\\/04\\\/adan-caceres-silvestre-y-pastora.jpg?fit=903%2C539&ssl=1\",\"width\":903,\"height\":539},{\"@type\":\"BreadcrumbList\",\"@id\":\"http:\\\/\\\/minutocerord.com\\\/?p=4130#breadcrumb\",\"itemListElement\":[{\"@type\":\"ListItem\",\"position\":1,\"name\":\"Home\",\"item\":\"https:\\\/\\\/minutocerord.com\\\/\"},{\"@type\":\"ListItem\",\"position\":2,\"name\":\"MP informa incaut\u00f3 bienes millonarios en \u201cOperaci\u00f3n Coral\u201d y presentar\u00e1 coerci\u00f3n este lunes\"}]},{\"@type\":\"WebSite\",\"@id\":\"https:\\\/\\\/minutocerord.com\\\/#website\",\"url\":\"https:\\\/\\\/minutocerord.com\\\/\",\"name\":\"Minuto Cero RD\",\"description\":\"Periodismo serio y veraz\",\"publisher\":{\"@id\":\"https:\\\/\\\/minutocerord.com\\\/#\\\/schema\\\/person\\\/60b5372d60aaa0a5171fb6488be9aee6\"},\"potentialAction\":[{\"@type\":\"SearchAction\",\"target\":{\"@type\":\"EntryPoint\",\"urlTemplate\":\"https:\\\/\\\/minutocerord.com\\\/?s={search_term_string}\"},\"query-input\":{\"@type\":\"PropertyValueSpecification\",\"valueRequired\":true,\"valueName\":\"search_term_string\"}}],\"inLanguage\":\"es-DO\"},{\"@type\":[\"Person\",\"Organization\"],\"@id\":\"https:\\\/\\\/minutocerord.com\\\/#\\\/schema\\\/person\\\/60b5372d60aaa0a5171fb6488be9aee6\",\"name\":\"Genof\u00f3ntes Urb\u00e1ez\",\"image\":{\"@type\":\"ImageObject\",\"inLanguage\":\"es-DO\",\"@id\":\"https:\\\/\\\/secure.gravatar.com\\\/avatar\\\/a49ef3186a692098ac3e8a1612261e3ad70cf9e44553dff2929e67939a0ecb9d?s=96&d=identicon&r=g\",\"url\":\"https:\\\/\\\/secure.gravatar.com\\\/avatar\\\/a49ef3186a692098ac3e8a1612261e3ad70cf9e44553dff2929e67939a0ecb9d?s=96&d=identicon&r=g\",\"contentUrl\":\"https:\\\/\\\/secure.gravatar.com\\\/avatar\\\/a49ef3186a692098ac3e8a1612261e3ad70cf9e44553dff2929e67939a0ecb9d?s=96&d=identicon&r=g\",\"caption\":\"Genof\u00f3ntes Urb\u00e1ez\"},\"logo\":{\"@id\":\"https:\\\/\\\/secure.gravatar.com\\\/avatar\\\/a49ef3186a692098ac3e8a1612261e3ad70cf9e44553dff2929e67939a0ecb9d?s=96&d=identicon&r=g\"},\"description\":\"Periodista \\\/ Locutor\",\"sameAs\":[\"https:\\\/\\\/www.facebook.com\\\/Genofnotes\",\"https:\\\/\\\/www.instagram.com\\\/genofnotes\\\/\"]}]}<\/script>\n<!-- \/ Yoast SEO plugin. -->","yoast_head_json":{"title":"MP informa incaut\u00f3 bienes millonarios en \u201cOperaci\u00f3n Coral\u201d y presentar\u00e1 coerci\u00f3n este lunes - Minuto Cero RD","robots":{"index":"index","follow":"follow","max-snippet":"max-snippet:-1","max-image-preview":"max-image-preview:large","max-video-preview":"max-video-preview:-1"},"canonical":"http:\/\/minutocerord.com\/?p=4130","og_locale":"es_ES","og_type":"article","og_title":"MP informa incaut\u00f3 bienes millonarios en \u201cOperaci\u00f3n Coral\u201d y presentar\u00e1 coerci\u00f3n este lunes - Minuto Cero RD","og_description":"SANTO DOMINGO, RD.- El Ministerio P\u00fablico ha ocupado bienes millonarios al general Adams B. C\u00e1ceres Silvestre, la pastora Rossy Guzm\u00e1n S\u00e1nchez y los dem\u00e1s apresados hasta el momento como parte de la primera fase de la \u201cOperaci\u00f3n Coral\u201d. El \u00f3rgano de la persecuci\u00f3n penal tiene previsto depositar la tarde de este lunes la solicitud de [&hellip;]","og_url":"http:\/\/minutocerord.com\/?p=4130","og_site_name":"Minuto Cero RD","article_publisher":"https:\/\/www.facebook.com\/Genofnotes","article_author":"https:\/\/www.facebook.com\/Genofnotes","article_published_time":"2021-04-26T05:07:23+00:00","article_modified_time":"2021-04-26T05:07:29+00:00","og_image":[{"width":903,"height":539,"url":"https:\/\/i0.wp.com\/minutocerord.com\/wp-content\/uploads\/2021\/04\/adan-caceres-silvestre-y-pastora.jpg?fit=903%2C539","type":"image\/jpeg"}],"author":"Genof\u00f3ntes Urb\u00e1ez","twitter_card":"summary_large_image","twitter_misc":{"Written by":"Genof\u00f3ntes Urb\u00e1ez","Est. reading time":"2 minutos"},"schema":{"@context":"https:\/\/schema.org","@graph":[{"@type":"Article","@id":"http:\/\/minutocerord.com\/?p=4130#article","isPartOf":{"@id":"http:\/\/minutocerord.com\/?p=4130"},"author":{"name":"Genof\u00f3ntes Urb\u00e1ez","@id":"https:\/\/minutocerord.com\/#\/schema\/person\/60b5372d60aaa0a5171fb6488be9aee6"},"headline":"MP informa incaut\u00f3 bienes millonarios en \u201cOperaci\u00f3n Coral\u201d y presentar\u00e1 coerci\u00f3n este lunes","datePublished":"2021-04-26T05:07:23+00:00","dateModified":"2021-04-26T05:07:29+00:00","mainEntityOfPage":{"@id":"http:\/\/minutocerord.com\/?p=4130"},"wordCount":335,"commentCount":0,"publisher":{"@id":"https:\/\/minutocerord.com\/#\/schema\/person\/60b5372d60aaa0a5171fb6488be9aee6"},"image":{"@id":"http:\/\/minutocerord.com\/?p=4130#primaryimage"},"thumbnailUrl":"https:\/\/i0.wp.com\/minutocerord.com\/wp-content\/uploads\/2021\/04\/adan-caceres-silvestre-y-pastora.jpg?fit=903%2C539&ssl=1","articleSection":["Justicia"],"inLanguage":"es-DO","potentialAction":[{"@type":"CommentAction","name":"Comment","target":["http:\/\/minutocerord.com\/?p=4130#respond"]}]},{"@type":"WebPage","@id":"http:\/\/minutocerord.com\/?p=4130","url":"http:\/\/minutocerord.com\/?p=4130","name":"MP informa incaut\u00f3 bienes millonarios en \u201cOperaci\u00f3n Coral\u201d y presentar\u00e1 coerci\u00f3n este lunes - Minuto Cero RD","isPartOf":{"@id":"https:\/\/minutocerord.com\/#website"},"primaryImageOfPage":{"@id":"http:\/\/minutocerord.com\/?p=4130#primaryimage"},"image":{"@id":"http:\/\/minutocerord.com\/?p=4130#primaryimage"},"thumbnailUrl":"https:\/\/i0.wp.com\/minutocerord.com\/wp-content\/uploads\/2021\/04\/adan-caceres-silvestre-y-pastora.jpg?fit=903%2C539&ssl=1","datePublished":"2021-04-26T05:07:23+00:00","dateModified":"2021-04-26T05:07:29+00:00","breadcrumb":{"@id":"http:\/\/minutocerord.com\/?p=4130#breadcrumb"},"inLanguage":"es-DO","potentialAction":[{"@type":"ReadAction","target":["http:\/\/minutocerord.com\/?p=4130"]}]},{"@type":"ImageObject","inLanguage":"es-DO","@id":"http:\/\/minutocerord.com\/?p=4130#primaryimage","url":"https:\/\/i0.wp.com\/minutocerord.com\/wp-content\/uploads\/2021\/04\/adan-caceres-silvestre-y-pastora.jpg?fit=903%2C539&ssl=1","contentUrl":"https:\/\/i0.wp.com\/minutocerord.com\/wp-content\/uploads\/2021\/04\/adan-caceres-silvestre-y-pastora.jpg?fit=903%2C539&ssl=1","width":903,"height":539},{"@type":"BreadcrumbList","@id":"http:\/\/minutocerord.com\/?p=4130#breadcrumb","itemListElement":[{"@type":"ListItem","position":1,"name":"Home","item":"https:\/\/minutocerord.com\/"},{"@type":"ListItem","position":2,"name":"MP informa incaut\u00f3 bienes millonarios en \u201cOperaci\u00f3n Coral\u201d y presentar\u00e1 coerci\u00f3n este lunes"}]},{"@type":"WebSite","@id":"https:\/\/minutocerord.com\/#website","url":"https:\/\/minutocerord.com\/","name":"Minuto Cero RD","description":"Periodismo serio y veraz","publisher":{"@id":"https:\/\/minutocerord.com\/#\/schema\/person\/60b5372d60aaa0a5171fb6488be9aee6"},"potentialAction":[{"@type":"SearchAction","target":{"@type":"EntryPoint","urlTemplate":"https:\/\/minutocerord.com\/?s={search_term_string}"},"query-input":{"@type":"PropertyValueSpecification","valueRequired":true,"valueName":"search_term_string"}}],"inLanguage":"es-DO"},{"@type":["Person","Organization"],"@id":"https:\/\/minutocerord.com\/#\/schema\/person\/60b5372d60aaa0a5171fb6488be9aee6","name":"Genof\u00f3ntes Urb\u00e1ez","image":{"@type":"ImageObject","inLanguage":"es-DO","@id":"https:\/\/secure.gravatar.com\/avatar\/a49ef3186a692098ac3e8a1612261e3ad70cf9e44553dff2929e67939a0ecb9d?s=96&d=identicon&r=g","url":"https:\/\/secure.gravatar.com\/avatar\/a49ef3186a692098ac3e8a1612261e3ad70cf9e44553dff2929e67939a0ecb9d?s=96&d=identicon&r=g","contentUrl":"https:\/\/secure.gravatar.com\/avatar\/a49ef3186a692098ac3e8a1612261e3ad70cf9e44553dff2929e67939a0ecb9d?s=96&d=identicon&r=g","caption":"Genof\u00f3ntes Urb\u00e1ez"},"logo":{"@id":"https:\/\/secure.gravatar.com\/avatar\/a49ef3186a692098ac3e8a1612261e3ad70cf9e44553dff2929e67939a0ecb9d?s=96&d=identicon&r=g"},"description":"Periodista \/ Locutor","sameAs":["https:\/\/www.facebook.com\/Genofnotes","https:\/\/www.instagram.com\/genofnotes\/"]}]}},"jetpack_publicize_connections":[],"jetpack_featured_media_url":"https:\/\/i0.wp.com\/minutocerord.com\/wp-content\/uploads\/2021\/04\/adan-caceres-silvestre-y-pastora.jpg?fit=903%2C539&ssl=1","jetpack-related-posts":[],"jetpack_sharing_enabled":true,"_links":{"self":[{"href":"https:\/\/minutocerord.com\/index.php?rest_route=\/wp\/v2\/posts\/4130","targetHints":{"allow":["GET"]}}],"collection":[{"href":"https:\/\/minutocerord.com\/index.php?rest_route=\/wp\/v2\/posts"}],"about":[{"href":"https:\/\/minutocerord.com\/index.php?rest_route=\/wp\/v2\/types\/post"}],"author":[{"embeddable":true,"href":"https:\/\/minutocerord.com\/index.php?rest_route=\/wp\/v2\/users\/1"}],"replies":[{"embeddable":true,"href":"https:\/\/minutocerord.com\/index.php?rest_route=%2Fwp%2Fv2%2Fcomments&post=4130"}],"version-history":[{"count":1,"href":"https:\/\/minutocerord.com\/index.php?rest_route=\/wp\/v2\/posts\/4130\/revisions"}],"predecessor-version":[{"id":4132,"href":"https:\/\/minutocerord.com\/index.php?rest_route=\/wp\/v2\/posts\/4130\/revisions\/4132"}],"wp:featuredmedia":[{"embeddable":true,"href":"https:\/\/minutocerord.com\/index.php?rest_route=\/wp\/v2\/media\/4131"}],"wp:attachment":[{"href":"https:\/\/minutocerord.com\/index.php?rest_route=%2Fwp%2Fv2%2Fmedia&parent=4130"}],"wp:term":[{"taxonomy":"category","embeddable":true,"href":"https:\/\/minutocerord.com\/index.php?rest_route=%2Fwp%2Fv2%2Fcategories&post=4130"},{"taxonomy":"post_tag","embeddable":true,"href":"https:\/\/minutocerord.com\/index.php?rest_route=%2Fwp%2Fv2%2Ftags&post=4130"}],"curies":[{"name":"wp","href":"https:\/\/api.w.org\/{rel}","templated":true}]}}