{"id":4133,"date":"2021-04-26T01:11:57","date_gmt":"2021-04-26T05:11:57","guid":{"rendered":"https:\/\/minutocerord.com\/?p=4133"},"modified":"2021-04-26T01:12:02","modified_gmt":"2021-04-26T05:12:02","slug":"willie-colon-esta-grave-tras-sufrir-accidente-de-transito","status":"publish","type":"post","link":"https:\/\/minutocerord.com\/?p=4133","title":{"rendered":"Willie Col\u00f3n est\u00e1 grave tras sufrir accidente de tr\u00e1nsito"},"content":{"rendered":"\n<p>El cantante y m\u00fasico Willie Col\u00f3n sufri\u00f3 un aparatoso accidente mientras se encontraba junto con su esposa el pasado martes 20 de este mes, pero fue este domingo cuando se dio a conocer el hecho.<\/p>\n\n\n\n<p>La informaci\u00f3n se dio a conocer mediante un parte de prensa en las redes sociales del trombonista. La pareja podr\u00eda estar grave tras este accidente, por la magnitud en como ocurri\u00f3.<\/p>\n\n\n\n<p>El martes 20 de abril, a las 4 pm, el icono de la m\u00fasica y activista social Willie Col\u00f3n y su esposa Julia estuvieron involucrados en un accidente automovil\u00edstico potencialmente mortal en los Outer Banks de Carolina del Norte.<\/p>\n\n\n\n<p>Los Col\u00f3n fueron sacados de entre los escombros y llevados a un hospital local. La condici\u00f3n del Sr. Col\u00f3n requiri\u00f3 transporte al Hospital General Sentara Norfolk, un centro de trauma de nivel uno, en Norfolk, Virginia.<\/p>\n\n\n\n<p>Las lesiones incluyeron conmoci\u00f3n cerebral, laceraciones en el cuero cabelludo que requirieron 16 grapas y fracturas en su v\u00e9rtebra cervical C1. Se encuentra en estado grave pero estable. Las lesiones de la se\u00f1ora Col\u00f3n incluyeron laceraciones y contusiones.<\/p>\n\n\n\n<p>Fue tratada y dada de alta del Hospital Outer Banks en Nags Head, Carolina del Norte. Ning\u00fan otro veh\u00edculo estuvo involucrado en el accidente. Col\u00f3n ser\u00e1 transportado lo antes posible para ser tratado por su equipo m\u00e9dico en NY Presbyterian. No hay otra informaci\u00f3n disponible en este momento. Pensamientos y oraciones est\u00e1n con la familia Col\u00f3n. El Malo, Inc., Nell McCarty Diretora de Comunicaciones\u201d, reza la comunicaci\u00f3n.<\/p>\n\n\n\n<p>Al parecer la pareja iba a bordo de un camper, como se aprecia en las fotos compartidas en Instagram.<\/p>\n\n\n\n<p>AP<\/p>\n","protected":false},"excerpt":{"rendered":"<p>El cantante y m\u00fasico Willie Col\u00f3n sufri\u00f3 un aparatoso accidente mientras se encontraba junto con su esposa el pasado martes 20 de este mes, pero fue este domingo cuando se dio a conocer el hecho. La informaci\u00f3n se dio a conocer mediante un parte de prensa en las redes sociales del trombonista. La pareja podr\u00eda [&hellip;]<\/p>\n","protected":false},"author":1,"featured_media":4134,"comment_status":"open","ping_status":"open","sticky":false,"template":"","format":"standard","meta":{"nf_dc_page":"","jetpack_post_was_ever_published":false,"_jetpack_newsletter_access":"","_jetpack_dont_email_post_to_subs":false,"_jetpack_newsletter_tier_id":0,"_jetpack_memberships_contains_paywalled_content":false,"_jetpack_memberships_contains_paid_content":false,"footnotes":"","jetpack_publicize_message":"","jetpack_publicize_feature_enabled":true,"jetpack_social_post_already_shared":false,"jetpack_social_options":{"image_generator_settings":{"template":"highway","default_image_id":0,"font":"","enabled":false},"version":2}},"categories":[68],"tags":[],"class_list":["post-4133","post","type-post","status-publish","format-standard","has-post-thumbnail","hentry","category-entretenimiento"],"yoast_head":"<!-- This site is optimized with the Yoast SEO plugin v27.5 - https:\/\/yoast.com\/product\/yoast-seo-wordpress\/ -->\n<title>Willie Col\u00f3n est\u00e1 grave tras sufrir accidente de tr\u00e1nsito - Minuto Cero RD<\/title>\n<meta name=\"robots\" content=\"index, follow, max-snippet:-1, max-image-preview:large, max-video-preview:-1\" \/>\n<link rel=\"canonical\" href=\"http:\/\/minutocerord.com\/?p=4133\" \/>\n<meta property=\"og:locale\" content=\"es_ES\" \/>\n<meta property=\"og:type\" content=\"article\" \/>\n<meta property=\"og:title\" content=\"Willie Col\u00f3n est\u00e1 grave tras sufrir accidente de tr\u00e1nsito - Minuto Cero RD\" \/>\n<meta property=\"og:description\" content=\"El cantante y m\u00fasico Willie Col\u00f3n sufri\u00f3 un aparatoso accidente mientras se encontraba junto con su esposa el pasado martes 20 de este mes, pero fue este domingo cuando se dio a conocer el hecho. La informaci\u00f3n se dio a conocer mediante un parte de prensa en las redes sociales del trombonista. La pareja podr\u00eda [&hellip;]\" \/>\n<meta property=\"og:url\" content=\"http:\/\/minutocerord.com\/?p=4133\" \/>\n<meta property=\"og:site_name\" content=\"Minuto Cero RD\" \/>\n<meta property=\"article:publisher\" content=\"https:\/\/www.facebook.com\/Genofnotes\" \/>\n<meta property=\"article:author\" content=\"https:\/\/www.facebook.com\/Genofnotes\" \/>\n<meta property=\"article:published_time\" content=\"2021-04-26T05:11:57+00:00\" \/>\n<meta property=\"article:modified_time\" content=\"2021-04-26T05:12:02+00:00\" \/>\n<meta property=\"og:image\" content=\"https:\/\/i0.wp.com\/minutocerord.com\/wp-content\/uploads\/2021\/04\/Captura-5.png?fit=1087%2C547\" \/>\n\t<meta property=\"og:image:width\" content=\"1087\" \/>\n\t<meta property=\"og:image:height\" content=\"547\" \/>\n\t<meta property=\"og:image:type\" content=\"image\/png\" \/>\n<meta name=\"author\" content=\"Genof\u00f3ntes Urb\u00e1ez\" \/>\n<meta name=\"twitter:card\" content=\"summary_large_image\" \/>\n<meta name=\"twitter:label1\" content=\"Written by\" \/>\n\t<meta name=\"twitter:data1\" content=\"Genof\u00f3ntes Urb\u00e1ez\" \/>\n\t<meta name=\"twitter:label2\" content=\"Est. reading time\" \/>\n\t<meta name=\"twitter:data2\" content=\"2 minutos\" \/>\n<script type=\"application\/ld+json\" class=\"yoast-schema-graph\">{\"@context\":\"https:\\\/\\\/schema.org\",\"@graph\":[{\"@type\":\"Article\",\"@id\":\"http:\\\/\\\/minutocerord.com\\\/?p=4133#article\",\"isPartOf\":{\"@id\":\"http:\\\/\\\/minutocerord.com\\\/?p=4133\"},\"author\":{\"name\":\"Genof\u00f3ntes Urb\u00e1ez\",\"@id\":\"https:\\\/\\\/minutocerord.com\\\/#\\\/schema\\\/person\\\/60b5372d60aaa0a5171fb6488be9aee6\"},\"headline\":\"Willie Col\u00f3n est\u00e1 grave tras sufrir accidente de tr\u00e1nsito\",\"datePublished\":\"2021-04-26T05:11:57+00:00\",\"dateModified\":\"2021-04-26T05:12:02+00:00\",\"mainEntityOfPage\":{\"@id\":\"http:\\\/\\\/minutocerord.com\\\/?p=4133\"},\"wordCount\":295,\"commentCount\":0,\"publisher\":{\"@id\":\"https:\\\/\\\/minutocerord.com\\\/#\\\/schema\\\/person\\\/60b5372d60aaa0a5171fb6488be9aee6\"},\"image\":{\"@id\":\"http:\\\/\\\/minutocerord.com\\\/?p=4133#primaryimage\"},\"thumbnailUrl\":\"https:\\\/\\\/i0.wp.com\\\/minutocerord.com\\\/wp-content\\\/uploads\\\/2021\\\/04\\\/Captura-5.png?fit=1087%2C547&ssl=1\",\"articleSection\":[\"Entretenimiento\"],\"inLanguage\":\"es-DO\",\"potentialAction\":[{\"@type\":\"CommentAction\",\"name\":\"Comment\",\"target\":[\"http:\\\/\\\/minutocerord.com\\\/?p=4133#respond\"]}]},{\"@type\":\"WebPage\",\"@id\":\"http:\\\/\\\/minutocerord.com\\\/?p=4133\",\"url\":\"http:\\\/\\\/minutocerord.com\\\/?p=4133\",\"name\":\"Willie Col\u00f3n est\u00e1 grave tras sufrir accidente de tr\u00e1nsito - Minuto Cero RD\",\"isPartOf\":{\"@id\":\"https:\\\/\\\/minutocerord.com\\\/#website\"},\"primaryImageOfPage\":{\"@id\":\"http:\\\/\\\/minutocerord.com\\\/?p=4133#primaryimage\"},\"image\":{\"@id\":\"http:\\\/\\\/minutocerord.com\\\/?p=4133#primaryimage\"},\"thumbnailUrl\":\"https:\\\/\\\/i0.wp.com\\\/minutocerord.com\\\/wp-content\\\/uploads\\\/2021\\\/04\\\/Captura-5.png?fit=1087%2C547&ssl=1\",\"datePublished\":\"2021-04-26T05:11:57+00:00\",\"dateModified\":\"2021-04-26T05:12:02+00:00\",\"breadcrumb\":{\"@id\":\"http:\\\/\\\/minutocerord.com\\\/?p=4133#breadcrumb\"},\"inLanguage\":\"es-DO\",\"potentialAction\":[{\"@type\":\"ReadAction\",\"target\":[\"http:\\\/\\\/minutocerord.com\\\/?p=4133\"]}]},{\"@type\":\"ImageObject\",\"inLanguage\":\"es-DO\",\"@id\":\"http:\\\/\\\/minutocerord.com\\\/?p=4133#primaryimage\",\"url\":\"https:\\\/\\\/i0.wp.com\\\/minutocerord.com\\\/wp-content\\\/uploads\\\/2021\\\/04\\\/Captura-5.png?fit=1087%2C547&ssl=1\",\"contentUrl\":\"https:\\\/\\\/i0.wp.com\\\/minutocerord.com\\\/wp-content\\\/uploads\\\/2021\\\/04\\\/Captura-5.png?fit=1087%2C547&ssl=1\",\"width\":1087,\"height\":547},{\"@type\":\"BreadcrumbList\",\"@id\":\"http:\\\/\\\/minutocerord.com\\\/?p=4133#breadcrumb\",\"itemListElement\":[{\"@type\":\"ListItem\",\"position\":1,\"name\":\"Home\",\"item\":\"https:\\\/\\\/minutocerord.com\\\/\"},{\"@type\":\"ListItem\",\"position\":2,\"name\":\"Willie Col\u00f3n est\u00e1 grave tras sufrir accidente de tr\u00e1nsito\"}]},{\"@type\":\"WebSite\",\"@id\":\"https:\\\/\\\/minutocerord.com\\\/#website\",\"url\":\"https:\\\/\\\/minutocerord.com\\\/\",\"name\":\"Minuto Cero RD\",\"description\":\"Periodismo serio y veraz\",\"publisher\":{\"@id\":\"https:\\\/\\\/minutocerord.com\\\/#\\\/schema\\\/person\\\/60b5372d60aaa0a5171fb6488be9aee6\"},\"potentialAction\":[{\"@type\":\"SearchAction\",\"target\":{\"@type\":\"EntryPoint\",\"urlTemplate\":\"https:\\\/\\\/minutocerord.com\\\/?s={search_term_string}\"},\"query-input\":{\"@type\":\"PropertyValueSpecification\",\"valueRequired\":true,\"valueName\":\"search_term_string\"}}],\"inLanguage\":\"es-DO\"},{\"@type\":[\"Person\",\"Organization\"],\"@id\":\"https:\\\/\\\/minutocerord.com\\\/#\\\/schema\\\/person\\\/60b5372d60aaa0a5171fb6488be9aee6\",\"name\":\"Genof\u00f3ntes Urb\u00e1ez\",\"image\":{\"@type\":\"ImageObject\",\"inLanguage\":\"es-DO\",\"@id\":\"https:\\\/\\\/secure.gravatar.com\\\/avatar\\\/a49ef3186a692098ac3e8a1612261e3ad70cf9e44553dff2929e67939a0ecb9d?s=96&d=identicon&r=g\",\"url\":\"https:\\\/\\\/secure.gravatar.com\\\/avatar\\\/a49ef3186a692098ac3e8a1612261e3ad70cf9e44553dff2929e67939a0ecb9d?s=96&d=identicon&r=g\",\"contentUrl\":\"https:\\\/\\\/secure.gravatar.com\\\/avatar\\\/a49ef3186a692098ac3e8a1612261e3ad70cf9e44553dff2929e67939a0ecb9d?s=96&d=identicon&r=g\",\"caption\":\"Genof\u00f3ntes Urb\u00e1ez\"},\"logo\":{\"@id\":\"https:\\\/\\\/secure.gravatar.com\\\/avatar\\\/a49ef3186a692098ac3e8a1612261e3ad70cf9e44553dff2929e67939a0ecb9d?s=96&d=identicon&r=g\"},\"description\":\"Periodista \\\/ Locutor\",\"sameAs\":[\"https:\\\/\\\/www.facebook.com\\\/Genofnotes\",\"https:\\\/\\\/www.instagram.com\\\/genofnotes\\\/\"]}]}<\/script>\n<!-- \/ Yoast SEO plugin. -->","yoast_head_json":{"title":"Willie Col\u00f3n est\u00e1 grave tras sufrir accidente de tr\u00e1nsito - Minuto Cero RD","robots":{"index":"index","follow":"follow","max-snippet":"max-snippet:-1","max-image-preview":"max-image-preview:large","max-video-preview":"max-video-preview:-1"},"canonical":"http:\/\/minutocerord.com\/?p=4133","og_locale":"es_ES","og_type":"article","og_title":"Willie Col\u00f3n est\u00e1 grave tras sufrir accidente de tr\u00e1nsito - Minuto Cero RD","og_description":"El cantante y m\u00fasico Willie Col\u00f3n sufri\u00f3 un aparatoso accidente mientras se encontraba junto con su esposa el pasado martes 20 de este mes, pero fue este domingo cuando se dio a conocer el hecho. La informaci\u00f3n se dio a conocer mediante un parte de prensa en las redes sociales del trombonista. La pareja podr\u00eda [&hellip;]","og_url":"http:\/\/minutocerord.com\/?p=4133","og_site_name":"Minuto Cero RD","article_publisher":"https:\/\/www.facebook.com\/Genofnotes","article_author":"https:\/\/www.facebook.com\/Genofnotes","article_published_time":"2021-04-26T05:11:57+00:00","article_modified_time":"2021-04-26T05:12:02+00:00","og_image":[{"width":1087,"height":547,"url":"https:\/\/i0.wp.com\/minutocerord.com\/wp-content\/uploads\/2021\/04\/Captura-5.png?fit=1087%2C547","type":"image\/png"}],"author":"Genof\u00f3ntes Urb\u00e1ez","twitter_card":"summary_large_image","twitter_misc":{"Written by":"Genof\u00f3ntes Urb\u00e1ez","Est. reading time":"2 minutos"},"schema":{"@context":"https:\/\/schema.org","@graph":[{"@type":"Article","@id":"http:\/\/minutocerord.com\/?p=4133#article","isPartOf":{"@id":"http:\/\/minutocerord.com\/?p=4133"},"author":{"name":"Genof\u00f3ntes Urb\u00e1ez","@id":"https:\/\/minutocerord.com\/#\/schema\/person\/60b5372d60aaa0a5171fb6488be9aee6"},"headline":"Willie Col\u00f3n est\u00e1 grave tras sufrir accidente de tr\u00e1nsito","datePublished":"2021-04-26T05:11:57+00:00","dateModified":"2021-04-26T05:12:02+00:00","mainEntityOfPage":{"@id":"http:\/\/minutocerord.com\/?p=4133"},"wordCount":295,"commentCount":0,"publisher":{"@id":"https:\/\/minutocerord.com\/#\/schema\/person\/60b5372d60aaa0a5171fb6488be9aee6"},"image":{"@id":"http:\/\/minutocerord.com\/?p=4133#primaryimage"},"thumbnailUrl":"https:\/\/i0.wp.com\/minutocerord.com\/wp-content\/uploads\/2021\/04\/Captura-5.png?fit=1087%2C547&ssl=1","articleSection":["Entretenimiento"],"inLanguage":"es-DO","potentialAction":[{"@type":"CommentAction","name":"Comment","target":["http:\/\/minutocerord.com\/?p=4133#respond"]}]},{"@type":"WebPage","@id":"http:\/\/minutocerord.com\/?p=4133","url":"http:\/\/minutocerord.com\/?p=4133","name":"Willie Col\u00f3n est\u00e1 grave tras sufrir accidente de tr\u00e1nsito - Minuto Cero RD","isPartOf":{"@id":"https:\/\/minutocerord.com\/#website"},"primaryImageOfPage":{"@id":"http:\/\/minutocerord.com\/?p=4133#primaryimage"},"image":{"@id":"http:\/\/minutocerord.com\/?p=4133#primaryimage"},"thumbnailUrl":"https:\/\/i0.wp.com\/minutocerord.com\/wp-content\/uploads\/2021\/04\/Captura-5.png?fit=1087%2C547&ssl=1","datePublished":"2021-04-26T05:11:57+00:00","dateModified":"2021-04-26T05:12:02+00:00","breadcrumb":{"@id":"http:\/\/minutocerord.com\/?p=4133#breadcrumb"},"inLanguage":"es-DO","potentialAction":[{"@type":"ReadAction","target":["http:\/\/minutocerord.com\/?p=4133"]}]},{"@type":"ImageObject","inLanguage":"es-DO","@id":"http:\/\/minutocerord.com\/?p=4133#primaryimage","url":"https:\/\/i0.wp.com\/minutocerord.com\/wp-content\/uploads\/2021\/04\/Captura-5.png?fit=1087%2C547&ssl=1","contentUrl":"https:\/\/i0.wp.com\/minutocerord.com\/wp-content\/uploads\/2021\/04\/Captura-5.png?fit=1087%2C547&ssl=1","width":1087,"height":547},{"@type":"BreadcrumbList","@id":"http:\/\/minutocerord.com\/?p=4133#breadcrumb","itemListElement":[{"@type":"ListItem","position":1,"name":"Home","item":"https:\/\/minutocerord.com\/"},{"@type":"ListItem","position":2,"name":"Willie Col\u00f3n est\u00e1 grave tras sufrir accidente de tr\u00e1nsito"}]},{"@type":"WebSite","@id":"https:\/\/minutocerord.com\/#website","url":"https:\/\/minutocerord.com\/","name":"Minuto Cero RD","description":"Periodismo serio y veraz","publisher":{"@id":"https:\/\/minutocerord.com\/#\/schema\/person\/60b5372d60aaa0a5171fb6488be9aee6"},"potentialAction":[{"@type":"SearchAction","target":{"@type":"EntryPoint","urlTemplate":"https:\/\/minutocerord.com\/?s={search_term_string}"},"query-input":{"@type":"PropertyValueSpecification","valueRequired":true,"valueName":"search_term_string"}}],"inLanguage":"es-DO"},{"@type":["Person","Organization"],"@id":"https:\/\/minutocerord.com\/#\/schema\/person\/60b5372d60aaa0a5171fb6488be9aee6","name":"Genof\u00f3ntes Urb\u00e1ez","image":{"@type":"ImageObject","inLanguage":"es-DO","@id":"https:\/\/secure.gravatar.com\/avatar\/a49ef3186a692098ac3e8a1612261e3ad70cf9e44553dff2929e67939a0ecb9d?s=96&d=identicon&r=g","url":"https:\/\/secure.gravatar.com\/avatar\/a49ef3186a692098ac3e8a1612261e3ad70cf9e44553dff2929e67939a0ecb9d?s=96&d=identicon&r=g","contentUrl":"https:\/\/secure.gravatar.com\/avatar\/a49ef3186a692098ac3e8a1612261e3ad70cf9e44553dff2929e67939a0ecb9d?s=96&d=identicon&r=g","caption":"Genof\u00f3ntes Urb\u00e1ez"},"logo":{"@id":"https:\/\/secure.gravatar.com\/avatar\/a49ef3186a692098ac3e8a1612261e3ad70cf9e44553dff2929e67939a0ecb9d?s=96&d=identicon&r=g"},"description":"Periodista \/ Locutor","sameAs":["https:\/\/www.facebook.com\/Genofnotes","https:\/\/www.instagram.com\/genofnotes\/"]}]}},"jetpack_publicize_connections":[],"jetpack_featured_media_url":"https:\/\/i0.wp.com\/minutocerord.com\/wp-content\/uploads\/2021\/04\/Captura-5.png?fit=1087%2C547&ssl=1","jetpack-related-posts":[],"jetpack_sharing_enabled":true,"_links":{"self":[{"href":"https:\/\/minutocerord.com\/index.php?rest_route=\/wp\/v2\/posts\/4133","targetHints":{"allow":["GET"]}}],"collection":[{"href":"https:\/\/minutocerord.com\/index.php?rest_route=\/wp\/v2\/posts"}],"about":[{"href":"https:\/\/minutocerord.com\/index.php?rest_route=\/wp\/v2\/types\/post"}],"author":[{"embeddable":true,"href":"https:\/\/minutocerord.com\/index.php?rest_route=\/wp\/v2\/users\/1"}],"replies":[{"embeddable":true,"href":"https:\/\/minutocerord.com\/index.php?rest_route=%2Fwp%2Fv2%2Fcomments&post=4133"}],"version-history":[{"count":1,"href":"https:\/\/minutocerord.com\/index.php?rest_route=\/wp\/v2\/posts\/4133\/revisions"}],"predecessor-version":[{"id":4135,"href":"https:\/\/minutocerord.com\/index.php?rest_route=\/wp\/v2\/posts\/4133\/revisions\/4135"}],"wp:featuredmedia":[{"embeddable":true,"href":"https:\/\/minutocerord.com\/index.php?rest_route=\/wp\/v2\/media\/4134"}],"wp:attachment":[{"href":"https:\/\/minutocerord.com\/index.php?rest_route=%2Fwp%2Fv2%2Fmedia&parent=4133"}],"wp:term":[{"taxonomy":"category","embeddable":true,"href":"https:\/\/minutocerord.com\/index.php?rest_route=%2Fwp%2Fv2%2Fcategories&post=4133"},{"taxonomy":"post_tag","embeddable":true,"href":"https:\/\/minutocerord.com\/index.php?rest_route=%2Fwp%2Fv2%2Ftags&post=4133"}],"curies":[{"name":"wp","href":"https:\/\/api.w.org\/{rel}","templated":true}]}}