{"id":4156,"date":"2021-05-05T20:01:33","date_gmt":"2021-05-06T00:01:33","guid":{"rendered":"https:\/\/minutocerord.com\/?p=4156"},"modified":"2021-05-05T20:01:39","modified_gmt":"2021-05-06T00:01:39","slug":"abel-martinez-advierte-seria-error-desarmar-a-la-poblacion-sin-un-plan-preventivo-que-garantice-proteccion","status":"publish","type":"post","link":"https:\/\/minutocerord.com\/?p=4156","title":{"rendered":"Abel Mart\u00ednez advierte ser\u00eda error desarmar a la poblaci\u00f3n sin un plan preventivo que garantice protecci\u00f3n"},"content":{"rendered":"\n<p>Considera desarme a civiles debe iniciar por los delincuentes y no por los hombres de trabajo&nbsp;<\/p>\n\n\n\n<p>Santiago. &#8211; El alcalde Abel Mart\u00ednez, advirti\u00f3 que ser\u00eda un gran error el desarmar a la poblaci\u00f3n, sin un plan preventivo, orientado a establecer qui\u00e9nes deben ser desarmados y considera que se debe iniciar despojando a los delincuentes de las armas que poseen de forma ilegal.<\/p>\n\n\n\n<p>Dijo que los malhechores usan sus armas ilegales en contra de la poblaci\u00f3n trabajadora, que tiene obligatoriamente que protegerse ante el alto grado de delincuencia que existe en el pa\u00eds.Entiende el alcalde que estas acciones deber\u00e1n estar precedidas de un protocolo dise\u00f1ado para dichos efectos, al tiempo de dejar claramente establecido que hacerlo de otra manera, perjudicar\u00eda a la gente de trabajo que necesita protegerse de los delincuentes, que continuar\u00edan armados.<\/p>\n\n\n\n<p>\u201cLa gente seria y de trabajo no puede ser despojada de un arma que utiliza para proteger su vida y la de los suyos, mientras los delincuentes andan con armas ilegales, por lo que reitero que tiene que haber un plan tendente a ubicar armas ilegales o aquellas armas con alg\u00fan tipo de historial delictivo en manos de delincuentes, o de personas que no lo justifican\u201d, indic\u00f3 Abel Mart\u00ednez.<\/p>\n\n\n\n<p>El miembro del Comit\u00e9 Pol\u00edtico del Partido de la Liberaci\u00f3n Dominicana, dijo que las autoridades no pueden estar exponiendo y dejar a la poblaci\u00f3n trabajadora indefensa y cit\u00f3 casos como el de comerciantes y padres de familias que tienen necesariamente que defender su patrimonio y sus vidas.<\/p>\n\n\n\n<p>Abel Mart\u00ednez, reiter\u00f3 que, sin un plan orientado a ubicar las armas ilegales en manos de delincuentes, es como dejar a la gente seria y de trabajo a merced de esa delincuencia que a diario penetra a negocios o asalta hombres y mujeres de trabajo en cualquier esquina, sin importar que sea en el d\u00eda o en la noche.&nbsp;<\/p>\n\n\n\n<p>\u201cA diario vemos atracos y robos a plena luz del d\u00eda, delincuentes que entran armados a negocios, cuyos due\u00f1os son sorprendidos, por lo que podemos imaginar lo que ocurrir\u00eda si los hombres de trabajo son desarmados, es como darle licencias para matar a esos delincuentes que cuentan con diversos tipos de armas ilegales por lo que hay que sopesar muy bien esa decisi\u00f3n\u201d, dijo finalmente Abel Mart\u00ednez.<\/p>\n\n\n\n<p>Comunicaciones Abel Mart\u00ednez<\/p>\n","protected":false},"excerpt":{"rendered":"<p>Considera desarme a civiles debe iniciar por los delincuentes y no por los hombres de trabajo&nbsp; Santiago. &#8211; El alcalde Abel Mart\u00ednez, advirti\u00f3 que ser\u00eda un gran error el desarmar a la poblaci\u00f3n, sin un plan preventivo, orientado a establecer qui\u00e9nes deben ser desarmados y considera que se debe iniciar despojando a los delincuentes de [&hellip;]<\/p>\n","protected":false},"author":1,"featured_media":4157,"comment_status":"open","ping_status":"open","sticky":false,"template":"","format":"standard","meta":{"nf_dc_page":"","jetpack_post_was_ever_published":false,"_jetpack_newsletter_access":"","_jetpack_dont_email_post_to_subs":false,"_jetpack_newsletter_tier_id":0,"_jetpack_memberships_contains_paywalled_content":false,"_jetpack_memberships_contains_paid_content":false,"footnotes":"","jetpack_publicize_message":"","jetpack_publicize_feature_enabled":true,"jetpack_social_post_already_shared":false,"jetpack_social_options":{"image_generator_settings":{"template":"highway","default_image_id":0,"font":"","enabled":false},"version":2}},"categories":[70],"tags":[],"class_list":["post-4156","post","type-post","status-publish","format-standard","has-post-thumbnail","hentry","category-politica"],"yoast_head":"<!-- This site is optimized with the Yoast SEO plugin v27.5 - https:\/\/yoast.com\/product\/yoast-seo-wordpress\/ -->\n<title>Abel Mart\u00ednez advierte ser\u00eda error desarmar a la poblaci\u00f3n sin un plan preventivo que garantice protecci\u00f3n - Minuto Cero RD<\/title>\n<meta name=\"robots\" content=\"index, follow, max-snippet:-1, max-image-preview:large, max-video-preview:-1\" \/>\n<link rel=\"canonical\" href=\"http:\/\/minutocerord.com\/?p=4156\" \/>\n<meta property=\"og:locale\" content=\"es_ES\" \/>\n<meta property=\"og:type\" content=\"article\" \/>\n<meta property=\"og:title\" content=\"Abel Mart\u00ednez advierte ser\u00eda error desarmar a la poblaci\u00f3n sin un plan preventivo que garantice protecci\u00f3n - Minuto Cero RD\" \/>\n<meta property=\"og:description\" content=\"Considera desarme a civiles debe iniciar por los delincuentes y no por los hombres de trabajo&nbsp; Santiago. &#8211; El alcalde Abel Mart\u00ednez, advirti\u00f3 que ser\u00eda un gran error el desarmar a la poblaci\u00f3n, sin un plan preventivo, orientado a establecer qui\u00e9nes deben ser desarmados y considera que se debe iniciar despojando a los delincuentes de [&hellip;]\" \/>\n<meta property=\"og:url\" content=\"http:\/\/minutocerord.com\/?p=4156\" \/>\n<meta property=\"og:site_name\" content=\"Minuto Cero RD\" \/>\n<meta property=\"article:publisher\" content=\"https:\/\/www.facebook.com\/Genofnotes\" \/>\n<meta property=\"article:author\" content=\"https:\/\/www.facebook.com\/Genofnotes\" \/>\n<meta property=\"article:published_time\" content=\"2021-05-06T00:01:33+00:00\" \/>\n<meta property=\"article:modified_time\" content=\"2021-05-06T00:01:39+00:00\" \/>\n<meta property=\"og:image\" content=\"https:\/\/i0.wp.com\/minutocerord.com\/wp-content\/uploads\/2021\/05\/Abel-Martinez-en-su-despacho.jpg?fit=1280%2C853\" \/>\n\t<meta property=\"og:image:width\" content=\"1280\" \/>\n\t<meta property=\"og:image:height\" content=\"853\" \/>\n\t<meta property=\"og:image:type\" content=\"image\/jpeg\" \/>\n<meta name=\"author\" content=\"Genof\u00f3ntes Urb\u00e1ez\" \/>\n<meta name=\"twitter:card\" content=\"summary_large_image\" \/>\n<meta name=\"twitter:label1\" content=\"Written by\" \/>\n\t<meta name=\"twitter:data1\" content=\"Genof\u00f3ntes Urb\u00e1ez\" \/>\n\t<meta name=\"twitter:label2\" content=\"Est. reading time\" \/>\n\t<meta name=\"twitter:data2\" content=\"2 minutos\" \/>\n<script type=\"application\/ld+json\" class=\"yoast-schema-graph\">{\"@context\":\"https:\\\/\\\/schema.org\",\"@graph\":[{\"@type\":\"Article\",\"@id\":\"http:\\\/\\\/minutocerord.com\\\/?p=4156#article\",\"isPartOf\":{\"@id\":\"http:\\\/\\\/minutocerord.com\\\/?p=4156\"},\"author\":{\"name\":\"Genof\u00f3ntes Urb\u00e1ez\",\"@id\":\"https:\\\/\\\/minutocerord.com\\\/#\\\/schema\\\/person\\\/60b5372d60aaa0a5171fb6488be9aee6\"},\"headline\":\"Abel Mart\u00ednez advierte ser\u00eda error desarmar a la poblaci\u00f3n sin un plan preventivo que garantice protecci\u00f3n\",\"datePublished\":\"2021-05-06T00:01:33+00:00\",\"dateModified\":\"2021-05-06T00:01:39+00:00\",\"mainEntityOfPage\":{\"@id\":\"http:\\\/\\\/minutocerord.com\\\/?p=4156\"},\"wordCount\":424,\"commentCount\":0,\"publisher\":{\"@id\":\"https:\\\/\\\/minutocerord.com\\\/#\\\/schema\\\/person\\\/60b5372d60aaa0a5171fb6488be9aee6\"},\"image\":{\"@id\":\"http:\\\/\\\/minutocerord.com\\\/?p=4156#primaryimage\"},\"thumbnailUrl\":\"https:\\\/\\\/i0.wp.com\\\/minutocerord.com\\\/wp-content\\\/uploads\\\/2021\\\/05\\\/Abel-Martinez-en-su-despacho.jpg?fit=1280%2C853&ssl=1\",\"articleSection\":[\"Pol\u00edtica\"],\"inLanguage\":\"es-DO\",\"potentialAction\":[{\"@type\":\"CommentAction\",\"name\":\"Comment\",\"target\":[\"http:\\\/\\\/minutocerord.com\\\/?p=4156#respond\"]}]},{\"@type\":\"WebPage\",\"@id\":\"http:\\\/\\\/minutocerord.com\\\/?p=4156\",\"url\":\"http:\\\/\\\/minutocerord.com\\\/?p=4156\",\"name\":\"Abel Mart\u00ednez advierte ser\u00eda error desarmar a la poblaci\u00f3n sin un plan preventivo que garantice protecci\u00f3n - Minuto Cero RD\",\"isPartOf\":{\"@id\":\"https:\\\/\\\/minutocerord.com\\\/#website\"},\"primaryImageOfPage\":{\"@id\":\"http:\\\/\\\/minutocerord.com\\\/?p=4156#primaryimage\"},\"image\":{\"@id\":\"http:\\\/\\\/minutocerord.com\\\/?p=4156#primaryimage\"},\"thumbnailUrl\":\"https:\\\/\\\/i0.wp.com\\\/minutocerord.com\\\/wp-content\\\/uploads\\\/2021\\\/05\\\/Abel-Martinez-en-su-despacho.jpg?fit=1280%2C853&ssl=1\",\"datePublished\":\"2021-05-06T00:01:33+00:00\",\"dateModified\":\"2021-05-06T00:01:39+00:00\",\"breadcrumb\":{\"@id\":\"http:\\\/\\\/minutocerord.com\\\/?p=4156#breadcrumb\"},\"inLanguage\":\"es-DO\",\"potentialAction\":[{\"@type\":\"ReadAction\",\"target\":[\"http:\\\/\\\/minutocerord.com\\\/?p=4156\"]}]},{\"@type\":\"ImageObject\",\"inLanguage\":\"es-DO\",\"@id\":\"http:\\\/\\\/minutocerord.com\\\/?p=4156#primaryimage\",\"url\":\"https:\\\/\\\/i0.wp.com\\\/minutocerord.com\\\/wp-content\\\/uploads\\\/2021\\\/05\\\/Abel-Martinez-en-su-despacho.jpg?fit=1280%2C853&ssl=1\",\"contentUrl\":\"https:\\\/\\\/i0.wp.com\\\/minutocerord.com\\\/wp-content\\\/uploads\\\/2021\\\/05\\\/Abel-Martinez-en-su-despacho.jpg?fit=1280%2C853&ssl=1\",\"width\":1280,\"height\":853},{\"@type\":\"BreadcrumbList\",\"@id\":\"http:\\\/\\\/minutocerord.com\\\/?p=4156#breadcrumb\",\"itemListElement\":[{\"@type\":\"ListItem\",\"position\":1,\"name\":\"Home\",\"item\":\"https:\\\/\\\/minutocerord.com\\\/\"},{\"@type\":\"ListItem\",\"position\":2,\"name\":\"Abel Mart\u00ednez advierte ser\u00eda error desarmar a la poblaci\u00f3n sin un plan preventivo que garantice protecci\u00f3n\"}]},{\"@type\":\"WebSite\",\"@id\":\"https:\\\/\\\/minutocerord.com\\\/#website\",\"url\":\"https:\\\/\\\/minutocerord.com\\\/\",\"name\":\"Minuto Cero RD\",\"description\":\"Periodismo serio y veraz\",\"publisher\":{\"@id\":\"https:\\\/\\\/minutocerord.com\\\/#\\\/schema\\\/person\\\/60b5372d60aaa0a5171fb6488be9aee6\"},\"potentialAction\":[{\"@type\":\"SearchAction\",\"target\":{\"@type\":\"EntryPoint\",\"urlTemplate\":\"https:\\\/\\\/minutocerord.com\\\/?s={search_term_string}\"},\"query-input\":{\"@type\":\"PropertyValueSpecification\",\"valueRequired\":true,\"valueName\":\"search_term_string\"}}],\"inLanguage\":\"es-DO\"},{\"@type\":[\"Person\",\"Organization\"],\"@id\":\"https:\\\/\\\/minutocerord.com\\\/#\\\/schema\\\/person\\\/60b5372d60aaa0a5171fb6488be9aee6\",\"name\":\"Genof\u00f3ntes Urb\u00e1ez\",\"image\":{\"@type\":\"ImageObject\",\"inLanguage\":\"es-DO\",\"@id\":\"https:\\\/\\\/secure.gravatar.com\\\/avatar\\\/a49ef3186a692098ac3e8a1612261e3ad70cf9e44553dff2929e67939a0ecb9d?s=96&d=identicon&r=g\",\"url\":\"https:\\\/\\\/secure.gravatar.com\\\/avatar\\\/a49ef3186a692098ac3e8a1612261e3ad70cf9e44553dff2929e67939a0ecb9d?s=96&d=identicon&r=g\",\"contentUrl\":\"https:\\\/\\\/secure.gravatar.com\\\/avatar\\\/a49ef3186a692098ac3e8a1612261e3ad70cf9e44553dff2929e67939a0ecb9d?s=96&d=identicon&r=g\",\"caption\":\"Genof\u00f3ntes Urb\u00e1ez\"},\"logo\":{\"@id\":\"https:\\\/\\\/secure.gravatar.com\\\/avatar\\\/a49ef3186a692098ac3e8a1612261e3ad70cf9e44553dff2929e67939a0ecb9d?s=96&d=identicon&r=g\"},\"description\":\"Periodista \\\/ Locutor\",\"sameAs\":[\"https:\\\/\\\/www.facebook.com\\\/Genofnotes\",\"https:\\\/\\\/www.instagram.com\\\/genofnotes\\\/\"]}]}<\/script>\n<!-- \/ Yoast SEO plugin. -->","yoast_head_json":{"title":"Abel Mart\u00ednez advierte ser\u00eda error desarmar a la poblaci\u00f3n sin un plan preventivo que garantice protecci\u00f3n - Minuto Cero RD","robots":{"index":"index","follow":"follow","max-snippet":"max-snippet:-1","max-image-preview":"max-image-preview:large","max-video-preview":"max-video-preview:-1"},"canonical":"http:\/\/minutocerord.com\/?p=4156","og_locale":"es_ES","og_type":"article","og_title":"Abel Mart\u00ednez advierte ser\u00eda error desarmar a la poblaci\u00f3n sin un plan preventivo que garantice protecci\u00f3n - Minuto Cero RD","og_description":"Considera desarme a civiles debe iniciar por los delincuentes y no por los hombres de trabajo&nbsp; Santiago. &#8211; El alcalde Abel Mart\u00ednez, advirti\u00f3 que ser\u00eda un gran error el desarmar a la poblaci\u00f3n, sin un plan preventivo, orientado a establecer qui\u00e9nes deben ser desarmados y considera que se debe iniciar despojando a los delincuentes de [&hellip;]","og_url":"http:\/\/minutocerord.com\/?p=4156","og_site_name":"Minuto Cero RD","article_publisher":"https:\/\/www.facebook.com\/Genofnotes","article_author":"https:\/\/www.facebook.com\/Genofnotes","article_published_time":"2021-05-06T00:01:33+00:00","article_modified_time":"2021-05-06T00:01:39+00:00","og_image":[{"width":1280,"height":853,"url":"https:\/\/i0.wp.com\/minutocerord.com\/wp-content\/uploads\/2021\/05\/Abel-Martinez-en-su-despacho.jpg?fit=1280%2C853","type":"image\/jpeg"}],"author":"Genof\u00f3ntes Urb\u00e1ez","twitter_card":"summary_large_image","twitter_misc":{"Written by":"Genof\u00f3ntes Urb\u00e1ez","Est. reading time":"2 minutos"},"schema":{"@context":"https:\/\/schema.org","@graph":[{"@type":"Article","@id":"http:\/\/minutocerord.com\/?p=4156#article","isPartOf":{"@id":"http:\/\/minutocerord.com\/?p=4156"},"author":{"name":"Genof\u00f3ntes Urb\u00e1ez","@id":"https:\/\/minutocerord.com\/#\/schema\/person\/60b5372d60aaa0a5171fb6488be9aee6"},"headline":"Abel Mart\u00ednez advierte ser\u00eda error desarmar a la poblaci\u00f3n sin un plan preventivo que garantice protecci\u00f3n","datePublished":"2021-05-06T00:01:33+00:00","dateModified":"2021-05-06T00:01:39+00:00","mainEntityOfPage":{"@id":"http:\/\/minutocerord.com\/?p=4156"},"wordCount":424,"commentCount":0,"publisher":{"@id":"https:\/\/minutocerord.com\/#\/schema\/person\/60b5372d60aaa0a5171fb6488be9aee6"},"image":{"@id":"http:\/\/minutocerord.com\/?p=4156#primaryimage"},"thumbnailUrl":"https:\/\/i0.wp.com\/minutocerord.com\/wp-content\/uploads\/2021\/05\/Abel-Martinez-en-su-despacho.jpg?fit=1280%2C853&ssl=1","articleSection":["Pol\u00edtica"],"inLanguage":"es-DO","potentialAction":[{"@type":"CommentAction","name":"Comment","target":["http:\/\/minutocerord.com\/?p=4156#respond"]}]},{"@type":"WebPage","@id":"http:\/\/minutocerord.com\/?p=4156","url":"http:\/\/minutocerord.com\/?p=4156","name":"Abel Mart\u00ednez advierte ser\u00eda error desarmar a la poblaci\u00f3n sin un plan preventivo que garantice protecci\u00f3n - Minuto Cero RD","isPartOf":{"@id":"https:\/\/minutocerord.com\/#website"},"primaryImageOfPage":{"@id":"http:\/\/minutocerord.com\/?p=4156#primaryimage"},"image":{"@id":"http:\/\/minutocerord.com\/?p=4156#primaryimage"},"thumbnailUrl":"https:\/\/i0.wp.com\/minutocerord.com\/wp-content\/uploads\/2021\/05\/Abel-Martinez-en-su-despacho.jpg?fit=1280%2C853&ssl=1","datePublished":"2021-05-06T00:01:33+00:00","dateModified":"2021-05-06T00:01:39+00:00","breadcrumb":{"@id":"http:\/\/minutocerord.com\/?p=4156#breadcrumb"},"inLanguage":"es-DO","potentialAction":[{"@type":"ReadAction","target":["http:\/\/minutocerord.com\/?p=4156"]}]},{"@type":"ImageObject","inLanguage":"es-DO","@id":"http:\/\/minutocerord.com\/?p=4156#primaryimage","url":"https:\/\/i0.wp.com\/minutocerord.com\/wp-content\/uploads\/2021\/05\/Abel-Martinez-en-su-despacho.jpg?fit=1280%2C853&ssl=1","contentUrl":"https:\/\/i0.wp.com\/minutocerord.com\/wp-content\/uploads\/2021\/05\/Abel-Martinez-en-su-despacho.jpg?fit=1280%2C853&ssl=1","width":1280,"height":853},{"@type":"BreadcrumbList","@id":"http:\/\/minutocerord.com\/?p=4156#breadcrumb","itemListElement":[{"@type":"ListItem","position":1,"name":"Home","item":"https:\/\/minutocerord.com\/"},{"@type":"ListItem","position":2,"name":"Abel Mart\u00ednez advierte ser\u00eda error desarmar a la poblaci\u00f3n sin un plan preventivo que garantice protecci\u00f3n"}]},{"@type":"WebSite","@id":"https:\/\/minutocerord.com\/#website","url":"https:\/\/minutocerord.com\/","name":"Minuto Cero RD","description":"Periodismo serio y veraz","publisher":{"@id":"https:\/\/minutocerord.com\/#\/schema\/person\/60b5372d60aaa0a5171fb6488be9aee6"},"potentialAction":[{"@type":"SearchAction","target":{"@type":"EntryPoint","urlTemplate":"https:\/\/minutocerord.com\/?s={search_term_string}"},"query-input":{"@type":"PropertyValueSpecification","valueRequired":true,"valueName":"search_term_string"}}],"inLanguage":"es-DO"},{"@type":["Person","Organization"],"@id":"https:\/\/minutocerord.com\/#\/schema\/person\/60b5372d60aaa0a5171fb6488be9aee6","name":"Genof\u00f3ntes Urb\u00e1ez","image":{"@type":"ImageObject","inLanguage":"es-DO","@id":"https:\/\/secure.gravatar.com\/avatar\/a49ef3186a692098ac3e8a1612261e3ad70cf9e44553dff2929e67939a0ecb9d?s=96&d=identicon&r=g","url":"https:\/\/secure.gravatar.com\/avatar\/a49ef3186a692098ac3e8a1612261e3ad70cf9e44553dff2929e67939a0ecb9d?s=96&d=identicon&r=g","contentUrl":"https:\/\/secure.gravatar.com\/avatar\/a49ef3186a692098ac3e8a1612261e3ad70cf9e44553dff2929e67939a0ecb9d?s=96&d=identicon&r=g","caption":"Genof\u00f3ntes Urb\u00e1ez"},"logo":{"@id":"https:\/\/secure.gravatar.com\/avatar\/a49ef3186a692098ac3e8a1612261e3ad70cf9e44553dff2929e67939a0ecb9d?s=96&d=identicon&r=g"},"description":"Periodista \/ Locutor","sameAs":["https:\/\/www.facebook.com\/Genofnotes","https:\/\/www.instagram.com\/genofnotes\/"]}]}},"jetpack_publicize_connections":[],"jetpack_featured_media_url":"https:\/\/i0.wp.com\/minutocerord.com\/wp-content\/uploads\/2021\/05\/Abel-Martinez-en-su-despacho.jpg?fit=1280%2C853&ssl=1","jetpack-related-posts":[],"jetpack_sharing_enabled":true,"_links":{"self":[{"href":"https:\/\/minutocerord.com\/index.php?rest_route=\/wp\/v2\/posts\/4156","targetHints":{"allow":["GET"]}}],"collection":[{"href":"https:\/\/minutocerord.com\/index.php?rest_route=\/wp\/v2\/posts"}],"about":[{"href":"https:\/\/minutocerord.com\/index.php?rest_route=\/wp\/v2\/types\/post"}],"author":[{"embeddable":true,"href":"https:\/\/minutocerord.com\/index.php?rest_route=\/wp\/v2\/users\/1"}],"replies":[{"embeddable":true,"href":"https:\/\/minutocerord.com\/index.php?rest_route=%2Fwp%2Fv2%2Fcomments&post=4156"}],"version-history":[{"count":1,"href":"https:\/\/minutocerord.com\/index.php?rest_route=\/wp\/v2\/posts\/4156\/revisions"}],"predecessor-version":[{"id":4158,"href":"https:\/\/minutocerord.com\/index.php?rest_route=\/wp\/v2\/posts\/4156\/revisions\/4158"}],"wp:featuredmedia":[{"embeddable":true,"href":"https:\/\/minutocerord.com\/index.php?rest_route=\/wp\/v2\/media\/4157"}],"wp:attachment":[{"href":"https:\/\/minutocerord.com\/index.php?rest_route=%2Fwp%2Fv2%2Fmedia&parent=4156"}],"wp:term":[{"taxonomy":"category","embeddable":true,"href":"https:\/\/minutocerord.com\/index.php?rest_route=%2Fwp%2Fv2%2Fcategories&post=4156"},{"taxonomy":"post_tag","embeddable":true,"href":"https:\/\/minutocerord.com\/index.php?rest_route=%2Fwp%2Fv2%2Ftags&post=4156"}],"curies":[{"name":"wp","href":"https:\/\/api.w.org\/{rel}","templated":true}]}}