{"id":4167,"date":"2021-05-05T20:08:00","date_gmt":"2021-05-06T00:08:00","guid":{"rendered":"https:\/\/minutocerord.com\/?p=4167"},"modified":"2021-05-05T20:08:02","modified_gmt":"2021-05-06T00:08:02","slug":"detienen-teniente-coronel-del-ejercito-con-un-contrabando-de-cigarrillos","status":"publish","type":"post","link":"https:\/\/minutocerord.com\/?p=4167","title":{"rendered":"Detienen teniente coronel del Ej\u00e9rcito con un contrabando de cigarrillos"},"content":{"rendered":"\n<p>Independencia. Un teniente coronel del ej\u00e9rcito dominicano fue detenido en un puesto de chequeo militar de la zona sur, acusado de transportar en un veh\u00edculo de su propiedad un cargamento de cigarrillos de procedencia extranjera ingresado de contrabando en el pa\u00eds.<\/p>\n\n\n\n<p>La detenci\u00f3n del alto oficial Luis El\u00edas Medrano P\u00e9rez,&nbsp; se produjo en el puesto de chequeo militar El Lim\u00f3n, ubicado en la carretera del municipio Jiman\u00ed, donde fue interceptado el veh\u00edculo, un carro marca Toyota, color rojo, con cientos de paquetes de carrillos en la parte trasera y los asientos del veh\u00edculo.<\/p>\n\n\n\n<p>El oficial fue conducido junto al cargamento de cigarrillos de la marca Point hacia la comandancia del Ej\u00e9rcito en esa localidad, donde el caso es investigado.<\/p>\n","protected":false},"excerpt":{"rendered":"<p>Independencia. Un teniente coronel del ej\u00e9rcito dominicano fue detenido en un puesto de chequeo militar de la zona sur, acusado de transportar en un veh\u00edculo de su propiedad un cargamento de cigarrillos de procedencia extranjera ingresado de contrabando en el pa\u00eds. La detenci\u00f3n del alto oficial Luis El\u00edas Medrano P\u00e9rez,&nbsp; se produjo en el puesto [&hellip;]<\/p>\n","protected":false},"author":1,"featured_media":4168,"comment_status":"open","ping_status":"open","sticky":false,"template":"","format":"standard","meta":{"nf_dc_page":"","jetpack_post_was_ever_published":false,"_jetpack_newsletter_access":"","_jetpack_dont_email_post_to_subs":false,"_jetpack_newsletter_tier_id":0,"_jetpack_memberships_contains_paywalled_content":false,"_jetpack_memberships_contains_paid_content":false,"footnotes":"","jetpack_publicize_message":"","jetpack_publicize_feature_enabled":true,"jetpack_social_post_already_shared":false,"jetpack_social_options":{"image_generator_settings":{"template":"highway","default_image_id":0,"font":"","enabled":false},"version":2}},"categories":[91],"tags":[],"class_list":["post-4167","post","type-post","status-publish","format-standard","has-post-thumbnail","hentry","category-provincia"],"yoast_head":"<!-- This site is optimized with the Yoast SEO plugin v27.5 - https:\/\/yoast.com\/product\/yoast-seo-wordpress\/ -->\n<title>Detienen teniente coronel del Ej\u00e9rcito con un contrabando de cigarrillos - Minuto Cero RD<\/title>\n<meta name=\"robots\" content=\"index, follow, max-snippet:-1, max-image-preview:large, max-video-preview:-1\" \/>\n<link rel=\"canonical\" href=\"http:\/\/minutocerord.com\/?p=4167\" \/>\n<meta property=\"og:locale\" content=\"es_ES\" \/>\n<meta property=\"og:type\" content=\"article\" \/>\n<meta property=\"og:title\" content=\"Detienen teniente coronel del Ej\u00e9rcito con un contrabando de cigarrillos - Minuto Cero RD\" \/>\n<meta property=\"og:description\" content=\"Independencia. Un teniente coronel del ej\u00e9rcito dominicano fue detenido en un puesto de chequeo militar de la zona sur, acusado de transportar en un veh\u00edculo de su propiedad un cargamento de cigarrillos de procedencia extranjera ingresado de contrabando en el pa\u00eds. La detenci\u00f3n del alto oficial Luis El\u00edas Medrano P\u00e9rez,&nbsp; se produjo en el puesto [&hellip;]\" \/>\n<meta property=\"og:url\" content=\"http:\/\/minutocerord.com\/?p=4167\" \/>\n<meta property=\"og:site_name\" content=\"Minuto Cero RD\" \/>\n<meta property=\"article:publisher\" content=\"https:\/\/www.facebook.com\/Genofnotes\" \/>\n<meta property=\"article:author\" content=\"https:\/\/www.facebook.com\/Genofnotes\" \/>\n<meta property=\"article:published_time\" content=\"2021-05-06T00:08:00+00:00\" \/>\n<meta property=\"article:modified_time\" content=\"2021-05-06T00:08:02+00:00\" \/>\n<meta property=\"og:image\" content=\"https:\/\/i0.wp.com\/minutocerord.com\/wp-content\/uploads\/2021\/05\/182787737_823652485176106_2675799429815648451_n.jpg?fit=946%2C946\" \/>\n\t<meta property=\"og:image:width\" content=\"946\" \/>\n\t<meta property=\"og:image:height\" content=\"946\" \/>\n\t<meta property=\"og:image:type\" content=\"image\/jpeg\" \/>\n<meta name=\"author\" content=\"Genof\u00f3ntes Urb\u00e1ez\" \/>\n<meta name=\"twitter:card\" content=\"summary_large_image\" \/>\n<meta name=\"twitter:label1\" content=\"Written by\" \/>\n\t<meta name=\"twitter:data1\" content=\"Genof\u00f3ntes Urb\u00e1ez\" \/>\n\t<meta name=\"twitter:label2\" content=\"Est. reading time\" \/>\n\t<meta name=\"twitter:data2\" content=\"1 minuto\" \/>\n<script type=\"application\/ld+json\" class=\"yoast-schema-graph\">{\"@context\":\"https:\\\/\\\/schema.org\",\"@graph\":[{\"@type\":\"Article\",\"@id\":\"http:\\\/\\\/minutocerord.com\\\/?p=4167#article\",\"isPartOf\":{\"@id\":\"http:\\\/\\\/minutocerord.com\\\/?p=4167\"},\"author\":{\"name\":\"Genof\u00f3ntes Urb\u00e1ez\",\"@id\":\"https:\\\/\\\/minutocerord.com\\\/#\\\/schema\\\/person\\\/60b5372d60aaa0a5171fb6488be9aee6\"},\"headline\":\"Detienen teniente coronel del Ej\u00e9rcito con un contrabando de cigarrillos\",\"datePublished\":\"2021-05-06T00:08:00+00:00\",\"dateModified\":\"2021-05-06T00:08:02+00:00\",\"mainEntityOfPage\":{\"@id\":\"http:\\\/\\\/minutocerord.com\\\/?p=4167\"},\"wordCount\":141,\"commentCount\":0,\"publisher\":{\"@id\":\"https:\\\/\\\/minutocerord.com\\\/#\\\/schema\\\/person\\\/60b5372d60aaa0a5171fb6488be9aee6\"},\"image\":{\"@id\":\"http:\\\/\\\/minutocerord.com\\\/?p=4167#primaryimage\"},\"thumbnailUrl\":\"https:\\\/\\\/i0.wp.com\\\/minutocerord.com\\\/wp-content\\\/uploads\\\/2021\\\/05\\\/182787737_823652485176106_2675799429815648451_n.jpg?fit=946%2C946&ssl=1\",\"articleSection\":[\"Provincia\"],\"inLanguage\":\"es-DO\",\"potentialAction\":[{\"@type\":\"CommentAction\",\"name\":\"Comment\",\"target\":[\"http:\\\/\\\/minutocerord.com\\\/?p=4167#respond\"]}]},{\"@type\":\"WebPage\",\"@id\":\"http:\\\/\\\/minutocerord.com\\\/?p=4167\",\"url\":\"http:\\\/\\\/minutocerord.com\\\/?p=4167\",\"name\":\"Detienen teniente coronel del Ej\u00e9rcito con un contrabando de cigarrillos - Minuto Cero RD\",\"isPartOf\":{\"@id\":\"https:\\\/\\\/minutocerord.com\\\/#website\"},\"primaryImageOfPage\":{\"@id\":\"http:\\\/\\\/minutocerord.com\\\/?p=4167#primaryimage\"},\"image\":{\"@id\":\"http:\\\/\\\/minutocerord.com\\\/?p=4167#primaryimage\"},\"thumbnailUrl\":\"https:\\\/\\\/i0.wp.com\\\/minutocerord.com\\\/wp-content\\\/uploads\\\/2021\\\/05\\\/182787737_823652485176106_2675799429815648451_n.jpg?fit=946%2C946&ssl=1\",\"datePublished\":\"2021-05-06T00:08:00+00:00\",\"dateModified\":\"2021-05-06T00:08:02+00:00\",\"breadcrumb\":{\"@id\":\"http:\\\/\\\/minutocerord.com\\\/?p=4167#breadcrumb\"},\"inLanguage\":\"es-DO\",\"potentialAction\":[{\"@type\":\"ReadAction\",\"target\":[\"http:\\\/\\\/minutocerord.com\\\/?p=4167\"]}]},{\"@type\":\"ImageObject\",\"inLanguage\":\"es-DO\",\"@id\":\"http:\\\/\\\/minutocerord.com\\\/?p=4167#primaryimage\",\"url\":\"https:\\\/\\\/i0.wp.com\\\/minutocerord.com\\\/wp-content\\\/uploads\\\/2021\\\/05\\\/182787737_823652485176106_2675799429815648451_n.jpg?fit=946%2C946&ssl=1\",\"contentUrl\":\"https:\\\/\\\/i0.wp.com\\\/minutocerord.com\\\/wp-content\\\/uploads\\\/2021\\\/05\\\/182787737_823652485176106_2675799429815648451_n.jpg?fit=946%2C946&ssl=1\",\"width\":946,\"height\":946},{\"@type\":\"BreadcrumbList\",\"@id\":\"http:\\\/\\\/minutocerord.com\\\/?p=4167#breadcrumb\",\"itemListElement\":[{\"@type\":\"ListItem\",\"position\":1,\"name\":\"Home\",\"item\":\"https:\\\/\\\/minutocerord.com\\\/\"},{\"@type\":\"ListItem\",\"position\":2,\"name\":\"Detienen teniente coronel del Ej\u00e9rcito con un contrabando de cigarrillos\"}]},{\"@type\":\"WebSite\",\"@id\":\"https:\\\/\\\/minutocerord.com\\\/#website\",\"url\":\"https:\\\/\\\/minutocerord.com\\\/\",\"name\":\"Minuto Cero RD\",\"description\":\"Periodismo serio y veraz\",\"publisher\":{\"@id\":\"https:\\\/\\\/minutocerord.com\\\/#\\\/schema\\\/person\\\/60b5372d60aaa0a5171fb6488be9aee6\"},\"potentialAction\":[{\"@type\":\"SearchAction\",\"target\":{\"@type\":\"EntryPoint\",\"urlTemplate\":\"https:\\\/\\\/minutocerord.com\\\/?s={search_term_string}\"},\"query-input\":{\"@type\":\"PropertyValueSpecification\",\"valueRequired\":true,\"valueName\":\"search_term_string\"}}],\"inLanguage\":\"es-DO\"},{\"@type\":[\"Person\",\"Organization\"],\"@id\":\"https:\\\/\\\/minutocerord.com\\\/#\\\/schema\\\/person\\\/60b5372d60aaa0a5171fb6488be9aee6\",\"name\":\"Genof\u00f3ntes Urb\u00e1ez\",\"image\":{\"@type\":\"ImageObject\",\"inLanguage\":\"es-DO\",\"@id\":\"https:\\\/\\\/secure.gravatar.com\\\/avatar\\\/a49ef3186a692098ac3e8a1612261e3ad70cf9e44553dff2929e67939a0ecb9d?s=96&d=identicon&r=g\",\"url\":\"https:\\\/\\\/secure.gravatar.com\\\/avatar\\\/a49ef3186a692098ac3e8a1612261e3ad70cf9e44553dff2929e67939a0ecb9d?s=96&d=identicon&r=g\",\"contentUrl\":\"https:\\\/\\\/secure.gravatar.com\\\/avatar\\\/a49ef3186a692098ac3e8a1612261e3ad70cf9e44553dff2929e67939a0ecb9d?s=96&d=identicon&r=g\",\"caption\":\"Genof\u00f3ntes Urb\u00e1ez\"},\"logo\":{\"@id\":\"https:\\\/\\\/secure.gravatar.com\\\/avatar\\\/a49ef3186a692098ac3e8a1612261e3ad70cf9e44553dff2929e67939a0ecb9d?s=96&d=identicon&r=g\"},\"description\":\"Periodista \\\/ Locutor\",\"sameAs\":[\"https:\\\/\\\/www.facebook.com\\\/Genofnotes\",\"https:\\\/\\\/www.instagram.com\\\/genofnotes\\\/\"]}]}<\/script>\n<!-- \/ Yoast SEO plugin. -->","yoast_head_json":{"title":"Detienen teniente coronel del Ej\u00e9rcito con un contrabando de cigarrillos - Minuto Cero RD","robots":{"index":"index","follow":"follow","max-snippet":"max-snippet:-1","max-image-preview":"max-image-preview:large","max-video-preview":"max-video-preview:-1"},"canonical":"http:\/\/minutocerord.com\/?p=4167","og_locale":"es_ES","og_type":"article","og_title":"Detienen teniente coronel del Ej\u00e9rcito con un contrabando de cigarrillos - Minuto Cero RD","og_description":"Independencia. Un teniente coronel del ej\u00e9rcito dominicano fue detenido en un puesto de chequeo militar de la zona sur, acusado de transportar en un veh\u00edculo de su propiedad un cargamento de cigarrillos de procedencia extranjera ingresado de contrabando en el pa\u00eds. La detenci\u00f3n del alto oficial Luis El\u00edas Medrano P\u00e9rez,&nbsp; se produjo en el puesto [&hellip;]","og_url":"http:\/\/minutocerord.com\/?p=4167","og_site_name":"Minuto Cero RD","article_publisher":"https:\/\/www.facebook.com\/Genofnotes","article_author":"https:\/\/www.facebook.com\/Genofnotes","article_published_time":"2021-05-06T00:08:00+00:00","article_modified_time":"2021-05-06T00:08:02+00:00","og_image":[{"width":946,"height":946,"url":"https:\/\/i0.wp.com\/minutocerord.com\/wp-content\/uploads\/2021\/05\/182787737_823652485176106_2675799429815648451_n.jpg?fit=946%2C946","type":"image\/jpeg"}],"author":"Genof\u00f3ntes Urb\u00e1ez","twitter_card":"summary_large_image","twitter_misc":{"Written by":"Genof\u00f3ntes Urb\u00e1ez","Est. reading time":"1 minuto"},"schema":{"@context":"https:\/\/schema.org","@graph":[{"@type":"Article","@id":"http:\/\/minutocerord.com\/?p=4167#article","isPartOf":{"@id":"http:\/\/minutocerord.com\/?p=4167"},"author":{"name":"Genof\u00f3ntes Urb\u00e1ez","@id":"https:\/\/minutocerord.com\/#\/schema\/person\/60b5372d60aaa0a5171fb6488be9aee6"},"headline":"Detienen teniente coronel del Ej\u00e9rcito con un contrabando de cigarrillos","datePublished":"2021-05-06T00:08:00+00:00","dateModified":"2021-05-06T00:08:02+00:00","mainEntityOfPage":{"@id":"http:\/\/minutocerord.com\/?p=4167"},"wordCount":141,"commentCount":0,"publisher":{"@id":"https:\/\/minutocerord.com\/#\/schema\/person\/60b5372d60aaa0a5171fb6488be9aee6"},"image":{"@id":"http:\/\/minutocerord.com\/?p=4167#primaryimage"},"thumbnailUrl":"https:\/\/i0.wp.com\/minutocerord.com\/wp-content\/uploads\/2021\/05\/182787737_823652485176106_2675799429815648451_n.jpg?fit=946%2C946&ssl=1","articleSection":["Provincia"],"inLanguage":"es-DO","potentialAction":[{"@type":"CommentAction","name":"Comment","target":["http:\/\/minutocerord.com\/?p=4167#respond"]}]},{"@type":"WebPage","@id":"http:\/\/minutocerord.com\/?p=4167","url":"http:\/\/minutocerord.com\/?p=4167","name":"Detienen teniente coronel del Ej\u00e9rcito con un contrabando de cigarrillos - Minuto Cero RD","isPartOf":{"@id":"https:\/\/minutocerord.com\/#website"},"primaryImageOfPage":{"@id":"http:\/\/minutocerord.com\/?p=4167#primaryimage"},"image":{"@id":"http:\/\/minutocerord.com\/?p=4167#primaryimage"},"thumbnailUrl":"https:\/\/i0.wp.com\/minutocerord.com\/wp-content\/uploads\/2021\/05\/182787737_823652485176106_2675799429815648451_n.jpg?fit=946%2C946&ssl=1","datePublished":"2021-05-06T00:08:00+00:00","dateModified":"2021-05-06T00:08:02+00:00","breadcrumb":{"@id":"http:\/\/minutocerord.com\/?p=4167#breadcrumb"},"inLanguage":"es-DO","potentialAction":[{"@type":"ReadAction","target":["http:\/\/minutocerord.com\/?p=4167"]}]},{"@type":"ImageObject","inLanguage":"es-DO","@id":"http:\/\/minutocerord.com\/?p=4167#primaryimage","url":"https:\/\/i0.wp.com\/minutocerord.com\/wp-content\/uploads\/2021\/05\/182787737_823652485176106_2675799429815648451_n.jpg?fit=946%2C946&ssl=1","contentUrl":"https:\/\/i0.wp.com\/minutocerord.com\/wp-content\/uploads\/2021\/05\/182787737_823652485176106_2675799429815648451_n.jpg?fit=946%2C946&ssl=1","width":946,"height":946},{"@type":"BreadcrumbList","@id":"http:\/\/minutocerord.com\/?p=4167#breadcrumb","itemListElement":[{"@type":"ListItem","position":1,"name":"Home","item":"https:\/\/minutocerord.com\/"},{"@type":"ListItem","position":2,"name":"Detienen teniente coronel del Ej\u00e9rcito con un contrabando de cigarrillos"}]},{"@type":"WebSite","@id":"https:\/\/minutocerord.com\/#website","url":"https:\/\/minutocerord.com\/","name":"Minuto Cero RD","description":"Periodismo serio y veraz","publisher":{"@id":"https:\/\/minutocerord.com\/#\/schema\/person\/60b5372d60aaa0a5171fb6488be9aee6"},"potentialAction":[{"@type":"SearchAction","target":{"@type":"EntryPoint","urlTemplate":"https:\/\/minutocerord.com\/?s={search_term_string}"},"query-input":{"@type":"PropertyValueSpecification","valueRequired":true,"valueName":"search_term_string"}}],"inLanguage":"es-DO"},{"@type":["Person","Organization"],"@id":"https:\/\/minutocerord.com\/#\/schema\/person\/60b5372d60aaa0a5171fb6488be9aee6","name":"Genof\u00f3ntes Urb\u00e1ez","image":{"@type":"ImageObject","inLanguage":"es-DO","@id":"https:\/\/secure.gravatar.com\/avatar\/a49ef3186a692098ac3e8a1612261e3ad70cf9e44553dff2929e67939a0ecb9d?s=96&d=identicon&r=g","url":"https:\/\/secure.gravatar.com\/avatar\/a49ef3186a692098ac3e8a1612261e3ad70cf9e44553dff2929e67939a0ecb9d?s=96&d=identicon&r=g","contentUrl":"https:\/\/secure.gravatar.com\/avatar\/a49ef3186a692098ac3e8a1612261e3ad70cf9e44553dff2929e67939a0ecb9d?s=96&d=identicon&r=g","caption":"Genof\u00f3ntes Urb\u00e1ez"},"logo":{"@id":"https:\/\/secure.gravatar.com\/avatar\/a49ef3186a692098ac3e8a1612261e3ad70cf9e44553dff2929e67939a0ecb9d?s=96&d=identicon&r=g"},"description":"Periodista \/ Locutor","sameAs":["https:\/\/www.facebook.com\/Genofnotes","https:\/\/www.instagram.com\/genofnotes\/"]}]}},"jetpack_publicize_connections":[],"jetpack_featured_media_url":"https:\/\/i0.wp.com\/minutocerord.com\/wp-content\/uploads\/2021\/05\/182787737_823652485176106_2675799429815648451_n.jpg?fit=946%2C946&ssl=1","jetpack-related-posts":[],"jetpack_sharing_enabled":true,"_links":{"self":[{"href":"https:\/\/minutocerord.com\/index.php?rest_route=\/wp\/v2\/posts\/4167","targetHints":{"allow":["GET"]}}],"collection":[{"href":"https:\/\/minutocerord.com\/index.php?rest_route=\/wp\/v2\/posts"}],"about":[{"href":"https:\/\/minutocerord.com\/index.php?rest_route=\/wp\/v2\/types\/post"}],"author":[{"embeddable":true,"href":"https:\/\/minutocerord.com\/index.php?rest_route=\/wp\/v2\/users\/1"}],"replies":[{"embeddable":true,"href":"https:\/\/minutocerord.com\/index.php?rest_route=%2Fwp%2Fv2%2Fcomments&post=4167"}],"version-history":[{"count":1,"href":"https:\/\/minutocerord.com\/index.php?rest_route=\/wp\/v2\/posts\/4167\/revisions"}],"predecessor-version":[{"id":4169,"href":"https:\/\/minutocerord.com\/index.php?rest_route=\/wp\/v2\/posts\/4167\/revisions\/4169"}],"wp:featuredmedia":[{"embeddable":true,"href":"https:\/\/minutocerord.com\/index.php?rest_route=\/wp\/v2\/media\/4168"}],"wp:attachment":[{"href":"https:\/\/minutocerord.com\/index.php?rest_route=%2Fwp%2Fv2%2Fmedia&parent=4167"}],"wp:term":[{"taxonomy":"category","embeddable":true,"href":"https:\/\/minutocerord.com\/index.php?rest_route=%2Fwp%2Fv2%2Fcategories&post=4167"},{"taxonomy":"post_tag","embeddable":true,"href":"https:\/\/minutocerord.com\/index.php?rest_route=%2Fwp%2Fv2%2Ftags&post=4167"}],"curies":[{"name":"wp","href":"https:\/\/api.w.org\/{rel}","templated":true}]}}