{"id":4170,"date":"2021-05-05T20:49:28","date_gmt":"2021-05-06T00:49:28","guid":{"rendered":"https:\/\/minutocerord.com\/?p=4170"},"modified":"2021-05-05T20:49:32","modified_gmt":"2021-05-06T00:49:32","slug":"sistema-financiero-nacional-no-genero-un-solo-reporte-de-alerta-en-caso-operacion-coral-dice-pgr","status":"publish","type":"post","link":"https:\/\/minutocerord.com\/?p=4170","title":{"rendered":"Sistema financiero nacional no gener\u00f3 un solo reporte de alerta en caso Operaci\u00f3n Coral, dice PGR"},"content":{"rendered":"\n<p>&nbsp;Santo Domingo, RD.<\/p>\n\n\n\n<p>El Ministerio P\u00fablico estableci\u00f3 hoy en audiencia que la red supuestamente liderada por Ad\u00e1n C\u00e1ceres Silvestre no cre\u00f3, extra\u00f1amente, ninguna alerta dentro del sistema financiero nacional a pesar de todo el dinero que movieron durante ocho a\u00f1os.<\/p>\n\n\n\n<p>\u201cEs muy raro que no se produjera una alerta, ni un solo reporte de actividad sospechosa\u201d, estableci\u00f3 la fiscal Marinel Brea, mientras imputaba al coronel Rafael N\u00fa\u00f1ez de Aza.<\/p>\n\n\n\n<p>Los fiscales indican que el coronel Rafael N\u00fa\u00f1ez de Aza manej\u00f3, en una sola cuenta bancaria, la suma de 177 millones de pesos en una cuenta corriente. \u201cEso es una sola cuenta, no empresarial, sino corriente, a su nombre\u201d, dijeron los fiscales.<\/p>\n\n\n\n<p>Los fiscales indican que se produjo \u201cuna uni\u00f3n simbi\u00f3tica\u201d entre el coronel N\u00fa\u00f1ez de Aza y el general Ad\u00e1n C\u00e1ceres, jefe de&nbsp; escolta del expresidente Danilo Medina.<\/p>\n\n\n\n<p>\u201cEsta uni\u00f3n no fue fortuita. El coronel tiene experiencia en gerencia financiera. Lo utiliza el general en el Cusep como gerente financiero y tambi\u00e9n ostenta la misma posici\u00f3n de gerente financiero en Cestur, dos instituciones que dependen de fondos p\u00fablicos\u201d, se\u00f1al\u00f3 la fiscal Marinel Brea en la audiencia de medida de coerci\u00f3n esta tarde.<\/p>\n\n\n\n<p>La Procuradur\u00eda de Persecuci\u00f3n a la Corrupci\u00f3n Administrativa dice que los imputados entraron en un proceso conocido \u201ccomo legitimaci\u00f3n de bienes il\u00edcitos\u201d.<\/p>\n\n\n\n<p>Los fiscales dijeron que N\u00fa\u00f1ez de Aza ganaba 70 mil pesos mensuales en el Cusep y 73 mil en el Cestur.<\/p>\n\n\n\n<p>\u201cTuvo una carrera vertiginosa, en tiempos record: el 16 de agosto de 2012 fue ascendido al rango de mayor, a 5 meses de ser capit\u00e1n. El 1 de marzo de 2016 ascendido a teniente coronel y 1 de marzo de 2020 a coronel, que es su actual rango\u201d, dijo la fiscal Brea.<\/p>\n\n\n\n<p>Todo esto pas\u00f3 en 13 a\u00f1os en la Polic\u00eda Nacional.<\/p>\n\n\n\n<p>\u201cEste ciudadano no entra a la Polic\u00eda a trav\u00e9s de una academia, entra por recomendaciones que es quien lo pone como gerente financiero del Cusep, Ad\u00e1n C\u00e1ceres\u201d, dijeron los fiscales.<\/p>\n","protected":false},"excerpt":{"rendered":"<p>&nbsp;Santo Domingo, RD. El Ministerio P\u00fablico estableci\u00f3 hoy en audiencia que la red supuestamente liderada por Ad\u00e1n C\u00e1ceres Silvestre no cre\u00f3, extra\u00f1amente, ninguna alerta dentro del sistema financiero nacional a pesar de todo el dinero que movieron durante ocho a\u00f1os. \u201cEs muy raro que no se produjera una alerta, ni un solo reporte de actividad [&hellip;]<\/p>\n","protected":false},"author":1,"featured_media":4171,"comment_status":"open","ping_status":"open","sticky":false,"template":"","format":"standard","meta":{"nf_dc_page":"","jetpack_post_was_ever_published":false,"_jetpack_newsletter_access":"","_jetpack_dont_email_post_to_subs":false,"_jetpack_newsletter_tier_id":0,"_jetpack_memberships_contains_paywalled_content":false,"_jetpack_memberships_contains_paid_content":false,"footnotes":"","jetpack_publicize_message":"","jetpack_publicize_feature_enabled":true,"jetpack_social_post_already_shared":false,"jetpack_social_options":{"image_generator_settings":{"template":"highway","default_image_id":0,"font":"","enabled":false},"version":2}},"categories":[93],"tags":[],"class_list":["post-4170","post","type-post","status-publish","format-standard","has-post-thumbnail","hentry","category-justicia"],"yoast_head":"<!-- This site is optimized with the Yoast SEO plugin v27.5 - https:\/\/yoast.com\/product\/yoast-seo-wordpress\/ -->\n<title>Sistema financiero nacional no gener\u00f3 un solo reporte de alerta en caso Operaci\u00f3n Coral, dice PGR - Minuto Cero RD<\/title>\n<meta name=\"robots\" content=\"index, follow, max-snippet:-1, max-image-preview:large, max-video-preview:-1\" \/>\n<link rel=\"canonical\" href=\"http:\/\/minutocerord.com\/?p=4170\" \/>\n<meta property=\"og:locale\" content=\"es_ES\" \/>\n<meta property=\"og:type\" content=\"article\" \/>\n<meta property=\"og:title\" content=\"Sistema financiero nacional no gener\u00f3 un solo reporte de alerta en caso Operaci\u00f3n Coral, dice PGR - Minuto Cero RD\" \/>\n<meta property=\"og:description\" content=\"&nbsp;Santo Domingo, RD. El Ministerio P\u00fablico estableci\u00f3 hoy en audiencia que la red supuestamente liderada por Ad\u00e1n C\u00e1ceres Silvestre no cre\u00f3, extra\u00f1amente, ninguna alerta dentro del sistema financiero nacional a pesar de todo el dinero que movieron durante ocho a\u00f1os. \u201cEs muy raro que no se produjera una alerta, ni un solo reporte de actividad [&hellip;]\" \/>\n<meta property=\"og:url\" content=\"http:\/\/minutocerord.com\/?p=4170\" \/>\n<meta property=\"og:site_name\" content=\"Minuto Cero RD\" \/>\n<meta property=\"article:publisher\" content=\"https:\/\/www.facebook.com\/Genofnotes\" \/>\n<meta property=\"article:author\" content=\"https:\/\/www.facebook.com\/Genofnotes\" \/>\n<meta property=\"article:published_time\" content=\"2021-05-06T00:49:28+00:00\" \/>\n<meta property=\"article:modified_time\" content=\"2021-05-06T00:49:32+00:00\" \/>\n<meta property=\"og:image\" content=\"https:\/\/i0.wp.com\/minutocerord.com\/wp-content\/uploads\/2021\/05\/202105051704161.jpg?fit=680%2C453\" \/>\n\t<meta property=\"og:image:width\" content=\"680\" \/>\n\t<meta property=\"og:image:height\" content=\"453\" \/>\n\t<meta property=\"og:image:type\" content=\"image\/jpeg\" \/>\n<meta name=\"author\" content=\"Genof\u00f3ntes Urb\u00e1ez\" \/>\n<meta name=\"twitter:card\" content=\"summary_large_image\" \/>\n<meta name=\"twitter:label1\" content=\"Written by\" \/>\n\t<meta name=\"twitter:data1\" content=\"Genof\u00f3ntes Urb\u00e1ez\" \/>\n\t<meta name=\"twitter:label2\" content=\"Est. reading time\" \/>\n\t<meta name=\"twitter:data2\" content=\"2 minutos\" \/>\n<script type=\"application\/ld+json\" class=\"yoast-schema-graph\">{\"@context\":\"https:\\\/\\\/schema.org\",\"@graph\":[{\"@type\":\"Article\",\"@id\":\"http:\\\/\\\/minutocerord.com\\\/?p=4170#article\",\"isPartOf\":{\"@id\":\"http:\\\/\\\/minutocerord.com\\\/?p=4170\"},\"author\":{\"name\":\"Genof\u00f3ntes Urb\u00e1ez\",\"@id\":\"https:\\\/\\\/minutocerord.com\\\/#\\\/schema\\\/person\\\/60b5372d60aaa0a5171fb6488be9aee6\"},\"headline\":\"Sistema financiero nacional no gener\u00f3 un solo reporte de alerta en caso Operaci\u00f3n Coral, dice PGR\",\"datePublished\":\"2021-05-06T00:49:28+00:00\",\"dateModified\":\"2021-05-06T00:49:32+00:00\",\"mainEntityOfPage\":{\"@id\":\"http:\\\/\\\/minutocerord.com\\\/?p=4170\"},\"wordCount\":366,\"commentCount\":0,\"publisher\":{\"@id\":\"https:\\\/\\\/minutocerord.com\\\/#\\\/schema\\\/person\\\/60b5372d60aaa0a5171fb6488be9aee6\"},\"image\":{\"@id\":\"http:\\\/\\\/minutocerord.com\\\/?p=4170#primaryimage\"},\"thumbnailUrl\":\"https:\\\/\\\/i0.wp.com\\\/minutocerord.com\\\/wp-content\\\/uploads\\\/2021\\\/05\\\/202105051704161.jpg?fit=680%2C453&ssl=1\",\"articleSection\":[\"Justicia\"],\"inLanguage\":\"es-DO\",\"potentialAction\":[{\"@type\":\"CommentAction\",\"name\":\"Comment\",\"target\":[\"http:\\\/\\\/minutocerord.com\\\/?p=4170#respond\"]}]},{\"@type\":\"WebPage\",\"@id\":\"http:\\\/\\\/minutocerord.com\\\/?p=4170\",\"url\":\"http:\\\/\\\/minutocerord.com\\\/?p=4170\",\"name\":\"Sistema financiero nacional no gener\u00f3 un solo reporte de alerta en caso Operaci\u00f3n Coral, dice PGR - Minuto Cero RD\",\"isPartOf\":{\"@id\":\"https:\\\/\\\/minutocerord.com\\\/#website\"},\"primaryImageOfPage\":{\"@id\":\"http:\\\/\\\/minutocerord.com\\\/?p=4170#primaryimage\"},\"image\":{\"@id\":\"http:\\\/\\\/minutocerord.com\\\/?p=4170#primaryimage\"},\"thumbnailUrl\":\"https:\\\/\\\/i0.wp.com\\\/minutocerord.com\\\/wp-content\\\/uploads\\\/2021\\\/05\\\/202105051704161.jpg?fit=680%2C453&ssl=1\",\"datePublished\":\"2021-05-06T00:49:28+00:00\",\"dateModified\":\"2021-05-06T00:49:32+00:00\",\"breadcrumb\":{\"@id\":\"http:\\\/\\\/minutocerord.com\\\/?p=4170#breadcrumb\"},\"inLanguage\":\"es-DO\",\"potentialAction\":[{\"@type\":\"ReadAction\",\"target\":[\"http:\\\/\\\/minutocerord.com\\\/?p=4170\"]}]},{\"@type\":\"ImageObject\",\"inLanguage\":\"es-DO\",\"@id\":\"http:\\\/\\\/minutocerord.com\\\/?p=4170#primaryimage\",\"url\":\"https:\\\/\\\/i0.wp.com\\\/minutocerord.com\\\/wp-content\\\/uploads\\\/2021\\\/05\\\/202105051704161.jpg?fit=680%2C453&ssl=1\",\"contentUrl\":\"https:\\\/\\\/i0.wp.com\\\/minutocerord.com\\\/wp-content\\\/uploads\\\/2021\\\/05\\\/202105051704161.jpg?fit=680%2C453&ssl=1\",\"width\":680,\"height\":453},{\"@type\":\"BreadcrumbList\",\"@id\":\"http:\\\/\\\/minutocerord.com\\\/?p=4170#breadcrumb\",\"itemListElement\":[{\"@type\":\"ListItem\",\"position\":1,\"name\":\"Home\",\"item\":\"https:\\\/\\\/minutocerord.com\\\/\"},{\"@type\":\"ListItem\",\"position\":2,\"name\":\"Sistema financiero nacional no gener\u00f3 un solo reporte de alerta en caso Operaci\u00f3n Coral, dice PGR\"}]},{\"@type\":\"WebSite\",\"@id\":\"https:\\\/\\\/minutocerord.com\\\/#website\",\"url\":\"https:\\\/\\\/minutocerord.com\\\/\",\"name\":\"Minuto Cero RD\",\"description\":\"Periodismo serio y veraz\",\"publisher\":{\"@id\":\"https:\\\/\\\/minutocerord.com\\\/#\\\/schema\\\/person\\\/60b5372d60aaa0a5171fb6488be9aee6\"},\"potentialAction\":[{\"@type\":\"SearchAction\",\"target\":{\"@type\":\"EntryPoint\",\"urlTemplate\":\"https:\\\/\\\/minutocerord.com\\\/?s={search_term_string}\"},\"query-input\":{\"@type\":\"PropertyValueSpecification\",\"valueRequired\":true,\"valueName\":\"search_term_string\"}}],\"inLanguage\":\"es-DO\"},{\"@type\":[\"Person\",\"Organization\"],\"@id\":\"https:\\\/\\\/minutocerord.com\\\/#\\\/schema\\\/person\\\/60b5372d60aaa0a5171fb6488be9aee6\",\"name\":\"Genof\u00f3ntes Urb\u00e1ez\",\"image\":{\"@type\":\"ImageObject\",\"inLanguage\":\"es-DO\",\"@id\":\"https:\\\/\\\/secure.gravatar.com\\\/avatar\\\/a49ef3186a692098ac3e8a1612261e3ad70cf9e44553dff2929e67939a0ecb9d?s=96&d=identicon&r=g\",\"url\":\"https:\\\/\\\/secure.gravatar.com\\\/avatar\\\/a49ef3186a692098ac3e8a1612261e3ad70cf9e44553dff2929e67939a0ecb9d?s=96&d=identicon&r=g\",\"contentUrl\":\"https:\\\/\\\/secure.gravatar.com\\\/avatar\\\/a49ef3186a692098ac3e8a1612261e3ad70cf9e44553dff2929e67939a0ecb9d?s=96&d=identicon&r=g\",\"caption\":\"Genof\u00f3ntes Urb\u00e1ez\"},\"logo\":{\"@id\":\"https:\\\/\\\/secure.gravatar.com\\\/avatar\\\/a49ef3186a692098ac3e8a1612261e3ad70cf9e44553dff2929e67939a0ecb9d?s=96&d=identicon&r=g\"},\"description\":\"Periodista \\\/ Locutor\",\"sameAs\":[\"https:\\\/\\\/www.facebook.com\\\/Genofnotes\",\"https:\\\/\\\/www.instagram.com\\\/genofnotes\\\/\"]}]}<\/script>\n<!-- \/ Yoast SEO plugin. -->","yoast_head_json":{"title":"Sistema financiero nacional no gener\u00f3 un solo reporte de alerta en caso Operaci\u00f3n Coral, dice PGR - Minuto Cero RD","robots":{"index":"index","follow":"follow","max-snippet":"max-snippet:-1","max-image-preview":"max-image-preview:large","max-video-preview":"max-video-preview:-1"},"canonical":"http:\/\/minutocerord.com\/?p=4170","og_locale":"es_ES","og_type":"article","og_title":"Sistema financiero nacional no gener\u00f3 un solo reporte de alerta en caso Operaci\u00f3n Coral, dice PGR - Minuto Cero RD","og_description":"&nbsp;Santo Domingo, RD. El Ministerio P\u00fablico estableci\u00f3 hoy en audiencia que la red supuestamente liderada por Ad\u00e1n C\u00e1ceres Silvestre no cre\u00f3, extra\u00f1amente, ninguna alerta dentro del sistema financiero nacional a pesar de todo el dinero que movieron durante ocho a\u00f1os. \u201cEs muy raro que no se produjera una alerta, ni un solo reporte de actividad [&hellip;]","og_url":"http:\/\/minutocerord.com\/?p=4170","og_site_name":"Minuto Cero RD","article_publisher":"https:\/\/www.facebook.com\/Genofnotes","article_author":"https:\/\/www.facebook.com\/Genofnotes","article_published_time":"2021-05-06T00:49:28+00:00","article_modified_time":"2021-05-06T00:49:32+00:00","og_image":[{"width":680,"height":453,"url":"https:\/\/i0.wp.com\/minutocerord.com\/wp-content\/uploads\/2021\/05\/202105051704161.jpg?fit=680%2C453","type":"image\/jpeg"}],"author":"Genof\u00f3ntes Urb\u00e1ez","twitter_card":"summary_large_image","twitter_misc":{"Written by":"Genof\u00f3ntes Urb\u00e1ez","Est. reading time":"2 minutos"},"schema":{"@context":"https:\/\/schema.org","@graph":[{"@type":"Article","@id":"http:\/\/minutocerord.com\/?p=4170#article","isPartOf":{"@id":"http:\/\/minutocerord.com\/?p=4170"},"author":{"name":"Genof\u00f3ntes Urb\u00e1ez","@id":"https:\/\/minutocerord.com\/#\/schema\/person\/60b5372d60aaa0a5171fb6488be9aee6"},"headline":"Sistema financiero nacional no gener\u00f3 un solo reporte de alerta en caso Operaci\u00f3n Coral, dice PGR","datePublished":"2021-05-06T00:49:28+00:00","dateModified":"2021-05-06T00:49:32+00:00","mainEntityOfPage":{"@id":"http:\/\/minutocerord.com\/?p=4170"},"wordCount":366,"commentCount":0,"publisher":{"@id":"https:\/\/minutocerord.com\/#\/schema\/person\/60b5372d60aaa0a5171fb6488be9aee6"},"image":{"@id":"http:\/\/minutocerord.com\/?p=4170#primaryimage"},"thumbnailUrl":"https:\/\/i0.wp.com\/minutocerord.com\/wp-content\/uploads\/2021\/05\/202105051704161.jpg?fit=680%2C453&ssl=1","articleSection":["Justicia"],"inLanguage":"es-DO","potentialAction":[{"@type":"CommentAction","name":"Comment","target":["http:\/\/minutocerord.com\/?p=4170#respond"]}]},{"@type":"WebPage","@id":"http:\/\/minutocerord.com\/?p=4170","url":"http:\/\/minutocerord.com\/?p=4170","name":"Sistema financiero nacional no gener\u00f3 un solo reporte de alerta en caso Operaci\u00f3n Coral, dice PGR - Minuto Cero RD","isPartOf":{"@id":"https:\/\/minutocerord.com\/#website"},"primaryImageOfPage":{"@id":"http:\/\/minutocerord.com\/?p=4170#primaryimage"},"image":{"@id":"http:\/\/minutocerord.com\/?p=4170#primaryimage"},"thumbnailUrl":"https:\/\/i0.wp.com\/minutocerord.com\/wp-content\/uploads\/2021\/05\/202105051704161.jpg?fit=680%2C453&ssl=1","datePublished":"2021-05-06T00:49:28+00:00","dateModified":"2021-05-06T00:49:32+00:00","breadcrumb":{"@id":"http:\/\/minutocerord.com\/?p=4170#breadcrumb"},"inLanguage":"es-DO","potentialAction":[{"@type":"ReadAction","target":["http:\/\/minutocerord.com\/?p=4170"]}]},{"@type":"ImageObject","inLanguage":"es-DO","@id":"http:\/\/minutocerord.com\/?p=4170#primaryimage","url":"https:\/\/i0.wp.com\/minutocerord.com\/wp-content\/uploads\/2021\/05\/202105051704161.jpg?fit=680%2C453&ssl=1","contentUrl":"https:\/\/i0.wp.com\/minutocerord.com\/wp-content\/uploads\/2021\/05\/202105051704161.jpg?fit=680%2C453&ssl=1","width":680,"height":453},{"@type":"BreadcrumbList","@id":"http:\/\/minutocerord.com\/?p=4170#breadcrumb","itemListElement":[{"@type":"ListItem","position":1,"name":"Home","item":"https:\/\/minutocerord.com\/"},{"@type":"ListItem","position":2,"name":"Sistema financiero nacional no gener\u00f3 un solo reporte de alerta en caso Operaci\u00f3n Coral, dice PGR"}]},{"@type":"WebSite","@id":"https:\/\/minutocerord.com\/#website","url":"https:\/\/minutocerord.com\/","name":"Minuto Cero RD","description":"Periodismo serio y veraz","publisher":{"@id":"https:\/\/minutocerord.com\/#\/schema\/person\/60b5372d60aaa0a5171fb6488be9aee6"},"potentialAction":[{"@type":"SearchAction","target":{"@type":"EntryPoint","urlTemplate":"https:\/\/minutocerord.com\/?s={search_term_string}"},"query-input":{"@type":"PropertyValueSpecification","valueRequired":true,"valueName":"search_term_string"}}],"inLanguage":"es-DO"},{"@type":["Person","Organization"],"@id":"https:\/\/minutocerord.com\/#\/schema\/person\/60b5372d60aaa0a5171fb6488be9aee6","name":"Genof\u00f3ntes Urb\u00e1ez","image":{"@type":"ImageObject","inLanguage":"es-DO","@id":"https:\/\/secure.gravatar.com\/avatar\/a49ef3186a692098ac3e8a1612261e3ad70cf9e44553dff2929e67939a0ecb9d?s=96&d=identicon&r=g","url":"https:\/\/secure.gravatar.com\/avatar\/a49ef3186a692098ac3e8a1612261e3ad70cf9e44553dff2929e67939a0ecb9d?s=96&d=identicon&r=g","contentUrl":"https:\/\/secure.gravatar.com\/avatar\/a49ef3186a692098ac3e8a1612261e3ad70cf9e44553dff2929e67939a0ecb9d?s=96&d=identicon&r=g","caption":"Genof\u00f3ntes Urb\u00e1ez"},"logo":{"@id":"https:\/\/secure.gravatar.com\/avatar\/a49ef3186a692098ac3e8a1612261e3ad70cf9e44553dff2929e67939a0ecb9d?s=96&d=identicon&r=g"},"description":"Periodista \/ Locutor","sameAs":["https:\/\/www.facebook.com\/Genofnotes","https:\/\/www.instagram.com\/genofnotes\/"]}]}},"jetpack_publicize_connections":[],"jetpack_featured_media_url":"https:\/\/i0.wp.com\/minutocerord.com\/wp-content\/uploads\/2021\/05\/202105051704161.jpg?fit=680%2C453&ssl=1","jetpack-related-posts":[],"jetpack_sharing_enabled":true,"_links":{"self":[{"href":"https:\/\/minutocerord.com\/index.php?rest_route=\/wp\/v2\/posts\/4170","targetHints":{"allow":["GET"]}}],"collection":[{"href":"https:\/\/minutocerord.com\/index.php?rest_route=\/wp\/v2\/posts"}],"about":[{"href":"https:\/\/minutocerord.com\/index.php?rest_route=\/wp\/v2\/types\/post"}],"author":[{"embeddable":true,"href":"https:\/\/minutocerord.com\/index.php?rest_route=\/wp\/v2\/users\/1"}],"replies":[{"embeddable":true,"href":"https:\/\/minutocerord.com\/index.php?rest_route=%2Fwp%2Fv2%2Fcomments&post=4170"}],"version-history":[{"count":1,"href":"https:\/\/minutocerord.com\/index.php?rest_route=\/wp\/v2\/posts\/4170\/revisions"}],"predecessor-version":[{"id":4172,"href":"https:\/\/minutocerord.com\/index.php?rest_route=\/wp\/v2\/posts\/4170\/revisions\/4172"}],"wp:featuredmedia":[{"embeddable":true,"href":"https:\/\/minutocerord.com\/index.php?rest_route=\/wp\/v2\/media\/4171"}],"wp:attachment":[{"href":"https:\/\/minutocerord.com\/index.php?rest_route=%2Fwp%2Fv2%2Fmedia&parent=4170"}],"wp:term":[{"taxonomy":"category","embeddable":true,"href":"https:\/\/minutocerord.com\/index.php?rest_route=%2Fwp%2Fv2%2Fcategories&post=4170"},{"taxonomy":"post_tag","embeddable":true,"href":"https:\/\/minutocerord.com\/index.php?rest_route=%2Fwp%2Fv2%2Ftags&post=4170"}],"curies":[{"name":"wp","href":"https:\/\/api.w.org\/{rel}","templated":true}]}}