{"id":4179,"date":"2021-05-05T20:57:23","date_gmt":"2021-05-06T00:57:23","guid":{"rendered":"https:\/\/minutocerord.com\/?p=4179"},"modified":"2021-05-05T20:57:27","modified_gmt":"2021-05-06T00:57:27","slug":"gabinete-de-salud-de-acuerdo-con-la-reapertura-de-docencia-en-todos-los-niveles","status":"publish","type":"post","link":"https:\/\/minutocerord.com\/?p=4179","title":{"rendered":"Gabinete de Salud de acuerdo con la reapertura de docencia en todos los niveles"},"content":{"rendered":"\n<p>SANTO DOMINGO.- La vicepresidenta de la Rep\u00fablica y coordinadora del Gabinete de Salud, Raquel Pe\u00f1a, afirm\u00f3 este mi\u00e9rcoles que ese organismo ha recomendado la apertura de las clases en todos los niveles y que esa decisi\u00f3n se le ha comunicado a las autoridades educativas.<\/p>\n\n\n\n<p>Raquel Pe\u00f1a indic\u00f3 que el&nbsp; gabinete da las recomendaciones, pero son los ministerios de Educaci\u00f3n y Educaci\u00f3n Superior los que tienen que coordinar la preespecialidad de la educaci\u00f3n en las escuelas, colegios privados y universidades.<\/p>\n\n\n\n<p>\u201cDesde el gabinete de salud que quede claro, pues nosotros estamos totalmente de acuerdo en que se habr\u00e1n las escuelas, que se habr\u00e1n las universidades en todos los grados desde hace mucho tiempo\u201d.<\/p>\n\n\n\n<p>Las declaraciones de la vicepresidenta Raquel Pe\u00f1a en respuesta a la demanda de colegios privados de que se permita la docencia presencial, por entender que no se justifica como est\u00e1n abiertos restaurantes y bares y las escuelas permanecen cerradas.<\/p>\n\n\n\n<p>Representantes de colegios y padres han optado por llevar sus ni\u00f1os a tomar docencia a comercios y plazas comerciales.<\/p>\n","protected":false},"excerpt":{"rendered":"<p>SANTO DOMINGO.- La vicepresidenta de la Rep\u00fablica y coordinadora del Gabinete de Salud, Raquel Pe\u00f1a, afirm\u00f3 este mi\u00e9rcoles que ese organismo ha recomendado la apertura de las clases en todos los niveles y que esa decisi\u00f3n se le ha comunicado a las autoridades educativas. Raquel Pe\u00f1a indic\u00f3 que el&nbsp; gabinete da las recomendaciones, pero son [&hellip;]<\/p>\n","protected":false},"author":1,"featured_media":4180,"comment_status":"open","ping_status":"open","sticky":false,"template":"","format":"standard","meta":{"nf_dc_page":"","jetpack_post_was_ever_published":false,"_jetpack_newsletter_access":"","_jetpack_dont_email_post_to_subs":false,"_jetpack_newsletter_tier_id":0,"_jetpack_memberships_contains_paywalled_content":false,"_jetpack_memberships_contains_paid_content":false,"footnotes":"","jetpack_publicize_message":"","jetpack_publicize_feature_enabled":true,"jetpack_social_post_already_shared":false,"jetpack_social_options":{"image_generator_settings":{"template":"highway","default_image_id":0,"font":"","enabled":false},"version":2}},"categories":[67],"tags":[],"class_list":["post-4179","post","type-post","status-publish","format-standard","has-post-thumbnail","hentry","category-salud"],"yoast_head":"<!-- This site is optimized with the Yoast SEO plugin v27.5 - https:\/\/yoast.com\/product\/yoast-seo-wordpress\/ -->\n<title>Gabinete de Salud de acuerdo con la reapertura de docencia en todos los niveles - Minuto Cero RD<\/title>\n<meta name=\"robots\" content=\"index, follow, max-snippet:-1, max-image-preview:large, max-video-preview:-1\" \/>\n<link rel=\"canonical\" href=\"http:\/\/minutocerord.com\/?p=4179\" \/>\n<meta property=\"og:locale\" content=\"es_ES\" \/>\n<meta property=\"og:type\" content=\"article\" \/>\n<meta property=\"og:title\" content=\"Gabinete de Salud de acuerdo con la reapertura de docencia en todos los niveles - Minuto Cero RD\" \/>\n<meta property=\"og:description\" content=\"SANTO DOMINGO.- La vicepresidenta de la Rep\u00fablica y coordinadora del Gabinete de Salud, Raquel Pe\u00f1a, afirm\u00f3 este mi\u00e9rcoles que ese organismo ha recomendado la apertura de las clases en todos los niveles y que esa decisi\u00f3n se le ha comunicado a las autoridades educativas. Raquel Pe\u00f1a indic\u00f3 que el&nbsp; gabinete da las recomendaciones, pero son [&hellip;]\" \/>\n<meta property=\"og:url\" content=\"http:\/\/minutocerord.com\/?p=4179\" \/>\n<meta property=\"og:site_name\" content=\"Minuto Cero RD\" \/>\n<meta property=\"article:publisher\" content=\"https:\/\/www.facebook.com\/Genofnotes\" \/>\n<meta property=\"article:author\" content=\"https:\/\/www.facebook.com\/Genofnotes\" \/>\n<meta property=\"article:published_time\" content=\"2021-05-06T00:57:23+00:00\" \/>\n<meta property=\"article:modified_time\" content=\"2021-05-06T00:57:27+00:00\" \/>\n<meta property=\"og:image\" content=\"https:\/\/i0.wp.com\/minutocerord.com\/wp-content\/uploads\/2021\/05\/multimedia.normal.9eb8faf0ee9dbee5.39385f6e6f726d616c2e6a7067.jpg?fit=1080%2C600\" \/>\n\t<meta property=\"og:image:width\" content=\"1080\" \/>\n\t<meta property=\"og:image:height\" content=\"600\" \/>\n\t<meta property=\"og:image:type\" content=\"image\/jpeg\" \/>\n<meta name=\"author\" content=\"Genof\u00f3ntes Urb\u00e1ez\" \/>\n<meta name=\"twitter:card\" content=\"summary_large_image\" \/>\n<meta name=\"twitter:label1\" content=\"Written by\" \/>\n\t<meta name=\"twitter:data1\" content=\"Genof\u00f3ntes Urb\u00e1ez\" \/>\n\t<meta name=\"twitter:label2\" content=\"Est. reading time\" \/>\n\t<meta name=\"twitter:data2\" content=\"1 minuto\" \/>\n<script type=\"application\/ld+json\" class=\"yoast-schema-graph\">{\"@context\":\"https:\\\/\\\/schema.org\",\"@graph\":[{\"@type\":\"Article\",\"@id\":\"http:\\\/\\\/minutocerord.com\\\/?p=4179#article\",\"isPartOf\":{\"@id\":\"http:\\\/\\\/minutocerord.com\\\/?p=4179\"},\"author\":{\"name\":\"Genof\u00f3ntes Urb\u00e1ez\",\"@id\":\"https:\\\/\\\/minutocerord.com\\\/#\\\/schema\\\/person\\\/60b5372d60aaa0a5171fb6488be9aee6\"},\"headline\":\"Gabinete de Salud de acuerdo con la reapertura de docencia en todos los niveles\",\"datePublished\":\"2021-05-06T00:57:23+00:00\",\"dateModified\":\"2021-05-06T00:57:27+00:00\",\"mainEntityOfPage\":{\"@id\":\"http:\\\/\\\/minutocerord.com\\\/?p=4179\"},\"wordCount\":199,\"commentCount\":0,\"publisher\":{\"@id\":\"https:\\\/\\\/minutocerord.com\\\/#\\\/schema\\\/person\\\/60b5372d60aaa0a5171fb6488be9aee6\"},\"image\":{\"@id\":\"http:\\\/\\\/minutocerord.com\\\/?p=4179#primaryimage\"},\"thumbnailUrl\":\"https:\\\/\\\/i0.wp.com\\\/minutocerord.com\\\/wp-content\\\/uploads\\\/2021\\\/05\\\/multimedia.normal.9eb8faf0ee9dbee5.39385f6e6f726d616c2e6a7067.jpg?fit=1080%2C600&ssl=1\",\"articleSection\":[\"Salud\"],\"inLanguage\":\"es-DO\",\"potentialAction\":[{\"@type\":\"CommentAction\",\"name\":\"Comment\",\"target\":[\"http:\\\/\\\/minutocerord.com\\\/?p=4179#respond\"]}]},{\"@type\":\"WebPage\",\"@id\":\"http:\\\/\\\/minutocerord.com\\\/?p=4179\",\"url\":\"http:\\\/\\\/minutocerord.com\\\/?p=4179\",\"name\":\"Gabinete de Salud de acuerdo con la reapertura de docencia en todos los niveles - Minuto Cero RD\",\"isPartOf\":{\"@id\":\"https:\\\/\\\/minutocerord.com\\\/#website\"},\"primaryImageOfPage\":{\"@id\":\"http:\\\/\\\/minutocerord.com\\\/?p=4179#primaryimage\"},\"image\":{\"@id\":\"http:\\\/\\\/minutocerord.com\\\/?p=4179#primaryimage\"},\"thumbnailUrl\":\"https:\\\/\\\/i0.wp.com\\\/minutocerord.com\\\/wp-content\\\/uploads\\\/2021\\\/05\\\/multimedia.normal.9eb8faf0ee9dbee5.39385f6e6f726d616c2e6a7067.jpg?fit=1080%2C600&ssl=1\",\"datePublished\":\"2021-05-06T00:57:23+00:00\",\"dateModified\":\"2021-05-06T00:57:27+00:00\",\"breadcrumb\":{\"@id\":\"http:\\\/\\\/minutocerord.com\\\/?p=4179#breadcrumb\"},\"inLanguage\":\"es-DO\",\"potentialAction\":[{\"@type\":\"ReadAction\",\"target\":[\"http:\\\/\\\/minutocerord.com\\\/?p=4179\"]}]},{\"@type\":\"ImageObject\",\"inLanguage\":\"es-DO\",\"@id\":\"http:\\\/\\\/minutocerord.com\\\/?p=4179#primaryimage\",\"url\":\"https:\\\/\\\/i0.wp.com\\\/minutocerord.com\\\/wp-content\\\/uploads\\\/2021\\\/05\\\/multimedia.normal.9eb8faf0ee9dbee5.39385f6e6f726d616c2e6a7067.jpg?fit=1080%2C600&ssl=1\",\"contentUrl\":\"https:\\\/\\\/i0.wp.com\\\/minutocerord.com\\\/wp-content\\\/uploads\\\/2021\\\/05\\\/multimedia.normal.9eb8faf0ee9dbee5.39385f6e6f726d616c2e6a7067.jpg?fit=1080%2C600&ssl=1\",\"width\":1080,\"height\":600},{\"@type\":\"BreadcrumbList\",\"@id\":\"http:\\\/\\\/minutocerord.com\\\/?p=4179#breadcrumb\",\"itemListElement\":[{\"@type\":\"ListItem\",\"position\":1,\"name\":\"Home\",\"item\":\"https:\\\/\\\/minutocerord.com\\\/\"},{\"@type\":\"ListItem\",\"position\":2,\"name\":\"Gabinete de Salud de acuerdo con la reapertura de docencia en todos los niveles\"}]},{\"@type\":\"WebSite\",\"@id\":\"https:\\\/\\\/minutocerord.com\\\/#website\",\"url\":\"https:\\\/\\\/minutocerord.com\\\/\",\"name\":\"Minuto Cero RD\",\"description\":\"Periodismo serio y veraz\",\"publisher\":{\"@id\":\"https:\\\/\\\/minutocerord.com\\\/#\\\/schema\\\/person\\\/60b5372d60aaa0a5171fb6488be9aee6\"},\"potentialAction\":[{\"@type\":\"SearchAction\",\"target\":{\"@type\":\"EntryPoint\",\"urlTemplate\":\"https:\\\/\\\/minutocerord.com\\\/?s={search_term_string}\"},\"query-input\":{\"@type\":\"PropertyValueSpecification\",\"valueRequired\":true,\"valueName\":\"search_term_string\"}}],\"inLanguage\":\"es-DO\"},{\"@type\":[\"Person\",\"Organization\"],\"@id\":\"https:\\\/\\\/minutocerord.com\\\/#\\\/schema\\\/person\\\/60b5372d60aaa0a5171fb6488be9aee6\",\"name\":\"Genof\u00f3ntes Urb\u00e1ez\",\"image\":{\"@type\":\"ImageObject\",\"inLanguage\":\"es-DO\",\"@id\":\"https:\\\/\\\/secure.gravatar.com\\\/avatar\\\/a49ef3186a692098ac3e8a1612261e3ad70cf9e44553dff2929e67939a0ecb9d?s=96&d=identicon&r=g\",\"url\":\"https:\\\/\\\/secure.gravatar.com\\\/avatar\\\/a49ef3186a692098ac3e8a1612261e3ad70cf9e44553dff2929e67939a0ecb9d?s=96&d=identicon&r=g\",\"contentUrl\":\"https:\\\/\\\/secure.gravatar.com\\\/avatar\\\/a49ef3186a692098ac3e8a1612261e3ad70cf9e44553dff2929e67939a0ecb9d?s=96&d=identicon&r=g\",\"caption\":\"Genof\u00f3ntes Urb\u00e1ez\"},\"logo\":{\"@id\":\"https:\\\/\\\/secure.gravatar.com\\\/avatar\\\/a49ef3186a692098ac3e8a1612261e3ad70cf9e44553dff2929e67939a0ecb9d?s=96&d=identicon&r=g\"},\"description\":\"Periodista \\\/ Locutor\",\"sameAs\":[\"https:\\\/\\\/www.facebook.com\\\/Genofnotes\",\"https:\\\/\\\/www.instagram.com\\\/genofnotes\\\/\"]}]}<\/script>\n<!-- \/ Yoast SEO plugin. -->","yoast_head_json":{"title":"Gabinete de Salud de acuerdo con la reapertura de docencia en todos los niveles - Minuto Cero RD","robots":{"index":"index","follow":"follow","max-snippet":"max-snippet:-1","max-image-preview":"max-image-preview:large","max-video-preview":"max-video-preview:-1"},"canonical":"http:\/\/minutocerord.com\/?p=4179","og_locale":"es_ES","og_type":"article","og_title":"Gabinete de Salud de acuerdo con la reapertura de docencia en todos los niveles - Minuto Cero RD","og_description":"SANTO DOMINGO.- La vicepresidenta de la Rep\u00fablica y coordinadora del Gabinete de Salud, Raquel Pe\u00f1a, afirm\u00f3 este mi\u00e9rcoles que ese organismo ha recomendado la apertura de las clases en todos los niveles y que esa decisi\u00f3n se le ha comunicado a las autoridades educativas. Raquel Pe\u00f1a indic\u00f3 que el&nbsp; gabinete da las recomendaciones, pero son [&hellip;]","og_url":"http:\/\/minutocerord.com\/?p=4179","og_site_name":"Minuto Cero RD","article_publisher":"https:\/\/www.facebook.com\/Genofnotes","article_author":"https:\/\/www.facebook.com\/Genofnotes","article_published_time":"2021-05-06T00:57:23+00:00","article_modified_time":"2021-05-06T00:57:27+00:00","og_image":[{"width":1080,"height":600,"url":"https:\/\/i0.wp.com\/minutocerord.com\/wp-content\/uploads\/2021\/05\/multimedia.normal.9eb8faf0ee9dbee5.39385f6e6f726d616c2e6a7067.jpg?fit=1080%2C600","type":"image\/jpeg"}],"author":"Genof\u00f3ntes Urb\u00e1ez","twitter_card":"summary_large_image","twitter_misc":{"Written by":"Genof\u00f3ntes Urb\u00e1ez","Est. reading time":"1 minuto"},"schema":{"@context":"https:\/\/schema.org","@graph":[{"@type":"Article","@id":"http:\/\/minutocerord.com\/?p=4179#article","isPartOf":{"@id":"http:\/\/minutocerord.com\/?p=4179"},"author":{"name":"Genof\u00f3ntes Urb\u00e1ez","@id":"https:\/\/minutocerord.com\/#\/schema\/person\/60b5372d60aaa0a5171fb6488be9aee6"},"headline":"Gabinete de Salud de acuerdo con la reapertura de docencia en todos los niveles","datePublished":"2021-05-06T00:57:23+00:00","dateModified":"2021-05-06T00:57:27+00:00","mainEntityOfPage":{"@id":"http:\/\/minutocerord.com\/?p=4179"},"wordCount":199,"commentCount":0,"publisher":{"@id":"https:\/\/minutocerord.com\/#\/schema\/person\/60b5372d60aaa0a5171fb6488be9aee6"},"image":{"@id":"http:\/\/minutocerord.com\/?p=4179#primaryimage"},"thumbnailUrl":"https:\/\/i0.wp.com\/minutocerord.com\/wp-content\/uploads\/2021\/05\/multimedia.normal.9eb8faf0ee9dbee5.39385f6e6f726d616c2e6a7067.jpg?fit=1080%2C600&ssl=1","articleSection":["Salud"],"inLanguage":"es-DO","potentialAction":[{"@type":"CommentAction","name":"Comment","target":["http:\/\/minutocerord.com\/?p=4179#respond"]}]},{"@type":"WebPage","@id":"http:\/\/minutocerord.com\/?p=4179","url":"http:\/\/minutocerord.com\/?p=4179","name":"Gabinete de Salud de acuerdo con la reapertura de docencia en todos los niveles - Minuto Cero RD","isPartOf":{"@id":"https:\/\/minutocerord.com\/#website"},"primaryImageOfPage":{"@id":"http:\/\/minutocerord.com\/?p=4179#primaryimage"},"image":{"@id":"http:\/\/minutocerord.com\/?p=4179#primaryimage"},"thumbnailUrl":"https:\/\/i0.wp.com\/minutocerord.com\/wp-content\/uploads\/2021\/05\/multimedia.normal.9eb8faf0ee9dbee5.39385f6e6f726d616c2e6a7067.jpg?fit=1080%2C600&ssl=1","datePublished":"2021-05-06T00:57:23+00:00","dateModified":"2021-05-06T00:57:27+00:00","breadcrumb":{"@id":"http:\/\/minutocerord.com\/?p=4179#breadcrumb"},"inLanguage":"es-DO","potentialAction":[{"@type":"ReadAction","target":["http:\/\/minutocerord.com\/?p=4179"]}]},{"@type":"ImageObject","inLanguage":"es-DO","@id":"http:\/\/minutocerord.com\/?p=4179#primaryimage","url":"https:\/\/i0.wp.com\/minutocerord.com\/wp-content\/uploads\/2021\/05\/multimedia.normal.9eb8faf0ee9dbee5.39385f6e6f726d616c2e6a7067.jpg?fit=1080%2C600&ssl=1","contentUrl":"https:\/\/i0.wp.com\/minutocerord.com\/wp-content\/uploads\/2021\/05\/multimedia.normal.9eb8faf0ee9dbee5.39385f6e6f726d616c2e6a7067.jpg?fit=1080%2C600&ssl=1","width":1080,"height":600},{"@type":"BreadcrumbList","@id":"http:\/\/minutocerord.com\/?p=4179#breadcrumb","itemListElement":[{"@type":"ListItem","position":1,"name":"Home","item":"https:\/\/minutocerord.com\/"},{"@type":"ListItem","position":2,"name":"Gabinete de Salud de acuerdo con la reapertura de docencia en todos los niveles"}]},{"@type":"WebSite","@id":"https:\/\/minutocerord.com\/#website","url":"https:\/\/minutocerord.com\/","name":"Minuto Cero RD","description":"Periodismo serio y veraz","publisher":{"@id":"https:\/\/minutocerord.com\/#\/schema\/person\/60b5372d60aaa0a5171fb6488be9aee6"},"potentialAction":[{"@type":"SearchAction","target":{"@type":"EntryPoint","urlTemplate":"https:\/\/minutocerord.com\/?s={search_term_string}"},"query-input":{"@type":"PropertyValueSpecification","valueRequired":true,"valueName":"search_term_string"}}],"inLanguage":"es-DO"},{"@type":["Person","Organization"],"@id":"https:\/\/minutocerord.com\/#\/schema\/person\/60b5372d60aaa0a5171fb6488be9aee6","name":"Genof\u00f3ntes Urb\u00e1ez","image":{"@type":"ImageObject","inLanguage":"es-DO","@id":"https:\/\/secure.gravatar.com\/avatar\/a49ef3186a692098ac3e8a1612261e3ad70cf9e44553dff2929e67939a0ecb9d?s=96&d=identicon&r=g","url":"https:\/\/secure.gravatar.com\/avatar\/a49ef3186a692098ac3e8a1612261e3ad70cf9e44553dff2929e67939a0ecb9d?s=96&d=identicon&r=g","contentUrl":"https:\/\/secure.gravatar.com\/avatar\/a49ef3186a692098ac3e8a1612261e3ad70cf9e44553dff2929e67939a0ecb9d?s=96&d=identicon&r=g","caption":"Genof\u00f3ntes Urb\u00e1ez"},"logo":{"@id":"https:\/\/secure.gravatar.com\/avatar\/a49ef3186a692098ac3e8a1612261e3ad70cf9e44553dff2929e67939a0ecb9d?s=96&d=identicon&r=g"},"description":"Periodista \/ Locutor","sameAs":["https:\/\/www.facebook.com\/Genofnotes","https:\/\/www.instagram.com\/genofnotes\/"]}]}},"jetpack_publicize_connections":[],"jetpack_featured_media_url":"https:\/\/i0.wp.com\/minutocerord.com\/wp-content\/uploads\/2021\/05\/multimedia.normal.9eb8faf0ee9dbee5.39385f6e6f726d616c2e6a7067.jpg?fit=1080%2C600&ssl=1","jetpack-related-posts":[],"jetpack_sharing_enabled":true,"_links":{"self":[{"href":"https:\/\/minutocerord.com\/index.php?rest_route=\/wp\/v2\/posts\/4179","targetHints":{"allow":["GET"]}}],"collection":[{"href":"https:\/\/minutocerord.com\/index.php?rest_route=\/wp\/v2\/posts"}],"about":[{"href":"https:\/\/minutocerord.com\/index.php?rest_route=\/wp\/v2\/types\/post"}],"author":[{"embeddable":true,"href":"https:\/\/minutocerord.com\/index.php?rest_route=\/wp\/v2\/users\/1"}],"replies":[{"embeddable":true,"href":"https:\/\/minutocerord.com\/index.php?rest_route=%2Fwp%2Fv2%2Fcomments&post=4179"}],"version-history":[{"count":1,"href":"https:\/\/minutocerord.com\/index.php?rest_route=\/wp\/v2\/posts\/4179\/revisions"}],"predecessor-version":[{"id":4181,"href":"https:\/\/minutocerord.com\/index.php?rest_route=\/wp\/v2\/posts\/4179\/revisions\/4181"}],"wp:featuredmedia":[{"embeddable":true,"href":"https:\/\/minutocerord.com\/index.php?rest_route=\/wp\/v2\/media\/4180"}],"wp:attachment":[{"href":"https:\/\/minutocerord.com\/index.php?rest_route=%2Fwp%2Fv2%2Fmedia&parent=4179"}],"wp:term":[{"taxonomy":"category","embeddable":true,"href":"https:\/\/minutocerord.com\/index.php?rest_route=%2Fwp%2Fv2%2Fcategories&post=4179"},{"taxonomy":"post_tag","embeddable":true,"href":"https:\/\/minutocerord.com\/index.php?rest_route=%2Fwp%2Fv2%2Ftags&post=4179"}],"curies":[{"name":"wp","href":"https:\/\/api.w.org\/{rel}","templated":true}]}}