{"id":4182,"date":"2021-05-05T21:14:25","date_gmt":"2021-05-06T01:14:25","guid":{"rendered":"https:\/\/minutocerord.com\/?p=4182"},"modified":"2021-05-05T21:14:30","modified_gmt":"2021-05-06T01:14:30","slug":"colombia-91-heridos-en-ataques-a-policia-miles-marchan-segundo-paro","status":"publish","type":"post","link":"https:\/\/minutocerord.com\/?p=4182","title":{"rendered":"COLOMBIA: 91 heridos en ataques a Polic\u00eda; miles marchan segundo paro"},"content":{"rendered":"\n<figure class=\"wp-block-embed is-type-video is-provider-youtube wp-block-embed-youtube wp-embed-aspect-16-9 wp-has-aspect-ratio\"><div class=\"wp-block-embed__wrapper\">\n<iframe loading=\"lazy\" title=\"91 heridos es el saldo que deja la noche de ataques a la Polic\u00eda en Bogot\u00e1\" width=\"640\" height=\"360\" src=\"https:\/\/www.youtube.com\/embed\/WXwJMO-TM8s?feature=oembed\" frameborder=\"0\" allow=\"accelerometer; autoplay; clipboard-write; encrypted-media; gyroscope; picture-in-picture; web-share\" referrerpolicy=\"strict-origin-when-cross-origin\" allowfullscreen><\/iframe>\n<\/div><\/figure>\n\n\n\n<p>Al menos 72 civiles y 19 polic\u00edas fueron heridos en la asonada de anoche en Bogot\u00e1, en la que v\u00e1ndalos atacaron al menos 23 estaciones de polic\u00eda, una de las cuales fue incendiada con diez agentes dentro, en v\u00edsperas de un nuevo \u00abparo nacional\u00bb contra el Gobierno del presidente colombiano, Iv\u00e1n Duque.<\/p>\n\n\n\n<p>\u00abA lo largo de la madrugada seguimos trasladando y recibiendo heridos a nuestros hospitales. Tenemos 72 civiles y 19 polic\u00edas heridos en las protestas\u00bb, manifest\u00f3 el secretario de Gobierno de Bogot\u00e1, Luis Ernesto G\u00f3mez.<\/p>\n\n\n\n<p>Miles de colombianos salieron este mi\u00e9rcoles nuevamente a las calles del pa\u00eds en el comienzo del segundo \u00abparo nacional\u00bb de protesta contra el Gobierno del presidente Iv\u00e1n Duque, despu\u00e9s de una semana de intensas manifestaciones y violencia con decenas de muertos.<\/p>\n\n\n\n<p>El inicio festivo de la jornada contrasta con lo vivido en Bogot\u00e1 entre la noche del martes y la madrugada de hoy en la que v\u00e1ndalos atacaron 23 estaciones de polic\u00eda, una de las cuales fue incendiada con diez agentes adentro, asonadas que dejaron 72 civiles y 19 polic\u00edas heridos.<\/p>\n","protected":false},"excerpt":{"rendered":"<p>Al menos 72 civiles y 19 polic\u00edas fueron heridos en la asonada de anoche en Bogot\u00e1, en la que v\u00e1ndalos atacaron al menos 23 estaciones de polic\u00eda, una de las cuales fue incendiada con diez agentes dentro, en v\u00edsperas de un nuevo \u00abparo nacional\u00bb contra el Gobierno del presidente colombiano, Iv\u00e1n Duque. \u00abA lo largo [&hellip;]<\/p>\n","protected":false},"author":1,"featured_media":4184,"comment_status":"open","ping_status":"open","sticky":false,"template":"","format":"standard","meta":{"nf_dc_page":"","jetpack_post_was_ever_published":false,"_jetpack_newsletter_access":"","_jetpack_dont_email_post_to_subs":false,"_jetpack_newsletter_tier_id":0,"_jetpack_memberships_contains_paywalled_content":false,"_jetpack_memberships_contains_paid_content":false,"footnotes":"","jetpack_publicize_message":"","jetpack_publicize_feature_enabled":true,"jetpack_social_post_already_shared":false,"jetpack_social_options":{"image_generator_settings":{"template":"highway","default_image_id":0,"font":"","enabled":false},"version":2}},"categories":[66],"tags":[],"class_list":["post-4182","post","type-post","status-publish","format-standard","has-post-thumbnail","hentry","category-internacionales"],"yoast_head":"<!-- This site is optimized with the Yoast SEO plugin v27.5 - https:\/\/yoast.com\/product\/yoast-seo-wordpress\/ -->\n<title>COLOMBIA: 91 heridos en ataques a Polic\u00eda; miles marchan segundo paro - Minuto Cero RD<\/title>\n<meta name=\"robots\" content=\"index, follow, max-snippet:-1, max-image-preview:large, max-video-preview:-1\" \/>\n<link rel=\"canonical\" href=\"http:\/\/minutocerord.com\/?p=4182\" \/>\n<meta property=\"og:locale\" content=\"es_ES\" \/>\n<meta property=\"og:type\" content=\"article\" \/>\n<meta property=\"og:title\" content=\"COLOMBIA: 91 heridos en ataques a Polic\u00eda; miles marchan segundo paro - Minuto Cero RD\" \/>\n<meta property=\"og:description\" content=\"Al menos 72 civiles y 19 polic\u00edas fueron heridos en la asonada de anoche en Bogot\u00e1, en la que v\u00e1ndalos atacaron al menos 23 estaciones de polic\u00eda, una de las cuales fue incendiada con diez agentes dentro, en v\u00edsperas de un nuevo \u00abparo nacional\u00bb contra el Gobierno del presidente colombiano, Iv\u00e1n Duque. \u00abA lo largo [&hellip;]\" \/>\n<meta property=\"og:url\" content=\"http:\/\/minutocerord.com\/?p=4182\" \/>\n<meta property=\"og:site_name\" content=\"Minuto Cero RD\" \/>\n<meta property=\"article:publisher\" content=\"https:\/\/www.facebook.com\/Genofnotes\" \/>\n<meta property=\"article:author\" content=\"https:\/\/www.facebook.com\/Genofnotes\" \/>\n<meta property=\"article:published_time\" content=\"2021-05-06T01:14:25+00:00\" \/>\n<meta property=\"article:modified_time\" content=\"2021-05-06T01:14:30+00:00\" \/>\n<meta property=\"og:image\" content=\"https:\/\/i0.wp.com\/minutocerord.com\/wp-content\/uploads\/2021\/05\/otra.jpg?fit=900%2C507\" \/>\n\t<meta property=\"og:image:width\" content=\"900\" \/>\n\t<meta property=\"og:image:height\" content=\"507\" \/>\n\t<meta property=\"og:image:type\" content=\"image\/jpeg\" \/>\n<meta name=\"author\" content=\"Genof\u00f3ntes Urb\u00e1ez\" \/>\n<meta name=\"twitter:card\" content=\"summary_large_image\" \/>\n<meta name=\"twitter:label1\" content=\"Written by\" \/>\n\t<meta name=\"twitter:data1\" content=\"Genof\u00f3ntes Urb\u00e1ez\" \/>\n\t<meta name=\"twitter:label2\" content=\"Est. reading time\" \/>\n\t<meta name=\"twitter:data2\" content=\"1 minuto\" \/>\n<script type=\"application\/ld+json\" class=\"yoast-schema-graph\">{\"@context\":\"https:\\\/\\\/schema.org\",\"@graph\":[{\"@type\":\"Article\",\"@id\":\"http:\\\/\\\/minutocerord.com\\\/?p=4182#article\",\"isPartOf\":{\"@id\":\"http:\\\/\\\/minutocerord.com\\\/?p=4182\"},\"author\":{\"name\":\"Genof\u00f3ntes Urb\u00e1ez\",\"@id\":\"https:\\\/\\\/minutocerord.com\\\/#\\\/schema\\\/person\\\/60b5372d60aaa0a5171fb6488be9aee6\"},\"headline\":\"COLOMBIA: 91 heridos en ataques a Polic\u00eda; miles marchan segundo paro\",\"datePublished\":\"2021-05-06T01:14:25+00:00\",\"dateModified\":\"2021-05-06T01:14:30+00:00\",\"mainEntityOfPage\":{\"@id\":\"http:\\\/\\\/minutocerord.com\\\/?p=4182\"},\"wordCount\":199,\"commentCount\":0,\"publisher\":{\"@id\":\"https:\\\/\\\/minutocerord.com\\\/#\\\/schema\\\/person\\\/60b5372d60aaa0a5171fb6488be9aee6\"},\"image\":{\"@id\":\"http:\\\/\\\/minutocerord.com\\\/?p=4182#primaryimage\"},\"thumbnailUrl\":\"https:\\\/\\\/i0.wp.com\\\/minutocerord.com\\\/wp-content\\\/uploads\\\/2021\\\/05\\\/otra.jpg?fit=900%2C507&ssl=1\",\"articleSection\":[\"Internacionales\"],\"inLanguage\":\"es-DO\",\"potentialAction\":[{\"@type\":\"CommentAction\",\"name\":\"Comment\",\"target\":[\"http:\\\/\\\/minutocerord.com\\\/?p=4182#respond\"]}]},{\"@type\":\"WebPage\",\"@id\":\"http:\\\/\\\/minutocerord.com\\\/?p=4182\",\"url\":\"http:\\\/\\\/minutocerord.com\\\/?p=4182\",\"name\":\"COLOMBIA: 91 heridos en ataques a Polic\u00eda; miles marchan segundo paro - Minuto Cero RD\",\"isPartOf\":{\"@id\":\"https:\\\/\\\/minutocerord.com\\\/#website\"},\"primaryImageOfPage\":{\"@id\":\"http:\\\/\\\/minutocerord.com\\\/?p=4182#primaryimage\"},\"image\":{\"@id\":\"http:\\\/\\\/minutocerord.com\\\/?p=4182#primaryimage\"},\"thumbnailUrl\":\"https:\\\/\\\/i0.wp.com\\\/minutocerord.com\\\/wp-content\\\/uploads\\\/2021\\\/05\\\/otra.jpg?fit=900%2C507&ssl=1\",\"datePublished\":\"2021-05-06T01:14:25+00:00\",\"dateModified\":\"2021-05-06T01:14:30+00:00\",\"breadcrumb\":{\"@id\":\"http:\\\/\\\/minutocerord.com\\\/?p=4182#breadcrumb\"},\"inLanguage\":\"es-DO\",\"potentialAction\":[{\"@type\":\"ReadAction\",\"target\":[\"http:\\\/\\\/minutocerord.com\\\/?p=4182\"]}]},{\"@type\":\"ImageObject\",\"inLanguage\":\"es-DO\",\"@id\":\"http:\\\/\\\/minutocerord.com\\\/?p=4182#primaryimage\",\"url\":\"https:\\\/\\\/i0.wp.com\\\/minutocerord.com\\\/wp-content\\\/uploads\\\/2021\\\/05\\\/otra.jpg?fit=900%2C507&ssl=1\",\"contentUrl\":\"https:\\\/\\\/i0.wp.com\\\/minutocerord.com\\\/wp-content\\\/uploads\\\/2021\\\/05\\\/otra.jpg?fit=900%2C507&ssl=1\",\"width\":900,\"height\":507},{\"@type\":\"BreadcrumbList\",\"@id\":\"http:\\\/\\\/minutocerord.com\\\/?p=4182#breadcrumb\",\"itemListElement\":[{\"@type\":\"ListItem\",\"position\":1,\"name\":\"Home\",\"item\":\"https:\\\/\\\/minutocerord.com\\\/\"},{\"@type\":\"ListItem\",\"position\":2,\"name\":\"COLOMBIA: 91 heridos en ataques a Polic\u00eda; miles marchan segundo paro\"}]},{\"@type\":\"WebSite\",\"@id\":\"https:\\\/\\\/minutocerord.com\\\/#website\",\"url\":\"https:\\\/\\\/minutocerord.com\\\/\",\"name\":\"Minuto Cero RD\",\"description\":\"Periodismo serio y veraz\",\"publisher\":{\"@id\":\"https:\\\/\\\/minutocerord.com\\\/#\\\/schema\\\/person\\\/60b5372d60aaa0a5171fb6488be9aee6\"},\"potentialAction\":[{\"@type\":\"SearchAction\",\"target\":{\"@type\":\"EntryPoint\",\"urlTemplate\":\"https:\\\/\\\/minutocerord.com\\\/?s={search_term_string}\"},\"query-input\":{\"@type\":\"PropertyValueSpecification\",\"valueRequired\":true,\"valueName\":\"search_term_string\"}}],\"inLanguage\":\"es-DO\"},{\"@type\":[\"Person\",\"Organization\"],\"@id\":\"https:\\\/\\\/minutocerord.com\\\/#\\\/schema\\\/person\\\/60b5372d60aaa0a5171fb6488be9aee6\",\"name\":\"Genof\u00f3ntes Urb\u00e1ez\",\"image\":{\"@type\":\"ImageObject\",\"inLanguage\":\"es-DO\",\"@id\":\"https:\\\/\\\/secure.gravatar.com\\\/avatar\\\/a49ef3186a692098ac3e8a1612261e3ad70cf9e44553dff2929e67939a0ecb9d?s=96&d=identicon&r=g\",\"url\":\"https:\\\/\\\/secure.gravatar.com\\\/avatar\\\/a49ef3186a692098ac3e8a1612261e3ad70cf9e44553dff2929e67939a0ecb9d?s=96&d=identicon&r=g\",\"contentUrl\":\"https:\\\/\\\/secure.gravatar.com\\\/avatar\\\/a49ef3186a692098ac3e8a1612261e3ad70cf9e44553dff2929e67939a0ecb9d?s=96&d=identicon&r=g\",\"caption\":\"Genof\u00f3ntes Urb\u00e1ez\"},\"logo\":{\"@id\":\"https:\\\/\\\/secure.gravatar.com\\\/avatar\\\/a49ef3186a692098ac3e8a1612261e3ad70cf9e44553dff2929e67939a0ecb9d?s=96&d=identicon&r=g\"},\"description\":\"Periodista \\\/ Locutor\",\"sameAs\":[\"https:\\\/\\\/www.facebook.com\\\/Genofnotes\",\"https:\\\/\\\/www.instagram.com\\\/genofnotes\\\/\"]}]}<\/script>\n<!-- \/ Yoast SEO plugin. -->","yoast_head_json":{"title":"COLOMBIA: 91 heridos en ataques a Polic\u00eda; miles marchan segundo paro - Minuto Cero RD","robots":{"index":"index","follow":"follow","max-snippet":"max-snippet:-1","max-image-preview":"max-image-preview:large","max-video-preview":"max-video-preview:-1"},"canonical":"http:\/\/minutocerord.com\/?p=4182","og_locale":"es_ES","og_type":"article","og_title":"COLOMBIA: 91 heridos en ataques a Polic\u00eda; miles marchan segundo paro - Minuto Cero RD","og_description":"Al menos 72 civiles y 19 polic\u00edas fueron heridos en la asonada de anoche en Bogot\u00e1, en la que v\u00e1ndalos atacaron al menos 23 estaciones de polic\u00eda, una de las cuales fue incendiada con diez agentes dentro, en v\u00edsperas de un nuevo \u00abparo nacional\u00bb contra el Gobierno del presidente colombiano, Iv\u00e1n Duque. \u00abA lo largo [&hellip;]","og_url":"http:\/\/minutocerord.com\/?p=4182","og_site_name":"Minuto Cero RD","article_publisher":"https:\/\/www.facebook.com\/Genofnotes","article_author":"https:\/\/www.facebook.com\/Genofnotes","article_published_time":"2021-05-06T01:14:25+00:00","article_modified_time":"2021-05-06T01:14:30+00:00","og_image":[{"width":900,"height":507,"url":"https:\/\/i0.wp.com\/minutocerord.com\/wp-content\/uploads\/2021\/05\/otra.jpg?fit=900%2C507","type":"image\/jpeg"}],"author":"Genof\u00f3ntes Urb\u00e1ez","twitter_card":"summary_large_image","twitter_misc":{"Written by":"Genof\u00f3ntes Urb\u00e1ez","Est. reading time":"1 minuto"},"schema":{"@context":"https:\/\/schema.org","@graph":[{"@type":"Article","@id":"http:\/\/minutocerord.com\/?p=4182#article","isPartOf":{"@id":"http:\/\/minutocerord.com\/?p=4182"},"author":{"name":"Genof\u00f3ntes Urb\u00e1ez","@id":"https:\/\/minutocerord.com\/#\/schema\/person\/60b5372d60aaa0a5171fb6488be9aee6"},"headline":"COLOMBIA: 91 heridos en ataques a Polic\u00eda; miles marchan segundo paro","datePublished":"2021-05-06T01:14:25+00:00","dateModified":"2021-05-06T01:14:30+00:00","mainEntityOfPage":{"@id":"http:\/\/minutocerord.com\/?p=4182"},"wordCount":199,"commentCount":0,"publisher":{"@id":"https:\/\/minutocerord.com\/#\/schema\/person\/60b5372d60aaa0a5171fb6488be9aee6"},"image":{"@id":"http:\/\/minutocerord.com\/?p=4182#primaryimage"},"thumbnailUrl":"https:\/\/i0.wp.com\/minutocerord.com\/wp-content\/uploads\/2021\/05\/otra.jpg?fit=900%2C507&ssl=1","articleSection":["Internacionales"],"inLanguage":"es-DO","potentialAction":[{"@type":"CommentAction","name":"Comment","target":["http:\/\/minutocerord.com\/?p=4182#respond"]}]},{"@type":"WebPage","@id":"http:\/\/minutocerord.com\/?p=4182","url":"http:\/\/minutocerord.com\/?p=4182","name":"COLOMBIA: 91 heridos en ataques a Polic\u00eda; miles marchan segundo paro - Minuto Cero RD","isPartOf":{"@id":"https:\/\/minutocerord.com\/#website"},"primaryImageOfPage":{"@id":"http:\/\/minutocerord.com\/?p=4182#primaryimage"},"image":{"@id":"http:\/\/minutocerord.com\/?p=4182#primaryimage"},"thumbnailUrl":"https:\/\/i0.wp.com\/minutocerord.com\/wp-content\/uploads\/2021\/05\/otra.jpg?fit=900%2C507&ssl=1","datePublished":"2021-05-06T01:14:25+00:00","dateModified":"2021-05-06T01:14:30+00:00","breadcrumb":{"@id":"http:\/\/minutocerord.com\/?p=4182#breadcrumb"},"inLanguage":"es-DO","potentialAction":[{"@type":"ReadAction","target":["http:\/\/minutocerord.com\/?p=4182"]}]},{"@type":"ImageObject","inLanguage":"es-DO","@id":"http:\/\/minutocerord.com\/?p=4182#primaryimage","url":"https:\/\/i0.wp.com\/minutocerord.com\/wp-content\/uploads\/2021\/05\/otra.jpg?fit=900%2C507&ssl=1","contentUrl":"https:\/\/i0.wp.com\/minutocerord.com\/wp-content\/uploads\/2021\/05\/otra.jpg?fit=900%2C507&ssl=1","width":900,"height":507},{"@type":"BreadcrumbList","@id":"http:\/\/minutocerord.com\/?p=4182#breadcrumb","itemListElement":[{"@type":"ListItem","position":1,"name":"Home","item":"https:\/\/minutocerord.com\/"},{"@type":"ListItem","position":2,"name":"COLOMBIA: 91 heridos en ataques a Polic\u00eda; miles marchan segundo paro"}]},{"@type":"WebSite","@id":"https:\/\/minutocerord.com\/#website","url":"https:\/\/minutocerord.com\/","name":"Minuto Cero RD","description":"Periodismo serio y veraz","publisher":{"@id":"https:\/\/minutocerord.com\/#\/schema\/person\/60b5372d60aaa0a5171fb6488be9aee6"},"potentialAction":[{"@type":"SearchAction","target":{"@type":"EntryPoint","urlTemplate":"https:\/\/minutocerord.com\/?s={search_term_string}"},"query-input":{"@type":"PropertyValueSpecification","valueRequired":true,"valueName":"search_term_string"}}],"inLanguage":"es-DO"},{"@type":["Person","Organization"],"@id":"https:\/\/minutocerord.com\/#\/schema\/person\/60b5372d60aaa0a5171fb6488be9aee6","name":"Genof\u00f3ntes Urb\u00e1ez","image":{"@type":"ImageObject","inLanguage":"es-DO","@id":"https:\/\/secure.gravatar.com\/avatar\/a49ef3186a692098ac3e8a1612261e3ad70cf9e44553dff2929e67939a0ecb9d?s=96&d=identicon&r=g","url":"https:\/\/secure.gravatar.com\/avatar\/a49ef3186a692098ac3e8a1612261e3ad70cf9e44553dff2929e67939a0ecb9d?s=96&d=identicon&r=g","contentUrl":"https:\/\/secure.gravatar.com\/avatar\/a49ef3186a692098ac3e8a1612261e3ad70cf9e44553dff2929e67939a0ecb9d?s=96&d=identicon&r=g","caption":"Genof\u00f3ntes Urb\u00e1ez"},"logo":{"@id":"https:\/\/secure.gravatar.com\/avatar\/a49ef3186a692098ac3e8a1612261e3ad70cf9e44553dff2929e67939a0ecb9d?s=96&d=identicon&r=g"},"description":"Periodista \/ Locutor","sameAs":["https:\/\/www.facebook.com\/Genofnotes","https:\/\/www.instagram.com\/genofnotes\/"]}]}},"jetpack_publicize_connections":[],"jetpack_featured_media_url":"https:\/\/i0.wp.com\/minutocerord.com\/wp-content\/uploads\/2021\/05\/otra.jpg?fit=900%2C507&ssl=1","jetpack-related-posts":[],"jetpack_sharing_enabled":true,"_links":{"self":[{"href":"https:\/\/minutocerord.com\/index.php?rest_route=\/wp\/v2\/posts\/4182","targetHints":{"allow":["GET"]}}],"collection":[{"href":"https:\/\/minutocerord.com\/index.php?rest_route=\/wp\/v2\/posts"}],"about":[{"href":"https:\/\/minutocerord.com\/index.php?rest_route=\/wp\/v2\/types\/post"}],"author":[{"embeddable":true,"href":"https:\/\/minutocerord.com\/index.php?rest_route=\/wp\/v2\/users\/1"}],"replies":[{"embeddable":true,"href":"https:\/\/minutocerord.com\/index.php?rest_route=%2Fwp%2Fv2%2Fcomments&post=4182"}],"version-history":[{"count":1,"href":"https:\/\/minutocerord.com\/index.php?rest_route=\/wp\/v2\/posts\/4182\/revisions"}],"predecessor-version":[{"id":4185,"href":"https:\/\/minutocerord.com\/index.php?rest_route=\/wp\/v2\/posts\/4182\/revisions\/4185"}],"wp:featuredmedia":[{"embeddable":true,"href":"https:\/\/minutocerord.com\/index.php?rest_route=\/wp\/v2\/media\/4184"}],"wp:attachment":[{"href":"https:\/\/minutocerord.com\/index.php?rest_route=%2Fwp%2Fv2%2Fmedia&parent=4182"}],"wp:term":[{"taxonomy":"category","embeddable":true,"href":"https:\/\/minutocerord.com\/index.php?rest_route=%2Fwp%2Fv2%2Fcategories&post=4182"},{"taxonomy":"post_tag","embeddable":true,"href":"https:\/\/minutocerord.com\/index.php?rest_route=%2Fwp%2Fv2%2Ftags&post=4182"}],"curies":[{"name":"wp","href":"https:\/\/api.w.org\/{rel}","templated":true}]}}