{"id":4189,"date":"2021-05-09T00:49:41","date_gmt":"2021-05-09T04:49:41","guid":{"rendered":"https:\/\/minutocerord.com\/?p=4189"},"modified":"2021-05-09T00:49:47","modified_gmt":"2021-05-09T04:49:47","slug":"turismo-se-recupera-ocupa-la-semana-en-republica-dominicana","status":"publish","type":"post","link":"https:\/\/minutocerord.com\/?p=4189","title":{"rendered":"Turismo se recupera ocupa la semana en Rep\u00fablica Dominicana"},"content":{"rendered":"\n<p>La v\u00edspera, los Ministros de Turismo de las Am\u00e9ricas, convocados por la Organizaci\u00f3n Mundial del Turismo (OMT), se reunieron en el destino de Punta Cana, ubicado en el este del pa\u00eds para discutir acerca de la supervivencia y perspectivas del sector en los pa\u00edses de estos territorios.<\/p>\n\n\n\n<p>Como colof\u00f3n del encuentro fue firmada por los participantes la Declaraci\u00f3n de Punta Cana, la cual estableci\u00f3 los lineamientos claves y el compromiso de los l\u00edderes de la presentes para relanzar el sector, impulsando un turismo sostenible e inclusivo.<\/p>\n\n\n\n<p>Asimismo,&nbsp; los firmantes priorizaron la adopci\u00f3n y difusi\u00f3n de protocolos internacionales unificados de bioseguridad y reconocieron \u00abla innovaci\u00f3n y la transformaci\u00f3n digital como factores esenciales para que el turismo sea m\u00e1s resiliente\u00bb.<\/p>\n\n\n\n<p>Por otra parte, el documento orient\u00f3 la reactivaci\u00f3n hacia un sector responsable y sostenible, que promueva la inclusi\u00f3n, igualdad de g\u00e9nero y accesibilidad para todos, en l\u00ednea con la Agenda 2030 para el Desarrollo Sostenible.<\/p>\n\n\n\n<p>Inst\u00f3 a los \u00abgobiernos de las Am\u00e9ricas, en el marco de la soberan\u00eda de los estados miembros, coordinen sus pol\u00edticas de trabajo para garantizar la salvaguarda de los medios de vida, las culturas y los saberes ancestrales, y la protecci\u00f3n de los segmentos m\u00e1s vulnerables de la sociedad\u00bb, entre otros aspectos.<\/p>\n\n\n\n<p>En el encuentro, inaugurado por el presidente dominicano, Luis Abinader, junto al secretario general de la OMT, Zurab Pololikashvili, y el ministro de turismo de Dominicana, David Collado, participaron de forma presencial adem\u00e1s de los anfitriones, representantes de Brasil, Colombia, Cuba, El Salvador, Guatemala y Hait\u00ed.<\/p>\n\n\n\n<p>Tambi\u00e9n de Honduras, M\u00e9xico, Panam\u00e1, Puerto Rico, Uruguay y Venezuela, mientras de manera virtual, Argentina, Barbados, Bolivia, Chile, Nicaragua y Per\u00fa.<\/p>\n","protected":false},"excerpt":{"rendered":"<p>La v\u00edspera, los Ministros de Turismo de las Am\u00e9ricas, convocados por la Organizaci\u00f3n Mundial del Turismo (OMT), se reunieron en el destino de Punta Cana, ubicado en el este del pa\u00eds para discutir acerca de la supervivencia y perspectivas del sector en los pa\u00edses de estos territorios. Como colof\u00f3n del encuentro fue firmada por los [&hellip;]<\/p>\n","protected":false},"author":1,"featured_media":4190,"comment_status":"open","ping_status":"open","sticky":false,"template":"","format":"standard","meta":{"nf_dc_page":"","jetpack_post_was_ever_published":false,"_jetpack_newsletter_access":"","_jetpack_dont_email_post_to_subs":false,"_jetpack_newsletter_tier_id":0,"_jetpack_memberships_contains_paywalled_content":false,"_jetpack_memberships_contains_paid_content":false,"footnotes":"","jetpack_publicize_message":"","jetpack_publicize_feature_enabled":true,"jetpack_social_post_already_shared":false,"jetpack_social_options":{"image_generator_settings":{"template":"highway","default_image_id":0,"font":"","enabled":false},"version":2}},"categories":[74],"tags":[],"class_list":["post-4189","post","type-post","status-publish","format-standard","has-post-thumbnail","hentry","category-economicas"],"yoast_head":"<!-- This site is optimized with the Yoast SEO plugin v27.5 - https:\/\/yoast.com\/product\/yoast-seo-wordpress\/ -->\n<title>Turismo se recupera ocupa la semana en Rep\u00fablica Dominicana - Minuto Cero RD<\/title>\n<meta name=\"robots\" content=\"index, follow, max-snippet:-1, max-image-preview:large, max-video-preview:-1\" \/>\n<link rel=\"canonical\" href=\"http:\/\/minutocerord.com\/?p=4189\" \/>\n<meta property=\"og:locale\" content=\"es_ES\" \/>\n<meta property=\"og:type\" content=\"article\" \/>\n<meta property=\"og:title\" content=\"Turismo se recupera ocupa la semana en Rep\u00fablica Dominicana - Minuto Cero RD\" \/>\n<meta property=\"og:description\" content=\"La v\u00edspera, los Ministros de Turismo de las Am\u00e9ricas, convocados por la Organizaci\u00f3n Mundial del Turismo (OMT), se reunieron en el destino de Punta Cana, ubicado en el este del pa\u00eds para discutir acerca de la supervivencia y perspectivas del sector en los pa\u00edses de estos territorios. Como colof\u00f3n del encuentro fue firmada por los [&hellip;]\" \/>\n<meta property=\"og:url\" content=\"http:\/\/minutocerord.com\/?p=4189\" \/>\n<meta property=\"og:site_name\" content=\"Minuto Cero RD\" \/>\n<meta property=\"article:publisher\" content=\"https:\/\/www.facebook.com\/Genofnotes\" \/>\n<meta property=\"article:author\" content=\"https:\/\/www.facebook.com\/Genofnotes\" \/>\n<meta property=\"article:published_time\" content=\"2021-05-09T04:49:41+00:00\" \/>\n<meta property=\"article:modified_time\" content=\"2021-05-09T04:49:47+00:00\" \/>\n<meta property=\"og:image\" content=\"https:\/\/i0.wp.com\/minutocerord.com\/wp-content\/uploads\/2021\/05\/recuperacc.jpg?fit=800%2C554\" \/>\n\t<meta property=\"og:image:width\" content=\"800\" \/>\n\t<meta property=\"og:image:height\" content=\"554\" \/>\n\t<meta property=\"og:image:type\" content=\"image\/jpeg\" \/>\n<meta name=\"author\" content=\"Genof\u00f3ntes Urb\u00e1ez\" \/>\n<meta name=\"twitter:card\" content=\"summary_large_image\" \/>\n<meta name=\"twitter:label1\" content=\"Written by\" \/>\n\t<meta name=\"twitter:data1\" content=\"Genof\u00f3ntes Urb\u00e1ez\" \/>\n\t<meta name=\"twitter:label2\" content=\"Est. reading time\" \/>\n\t<meta name=\"twitter:data2\" content=\"2 minutos\" \/>\n<script type=\"application\/ld+json\" class=\"yoast-schema-graph\">{\"@context\":\"https:\\\/\\\/schema.org\",\"@graph\":[{\"@type\":\"Article\",\"@id\":\"http:\\\/\\\/minutocerord.com\\\/?p=4189#article\",\"isPartOf\":{\"@id\":\"http:\\\/\\\/minutocerord.com\\\/?p=4189\"},\"author\":{\"name\":\"Genof\u00f3ntes Urb\u00e1ez\",\"@id\":\"https:\\\/\\\/minutocerord.com\\\/#\\\/schema\\\/person\\\/60b5372d60aaa0a5171fb6488be9aee6\"},\"headline\":\"Turismo se recupera ocupa la semana en Rep\u00fablica Dominicana\",\"datePublished\":\"2021-05-09T04:49:41+00:00\",\"dateModified\":\"2021-05-09T04:49:47+00:00\",\"mainEntityOfPage\":{\"@id\":\"http:\\\/\\\/minutocerord.com\\\/?p=4189\"},\"wordCount\":306,\"commentCount\":0,\"publisher\":{\"@id\":\"https:\\\/\\\/minutocerord.com\\\/#\\\/schema\\\/person\\\/60b5372d60aaa0a5171fb6488be9aee6\"},\"image\":{\"@id\":\"http:\\\/\\\/minutocerord.com\\\/?p=4189#primaryimage\"},\"thumbnailUrl\":\"https:\\\/\\\/i0.wp.com\\\/minutocerord.com\\\/wp-content\\\/uploads\\\/2021\\\/05\\\/recuperacc.jpg?fit=800%2C554&ssl=1\",\"articleSection\":[\"Econ\u00f3micas\"],\"inLanguage\":\"es-DO\",\"potentialAction\":[{\"@type\":\"CommentAction\",\"name\":\"Comment\",\"target\":[\"http:\\\/\\\/minutocerord.com\\\/?p=4189#respond\"]}]},{\"@type\":\"WebPage\",\"@id\":\"http:\\\/\\\/minutocerord.com\\\/?p=4189\",\"url\":\"http:\\\/\\\/minutocerord.com\\\/?p=4189\",\"name\":\"Turismo se recupera ocupa la semana en Rep\u00fablica Dominicana - Minuto Cero RD\",\"isPartOf\":{\"@id\":\"https:\\\/\\\/minutocerord.com\\\/#website\"},\"primaryImageOfPage\":{\"@id\":\"http:\\\/\\\/minutocerord.com\\\/?p=4189#primaryimage\"},\"image\":{\"@id\":\"http:\\\/\\\/minutocerord.com\\\/?p=4189#primaryimage\"},\"thumbnailUrl\":\"https:\\\/\\\/i0.wp.com\\\/minutocerord.com\\\/wp-content\\\/uploads\\\/2021\\\/05\\\/recuperacc.jpg?fit=800%2C554&ssl=1\",\"datePublished\":\"2021-05-09T04:49:41+00:00\",\"dateModified\":\"2021-05-09T04:49:47+00:00\",\"breadcrumb\":{\"@id\":\"http:\\\/\\\/minutocerord.com\\\/?p=4189#breadcrumb\"},\"inLanguage\":\"es-DO\",\"potentialAction\":[{\"@type\":\"ReadAction\",\"target\":[\"http:\\\/\\\/minutocerord.com\\\/?p=4189\"]}]},{\"@type\":\"ImageObject\",\"inLanguage\":\"es-DO\",\"@id\":\"http:\\\/\\\/minutocerord.com\\\/?p=4189#primaryimage\",\"url\":\"https:\\\/\\\/i0.wp.com\\\/minutocerord.com\\\/wp-content\\\/uploads\\\/2021\\\/05\\\/recuperacc.jpg?fit=800%2C554&ssl=1\",\"contentUrl\":\"https:\\\/\\\/i0.wp.com\\\/minutocerord.com\\\/wp-content\\\/uploads\\\/2021\\\/05\\\/recuperacc.jpg?fit=800%2C554&ssl=1\",\"width\":800,\"height\":554},{\"@type\":\"BreadcrumbList\",\"@id\":\"http:\\\/\\\/minutocerord.com\\\/?p=4189#breadcrumb\",\"itemListElement\":[{\"@type\":\"ListItem\",\"position\":1,\"name\":\"Home\",\"item\":\"https:\\\/\\\/minutocerord.com\\\/\"},{\"@type\":\"ListItem\",\"position\":2,\"name\":\"Turismo se recupera ocupa la semana en Rep\u00fablica Dominicana\"}]},{\"@type\":\"WebSite\",\"@id\":\"https:\\\/\\\/minutocerord.com\\\/#website\",\"url\":\"https:\\\/\\\/minutocerord.com\\\/\",\"name\":\"Minuto Cero RD\",\"description\":\"Periodismo serio y veraz\",\"publisher\":{\"@id\":\"https:\\\/\\\/minutocerord.com\\\/#\\\/schema\\\/person\\\/60b5372d60aaa0a5171fb6488be9aee6\"},\"potentialAction\":[{\"@type\":\"SearchAction\",\"target\":{\"@type\":\"EntryPoint\",\"urlTemplate\":\"https:\\\/\\\/minutocerord.com\\\/?s={search_term_string}\"},\"query-input\":{\"@type\":\"PropertyValueSpecification\",\"valueRequired\":true,\"valueName\":\"search_term_string\"}}],\"inLanguage\":\"es-DO\"},{\"@type\":[\"Person\",\"Organization\"],\"@id\":\"https:\\\/\\\/minutocerord.com\\\/#\\\/schema\\\/person\\\/60b5372d60aaa0a5171fb6488be9aee6\",\"name\":\"Genof\u00f3ntes Urb\u00e1ez\",\"image\":{\"@type\":\"ImageObject\",\"inLanguage\":\"es-DO\",\"@id\":\"https:\\\/\\\/secure.gravatar.com\\\/avatar\\\/a49ef3186a692098ac3e8a1612261e3ad70cf9e44553dff2929e67939a0ecb9d?s=96&d=identicon&r=g\",\"url\":\"https:\\\/\\\/secure.gravatar.com\\\/avatar\\\/a49ef3186a692098ac3e8a1612261e3ad70cf9e44553dff2929e67939a0ecb9d?s=96&d=identicon&r=g\",\"contentUrl\":\"https:\\\/\\\/secure.gravatar.com\\\/avatar\\\/a49ef3186a692098ac3e8a1612261e3ad70cf9e44553dff2929e67939a0ecb9d?s=96&d=identicon&r=g\",\"caption\":\"Genof\u00f3ntes Urb\u00e1ez\"},\"logo\":{\"@id\":\"https:\\\/\\\/secure.gravatar.com\\\/avatar\\\/a49ef3186a692098ac3e8a1612261e3ad70cf9e44553dff2929e67939a0ecb9d?s=96&d=identicon&r=g\"},\"description\":\"Periodista \\\/ Locutor\",\"sameAs\":[\"https:\\\/\\\/www.facebook.com\\\/Genofnotes\",\"https:\\\/\\\/www.instagram.com\\\/genofnotes\\\/\"]}]}<\/script>\n<!-- \/ Yoast SEO plugin. -->","yoast_head_json":{"title":"Turismo se recupera ocupa la semana en Rep\u00fablica Dominicana - Minuto Cero RD","robots":{"index":"index","follow":"follow","max-snippet":"max-snippet:-1","max-image-preview":"max-image-preview:large","max-video-preview":"max-video-preview:-1"},"canonical":"http:\/\/minutocerord.com\/?p=4189","og_locale":"es_ES","og_type":"article","og_title":"Turismo se recupera ocupa la semana en Rep\u00fablica Dominicana - Minuto Cero RD","og_description":"La v\u00edspera, los Ministros de Turismo de las Am\u00e9ricas, convocados por la Organizaci\u00f3n Mundial del Turismo (OMT), se reunieron en el destino de Punta Cana, ubicado en el este del pa\u00eds para discutir acerca de la supervivencia y perspectivas del sector en los pa\u00edses de estos territorios. Como colof\u00f3n del encuentro fue firmada por los [&hellip;]","og_url":"http:\/\/minutocerord.com\/?p=4189","og_site_name":"Minuto Cero RD","article_publisher":"https:\/\/www.facebook.com\/Genofnotes","article_author":"https:\/\/www.facebook.com\/Genofnotes","article_published_time":"2021-05-09T04:49:41+00:00","article_modified_time":"2021-05-09T04:49:47+00:00","og_image":[{"width":800,"height":554,"url":"https:\/\/i0.wp.com\/minutocerord.com\/wp-content\/uploads\/2021\/05\/recuperacc.jpg?fit=800%2C554","type":"image\/jpeg"}],"author":"Genof\u00f3ntes Urb\u00e1ez","twitter_card":"summary_large_image","twitter_misc":{"Written by":"Genof\u00f3ntes Urb\u00e1ez","Est. reading time":"2 minutos"},"schema":{"@context":"https:\/\/schema.org","@graph":[{"@type":"Article","@id":"http:\/\/minutocerord.com\/?p=4189#article","isPartOf":{"@id":"http:\/\/minutocerord.com\/?p=4189"},"author":{"name":"Genof\u00f3ntes Urb\u00e1ez","@id":"https:\/\/minutocerord.com\/#\/schema\/person\/60b5372d60aaa0a5171fb6488be9aee6"},"headline":"Turismo se recupera ocupa la semana en Rep\u00fablica Dominicana","datePublished":"2021-05-09T04:49:41+00:00","dateModified":"2021-05-09T04:49:47+00:00","mainEntityOfPage":{"@id":"http:\/\/minutocerord.com\/?p=4189"},"wordCount":306,"commentCount":0,"publisher":{"@id":"https:\/\/minutocerord.com\/#\/schema\/person\/60b5372d60aaa0a5171fb6488be9aee6"},"image":{"@id":"http:\/\/minutocerord.com\/?p=4189#primaryimage"},"thumbnailUrl":"https:\/\/i0.wp.com\/minutocerord.com\/wp-content\/uploads\/2021\/05\/recuperacc.jpg?fit=800%2C554&ssl=1","articleSection":["Econ\u00f3micas"],"inLanguage":"es-DO","potentialAction":[{"@type":"CommentAction","name":"Comment","target":["http:\/\/minutocerord.com\/?p=4189#respond"]}]},{"@type":"WebPage","@id":"http:\/\/minutocerord.com\/?p=4189","url":"http:\/\/minutocerord.com\/?p=4189","name":"Turismo se recupera ocupa la semana en Rep\u00fablica Dominicana - Minuto Cero RD","isPartOf":{"@id":"https:\/\/minutocerord.com\/#website"},"primaryImageOfPage":{"@id":"http:\/\/minutocerord.com\/?p=4189#primaryimage"},"image":{"@id":"http:\/\/minutocerord.com\/?p=4189#primaryimage"},"thumbnailUrl":"https:\/\/i0.wp.com\/minutocerord.com\/wp-content\/uploads\/2021\/05\/recuperacc.jpg?fit=800%2C554&ssl=1","datePublished":"2021-05-09T04:49:41+00:00","dateModified":"2021-05-09T04:49:47+00:00","breadcrumb":{"@id":"http:\/\/minutocerord.com\/?p=4189#breadcrumb"},"inLanguage":"es-DO","potentialAction":[{"@type":"ReadAction","target":["http:\/\/minutocerord.com\/?p=4189"]}]},{"@type":"ImageObject","inLanguage":"es-DO","@id":"http:\/\/minutocerord.com\/?p=4189#primaryimage","url":"https:\/\/i0.wp.com\/minutocerord.com\/wp-content\/uploads\/2021\/05\/recuperacc.jpg?fit=800%2C554&ssl=1","contentUrl":"https:\/\/i0.wp.com\/minutocerord.com\/wp-content\/uploads\/2021\/05\/recuperacc.jpg?fit=800%2C554&ssl=1","width":800,"height":554},{"@type":"BreadcrumbList","@id":"http:\/\/minutocerord.com\/?p=4189#breadcrumb","itemListElement":[{"@type":"ListItem","position":1,"name":"Home","item":"https:\/\/minutocerord.com\/"},{"@type":"ListItem","position":2,"name":"Turismo se recupera ocupa la semana en Rep\u00fablica Dominicana"}]},{"@type":"WebSite","@id":"https:\/\/minutocerord.com\/#website","url":"https:\/\/minutocerord.com\/","name":"Minuto Cero RD","description":"Periodismo serio y veraz","publisher":{"@id":"https:\/\/minutocerord.com\/#\/schema\/person\/60b5372d60aaa0a5171fb6488be9aee6"},"potentialAction":[{"@type":"SearchAction","target":{"@type":"EntryPoint","urlTemplate":"https:\/\/minutocerord.com\/?s={search_term_string}"},"query-input":{"@type":"PropertyValueSpecification","valueRequired":true,"valueName":"search_term_string"}}],"inLanguage":"es-DO"},{"@type":["Person","Organization"],"@id":"https:\/\/minutocerord.com\/#\/schema\/person\/60b5372d60aaa0a5171fb6488be9aee6","name":"Genof\u00f3ntes Urb\u00e1ez","image":{"@type":"ImageObject","inLanguage":"es-DO","@id":"https:\/\/secure.gravatar.com\/avatar\/a49ef3186a692098ac3e8a1612261e3ad70cf9e44553dff2929e67939a0ecb9d?s=96&d=identicon&r=g","url":"https:\/\/secure.gravatar.com\/avatar\/a49ef3186a692098ac3e8a1612261e3ad70cf9e44553dff2929e67939a0ecb9d?s=96&d=identicon&r=g","contentUrl":"https:\/\/secure.gravatar.com\/avatar\/a49ef3186a692098ac3e8a1612261e3ad70cf9e44553dff2929e67939a0ecb9d?s=96&d=identicon&r=g","caption":"Genof\u00f3ntes Urb\u00e1ez"},"logo":{"@id":"https:\/\/secure.gravatar.com\/avatar\/a49ef3186a692098ac3e8a1612261e3ad70cf9e44553dff2929e67939a0ecb9d?s=96&d=identicon&r=g"},"description":"Periodista \/ Locutor","sameAs":["https:\/\/www.facebook.com\/Genofnotes","https:\/\/www.instagram.com\/genofnotes\/"]}]}},"jetpack_publicize_connections":[],"jetpack_featured_media_url":"https:\/\/i0.wp.com\/minutocerord.com\/wp-content\/uploads\/2021\/05\/recuperacc.jpg?fit=800%2C554&ssl=1","jetpack-related-posts":[],"jetpack_sharing_enabled":true,"_links":{"self":[{"href":"https:\/\/minutocerord.com\/index.php?rest_route=\/wp\/v2\/posts\/4189","targetHints":{"allow":["GET"]}}],"collection":[{"href":"https:\/\/minutocerord.com\/index.php?rest_route=\/wp\/v2\/posts"}],"about":[{"href":"https:\/\/minutocerord.com\/index.php?rest_route=\/wp\/v2\/types\/post"}],"author":[{"embeddable":true,"href":"https:\/\/minutocerord.com\/index.php?rest_route=\/wp\/v2\/users\/1"}],"replies":[{"embeddable":true,"href":"https:\/\/minutocerord.com\/index.php?rest_route=%2Fwp%2Fv2%2Fcomments&post=4189"}],"version-history":[{"count":1,"href":"https:\/\/minutocerord.com\/index.php?rest_route=\/wp\/v2\/posts\/4189\/revisions"}],"predecessor-version":[{"id":4191,"href":"https:\/\/minutocerord.com\/index.php?rest_route=\/wp\/v2\/posts\/4189\/revisions\/4191"}],"wp:featuredmedia":[{"embeddable":true,"href":"https:\/\/minutocerord.com\/index.php?rest_route=\/wp\/v2\/media\/4190"}],"wp:attachment":[{"href":"https:\/\/minutocerord.com\/index.php?rest_route=%2Fwp%2Fv2%2Fmedia&parent=4189"}],"wp:term":[{"taxonomy":"category","embeddable":true,"href":"https:\/\/minutocerord.com\/index.php?rest_route=%2Fwp%2Fv2%2Fcategories&post=4189"},{"taxonomy":"post_tag","embeddable":true,"href":"https:\/\/minutocerord.com\/index.php?rest_route=%2Fwp%2Fv2%2Ftags&post=4189"}],"curies":[{"name":"wp","href":"https:\/\/api.w.org\/{rel}","templated":true}]}}