{"id":4195,"date":"2021-05-09T00:59:17","date_gmt":"2021-05-09T04:59:17","guid":{"rendered":"https:\/\/minutocerord.com\/?p=4195"},"modified":"2021-05-09T00:59:22","modified_gmt":"2021-05-09T04:59:22","slug":"pujols-no-tiene-lugar-en-los-medias-blancas-dijo-la-russa","status":"publish","type":"post","link":"https:\/\/minutocerord.com\/?p=4195","title":{"rendered":"Pujols no tiene lugar en los Medias Blancas, dijo La Russa"},"content":{"rendered":"\n<p>Chicago, EE.UU.- El jugador estelar dominicano Albert Pujols no se unir\u00e1 a los Medias Blancas de Chicago, dijo este s\u00e1bado el m\u00e1nager Tony La Russa.<\/p>\n\n\n\n<p>El pasado jueves, d\u00eda en que Pujols fue sacado de la plantilla de los Angelinos, se reuni\u00f3 con La Russa, piloto de los Medias Blancas.<\/p>\n\n\n\n<p>Pero La Russa fue claro al decir que Pujols no jugar\u00e1 en Chicago.<\/p>\n\n\n\n<p>&#8220;Tenemos a Jos\u00e9 (Abreu) y Yermin (Mercedes) e incluso si Yermin se calienta menos, es una buena manera de hacer que otros muchachos se sientan mejor&#8221;, dijo La Russa.<\/p>\n\n\n\n<p>&#8220;Desafortunadamente no hay ning\u00fan ajuste aqu\u00ed&#8221;, agreg\u00f3 el m\u00e1nager que dirigi\u00f3 a Pujols en los Cardenales de San Luis durante los primeros 11 a\u00f1os de su carrera antes de que el futuro miembro del Sal\u00f3n de la Fama se uniera a los Angelinos como agente libre.<\/p>\n\n\n\n<p>\u00c9l y La Russa se han mantenido unidos a lo largo de los a\u00f1os, y el piloto incluso se uni\u00f3 a los Angelinos la temporada pasada como asesor antes de aceptar el puesto con los Medias Blancas a finales del a\u00f1o pasado.<\/p>\n\n\n\n<p>&#8220;\u00c9l realmente cree, y si \u00e9l cree, yo creo, le queda juego&#8221;, dijo La Russa, quien a\u00f1adi\u00f3 que &#8220;estar\u00e9 muy interesado en ver si un club lo considera adecuado porque tendr\u00e1n un Albert muy decidido&#8221;.<\/p>\n\n\n\n<p>Pujols bateaba .198 con cinco jonrones antes de que los Angelinos lo designaran. Si no lo cambian en la pr\u00f3xima semana, se convertir\u00e1 en agente libre.<\/p>\n\n\n\n<p>&#8220;Quiere jugar. Tendr\u00e1n un Albert muy decidido. Nunca lo subestimar\u00eda. Es uno de los grandes ganadores y competitivos jugadores&#8221;, dijo La Russa.<\/p>\n\n\n\n<p>&nbsp;EFE<\/p>\n","protected":false},"excerpt":{"rendered":"<p>Chicago, EE.UU.- El jugador estelar dominicano Albert Pujols no se unir\u00e1 a los Medias Blancas de Chicago, dijo este s\u00e1bado el m\u00e1nager Tony La Russa. El pasado jueves, d\u00eda en que Pujols fue sacado de la plantilla de los Angelinos, se reuni\u00f3 con La Russa, piloto de los Medias Blancas. Pero La Russa fue claro [&hellip;]<\/p>\n","protected":false},"author":1,"featured_media":4196,"comment_status":"open","ping_status":"open","sticky":false,"template":"","format":"standard","meta":{"nf_dc_page":"","jetpack_post_was_ever_published":false,"_jetpack_newsletter_access":"","_jetpack_dont_email_post_to_subs":false,"_jetpack_newsletter_tier_id":0,"_jetpack_memberships_contains_paywalled_content":false,"_jetpack_memberships_contains_paid_content":false,"footnotes":"","jetpack_publicize_message":"","jetpack_publicize_feature_enabled":true,"jetpack_social_post_already_shared":false,"jetpack_social_options":{"image_generator_settings":{"template":"highway","default_image_id":0,"font":"","enabled":false},"version":2}},"categories":[80],"tags":[],"class_list":["post-4195","post","type-post","status-publish","format-standard","has-post-thumbnail","hentry","category-beisbol"],"yoast_head":"<!-- This site is optimized with the Yoast SEO plugin v27.5 - https:\/\/yoast.com\/product\/yoast-seo-wordpress\/ -->\n<title>Pujols no tiene lugar en los Medias Blancas, dijo La Russa - Minuto Cero RD<\/title>\n<meta name=\"robots\" content=\"index, follow, max-snippet:-1, max-image-preview:large, max-video-preview:-1\" \/>\n<link rel=\"canonical\" href=\"http:\/\/minutocerord.com\/?p=4195\" \/>\n<meta property=\"og:locale\" content=\"es_ES\" \/>\n<meta property=\"og:type\" content=\"article\" \/>\n<meta property=\"og:title\" content=\"Pujols no tiene lugar en los Medias Blancas, dijo La Russa - Minuto Cero RD\" \/>\n<meta property=\"og:description\" content=\"Chicago, EE.UU.- El jugador estelar dominicano Albert Pujols no se unir\u00e1 a los Medias Blancas de Chicago, dijo este s\u00e1bado el m\u00e1nager Tony La Russa. El pasado jueves, d\u00eda en que Pujols fue sacado de la plantilla de los Angelinos, se reuni\u00f3 con La Russa, piloto de los Medias Blancas. Pero La Russa fue claro [&hellip;]\" \/>\n<meta property=\"og:url\" content=\"http:\/\/minutocerord.com\/?p=4195\" \/>\n<meta property=\"og:site_name\" content=\"Minuto Cero RD\" \/>\n<meta property=\"article:publisher\" content=\"https:\/\/www.facebook.com\/Genofnotes\" \/>\n<meta property=\"article:author\" content=\"https:\/\/www.facebook.com\/Genofnotes\" \/>\n<meta property=\"article:published_time\" content=\"2021-05-09T04:59:17+00:00\" \/>\n<meta property=\"article:modified_time\" content=\"2021-05-09T04:59:22+00:00\" \/>\n<meta property=\"og:image\" content=\"https:\/\/i0.wp.com\/minutocerord.com\/wp-content\/uploads\/2021\/05\/c6d77c9a-pujols-la-russa-609707eda93ef-768x432-1.jpg?fit=768%2C432\" \/>\n\t<meta property=\"og:image:width\" content=\"768\" \/>\n\t<meta property=\"og:image:height\" content=\"432\" \/>\n\t<meta property=\"og:image:type\" content=\"image\/jpeg\" \/>\n<meta name=\"author\" content=\"Genof\u00f3ntes Urb\u00e1ez\" \/>\n<meta name=\"twitter:card\" content=\"summary_large_image\" \/>\n<meta name=\"twitter:label1\" content=\"Written by\" \/>\n\t<meta name=\"twitter:data1\" content=\"Genof\u00f3ntes Urb\u00e1ez\" \/>\n\t<meta name=\"twitter:label2\" content=\"Est. reading time\" \/>\n\t<meta name=\"twitter:data2\" content=\"2 minutos\" \/>\n<script type=\"application\/ld+json\" class=\"yoast-schema-graph\">{\"@context\":\"https:\\\/\\\/schema.org\",\"@graph\":[{\"@type\":\"Article\",\"@id\":\"http:\\\/\\\/minutocerord.com\\\/?p=4195#article\",\"isPartOf\":{\"@id\":\"http:\\\/\\\/minutocerord.com\\\/?p=4195\"},\"author\":{\"name\":\"Genof\u00f3ntes Urb\u00e1ez\",\"@id\":\"https:\\\/\\\/minutocerord.com\\\/#\\\/schema\\\/person\\\/60b5372d60aaa0a5171fb6488be9aee6\"},\"headline\":\"Pujols no tiene lugar en los Medias Blancas, dijo La Russa\",\"datePublished\":\"2021-05-09T04:59:17+00:00\",\"dateModified\":\"2021-05-09T04:59:22+00:00\",\"mainEntityOfPage\":{\"@id\":\"http:\\\/\\\/minutocerord.com\\\/?p=4195\"},\"wordCount\":290,\"commentCount\":0,\"publisher\":{\"@id\":\"https:\\\/\\\/minutocerord.com\\\/#\\\/schema\\\/person\\\/60b5372d60aaa0a5171fb6488be9aee6\"},\"image\":{\"@id\":\"http:\\\/\\\/minutocerord.com\\\/?p=4195#primaryimage\"},\"thumbnailUrl\":\"https:\\\/\\\/i0.wp.com\\\/minutocerord.com\\\/wp-content\\\/uploads\\\/2021\\\/05\\\/c6d77c9a-pujols-la-russa-609707eda93ef-768x432-1.jpg?fit=768%2C432&ssl=1\",\"articleSection\":[\"Beisbol\"],\"inLanguage\":\"es-DO\",\"potentialAction\":[{\"@type\":\"CommentAction\",\"name\":\"Comment\",\"target\":[\"http:\\\/\\\/minutocerord.com\\\/?p=4195#respond\"]}]},{\"@type\":\"WebPage\",\"@id\":\"http:\\\/\\\/minutocerord.com\\\/?p=4195\",\"url\":\"http:\\\/\\\/minutocerord.com\\\/?p=4195\",\"name\":\"Pujols no tiene lugar en los Medias Blancas, dijo La Russa - Minuto Cero RD\",\"isPartOf\":{\"@id\":\"https:\\\/\\\/minutocerord.com\\\/#website\"},\"primaryImageOfPage\":{\"@id\":\"http:\\\/\\\/minutocerord.com\\\/?p=4195#primaryimage\"},\"image\":{\"@id\":\"http:\\\/\\\/minutocerord.com\\\/?p=4195#primaryimage\"},\"thumbnailUrl\":\"https:\\\/\\\/i0.wp.com\\\/minutocerord.com\\\/wp-content\\\/uploads\\\/2021\\\/05\\\/c6d77c9a-pujols-la-russa-609707eda93ef-768x432-1.jpg?fit=768%2C432&ssl=1\",\"datePublished\":\"2021-05-09T04:59:17+00:00\",\"dateModified\":\"2021-05-09T04:59:22+00:00\",\"breadcrumb\":{\"@id\":\"http:\\\/\\\/minutocerord.com\\\/?p=4195#breadcrumb\"},\"inLanguage\":\"es-DO\",\"potentialAction\":[{\"@type\":\"ReadAction\",\"target\":[\"http:\\\/\\\/minutocerord.com\\\/?p=4195\"]}]},{\"@type\":\"ImageObject\",\"inLanguage\":\"es-DO\",\"@id\":\"http:\\\/\\\/minutocerord.com\\\/?p=4195#primaryimage\",\"url\":\"https:\\\/\\\/i0.wp.com\\\/minutocerord.com\\\/wp-content\\\/uploads\\\/2021\\\/05\\\/c6d77c9a-pujols-la-russa-609707eda93ef-768x432-1.jpg?fit=768%2C432&ssl=1\",\"contentUrl\":\"https:\\\/\\\/i0.wp.com\\\/minutocerord.com\\\/wp-content\\\/uploads\\\/2021\\\/05\\\/c6d77c9a-pujols-la-russa-609707eda93ef-768x432-1.jpg?fit=768%2C432&ssl=1\",\"width\":768,\"height\":432},{\"@type\":\"BreadcrumbList\",\"@id\":\"http:\\\/\\\/minutocerord.com\\\/?p=4195#breadcrumb\",\"itemListElement\":[{\"@type\":\"ListItem\",\"position\":1,\"name\":\"Home\",\"item\":\"https:\\\/\\\/minutocerord.com\\\/\"},{\"@type\":\"ListItem\",\"position\":2,\"name\":\"Pujols no tiene lugar en los Medias Blancas, dijo La Russa\"}]},{\"@type\":\"WebSite\",\"@id\":\"https:\\\/\\\/minutocerord.com\\\/#website\",\"url\":\"https:\\\/\\\/minutocerord.com\\\/\",\"name\":\"Minuto Cero RD\",\"description\":\"Periodismo serio y veraz\",\"publisher\":{\"@id\":\"https:\\\/\\\/minutocerord.com\\\/#\\\/schema\\\/person\\\/60b5372d60aaa0a5171fb6488be9aee6\"},\"potentialAction\":[{\"@type\":\"SearchAction\",\"target\":{\"@type\":\"EntryPoint\",\"urlTemplate\":\"https:\\\/\\\/minutocerord.com\\\/?s={search_term_string}\"},\"query-input\":{\"@type\":\"PropertyValueSpecification\",\"valueRequired\":true,\"valueName\":\"search_term_string\"}}],\"inLanguage\":\"es-DO\"},{\"@type\":[\"Person\",\"Organization\"],\"@id\":\"https:\\\/\\\/minutocerord.com\\\/#\\\/schema\\\/person\\\/60b5372d60aaa0a5171fb6488be9aee6\",\"name\":\"Genof\u00f3ntes Urb\u00e1ez\",\"image\":{\"@type\":\"ImageObject\",\"inLanguage\":\"es-DO\",\"@id\":\"https:\\\/\\\/secure.gravatar.com\\\/avatar\\\/a49ef3186a692098ac3e8a1612261e3ad70cf9e44553dff2929e67939a0ecb9d?s=96&d=identicon&r=g\",\"url\":\"https:\\\/\\\/secure.gravatar.com\\\/avatar\\\/a49ef3186a692098ac3e8a1612261e3ad70cf9e44553dff2929e67939a0ecb9d?s=96&d=identicon&r=g\",\"contentUrl\":\"https:\\\/\\\/secure.gravatar.com\\\/avatar\\\/a49ef3186a692098ac3e8a1612261e3ad70cf9e44553dff2929e67939a0ecb9d?s=96&d=identicon&r=g\",\"caption\":\"Genof\u00f3ntes Urb\u00e1ez\"},\"logo\":{\"@id\":\"https:\\\/\\\/secure.gravatar.com\\\/avatar\\\/a49ef3186a692098ac3e8a1612261e3ad70cf9e44553dff2929e67939a0ecb9d?s=96&d=identicon&r=g\"},\"description\":\"Periodista \\\/ Locutor\",\"sameAs\":[\"https:\\\/\\\/www.facebook.com\\\/Genofnotes\",\"https:\\\/\\\/www.instagram.com\\\/genofnotes\\\/\"]}]}<\/script>\n<!-- \/ Yoast SEO plugin. -->","yoast_head_json":{"title":"Pujols no tiene lugar en los Medias Blancas, dijo La Russa - Minuto Cero RD","robots":{"index":"index","follow":"follow","max-snippet":"max-snippet:-1","max-image-preview":"max-image-preview:large","max-video-preview":"max-video-preview:-1"},"canonical":"http:\/\/minutocerord.com\/?p=4195","og_locale":"es_ES","og_type":"article","og_title":"Pujols no tiene lugar en los Medias Blancas, dijo La Russa - Minuto Cero RD","og_description":"Chicago, EE.UU.- El jugador estelar dominicano Albert Pujols no se unir\u00e1 a los Medias Blancas de Chicago, dijo este s\u00e1bado el m\u00e1nager Tony La Russa. El pasado jueves, d\u00eda en que Pujols fue sacado de la plantilla de los Angelinos, se reuni\u00f3 con La Russa, piloto de los Medias Blancas. Pero La Russa fue claro [&hellip;]","og_url":"http:\/\/minutocerord.com\/?p=4195","og_site_name":"Minuto Cero RD","article_publisher":"https:\/\/www.facebook.com\/Genofnotes","article_author":"https:\/\/www.facebook.com\/Genofnotes","article_published_time":"2021-05-09T04:59:17+00:00","article_modified_time":"2021-05-09T04:59:22+00:00","og_image":[{"width":768,"height":432,"url":"https:\/\/i0.wp.com\/minutocerord.com\/wp-content\/uploads\/2021\/05\/c6d77c9a-pujols-la-russa-609707eda93ef-768x432-1.jpg?fit=768%2C432","type":"image\/jpeg"}],"author":"Genof\u00f3ntes Urb\u00e1ez","twitter_card":"summary_large_image","twitter_misc":{"Written by":"Genof\u00f3ntes Urb\u00e1ez","Est. reading time":"2 minutos"},"schema":{"@context":"https:\/\/schema.org","@graph":[{"@type":"Article","@id":"http:\/\/minutocerord.com\/?p=4195#article","isPartOf":{"@id":"http:\/\/minutocerord.com\/?p=4195"},"author":{"name":"Genof\u00f3ntes Urb\u00e1ez","@id":"https:\/\/minutocerord.com\/#\/schema\/person\/60b5372d60aaa0a5171fb6488be9aee6"},"headline":"Pujols no tiene lugar en los Medias Blancas, dijo La Russa","datePublished":"2021-05-09T04:59:17+00:00","dateModified":"2021-05-09T04:59:22+00:00","mainEntityOfPage":{"@id":"http:\/\/minutocerord.com\/?p=4195"},"wordCount":290,"commentCount":0,"publisher":{"@id":"https:\/\/minutocerord.com\/#\/schema\/person\/60b5372d60aaa0a5171fb6488be9aee6"},"image":{"@id":"http:\/\/minutocerord.com\/?p=4195#primaryimage"},"thumbnailUrl":"https:\/\/i0.wp.com\/minutocerord.com\/wp-content\/uploads\/2021\/05\/c6d77c9a-pujols-la-russa-609707eda93ef-768x432-1.jpg?fit=768%2C432&ssl=1","articleSection":["Beisbol"],"inLanguage":"es-DO","potentialAction":[{"@type":"CommentAction","name":"Comment","target":["http:\/\/minutocerord.com\/?p=4195#respond"]}]},{"@type":"WebPage","@id":"http:\/\/minutocerord.com\/?p=4195","url":"http:\/\/minutocerord.com\/?p=4195","name":"Pujols no tiene lugar en los Medias Blancas, dijo La Russa - Minuto Cero RD","isPartOf":{"@id":"https:\/\/minutocerord.com\/#website"},"primaryImageOfPage":{"@id":"http:\/\/minutocerord.com\/?p=4195#primaryimage"},"image":{"@id":"http:\/\/minutocerord.com\/?p=4195#primaryimage"},"thumbnailUrl":"https:\/\/i0.wp.com\/minutocerord.com\/wp-content\/uploads\/2021\/05\/c6d77c9a-pujols-la-russa-609707eda93ef-768x432-1.jpg?fit=768%2C432&ssl=1","datePublished":"2021-05-09T04:59:17+00:00","dateModified":"2021-05-09T04:59:22+00:00","breadcrumb":{"@id":"http:\/\/minutocerord.com\/?p=4195#breadcrumb"},"inLanguage":"es-DO","potentialAction":[{"@type":"ReadAction","target":["http:\/\/minutocerord.com\/?p=4195"]}]},{"@type":"ImageObject","inLanguage":"es-DO","@id":"http:\/\/minutocerord.com\/?p=4195#primaryimage","url":"https:\/\/i0.wp.com\/minutocerord.com\/wp-content\/uploads\/2021\/05\/c6d77c9a-pujols-la-russa-609707eda93ef-768x432-1.jpg?fit=768%2C432&ssl=1","contentUrl":"https:\/\/i0.wp.com\/minutocerord.com\/wp-content\/uploads\/2021\/05\/c6d77c9a-pujols-la-russa-609707eda93ef-768x432-1.jpg?fit=768%2C432&ssl=1","width":768,"height":432},{"@type":"BreadcrumbList","@id":"http:\/\/minutocerord.com\/?p=4195#breadcrumb","itemListElement":[{"@type":"ListItem","position":1,"name":"Home","item":"https:\/\/minutocerord.com\/"},{"@type":"ListItem","position":2,"name":"Pujols no tiene lugar en los Medias Blancas, dijo La Russa"}]},{"@type":"WebSite","@id":"https:\/\/minutocerord.com\/#website","url":"https:\/\/minutocerord.com\/","name":"Minuto Cero RD","description":"Periodismo serio y veraz","publisher":{"@id":"https:\/\/minutocerord.com\/#\/schema\/person\/60b5372d60aaa0a5171fb6488be9aee6"},"potentialAction":[{"@type":"SearchAction","target":{"@type":"EntryPoint","urlTemplate":"https:\/\/minutocerord.com\/?s={search_term_string}"},"query-input":{"@type":"PropertyValueSpecification","valueRequired":true,"valueName":"search_term_string"}}],"inLanguage":"es-DO"},{"@type":["Person","Organization"],"@id":"https:\/\/minutocerord.com\/#\/schema\/person\/60b5372d60aaa0a5171fb6488be9aee6","name":"Genof\u00f3ntes Urb\u00e1ez","image":{"@type":"ImageObject","inLanguage":"es-DO","@id":"https:\/\/secure.gravatar.com\/avatar\/a49ef3186a692098ac3e8a1612261e3ad70cf9e44553dff2929e67939a0ecb9d?s=96&d=identicon&r=g","url":"https:\/\/secure.gravatar.com\/avatar\/a49ef3186a692098ac3e8a1612261e3ad70cf9e44553dff2929e67939a0ecb9d?s=96&d=identicon&r=g","contentUrl":"https:\/\/secure.gravatar.com\/avatar\/a49ef3186a692098ac3e8a1612261e3ad70cf9e44553dff2929e67939a0ecb9d?s=96&d=identicon&r=g","caption":"Genof\u00f3ntes Urb\u00e1ez"},"logo":{"@id":"https:\/\/secure.gravatar.com\/avatar\/a49ef3186a692098ac3e8a1612261e3ad70cf9e44553dff2929e67939a0ecb9d?s=96&d=identicon&r=g"},"description":"Periodista \/ Locutor","sameAs":["https:\/\/www.facebook.com\/Genofnotes","https:\/\/www.instagram.com\/genofnotes\/"]}]}},"jetpack_publicize_connections":[],"jetpack_featured_media_url":"https:\/\/i0.wp.com\/minutocerord.com\/wp-content\/uploads\/2021\/05\/c6d77c9a-pujols-la-russa-609707eda93ef-768x432-1.jpg?fit=768%2C432&ssl=1","jetpack-related-posts":[],"jetpack_sharing_enabled":true,"_links":{"self":[{"href":"https:\/\/minutocerord.com\/index.php?rest_route=\/wp\/v2\/posts\/4195","targetHints":{"allow":["GET"]}}],"collection":[{"href":"https:\/\/minutocerord.com\/index.php?rest_route=\/wp\/v2\/posts"}],"about":[{"href":"https:\/\/minutocerord.com\/index.php?rest_route=\/wp\/v2\/types\/post"}],"author":[{"embeddable":true,"href":"https:\/\/minutocerord.com\/index.php?rest_route=\/wp\/v2\/users\/1"}],"replies":[{"embeddable":true,"href":"https:\/\/minutocerord.com\/index.php?rest_route=%2Fwp%2Fv2%2Fcomments&post=4195"}],"version-history":[{"count":1,"href":"https:\/\/minutocerord.com\/index.php?rest_route=\/wp\/v2\/posts\/4195\/revisions"}],"predecessor-version":[{"id":4197,"href":"https:\/\/minutocerord.com\/index.php?rest_route=\/wp\/v2\/posts\/4195\/revisions\/4197"}],"wp:featuredmedia":[{"embeddable":true,"href":"https:\/\/minutocerord.com\/index.php?rest_route=\/wp\/v2\/media\/4196"}],"wp:attachment":[{"href":"https:\/\/minutocerord.com\/index.php?rest_route=%2Fwp%2Fv2%2Fmedia&parent=4195"}],"wp:term":[{"taxonomy":"category","embeddable":true,"href":"https:\/\/minutocerord.com\/index.php?rest_route=%2Fwp%2Fv2%2Fcategories&post=4195"},{"taxonomy":"post_tag","embeddable":true,"href":"https:\/\/minutocerord.com\/index.php?rest_route=%2Fwp%2Fv2%2Ftags&post=4195"}],"curies":[{"name":"wp","href":"https:\/\/api.w.org\/{rel}","templated":true}]}}