{"id":4204,"date":"2021-05-13T00:32:47","date_gmt":"2021-05-13T04:32:47","guid":{"rendered":"https:\/\/minutocerord.com\/?p=4204"},"modified":"2021-05-13T00:32:52","modified_gmt":"2021-05-13T04:32:52","slug":"el-15-de-mayo-entra-en-vigor-la-nueva-politica-de-privacidad-de-whatsapp-lo-que-debe-saber-antes-de-aceptarla","status":"publish","type":"post","link":"https:\/\/minutocerord.com\/?p=4204","title":{"rendered":"El 15 de mayo entra en vigor la nueva pol\u00edtica de privacidad de WhatsApp: lo que debe saber antes de aceptarla"},"content":{"rendered":"\n<p>El 15 de mayo se cumple la fecha l\u00edmite para aceptar la nueva pol\u00edtica de condiciones y privacidad de WhatsApp, que provoc\u00f3 cr\u00edticas por parte de usuarios del servicio de mensajer\u00eda propiedad de Facebook. Desde la plataforma han aclarado que no eliminar\u00e1n las cuentas de aquellos que no acepten las nuevas condiciones de uso, pero advirtieron que estos &#8220;encontrar\u00e1n una funcionalidad limitada en WhatsApp&#8221;.<\/p>\n\n\n\n<p>Esto es lo que necesita saber antes de aceptar la nueva pol\u00edtica de la compa\u00f1\u00eda.<\/p>\n\n\n\n<p>Nuevas opciones para comunicarse con empresas<\/p>\n\n\n\n<p>La actualizaci\u00f3n incluye nuevas opciones para chatear con empresas a trav\u00e9s de WhatsApp. Los usuarios podr\u00e1n enviar mensajes a compa\u00f1\u00edas para &#8220;hacer preguntas, realizar compras y obtener informaci\u00f3n&#8221;, al tiempo que siempre podr\u00e1n bloquearlas o eliminarlas de su lista de contactos.Asimismo, WhatsApp indica que, &#8220;a fin de poder responder con rapidez, es posible que estas empresas hagan uso de Facebook como proveedor de tecnolog\u00eda para administrar algunas de las respuestas en su nombre&#8221;. El servicio a\u00f1ade que se identificar\u00e1 este tipo de chats de manera clara &#8220;con una etiqueta para que sepa cu\u00e1ndo ese sea el caso&#8221;.<\/p>\n\n\n\n<p>Los chats privados no sufrir\u00e1n cambios<\/p>\n\n\n\n<p>WhatsApp asegura que la privacidad y la seguridad de los chats personales con familiares y amigos &#8220;jam\u00e1s cambiar\u00e1n&#8221;. La plataforma indica que no comparte los contactos con Facebook y que ninguna de las dos compa\u00f1\u00edas puede ver el contenido que los usuarios se env\u00edan entre s\u00ed, ya sean mensajes, llamadas, archivos o ubicaciones.<\/p>\n\n\n\n<p>Adem\u00e1s, los desarrolladores subrayan que WhatsApp no proporcionar\u00e1 n\u00fameros de sus usuarios a ninguna empresa y que sus pol\u00edticas proh\u00edben que las compa\u00f1\u00edas se pongan en contacto con los usuarios sin haber recibido antes la aprobaci\u00f3n para hacerlo.<\/p>\n\n\n\n<p>WhatsApp recuerda que todas las conversaciones se cifran de extremo a extremo, con lo que los mensajes no pueden ser le\u00eddos ni por la propia aplicaci\u00f3n ni por terceros.<\/p>\n\n\n\n<p>Compartici\u00f3n de datos con Facebook<\/p>\n\n\n\n<p>&#8220;Como parte de las empresas de Facebook, WhatsApp recibe informaci\u00f3n de las otras empresas de Facebook y tambi\u00e9n comparte informaci\u00f3n con ellas&#8221;, explica la pol\u00edtica de privacidad. &#8220;Ambas partes podemos usar la informaci\u00f3n que recibimos para operar, proporcionar, mejorar, entender, personalizar, respaldar y promocionar nuestros servicios y sus ofertas, incluidos los productos de las empresas de Facebook&#8221;, a\u00f1ade.<\/p>\n\n\n\n<p>La pol\u00edtica actualizada deja claro que los datos recopilados por WhatsApp se compartir\u00e1n ahora con Facebook. Estos datos incluyen el n\u00famero de tel\u00e9fono, &#8220;datos de transacciones, informaci\u00f3n relacionada con el servicio, informaci\u00f3n sobre c\u00f3mo interact\u00faa con otros (incluidas las empresas)&#8221; cuando utiliza sus servicios, as\u00ed como informaci\u00f3n sobre el dispositivo m\u00f3vil, nivel de carga de la bater\u00eda y la direcci\u00f3n IP, entre otros.<\/p>\n\n\n\n<p>Uso de la informaci\u00f3n por WhatsApp<\/p>\n\n\n\n<p>WhatsApp explica que recibe informaci\u00f3n de las otras empresas de Facebook y tambi\u00e9n comparte informaci\u00f3n con ellas para &#8220;promover la seguridad, protecci\u00f3n e integridad a trav\u00e9s de los productos de las empresas de Facebook, por ejemplo, sistemas de seguridad y de lucha contra spam, amenazas, abuso o actividades que infrinjan las leyes&#8221;.<\/p>\n\n\n\n<p>Asimismo, la aplicaci\u00f3n puede usarla para hacer sugerencias, personalizar funciones y contenido, ayudar a completar compras y transacciones y &#8220;mostrar publicidad y ofertas relevantes a trav\u00e9s de los productos de las empresas de Facebook&#8221;. Tambi\u00e9n permite la integraci\u00f3n de WhatsApp con otros servicios de Facebook, como la plataforma de pagos Facebook Pay, si el usuario quiere usarla para pagar algo en WhatsApp.<\/p>\n\n\n\n<p>Adem\u00e1s, la plataforma subraya que no permite publicidad por parte de terceros.&nbsp;<\/p>\n\n\n\n<p>No se borrar\u00e1n las cuentas de los usuarios que no acepten<\/p>\n\n\n\n<p>WhatsApp comunic\u00f3 la semana pasada que pospon\u00eda sus planes de bloquear a los usuarios que no acepten la nueva pol\u00edtica de privacidad antes del 15 de mayo.&nbsp;<\/p>\n\n\n\n<p>A partir de esa fecha, los que no admitieron la actualizaci\u00f3n &#8220;encontrar\u00e1n una funcionalidad limitada en WhatsApp&#8221;. Aunque podr\u00e1n responder a las llamadas, videollamadas o mensajes entrantes, no tendr\u00e1n acceso directo a su lista de chats.&nbsp;<\/p>\n\n\n\n<p>Sin embargo, tras unas semanas de funcionalidad limitada, estos usuarios tampoco podr\u00e1n recibir llamadas ni notificaciones entrantes y WhatsApp dejar\u00e1 de enviar mensajes y llamadas a sus tel\u00e9fonos, avisa la compa\u00f1\u00eda.<\/p>\n\n\n\n<p>AP<\/p>\n","protected":false},"excerpt":{"rendered":"<p>El 15 de mayo se cumple la fecha l\u00edmite para aceptar la nueva pol\u00edtica de condiciones y privacidad de WhatsApp, que provoc\u00f3 cr\u00edticas por parte de usuarios del servicio de mensajer\u00eda propiedad de Facebook. Desde la plataforma han aclarado que no eliminar\u00e1n las cuentas de aquellos que no acepten las nuevas condiciones de uso, pero [&hellip;]<\/p>\n","protected":false},"author":1,"featured_media":4205,"comment_status":"open","ping_status":"open","sticky":false,"template":"","format":"standard","meta":{"nf_dc_page":"","jetpack_post_was_ever_published":false,"_jetpack_newsletter_access":"","_jetpack_dont_email_post_to_subs":false,"_jetpack_newsletter_tier_id":0,"_jetpack_memberships_contains_paywalled_content":false,"_jetpack_memberships_contains_paid_content":false,"footnotes":"","jetpack_publicize_message":"","jetpack_publicize_feature_enabled":true,"jetpack_social_post_already_shared":false,"jetpack_social_options":{"image_generator_settings":{"template":"highway","default_image_id":0,"font":"","enabled":false},"version":2}},"categories":[97],"tags":[],"class_list":["post-4204","post","type-post","status-publish","format-standard","has-post-thumbnail","hentry","category-redes-sociales"],"yoast_head":"<!-- This site is optimized with the Yoast SEO plugin v27.5 - https:\/\/yoast.com\/product\/yoast-seo-wordpress\/ -->\n<title>El 15 de mayo entra en vigor la nueva pol\u00edtica de privacidad de WhatsApp: lo que debe saber antes de aceptarla - Minuto Cero RD<\/title>\n<meta name=\"robots\" content=\"index, follow, max-snippet:-1, max-image-preview:large, max-video-preview:-1\" \/>\n<link rel=\"canonical\" href=\"https:\/\/minutocerord.com\/?p=4204\" \/>\n<meta property=\"og:locale\" content=\"es_ES\" \/>\n<meta property=\"og:type\" content=\"article\" \/>\n<meta property=\"og:title\" content=\"El 15 de mayo entra en vigor la nueva pol\u00edtica de privacidad de WhatsApp: lo que debe saber antes de aceptarla - Minuto Cero RD\" \/>\n<meta property=\"og:description\" content=\"El 15 de mayo se cumple la fecha l\u00edmite para aceptar la nueva pol\u00edtica de condiciones y privacidad de WhatsApp, que provoc\u00f3 cr\u00edticas por parte de usuarios del servicio de mensajer\u00eda propiedad de Facebook. Desde la plataforma han aclarado que no eliminar\u00e1n las cuentas de aquellos que no acepten las nuevas condiciones de uso, pero [&hellip;]\" \/>\n<meta property=\"og:url\" content=\"https:\/\/minutocerord.com\/?p=4204\" \/>\n<meta property=\"og:site_name\" content=\"Minuto Cero RD\" \/>\n<meta property=\"article:publisher\" content=\"https:\/\/www.facebook.com\/Genofnotes\" \/>\n<meta property=\"article:author\" content=\"https:\/\/www.facebook.com\/Genofnotes\" \/>\n<meta property=\"article:published_time\" content=\"2021-05-13T04:32:47+00:00\" \/>\n<meta property=\"article:modified_time\" content=\"2021-05-13T04:32:52+00:00\" \/>\n<meta property=\"og:image\" content=\"https:\/\/i0.wp.com\/minutocerord.com\/wp-content\/uploads\/2021\/05\/Contactar-con-WhatsApp-2.jpg?fit=1268%2C664&ssl=1\" \/>\n\t<meta property=\"og:image:width\" content=\"1268\" \/>\n\t<meta property=\"og:image:height\" content=\"664\" \/>\n\t<meta property=\"og:image:type\" content=\"image\/jpeg\" \/>\n<meta name=\"author\" content=\"Genof\u00f3ntes Urb\u00e1ez\" \/>\n<meta name=\"twitter:card\" content=\"summary_large_image\" \/>\n<meta name=\"twitter:label1\" content=\"Written by\" \/>\n\t<meta name=\"twitter:data1\" content=\"Genof\u00f3ntes Urb\u00e1ez\" \/>\n\t<meta name=\"twitter:label2\" content=\"Est. reading time\" \/>\n\t<meta name=\"twitter:data2\" content=\"3 minutos\" \/>\n<script type=\"application\/ld+json\" class=\"yoast-schema-graph\">{\"@context\":\"https:\\\/\\\/schema.org\",\"@graph\":[{\"@type\":\"Article\",\"@id\":\"https:\\\/\\\/minutocerord.com\\\/?p=4204#article\",\"isPartOf\":{\"@id\":\"https:\\\/\\\/minutocerord.com\\\/?p=4204\"},\"author\":{\"name\":\"Genof\u00f3ntes Urb\u00e1ez\",\"@id\":\"https:\\\/\\\/minutocerord.com\\\/#\\\/schema\\\/person\\\/60b5372d60aaa0a5171fb6488be9aee6\"},\"headline\":\"El 15 de mayo entra en vigor la nueva pol\u00edtica de privacidad de WhatsApp: lo que debe saber antes de aceptarla\",\"datePublished\":\"2021-05-13T04:32:47+00:00\",\"dateModified\":\"2021-05-13T04:32:52+00:00\",\"mainEntityOfPage\":{\"@id\":\"https:\\\/\\\/minutocerord.com\\\/?p=4204\"},\"wordCount\":765,\"commentCount\":0,\"publisher\":{\"@id\":\"https:\\\/\\\/minutocerord.com\\\/#\\\/schema\\\/person\\\/60b5372d60aaa0a5171fb6488be9aee6\"},\"image\":{\"@id\":\"https:\\\/\\\/minutocerord.com\\\/?p=4204#primaryimage\"},\"thumbnailUrl\":\"https:\\\/\\\/i0.wp.com\\\/minutocerord.com\\\/wp-content\\\/uploads\\\/2021\\\/05\\\/Contactar-con-WhatsApp-2.jpg?fit=1268%2C664&ssl=1\",\"articleSection\":[\"Redes Sociales\"],\"inLanguage\":\"es-DO\",\"potentialAction\":[{\"@type\":\"CommentAction\",\"name\":\"Comment\",\"target\":[\"https:\\\/\\\/minutocerord.com\\\/?p=4204#respond\"]}]},{\"@type\":\"WebPage\",\"@id\":\"https:\\\/\\\/minutocerord.com\\\/?p=4204\",\"url\":\"https:\\\/\\\/minutocerord.com\\\/?p=4204\",\"name\":\"El 15 de mayo entra en vigor la nueva pol\u00edtica de privacidad de WhatsApp: lo que debe saber antes de aceptarla - Minuto Cero RD\",\"isPartOf\":{\"@id\":\"https:\\\/\\\/minutocerord.com\\\/#website\"},\"primaryImageOfPage\":{\"@id\":\"https:\\\/\\\/minutocerord.com\\\/?p=4204#primaryimage\"},\"image\":{\"@id\":\"https:\\\/\\\/minutocerord.com\\\/?p=4204#primaryimage\"},\"thumbnailUrl\":\"https:\\\/\\\/i0.wp.com\\\/minutocerord.com\\\/wp-content\\\/uploads\\\/2021\\\/05\\\/Contactar-con-WhatsApp-2.jpg?fit=1268%2C664&ssl=1\",\"datePublished\":\"2021-05-13T04:32:47+00:00\",\"dateModified\":\"2021-05-13T04:32:52+00:00\",\"breadcrumb\":{\"@id\":\"https:\\\/\\\/minutocerord.com\\\/?p=4204#breadcrumb\"},\"inLanguage\":\"es-DO\",\"potentialAction\":[{\"@type\":\"ReadAction\",\"target\":[\"https:\\\/\\\/minutocerord.com\\\/?p=4204\"]}]},{\"@type\":\"ImageObject\",\"inLanguage\":\"es-DO\",\"@id\":\"https:\\\/\\\/minutocerord.com\\\/?p=4204#primaryimage\",\"url\":\"https:\\\/\\\/i0.wp.com\\\/minutocerord.com\\\/wp-content\\\/uploads\\\/2021\\\/05\\\/Contactar-con-WhatsApp-2.jpg?fit=1268%2C664&ssl=1\",\"contentUrl\":\"https:\\\/\\\/i0.wp.com\\\/minutocerord.com\\\/wp-content\\\/uploads\\\/2021\\\/05\\\/Contactar-con-WhatsApp-2.jpg?fit=1268%2C664&ssl=1\",\"width\":1268,\"height\":664},{\"@type\":\"BreadcrumbList\",\"@id\":\"https:\\\/\\\/minutocerord.com\\\/?p=4204#breadcrumb\",\"itemListElement\":[{\"@type\":\"ListItem\",\"position\":1,\"name\":\"Home\",\"item\":\"https:\\\/\\\/minutocerord.com\\\/\"},{\"@type\":\"ListItem\",\"position\":2,\"name\":\"El 15 de mayo entra en vigor la nueva pol\u00edtica de privacidad de WhatsApp: lo que debe saber antes de aceptarla\"}]},{\"@type\":\"WebSite\",\"@id\":\"https:\\\/\\\/minutocerord.com\\\/#website\",\"url\":\"https:\\\/\\\/minutocerord.com\\\/\",\"name\":\"Minuto Cero RD\",\"description\":\"Periodismo serio y veraz\",\"publisher\":{\"@id\":\"https:\\\/\\\/minutocerord.com\\\/#\\\/schema\\\/person\\\/60b5372d60aaa0a5171fb6488be9aee6\"},\"potentialAction\":[{\"@type\":\"SearchAction\",\"target\":{\"@type\":\"EntryPoint\",\"urlTemplate\":\"https:\\\/\\\/minutocerord.com\\\/?s={search_term_string}\"},\"query-input\":{\"@type\":\"PropertyValueSpecification\",\"valueRequired\":true,\"valueName\":\"search_term_string\"}}],\"inLanguage\":\"es-DO\"},{\"@type\":[\"Person\",\"Organization\"],\"@id\":\"https:\\\/\\\/minutocerord.com\\\/#\\\/schema\\\/person\\\/60b5372d60aaa0a5171fb6488be9aee6\",\"name\":\"Genof\u00f3ntes Urb\u00e1ez\",\"image\":{\"@type\":\"ImageObject\",\"inLanguage\":\"es-DO\",\"@id\":\"https:\\\/\\\/secure.gravatar.com\\\/avatar\\\/a49ef3186a692098ac3e8a1612261e3ad70cf9e44553dff2929e67939a0ecb9d?s=96&d=identicon&r=g\",\"url\":\"https:\\\/\\\/secure.gravatar.com\\\/avatar\\\/a49ef3186a692098ac3e8a1612261e3ad70cf9e44553dff2929e67939a0ecb9d?s=96&d=identicon&r=g\",\"contentUrl\":\"https:\\\/\\\/secure.gravatar.com\\\/avatar\\\/a49ef3186a692098ac3e8a1612261e3ad70cf9e44553dff2929e67939a0ecb9d?s=96&d=identicon&r=g\",\"caption\":\"Genof\u00f3ntes Urb\u00e1ez\"},\"logo\":{\"@id\":\"https:\\\/\\\/secure.gravatar.com\\\/avatar\\\/a49ef3186a692098ac3e8a1612261e3ad70cf9e44553dff2929e67939a0ecb9d?s=96&d=identicon&r=g\"},\"description\":\"Periodista \\\/ Locutor\",\"sameAs\":[\"https:\\\/\\\/www.facebook.com\\\/Genofnotes\",\"https:\\\/\\\/www.instagram.com\\\/genofnotes\\\/\"]}]}<\/script>\n<!-- \/ Yoast SEO plugin. -->","yoast_head_json":{"title":"El 15 de mayo entra en vigor la nueva pol\u00edtica de privacidad de WhatsApp: lo que debe saber antes de aceptarla - Minuto Cero RD","robots":{"index":"index","follow":"follow","max-snippet":"max-snippet:-1","max-image-preview":"max-image-preview:large","max-video-preview":"max-video-preview:-1"},"canonical":"https:\/\/minutocerord.com\/?p=4204","og_locale":"es_ES","og_type":"article","og_title":"El 15 de mayo entra en vigor la nueva pol\u00edtica de privacidad de WhatsApp: lo que debe saber antes de aceptarla - Minuto Cero RD","og_description":"El 15 de mayo se cumple la fecha l\u00edmite para aceptar la nueva pol\u00edtica de condiciones y privacidad de WhatsApp, que provoc\u00f3 cr\u00edticas por parte de usuarios del servicio de mensajer\u00eda propiedad de Facebook. Desde la plataforma han aclarado que no eliminar\u00e1n las cuentas de aquellos que no acepten las nuevas condiciones de uso, pero [&hellip;]","og_url":"https:\/\/minutocerord.com\/?p=4204","og_site_name":"Minuto Cero RD","article_publisher":"https:\/\/www.facebook.com\/Genofnotes","article_author":"https:\/\/www.facebook.com\/Genofnotes","article_published_time":"2021-05-13T04:32:47+00:00","article_modified_time":"2021-05-13T04:32:52+00:00","og_image":[{"width":1268,"height":664,"url":"https:\/\/i0.wp.com\/minutocerord.com\/wp-content\/uploads\/2021\/05\/Contactar-con-WhatsApp-2.jpg?fit=1268%2C664&ssl=1","type":"image\/jpeg"}],"author":"Genof\u00f3ntes Urb\u00e1ez","twitter_card":"summary_large_image","twitter_misc":{"Written by":"Genof\u00f3ntes Urb\u00e1ez","Est. reading time":"3 minutos"},"schema":{"@context":"https:\/\/schema.org","@graph":[{"@type":"Article","@id":"https:\/\/minutocerord.com\/?p=4204#article","isPartOf":{"@id":"https:\/\/minutocerord.com\/?p=4204"},"author":{"name":"Genof\u00f3ntes Urb\u00e1ez","@id":"https:\/\/minutocerord.com\/#\/schema\/person\/60b5372d60aaa0a5171fb6488be9aee6"},"headline":"El 15 de mayo entra en vigor la nueva pol\u00edtica de privacidad de WhatsApp: lo que debe saber antes de aceptarla","datePublished":"2021-05-13T04:32:47+00:00","dateModified":"2021-05-13T04:32:52+00:00","mainEntityOfPage":{"@id":"https:\/\/minutocerord.com\/?p=4204"},"wordCount":765,"commentCount":0,"publisher":{"@id":"https:\/\/minutocerord.com\/#\/schema\/person\/60b5372d60aaa0a5171fb6488be9aee6"},"image":{"@id":"https:\/\/minutocerord.com\/?p=4204#primaryimage"},"thumbnailUrl":"https:\/\/i0.wp.com\/minutocerord.com\/wp-content\/uploads\/2021\/05\/Contactar-con-WhatsApp-2.jpg?fit=1268%2C664&ssl=1","articleSection":["Redes Sociales"],"inLanguage":"es-DO","potentialAction":[{"@type":"CommentAction","name":"Comment","target":["https:\/\/minutocerord.com\/?p=4204#respond"]}]},{"@type":"WebPage","@id":"https:\/\/minutocerord.com\/?p=4204","url":"https:\/\/minutocerord.com\/?p=4204","name":"El 15 de mayo entra en vigor la nueva pol\u00edtica de privacidad de WhatsApp: lo que debe saber antes de aceptarla - Minuto Cero RD","isPartOf":{"@id":"https:\/\/minutocerord.com\/#website"},"primaryImageOfPage":{"@id":"https:\/\/minutocerord.com\/?p=4204#primaryimage"},"image":{"@id":"https:\/\/minutocerord.com\/?p=4204#primaryimage"},"thumbnailUrl":"https:\/\/i0.wp.com\/minutocerord.com\/wp-content\/uploads\/2021\/05\/Contactar-con-WhatsApp-2.jpg?fit=1268%2C664&ssl=1","datePublished":"2021-05-13T04:32:47+00:00","dateModified":"2021-05-13T04:32:52+00:00","breadcrumb":{"@id":"https:\/\/minutocerord.com\/?p=4204#breadcrumb"},"inLanguage":"es-DO","potentialAction":[{"@type":"ReadAction","target":["https:\/\/minutocerord.com\/?p=4204"]}]},{"@type":"ImageObject","inLanguage":"es-DO","@id":"https:\/\/minutocerord.com\/?p=4204#primaryimage","url":"https:\/\/i0.wp.com\/minutocerord.com\/wp-content\/uploads\/2021\/05\/Contactar-con-WhatsApp-2.jpg?fit=1268%2C664&ssl=1","contentUrl":"https:\/\/i0.wp.com\/minutocerord.com\/wp-content\/uploads\/2021\/05\/Contactar-con-WhatsApp-2.jpg?fit=1268%2C664&ssl=1","width":1268,"height":664},{"@type":"BreadcrumbList","@id":"https:\/\/minutocerord.com\/?p=4204#breadcrumb","itemListElement":[{"@type":"ListItem","position":1,"name":"Home","item":"https:\/\/minutocerord.com\/"},{"@type":"ListItem","position":2,"name":"El 15 de mayo entra en vigor la nueva pol\u00edtica de privacidad de WhatsApp: lo que debe saber antes de aceptarla"}]},{"@type":"WebSite","@id":"https:\/\/minutocerord.com\/#website","url":"https:\/\/minutocerord.com\/","name":"Minuto Cero RD","description":"Periodismo serio y veraz","publisher":{"@id":"https:\/\/minutocerord.com\/#\/schema\/person\/60b5372d60aaa0a5171fb6488be9aee6"},"potentialAction":[{"@type":"SearchAction","target":{"@type":"EntryPoint","urlTemplate":"https:\/\/minutocerord.com\/?s={search_term_string}"},"query-input":{"@type":"PropertyValueSpecification","valueRequired":true,"valueName":"search_term_string"}}],"inLanguage":"es-DO"},{"@type":["Person","Organization"],"@id":"https:\/\/minutocerord.com\/#\/schema\/person\/60b5372d60aaa0a5171fb6488be9aee6","name":"Genof\u00f3ntes Urb\u00e1ez","image":{"@type":"ImageObject","inLanguage":"es-DO","@id":"https:\/\/secure.gravatar.com\/avatar\/a49ef3186a692098ac3e8a1612261e3ad70cf9e44553dff2929e67939a0ecb9d?s=96&d=identicon&r=g","url":"https:\/\/secure.gravatar.com\/avatar\/a49ef3186a692098ac3e8a1612261e3ad70cf9e44553dff2929e67939a0ecb9d?s=96&d=identicon&r=g","contentUrl":"https:\/\/secure.gravatar.com\/avatar\/a49ef3186a692098ac3e8a1612261e3ad70cf9e44553dff2929e67939a0ecb9d?s=96&d=identicon&r=g","caption":"Genof\u00f3ntes Urb\u00e1ez"},"logo":{"@id":"https:\/\/secure.gravatar.com\/avatar\/a49ef3186a692098ac3e8a1612261e3ad70cf9e44553dff2929e67939a0ecb9d?s=96&d=identicon&r=g"},"description":"Periodista \/ Locutor","sameAs":["https:\/\/www.facebook.com\/Genofnotes","https:\/\/www.instagram.com\/genofnotes\/"]}]}},"jetpack_publicize_connections":[],"jetpack_featured_media_url":"https:\/\/i0.wp.com\/minutocerord.com\/wp-content\/uploads\/2021\/05\/Contactar-con-WhatsApp-2.jpg?fit=1268%2C664&ssl=1","jetpack-related-posts":[],"jetpack_sharing_enabled":true,"_links":{"self":[{"href":"https:\/\/minutocerord.com\/index.php?rest_route=\/wp\/v2\/posts\/4204","targetHints":{"allow":["GET"]}}],"collection":[{"href":"https:\/\/minutocerord.com\/index.php?rest_route=\/wp\/v2\/posts"}],"about":[{"href":"https:\/\/minutocerord.com\/index.php?rest_route=\/wp\/v2\/types\/post"}],"author":[{"embeddable":true,"href":"https:\/\/minutocerord.com\/index.php?rest_route=\/wp\/v2\/users\/1"}],"replies":[{"embeddable":true,"href":"https:\/\/minutocerord.com\/index.php?rest_route=%2Fwp%2Fv2%2Fcomments&post=4204"}],"version-history":[{"count":1,"href":"https:\/\/minutocerord.com\/index.php?rest_route=\/wp\/v2\/posts\/4204\/revisions"}],"predecessor-version":[{"id":4206,"href":"https:\/\/minutocerord.com\/index.php?rest_route=\/wp\/v2\/posts\/4204\/revisions\/4206"}],"wp:featuredmedia":[{"embeddable":true,"href":"https:\/\/minutocerord.com\/index.php?rest_route=\/wp\/v2\/media\/4205"}],"wp:attachment":[{"href":"https:\/\/minutocerord.com\/index.php?rest_route=%2Fwp%2Fv2%2Fmedia&parent=4204"}],"wp:term":[{"taxonomy":"category","embeddable":true,"href":"https:\/\/minutocerord.com\/index.php?rest_route=%2Fwp%2Fv2%2Fcategories&post=4204"},{"taxonomy":"post_tag","embeddable":true,"href":"https:\/\/minutocerord.com\/index.php?rest_route=%2Fwp%2Fv2%2Ftags&post=4204"}],"curies":[{"name":"wp","href":"https:\/\/api.w.org\/{rel}","templated":true}]}}