{"id":5105,"date":"2021-07-21T10:34:16","date_gmt":"2021-07-21T14:34:16","guid":{"rendered":"https:\/\/minutocerord.com\/?p=5105"},"modified":"2021-07-21T10:34:20","modified_gmt":"2021-07-21T14:34:20","slug":"sacerdote-del-templo-las-mercedes-critica-al-prm-ahora-nadie-aparece","status":"publish","type":"post","link":"https:\/\/minutocerord.com\/?p=5105","title":{"rendered":"Sacerdote del templo Las Mercedes critica al PRM: \u201cAhora nadie aparece\u201d"},"content":{"rendered":"\n<figure class=\"wp-block-embed is-type-rich is-provider-embed-handler wp-block-embed-embed-handler wp-embed-aspect-16-9 wp-has-aspect-ratio\"><div class=\"wp-block-embed__wrapper\">\n<div class=\"youtube-embed\" data-video_id=\"SeLL-pj4eBo\"><iframe loading=\"lazy\" title=\"Cura p\u00e1rroco Iglesia Las Mercedes con grito al cielo, partidos PRM y PRD no asisten ni responden.\" width=\"640\" height=\"360\" src=\"https:\/\/www.youtube.com\/embed\/SeLL-pj4eBo?feature=oembed&#038;enablejsapi=1\" frameborder=\"0\" allow=\"accelerometer; autoplay; clipboard-write; encrypted-media; gyroscope; picture-in-picture; web-share\" referrerpolicy=\"strict-origin-when-cross-origin\" allowfullscreen><\/iframe><\/div>\n<\/div><\/figure>\n\n\n\n<p><strong>SANTO DOMINGO.- <\/strong>El sacerdote Frankeli Rodr\u00edguez, de la iglesia<strong>\u00a0<\/strong>Las Mercedes, de la Ciudad Colonial,\u00a0 arremeti\u00f3 contra funcionarios del Gobierno se\u00f1alando que luego de llegar al poder ya no asisten a misa ni toman llamadas.<\/p>\n\n\n\n<p>Durante una predica en una misa este lunes, asegur\u00f3 que muchos miembros del partido que est\u00e1 gobernado tomaron el templo Las Mercedes como escenario de sus discursos de oposici\u00f3n, pero ahora \u00abnadie aparece\u00bb.<\/p>\n\n\n\n<p>\u201cTodas las misas del PRD y del &nbsp;PRM aqu\u00ed era que se hac\u00edan, ahora nadie aparece para la Iglesia Las Mercedes, nadie aparece, ni agarran llamadas los ministros y los directores &nbsp;y funcionarios &nbsp;y la iglesia a la que ellos ven\u00edan a dar los grandes discursos a la &nbsp;oposici\u00f3n, no aparecen\u201d, dijo el religioso, cuyo serm\u00f3n est\u00e1 en un video que circula en redes sociales.<\/p>\n\n\n\n<p>Cont\u00f3 que en septiembre \u00faltimo el templo solicit\u00f3 una ayuda al Ministerio de Obras P\u00fablicas, pero \u00e9ste s\u00f3lo le remiti\u00f3 10 mil pesos.<\/p>\n\n\n\n<p>\u201cGracias a Dios que yo no era el rector porque se los habr\u00eda devuelto\u201d, enfatiz\u00f3.<\/p>\n\n\n\n<p>\u201cLamentablemente no podemos creer en nadie, porque cuando est\u00e1n afuera son muy buenos hablando, hablan demasiado, dicen mucho pero en la pr\u00e1ctica no dicen nada\u201d, expres\u00f3.<\/p>\n","protected":false},"excerpt":{"rendered":"<p>SANTO DOMINGO.- El sacerdote Frankeli Rodr\u00edguez, de la iglesia\u00a0Las Mercedes, de la Ciudad Colonial,\u00a0 arremeti\u00f3 contra funcionarios del Gobierno se\u00f1alando que luego de llegar al poder ya no asisten a misa ni toman llamadas. Durante una predica en una misa este lunes, asegur\u00f3 que muchos miembros del partido que est\u00e1 gobernado tomaron el templo Las [&hellip;]<\/p>\n","protected":false},"author":1,"featured_media":5107,"comment_status":"open","ping_status":"open","sticky":false,"template":"","format":"standard","meta":{"nf_dc_page":"","jetpack_post_was_ever_published":false,"_jetpack_newsletter_access":"","_jetpack_dont_email_post_to_subs":false,"_jetpack_newsletter_tier_id":0,"_jetpack_memberships_contains_paywalled_content":false,"_jetpack_memberships_contains_paid_content":false,"footnotes":"","jetpack_publicize_message":"","jetpack_publicize_feature_enabled":true,"jetpack_social_post_already_shared":false,"jetpack_social_options":{"image_generator_settings":{"template":"highway","default_image_id":0,"font":"","enabled":false},"version":2}},"categories":[70],"tags":[],"class_list":["post-5105","post","type-post","status-publish","format-standard","has-post-thumbnail","hentry","category-politica"],"yoast_head":"<!-- This site is optimized with the Yoast SEO plugin v27.5 - https:\/\/yoast.com\/product\/yoast-seo-wordpress\/ -->\n<title>Sacerdote del templo Las Mercedes critica al PRM: \u201cAhora nadie aparece\u201d - Minuto Cero RD<\/title>\n<meta name=\"robots\" content=\"index, follow, max-snippet:-1, max-image-preview:large, max-video-preview:-1\" \/>\n<link rel=\"canonical\" href=\"https:\/\/minutocerord.com\/?p=5105\" \/>\n<meta property=\"og:locale\" content=\"es_ES\" \/>\n<meta property=\"og:type\" content=\"article\" \/>\n<meta property=\"og:title\" content=\"Sacerdote del templo Las Mercedes critica al PRM: \u201cAhora nadie aparece\u201d - Minuto Cero RD\" \/>\n<meta property=\"og:description\" content=\"SANTO DOMINGO.- El sacerdote Frankeli Rodr\u00edguez, de la iglesia\u00a0Las Mercedes, de la Ciudad Colonial,\u00a0 arremeti\u00f3 contra funcionarios del Gobierno se\u00f1alando que luego de llegar al poder ya no asisten a misa ni toman llamadas. Durante una predica en una misa este lunes, asegur\u00f3 que muchos miembros del partido que est\u00e1 gobernado tomaron el templo Las [&hellip;]\" \/>\n<meta property=\"og:url\" content=\"https:\/\/minutocerord.com\/?p=5105\" \/>\n<meta property=\"og:site_name\" content=\"Minuto Cero RD\" \/>\n<meta property=\"article:publisher\" content=\"https:\/\/www.facebook.com\/Genofnotes\" \/>\n<meta property=\"article:author\" content=\"https:\/\/www.facebook.com\/Genofnotes\" \/>\n<meta property=\"article:published_time\" content=\"2021-07-21T14:34:16+00:00\" \/>\n<meta property=\"article:modified_time\" content=\"2021-07-21T14:34:20+00:00\" \/>\n<meta property=\"og:image\" content=\"https:\/\/i0.wp.com\/minutocerord.com\/wp-content\/uploads\/2021\/07\/Frankeli-Rodriguez..jpg?fit=1200%2C577&ssl=1\" \/>\n\t<meta property=\"og:image:width\" content=\"1200\" \/>\n\t<meta property=\"og:image:height\" content=\"577\" \/>\n\t<meta property=\"og:image:type\" content=\"image\/jpeg\" \/>\n<meta name=\"author\" content=\"Genof\u00f3ntes Urb\u00e1ez\" \/>\n<meta name=\"twitter:card\" content=\"summary_large_image\" \/>\n<meta name=\"twitter:label1\" content=\"Written by\" \/>\n\t<meta name=\"twitter:data1\" content=\"Genof\u00f3ntes Urb\u00e1ez\" \/>\n\t<meta name=\"twitter:label2\" content=\"Est. reading time\" \/>\n\t<meta name=\"twitter:data2\" content=\"1 minuto\" \/>\n<script type=\"application\/ld+json\" class=\"yoast-schema-graph\">{\"@context\":\"https:\\\/\\\/schema.org\",\"@graph\":[{\"@type\":\"Article\",\"@id\":\"https:\\\/\\\/minutocerord.com\\\/?p=5105#article\",\"isPartOf\":{\"@id\":\"https:\\\/\\\/minutocerord.com\\\/?p=5105\"},\"author\":{\"name\":\"Genof\u00f3ntes Urb\u00e1ez\",\"@id\":\"https:\\\/\\\/minutocerord.com\\\/#\\\/schema\\\/person\\\/60b5372d60aaa0a5171fb6488be9aee6\"},\"headline\":\"Sacerdote del templo Las Mercedes critica al PRM: \u201cAhora nadie aparece\u201d\",\"datePublished\":\"2021-07-21T14:34:16+00:00\",\"dateModified\":\"2021-07-21T14:34:20+00:00\",\"mainEntityOfPage\":{\"@id\":\"https:\\\/\\\/minutocerord.com\\\/?p=5105\"},\"wordCount\":231,\"commentCount\":0,\"publisher\":{\"@id\":\"https:\\\/\\\/minutocerord.com\\\/#\\\/schema\\\/person\\\/60b5372d60aaa0a5171fb6488be9aee6\"},\"image\":{\"@id\":\"https:\\\/\\\/minutocerord.com\\\/?p=5105#primaryimage\"},\"thumbnailUrl\":\"https:\\\/\\\/i0.wp.com\\\/minutocerord.com\\\/wp-content\\\/uploads\\\/2021\\\/07\\\/Frankeli-Rodriguez..jpg?fit=1200%2C577&ssl=1\",\"articleSection\":[\"Pol\u00edtica\"],\"inLanguage\":\"es-DO\",\"potentialAction\":[{\"@type\":\"CommentAction\",\"name\":\"Comment\",\"target\":[\"https:\\\/\\\/minutocerord.com\\\/?p=5105#respond\"]}]},{\"@type\":\"WebPage\",\"@id\":\"https:\\\/\\\/minutocerord.com\\\/?p=5105\",\"url\":\"https:\\\/\\\/minutocerord.com\\\/?p=5105\",\"name\":\"Sacerdote del templo Las Mercedes critica al PRM: \u201cAhora nadie aparece\u201d - Minuto Cero RD\",\"isPartOf\":{\"@id\":\"https:\\\/\\\/minutocerord.com\\\/#website\"},\"primaryImageOfPage\":{\"@id\":\"https:\\\/\\\/minutocerord.com\\\/?p=5105#primaryimage\"},\"image\":{\"@id\":\"https:\\\/\\\/minutocerord.com\\\/?p=5105#primaryimage\"},\"thumbnailUrl\":\"https:\\\/\\\/i0.wp.com\\\/minutocerord.com\\\/wp-content\\\/uploads\\\/2021\\\/07\\\/Frankeli-Rodriguez..jpg?fit=1200%2C577&ssl=1\",\"datePublished\":\"2021-07-21T14:34:16+00:00\",\"dateModified\":\"2021-07-21T14:34:20+00:00\",\"breadcrumb\":{\"@id\":\"https:\\\/\\\/minutocerord.com\\\/?p=5105#breadcrumb\"},\"inLanguage\":\"es-DO\",\"potentialAction\":[{\"@type\":\"ReadAction\",\"target\":[\"https:\\\/\\\/minutocerord.com\\\/?p=5105\"]}]},{\"@type\":\"ImageObject\",\"inLanguage\":\"es-DO\",\"@id\":\"https:\\\/\\\/minutocerord.com\\\/?p=5105#primaryimage\",\"url\":\"https:\\\/\\\/i0.wp.com\\\/minutocerord.com\\\/wp-content\\\/uploads\\\/2021\\\/07\\\/Frankeli-Rodriguez..jpg?fit=1200%2C577&ssl=1\",\"contentUrl\":\"https:\\\/\\\/i0.wp.com\\\/minutocerord.com\\\/wp-content\\\/uploads\\\/2021\\\/07\\\/Frankeli-Rodriguez..jpg?fit=1200%2C577&ssl=1\",\"width\":1200,\"height\":577},{\"@type\":\"BreadcrumbList\",\"@id\":\"https:\\\/\\\/minutocerord.com\\\/?p=5105#breadcrumb\",\"itemListElement\":[{\"@type\":\"ListItem\",\"position\":1,\"name\":\"Home\",\"item\":\"https:\\\/\\\/minutocerord.com\\\/\"},{\"@type\":\"ListItem\",\"position\":2,\"name\":\"Sacerdote del templo Las Mercedes critica al PRM: \u201cAhora nadie aparece\u201d\"}]},{\"@type\":\"WebSite\",\"@id\":\"https:\\\/\\\/minutocerord.com\\\/#website\",\"url\":\"https:\\\/\\\/minutocerord.com\\\/\",\"name\":\"Minuto Cero RD\",\"description\":\"Periodismo serio y veraz\",\"publisher\":{\"@id\":\"https:\\\/\\\/minutocerord.com\\\/#\\\/schema\\\/person\\\/60b5372d60aaa0a5171fb6488be9aee6\"},\"potentialAction\":[{\"@type\":\"SearchAction\",\"target\":{\"@type\":\"EntryPoint\",\"urlTemplate\":\"https:\\\/\\\/minutocerord.com\\\/?s={search_term_string}\"},\"query-input\":{\"@type\":\"PropertyValueSpecification\",\"valueRequired\":true,\"valueName\":\"search_term_string\"}}],\"inLanguage\":\"es-DO\"},{\"@type\":[\"Person\",\"Organization\"],\"@id\":\"https:\\\/\\\/minutocerord.com\\\/#\\\/schema\\\/person\\\/60b5372d60aaa0a5171fb6488be9aee6\",\"name\":\"Genof\u00f3ntes Urb\u00e1ez\",\"image\":{\"@type\":\"ImageObject\",\"inLanguage\":\"es-DO\",\"@id\":\"https:\\\/\\\/secure.gravatar.com\\\/avatar\\\/a49ef3186a692098ac3e8a1612261e3ad70cf9e44553dff2929e67939a0ecb9d?s=96&d=identicon&r=g\",\"url\":\"https:\\\/\\\/secure.gravatar.com\\\/avatar\\\/a49ef3186a692098ac3e8a1612261e3ad70cf9e44553dff2929e67939a0ecb9d?s=96&d=identicon&r=g\",\"contentUrl\":\"https:\\\/\\\/secure.gravatar.com\\\/avatar\\\/a49ef3186a692098ac3e8a1612261e3ad70cf9e44553dff2929e67939a0ecb9d?s=96&d=identicon&r=g\",\"caption\":\"Genof\u00f3ntes Urb\u00e1ez\"},\"logo\":{\"@id\":\"https:\\\/\\\/secure.gravatar.com\\\/avatar\\\/a49ef3186a692098ac3e8a1612261e3ad70cf9e44553dff2929e67939a0ecb9d?s=96&d=identicon&r=g\"},\"description\":\"Periodista \\\/ Locutor\",\"sameAs\":[\"https:\\\/\\\/www.facebook.com\\\/Genofnotes\",\"https:\\\/\\\/www.instagram.com\\\/genofnotes\\\/\"]}]}<\/script>\n<!-- \/ Yoast SEO plugin. -->","yoast_head_json":{"title":"Sacerdote del templo Las Mercedes critica al PRM: \u201cAhora nadie aparece\u201d - Minuto Cero RD","robots":{"index":"index","follow":"follow","max-snippet":"max-snippet:-1","max-image-preview":"max-image-preview:large","max-video-preview":"max-video-preview:-1"},"canonical":"https:\/\/minutocerord.com\/?p=5105","og_locale":"es_ES","og_type":"article","og_title":"Sacerdote del templo Las Mercedes critica al PRM: \u201cAhora nadie aparece\u201d - Minuto Cero RD","og_description":"SANTO DOMINGO.- El sacerdote Frankeli Rodr\u00edguez, de la iglesia\u00a0Las Mercedes, de la Ciudad Colonial,\u00a0 arremeti\u00f3 contra funcionarios del Gobierno se\u00f1alando que luego de llegar al poder ya no asisten a misa ni toman llamadas. Durante una predica en una misa este lunes, asegur\u00f3 que muchos miembros del partido que est\u00e1 gobernado tomaron el templo Las [&hellip;]","og_url":"https:\/\/minutocerord.com\/?p=5105","og_site_name":"Minuto Cero RD","article_publisher":"https:\/\/www.facebook.com\/Genofnotes","article_author":"https:\/\/www.facebook.com\/Genofnotes","article_published_time":"2021-07-21T14:34:16+00:00","article_modified_time":"2021-07-21T14:34:20+00:00","og_image":[{"width":1200,"height":577,"url":"https:\/\/i0.wp.com\/minutocerord.com\/wp-content\/uploads\/2021\/07\/Frankeli-Rodriguez..jpg?fit=1200%2C577&ssl=1","type":"image\/jpeg"}],"author":"Genof\u00f3ntes Urb\u00e1ez","twitter_card":"summary_large_image","twitter_misc":{"Written by":"Genof\u00f3ntes Urb\u00e1ez","Est. reading time":"1 minuto"},"schema":{"@context":"https:\/\/schema.org","@graph":[{"@type":"Article","@id":"https:\/\/minutocerord.com\/?p=5105#article","isPartOf":{"@id":"https:\/\/minutocerord.com\/?p=5105"},"author":{"name":"Genof\u00f3ntes Urb\u00e1ez","@id":"https:\/\/minutocerord.com\/#\/schema\/person\/60b5372d60aaa0a5171fb6488be9aee6"},"headline":"Sacerdote del templo Las Mercedes critica al PRM: \u201cAhora nadie aparece\u201d","datePublished":"2021-07-21T14:34:16+00:00","dateModified":"2021-07-21T14:34:20+00:00","mainEntityOfPage":{"@id":"https:\/\/minutocerord.com\/?p=5105"},"wordCount":231,"commentCount":0,"publisher":{"@id":"https:\/\/minutocerord.com\/#\/schema\/person\/60b5372d60aaa0a5171fb6488be9aee6"},"image":{"@id":"https:\/\/minutocerord.com\/?p=5105#primaryimage"},"thumbnailUrl":"https:\/\/i0.wp.com\/minutocerord.com\/wp-content\/uploads\/2021\/07\/Frankeli-Rodriguez..jpg?fit=1200%2C577&ssl=1","articleSection":["Pol\u00edtica"],"inLanguage":"es-DO","potentialAction":[{"@type":"CommentAction","name":"Comment","target":["https:\/\/minutocerord.com\/?p=5105#respond"]}]},{"@type":"WebPage","@id":"https:\/\/minutocerord.com\/?p=5105","url":"https:\/\/minutocerord.com\/?p=5105","name":"Sacerdote del templo Las Mercedes critica al PRM: \u201cAhora nadie aparece\u201d - Minuto Cero RD","isPartOf":{"@id":"https:\/\/minutocerord.com\/#website"},"primaryImageOfPage":{"@id":"https:\/\/minutocerord.com\/?p=5105#primaryimage"},"image":{"@id":"https:\/\/minutocerord.com\/?p=5105#primaryimage"},"thumbnailUrl":"https:\/\/i0.wp.com\/minutocerord.com\/wp-content\/uploads\/2021\/07\/Frankeli-Rodriguez..jpg?fit=1200%2C577&ssl=1","datePublished":"2021-07-21T14:34:16+00:00","dateModified":"2021-07-21T14:34:20+00:00","breadcrumb":{"@id":"https:\/\/minutocerord.com\/?p=5105#breadcrumb"},"inLanguage":"es-DO","potentialAction":[{"@type":"ReadAction","target":["https:\/\/minutocerord.com\/?p=5105"]}]},{"@type":"ImageObject","inLanguage":"es-DO","@id":"https:\/\/minutocerord.com\/?p=5105#primaryimage","url":"https:\/\/i0.wp.com\/minutocerord.com\/wp-content\/uploads\/2021\/07\/Frankeli-Rodriguez..jpg?fit=1200%2C577&ssl=1","contentUrl":"https:\/\/i0.wp.com\/minutocerord.com\/wp-content\/uploads\/2021\/07\/Frankeli-Rodriguez..jpg?fit=1200%2C577&ssl=1","width":1200,"height":577},{"@type":"BreadcrumbList","@id":"https:\/\/minutocerord.com\/?p=5105#breadcrumb","itemListElement":[{"@type":"ListItem","position":1,"name":"Home","item":"https:\/\/minutocerord.com\/"},{"@type":"ListItem","position":2,"name":"Sacerdote del templo Las Mercedes critica al PRM: \u201cAhora nadie aparece\u201d"}]},{"@type":"WebSite","@id":"https:\/\/minutocerord.com\/#website","url":"https:\/\/minutocerord.com\/","name":"Minuto Cero RD","description":"Periodismo serio y veraz","publisher":{"@id":"https:\/\/minutocerord.com\/#\/schema\/person\/60b5372d60aaa0a5171fb6488be9aee6"},"potentialAction":[{"@type":"SearchAction","target":{"@type":"EntryPoint","urlTemplate":"https:\/\/minutocerord.com\/?s={search_term_string}"},"query-input":{"@type":"PropertyValueSpecification","valueRequired":true,"valueName":"search_term_string"}}],"inLanguage":"es-DO"},{"@type":["Person","Organization"],"@id":"https:\/\/minutocerord.com\/#\/schema\/person\/60b5372d60aaa0a5171fb6488be9aee6","name":"Genof\u00f3ntes Urb\u00e1ez","image":{"@type":"ImageObject","inLanguage":"es-DO","@id":"https:\/\/secure.gravatar.com\/avatar\/a49ef3186a692098ac3e8a1612261e3ad70cf9e44553dff2929e67939a0ecb9d?s=96&d=identicon&r=g","url":"https:\/\/secure.gravatar.com\/avatar\/a49ef3186a692098ac3e8a1612261e3ad70cf9e44553dff2929e67939a0ecb9d?s=96&d=identicon&r=g","contentUrl":"https:\/\/secure.gravatar.com\/avatar\/a49ef3186a692098ac3e8a1612261e3ad70cf9e44553dff2929e67939a0ecb9d?s=96&d=identicon&r=g","caption":"Genof\u00f3ntes Urb\u00e1ez"},"logo":{"@id":"https:\/\/secure.gravatar.com\/avatar\/a49ef3186a692098ac3e8a1612261e3ad70cf9e44553dff2929e67939a0ecb9d?s=96&d=identicon&r=g"},"description":"Periodista \/ Locutor","sameAs":["https:\/\/www.facebook.com\/Genofnotes","https:\/\/www.instagram.com\/genofnotes\/"]}]}},"jetpack_publicize_connections":[],"jetpack_featured_media_url":"https:\/\/i0.wp.com\/minutocerord.com\/wp-content\/uploads\/2021\/07\/Frankeli-Rodriguez..jpg?fit=1200%2C577&ssl=1","jetpack-related-posts":[],"jetpack_sharing_enabled":true,"_links":{"self":[{"href":"https:\/\/minutocerord.com\/index.php?rest_route=\/wp\/v2\/posts\/5105","targetHints":{"allow":["GET"]}}],"collection":[{"href":"https:\/\/minutocerord.com\/index.php?rest_route=\/wp\/v2\/posts"}],"about":[{"href":"https:\/\/minutocerord.com\/index.php?rest_route=\/wp\/v2\/types\/post"}],"author":[{"embeddable":true,"href":"https:\/\/minutocerord.com\/index.php?rest_route=\/wp\/v2\/users\/1"}],"replies":[{"embeddable":true,"href":"https:\/\/minutocerord.com\/index.php?rest_route=%2Fwp%2Fv2%2Fcomments&post=5105"}],"version-history":[{"count":1,"href":"https:\/\/minutocerord.com\/index.php?rest_route=\/wp\/v2\/posts\/5105\/revisions"}],"predecessor-version":[{"id":5108,"href":"https:\/\/minutocerord.com\/index.php?rest_route=\/wp\/v2\/posts\/5105\/revisions\/5108"}],"wp:featuredmedia":[{"embeddable":true,"href":"https:\/\/minutocerord.com\/index.php?rest_route=\/wp\/v2\/media\/5107"}],"wp:attachment":[{"href":"https:\/\/minutocerord.com\/index.php?rest_route=%2Fwp%2Fv2%2Fmedia&parent=5105"}],"wp:term":[{"taxonomy":"category","embeddable":true,"href":"https:\/\/minutocerord.com\/index.php?rest_route=%2Fwp%2Fv2%2Fcategories&post=5105"},{"taxonomy":"post_tag","embeddable":true,"href":"https:\/\/minutocerord.com\/index.php?rest_route=%2Fwp%2Fv2%2Ftags&post=5105"}],"curies":[{"name":"wp","href":"https:\/\/api.w.org\/{rel}","templated":true}]}}