{"id":5115,"date":"2021-07-21T13:30:03","date_gmt":"2021-07-21T17:30:03","guid":{"rendered":"https:\/\/minutocerord.com\/?p=5115"},"modified":"2021-07-21T13:30:07","modified_gmt":"2021-07-21T17:30:07","slug":"rescatan-a-2-dominicanos-pasaron-14-dias-a-la-deriva-en-caribe-colombiano","status":"publish","type":"post","link":"https:\/\/minutocerord.com\/?p=5115","title":{"rendered":"Rescatan a 2 dominicanos pasaron 14 d\u00edas a la deriva en Caribe colombiano"},"content":{"rendered":"\n<p><strong>BOGOTA.-<\/strong> La Armada de Colombia rescat\u00f3 a dos ciudadanos dominicanos que llevaban 14 d\u00edas a la deriva en el mar Caribe tras haber zarpado en una motonave el pasado 5 de julio del puerto de Salinas de Ban\u00ed, en su pa\u00eds, informaron este mi\u00e9rcoles las autoridades.<\/p>\n\n\n\n<p>\u00abEl 18 de julio a las 23.30 horas, aproximadamente a unas 150 millas n\u00e1uticas al sureste de la isla de Providencia vemos c\u00f3mo una luz tenue titila en el oc\u00e9ano en unas condiciones oc\u00e9ano-atmosf\u00e9ricas sumamente complejas con olas de 3 y 4 metros de altura\u00bb, detall\u00f3 el capit\u00e1n de fragata Jes\u00fas Zambrano, comandante del Buque Hidrogr\u00e1fico Multiprop\u00f3sito ARC \u00abCaribe\u00bb.<\/p>\n\n\n\n<p>El oficial agreg\u00f3 que ante esta situaci\u00f3n el buque, que ayuda a la atenci\u00f3n de la emergencia en la isla de Providencia, que fue devastada el a\u00f1o pasado por el hurac\u00e1n Iota, se acerc\u00f3 a la luz y vio la embarcaci\u00f3n que transportaba a los dos dominicanos, que quedaron a la deriva por un fallo en el motor de su barco.<\/p>\n\n\n\n<p>\u00abLogramos que ellos se comuniquen con sus familias para informar que est\u00e1n sanos y salvos dado que, despu\u00e9s de todos esos d\u00edas que hab\u00edan pasado perdidos en el mar, se cre\u00eda que hab\u00edan perdido la vida\u00bb, expres\u00f3.<\/p>\n\n\n\n<p>Los rescatados fueron puestos a disposici\u00f3n de Migraci\u00f3n Colombia en Cartagena de Indias, donde ser\u00e1n atendidos mientras son repatriados a Rep\u00fablica Dominicana.<\/p>\n\n\n\n<p>Los hombres fueron identificados como Wander Feliz Cuevas y Miguel \u00c1ngel Romero, de 37 y 50 a\u00f1os, respectivamente, quienes estaban en buena condici\u00f3n de salud y fueron aislados de la tripulaci\u00f3n del buque para dar cumplimiento a los protocolos de bioseguridad por la covid-19.<\/p>\n\n\n\n<p>\u00abTen\u00edamos 14 d\u00edas flotando sobre el mar, peleando con el mar. Las olas nos llenaban la embarcaci\u00f3n cada vez que nos daban, nunca tuvimos momento seco\u00bb, afirm\u00f3 Cuevas.<\/p>\n\n\n\n<p>El hombre relat\u00f3 que cuando fueron rescatados apenas les quedaban dos paquetes de galletas que les durar\u00edan un par de d\u00edas, seg\u00fan las cuentas que hizo.<\/p>\n\n\n\n<p>La motonave en la que viajaban no pudo ser recuperada por las dif\u00edciles condiciones del mar.<\/p>\n","protected":false},"excerpt":{"rendered":"<p>BOGOTA.- La Armada de Colombia rescat\u00f3 a dos ciudadanos dominicanos que llevaban 14 d\u00edas a la deriva en el mar Caribe tras haber zarpado en una motonave el pasado 5 de julio del puerto de Salinas de Ban\u00ed, en su pa\u00eds, informaron este mi\u00e9rcoles las autoridades. \u00abEl 18 de julio a las 23.30 horas, aproximadamente [&hellip;]<\/p>\n","protected":false},"author":1,"featured_media":5116,"comment_status":"open","ping_status":"open","sticky":false,"template":"","format":"standard","meta":{"nf_dc_page":"","jetpack_post_was_ever_published":false,"_jetpack_newsletter_access":"","_jetpack_dont_email_post_to_subs":false,"_jetpack_newsletter_tier_id":0,"_jetpack_memberships_contains_paywalled_content":false,"_jetpack_memberships_contains_paid_content":false,"footnotes":"","jetpack_publicize_message":"","jetpack_publicize_feature_enabled":true,"jetpack_social_post_already_shared":false,"jetpack_social_options":{"image_generator_settings":{"template":"highway","default_image_id":0,"font":"","enabled":false},"version":2}},"categories":[66],"tags":[],"class_list":["post-5115","post","type-post","status-publish","format-standard","has-post-thumbnail","hentry","category-internacionales"],"yoast_head":"<!-- This site is optimized with the Yoast SEO plugin v27.5 - https:\/\/yoast.com\/product\/yoast-seo-wordpress\/ -->\n<title>Rescatan a 2 dominicanos pasaron 14 d\u00edas a la deriva en Caribe colombiano - Minuto Cero RD<\/title>\n<meta name=\"robots\" content=\"index, follow, max-snippet:-1, max-image-preview:large, max-video-preview:-1\" \/>\n<link rel=\"canonical\" href=\"http:\/\/minutocerord.com\/?p=5115\" \/>\n<meta property=\"og:locale\" content=\"es_ES\" \/>\n<meta property=\"og:type\" content=\"article\" \/>\n<meta property=\"og:title\" content=\"Rescatan a 2 dominicanos pasaron 14 d\u00edas a la deriva en Caribe colombiano - Minuto Cero RD\" \/>\n<meta property=\"og:description\" content=\"BOGOTA.- La Armada de Colombia rescat\u00f3 a dos ciudadanos dominicanos que llevaban 14 d\u00edas a la deriva en el mar Caribe tras haber zarpado en una motonave el pasado 5 de julio del puerto de Salinas de Ban\u00ed, en su pa\u00eds, informaron este mi\u00e9rcoles las autoridades. \u00abEl 18 de julio a las 23.30 horas, aproximadamente [&hellip;]\" \/>\n<meta property=\"og:url\" content=\"http:\/\/minutocerord.com\/?p=5115\" \/>\n<meta property=\"og:site_name\" content=\"Minuto Cero RD\" \/>\n<meta property=\"article:publisher\" content=\"https:\/\/www.facebook.com\/Genofnotes\" \/>\n<meta property=\"article:author\" content=\"https:\/\/www.facebook.com\/Genofnotes\" \/>\n<meta property=\"article:published_time\" content=\"2021-07-21T17:30:03+00:00\" \/>\n<meta property=\"article:modified_time\" content=\"2021-07-21T17:30:07+00:00\" \/>\n<meta property=\"og:image\" content=\"https:\/\/i0.wp.com\/minutocerord.com\/wp-content\/uploads\/2021\/07\/dominicanos.jpg?fit=1260%2C705\" \/>\n\t<meta property=\"og:image:width\" content=\"1260\" \/>\n\t<meta property=\"og:image:height\" content=\"705\" \/>\n\t<meta property=\"og:image:type\" content=\"image\/jpeg\" \/>\n<meta name=\"author\" content=\"Genof\u00f3ntes Urb\u00e1ez\" \/>\n<meta name=\"twitter:card\" content=\"summary_large_image\" \/>\n<meta name=\"twitter:label1\" content=\"Written by\" \/>\n\t<meta name=\"twitter:data1\" content=\"Genof\u00f3ntes Urb\u00e1ez\" \/>\n\t<meta name=\"twitter:label2\" content=\"Est. reading time\" \/>\n\t<meta name=\"twitter:data2\" content=\"2 minutos\" \/>\n<script type=\"application\/ld+json\" class=\"yoast-schema-graph\">{\"@context\":\"https:\\\/\\\/schema.org\",\"@graph\":[{\"@type\":\"Article\",\"@id\":\"http:\\\/\\\/minutocerord.com\\\/?p=5115#article\",\"isPartOf\":{\"@id\":\"http:\\\/\\\/minutocerord.com\\\/?p=5115\"},\"author\":{\"name\":\"Genof\u00f3ntes Urb\u00e1ez\",\"@id\":\"https:\\\/\\\/minutocerord.com\\\/#\\\/schema\\\/person\\\/60b5372d60aaa0a5171fb6488be9aee6\"},\"headline\":\"Rescatan a 2 dominicanos pasaron 14 d\u00edas a la deriva en Caribe colombiano\",\"datePublished\":\"2021-07-21T17:30:03+00:00\",\"dateModified\":\"2021-07-21T17:30:07+00:00\",\"mainEntityOfPage\":{\"@id\":\"http:\\\/\\\/minutocerord.com\\\/?p=5115\"},\"wordCount\":379,\"commentCount\":0,\"publisher\":{\"@id\":\"https:\\\/\\\/minutocerord.com\\\/#\\\/schema\\\/person\\\/60b5372d60aaa0a5171fb6488be9aee6\"},\"image\":{\"@id\":\"http:\\\/\\\/minutocerord.com\\\/?p=5115#primaryimage\"},\"thumbnailUrl\":\"https:\\\/\\\/i0.wp.com\\\/minutocerord.com\\\/wp-content\\\/uploads\\\/2021\\\/07\\\/dominicanos.jpg?fit=1260%2C705&ssl=1\",\"articleSection\":[\"Internacionales\"],\"inLanguage\":\"es-DO\",\"potentialAction\":[{\"@type\":\"CommentAction\",\"name\":\"Comment\",\"target\":[\"http:\\\/\\\/minutocerord.com\\\/?p=5115#respond\"]}]},{\"@type\":\"WebPage\",\"@id\":\"http:\\\/\\\/minutocerord.com\\\/?p=5115\",\"url\":\"http:\\\/\\\/minutocerord.com\\\/?p=5115\",\"name\":\"Rescatan a 2 dominicanos pasaron 14 d\u00edas a la deriva en Caribe colombiano - Minuto Cero RD\",\"isPartOf\":{\"@id\":\"https:\\\/\\\/minutocerord.com\\\/#website\"},\"primaryImageOfPage\":{\"@id\":\"http:\\\/\\\/minutocerord.com\\\/?p=5115#primaryimage\"},\"image\":{\"@id\":\"http:\\\/\\\/minutocerord.com\\\/?p=5115#primaryimage\"},\"thumbnailUrl\":\"https:\\\/\\\/i0.wp.com\\\/minutocerord.com\\\/wp-content\\\/uploads\\\/2021\\\/07\\\/dominicanos.jpg?fit=1260%2C705&ssl=1\",\"datePublished\":\"2021-07-21T17:30:03+00:00\",\"dateModified\":\"2021-07-21T17:30:07+00:00\",\"breadcrumb\":{\"@id\":\"http:\\\/\\\/minutocerord.com\\\/?p=5115#breadcrumb\"},\"inLanguage\":\"es-DO\",\"potentialAction\":[{\"@type\":\"ReadAction\",\"target\":[\"http:\\\/\\\/minutocerord.com\\\/?p=5115\"]}]},{\"@type\":\"ImageObject\",\"inLanguage\":\"es-DO\",\"@id\":\"http:\\\/\\\/minutocerord.com\\\/?p=5115#primaryimage\",\"url\":\"https:\\\/\\\/i0.wp.com\\\/minutocerord.com\\\/wp-content\\\/uploads\\\/2021\\\/07\\\/dominicanos.jpg?fit=1260%2C705&ssl=1\",\"contentUrl\":\"https:\\\/\\\/i0.wp.com\\\/minutocerord.com\\\/wp-content\\\/uploads\\\/2021\\\/07\\\/dominicanos.jpg?fit=1260%2C705&ssl=1\",\"width\":1260,\"height\":705},{\"@type\":\"BreadcrumbList\",\"@id\":\"http:\\\/\\\/minutocerord.com\\\/?p=5115#breadcrumb\",\"itemListElement\":[{\"@type\":\"ListItem\",\"position\":1,\"name\":\"Home\",\"item\":\"https:\\\/\\\/minutocerord.com\\\/\"},{\"@type\":\"ListItem\",\"position\":2,\"name\":\"Rescatan a 2 dominicanos pasaron 14 d\u00edas a la deriva en Caribe colombiano\"}]},{\"@type\":\"WebSite\",\"@id\":\"https:\\\/\\\/minutocerord.com\\\/#website\",\"url\":\"https:\\\/\\\/minutocerord.com\\\/\",\"name\":\"Minuto Cero RD\",\"description\":\"Periodismo serio y veraz\",\"publisher\":{\"@id\":\"https:\\\/\\\/minutocerord.com\\\/#\\\/schema\\\/person\\\/60b5372d60aaa0a5171fb6488be9aee6\"},\"potentialAction\":[{\"@type\":\"SearchAction\",\"target\":{\"@type\":\"EntryPoint\",\"urlTemplate\":\"https:\\\/\\\/minutocerord.com\\\/?s={search_term_string}\"},\"query-input\":{\"@type\":\"PropertyValueSpecification\",\"valueRequired\":true,\"valueName\":\"search_term_string\"}}],\"inLanguage\":\"es-DO\"},{\"@type\":[\"Person\",\"Organization\"],\"@id\":\"https:\\\/\\\/minutocerord.com\\\/#\\\/schema\\\/person\\\/60b5372d60aaa0a5171fb6488be9aee6\",\"name\":\"Genof\u00f3ntes Urb\u00e1ez\",\"image\":{\"@type\":\"ImageObject\",\"inLanguage\":\"es-DO\",\"@id\":\"https:\\\/\\\/secure.gravatar.com\\\/avatar\\\/a49ef3186a692098ac3e8a1612261e3ad70cf9e44553dff2929e67939a0ecb9d?s=96&d=identicon&r=g\",\"url\":\"https:\\\/\\\/secure.gravatar.com\\\/avatar\\\/a49ef3186a692098ac3e8a1612261e3ad70cf9e44553dff2929e67939a0ecb9d?s=96&d=identicon&r=g\",\"contentUrl\":\"https:\\\/\\\/secure.gravatar.com\\\/avatar\\\/a49ef3186a692098ac3e8a1612261e3ad70cf9e44553dff2929e67939a0ecb9d?s=96&d=identicon&r=g\",\"caption\":\"Genof\u00f3ntes Urb\u00e1ez\"},\"logo\":{\"@id\":\"https:\\\/\\\/secure.gravatar.com\\\/avatar\\\/a49ef3186a692098ac3e8a1612261e3ad70cf9e44553dff2929e67939a0ecb9d?s=96&d=identicon&r=g\"},\"description\":\"Periodista \\\/ Locutor\",\"sameAs\":[\"https:\\\/\\\/www.facebook.com\\\/Genofnotes\",\"https:\\\/\\\/www.instagram.com\\\/genofnotes\\\/\"]}]}<\/script>\n<!-- \/ Yoast SEO plugin. -->","yoast_head_json":{"title":"Rescatan a 2 dominicanos pasaron 14 d\u00edas a la deriva en Caribe colombiano - Minuto Cero RD","robots":{"index":"index","follow":"follow","max-snippet":"max-snippet:-1","max-image-preview":"max-image-preview:large","max-video-preview":"max-video-preview:-1"},"canonical":"http:\/\/minutocerord.com\/?p=5115","og_locale":"es_ES","og_type":"article","og_title":"Rescatan a 2 dominicanos pasaron 14 d\u00edas a la deriva en Caribe colombiano - Minuto Cero RD","og_description":"BOGOTA.- La Armada de Colombia rescat\u00f3 a dos ciudadanos dominicanos que llevaban 14 d\u00edas a la deriva en el mar Caribe tras haber zarpado en una motonave el pasado 5 de julio del puerto de Salinas de Ban\u00ed, en su pa\u00eds, informaron este mi\u00e9rcoles las autoridades. \u00abEl 18 de julio a las 23.30 horas, aproximadamente [&hellip;]","og_url":"http:\/\/minutocerord.com\/?p=5115","og_site_name":"Minuto Cero RD","article_publisher":"https:\/\/www.facebook.com\/Genofnotes","article_author":"https:\/\/www.facebook.com\/Genofnotes","article_published_time":"2021-07-21T17:30:03+00:00","article_modified_time":"2021-07-21T17:30:07+00:00","og_image":[{"width":1260,"height":705,"url":"https:\/\/i0.wp.com\/minutocerord.com\/wp-content\/uploads\/2021\/07\/dominicanos.jpg?fit=1260%2C705","type":"image\/jpeg"}],"author":"Genof\u00f3ntes Urb\u00e1ez","twitter_card":"summary_large_image","twitter_misc":{"Written by":"Genof\u00f3ntes Urb\u00e1ez","Est. reading time":"2 minutos"},"schema":{"@context":"https:\/\/schema.org","@graph":[{"@type":"Article","@id":"http:\/\/minutocerord.com\/?p=5115#article","isPartOf":{"@id":"http:\/\/minutocerord.com\/?p=5115"},"author":{"name":"Genof\u00f3ntes Urb\u00e1ez","@id":"https:\/\/minutocerord.com\/#\/schema\/person\/60b5372d60aaa0a5171fb6488be9aee6"},"headline":"Rescatan a 2 dominicanos pasaron 14 d\u00edas a la deriva en Caribe colombiano","datePublished":"2021-07-21T17:30:03+00:00","dateModified":"2021-07-21T17:30:07+00:00","mainEntityOfPage":{"@id":"http:\/\/minutocerord.com\/?p=5115"},"wordCount":379,"commentCount":0,"publisher":{"@id":"https:\/\/minutocerord.com\/#\/schema\/person\/60b5372d60aaa0a5171fb6488be9aee6"},"image":{"@id":"http:\/\/minutocerord.com\/?p=5115#primaryimage"},"thumbnailUrl":"https:\/\/i0.wp.com\/minutocerord.com\/wp-content\/uploads\/2021\/07\/dominicanos.jpg?fit=1260%2C705&ssl=1","articleSection":["Internacionales"],"inLanguage":"es-DO","potentialAction":[{"@type":"CommentAction","name":"Comment","target":["http:\/\/minutocerord.com\/?p=5115#respond"]}]},{"@type":"WebPage","@id":"http:\/\/minutocerord.com\/?p=5115","url":"http:\/\/minutocerord.com\/?p=5115","name":"Rescatan a 2 dominicanos pasaron 14 d\u00edas a la deriva en Caribe colombiano - Minuto Cero RD","isPartOf":{"@id":"https:\/\/minutocerord.com\/#website"},"primaryImageOfPage":{"@id":"http:\/\/minutocerord.com\/?p=5115#primaryimage"},"image":{"@id":"http:\/\/minutocerord.com\/?p=5115#primaryimage"},"thumbnailUrl":"https:\/\/i0.wp.com\/minutocerord.com\/wp-content\/uploads\/2021\/07\/dominicanos.jpg?fit=1260%2C705&ssl=1","datePublished":"2021-07-21T17:30:03+00:00","dateModified":"2021-07-21T17:30:07+00:00","breadcrumb":{"@id":"http:\/\/minutocerord.com\/?p=5115#breadcrumb"},"inLanguage":"es-DO","potentialAction":[{"@type":"ReadAction","target":["http:\/\/minutocerord.com\/?p=5115"]}]},{"@type":"ImageObject","inLanguage":"es-DO","@id":"http:\/\/minutocerord.com\/?p=5115#primaryimage","url":"https:\/\/i0.wp.com\/minutocerord.com\/wp-content\/uploads\/2021\/07\/dominicanos.jpg?fit=1260%2C705&ssl=1","contentUrl":"https:\/\/i0.wp.com\/minutocerord.com\/wp-content\/uploads\/2021\/07\/dominicanos.jpg?fit=1260%2C705&ssl=1","width":1260,"height":705},{"@type":"BreadcrumbList","@id":"http:\/\/minutocerord.com\/?p=5115#breadcrumb","itemListElement":[{"@type":"ListItem","position":1,"name":"Home","item":"https:\/\/minutocerord.com\/"},{"@type":"ListItem","position":2,"name":"Rescatan a 2 dominicanos pasaron 14 d\u00edas a la deriva en Caribe colombiano"}]},{"@type":"WebSite","@id":"https:\/\/minutocerord.com\/#website","url":"https:\/\/minutocerord.com\/","name":"Minuto Cero RD","description":"Periodismo serio y veraz","publisher":{"@id":"https:\/\/minutocerord.com\/#\/schema\/person\/60b5372d60aaa0a5171fb6488be9aee6"},"potentialAction":[{"@type":"SearchAction","target":{"@type":"EntryPoint","urlTemplate":"https:\/\/minutocerord.com\/?s={search_term_string}"},"query-input":{"@type":"PropertyValueSpecification","valueRequired":true,"valueName":"search_term_string"}}],"inLanguage":"es-DO"},{"@type":["Person","Organization"],"@id":"https:\/\/minutocerord.com\/#\/schema\/person\/60b5372d60aaa0a5171fb6488be9aee6","name":"Genof\u00f3ntes Urb\u00e1ez","image":{"@type":"ImageObject","inLanguage":"es-DO","@id":"https:\/\/secure.gravatar.com\/avatar\/a49ef3186a692098ac3e8a1612261e3ad70cf9e44553dff2929e67939a0ecb9d?s=96&d=identicon&r=g","url":"https:\/\/secure.gravatar.com\/avatar\/a49ef3186a692098ac3e8a1612261e3ad70cf9e44553dff2929e67939a0ecb9d?s=96&d=identicon&r=g","contentUrl":"https:\/\/secure.gravatar.com\/avatar\/a49ef3186a692098ac3e8a1612261e3ad70cf9e44553dff2929e67939a0ecb9d?s=96&d=identicon&r=g","caption":"Genof\u00f3ntes Urb\u00e1ez"},"logo":{"@id":"https:\/\/secure.gravatar.com\/avatar\/a49ef3186a692098ac3e8a1612261e3ad70cf9e44553dff2929e67939a0ecb9d?s=96&d=identicon&r=g"},"description":"Periodista \/ Locutor","sameAs":["https:\/\/www.facebook.com\/Genofnotes","https:\/\/www.instagram.com\/genofnotes\/"]}]}},"jetpack_publicize_connections":[],"jetpack_featured_media_url":"https:\/\/i0.wp.com\/minutocerord.com\/wp-content\/uploads\/2021\/07\/dominicanos.jpg?fit=1260%2C705&ssl=1","jetpack-related-posts":[],"jetpack_sharing_enabled":true,"_links":{"self":[{"href":"https:\/\/minutocerord.com\/index.php?rest_route=\/wp\/v2\/posts\/5115","targetHints":{"allow":["GET"]}}],"collection":[{"href":"https:\/\/minutocerord.com\/index.php?rest_route=\/wp\/v2\/posts"}],"about":[{"href":"https:\/\/minutocerord.com\/index.php?rest_route=\/wp\/v2\/types\/post"}],"author":[{"embeddable":true,"href":"https:\/\/minutocerord.com\/index.php?rest_route=\/wp\/v2\/users\/1"}],"replies":[{"embeddable":true,"href":"https:\/\/minutocerord.com\/index.php?rest_route=%2Fwp%2Fv2%2Fcomments&post=5115"}],"version-history":[{"count":1,"href":"https:\/\/minutocerord.com\/index.php?rest_route=\/wp\/v2\/posts\/5115\/revisions"}],"predecessor-version":[{"id":5117,"href":"https:\/\/minutocerord.com\/index.php?rest_route=\/wp\/v2\/posts\/5115\/revisions\/5117"}],"wp:featuredmedia":[{"embeddable":true,"href":"https:\/\/minutocerord.com\/index.php?rest_route=\/wp\/v2\/media\/5116"}],"wp:attachment":[{"href":"https:\/\/minutocerord.com\/index.php?rest_route=%2Fwp%2Fv2%2Fmedia&parent=5115"}],"wp:term":[{"taxonomy":"category","embeddable":true,"href":"https:\/\/minutocerord.com\/index.php?rest_route=%2Fwp%2Fv2%2Fcategories&post=5115"},{"taxonomy":"post_tag","embeddable":true,"href":"https:\/\/minutocerord.com\/index.php?rest_route=%2Fwp%2Fv2%2Ftags&post=5115"}],"curies":[{"name":"wp","href":"https:\/\/api.w.org\/{rel}","templated":true}]}}