{"id":5118,"date":"2021-07-23T10:13:07","date_gmt":"2021-07-23T14:13:07","guid":{"rendered":"https:\/\/minutocerord.com\/?p=5118"},"modified":"2021-07-23T10:13:11","modified_gmt":"2021-07-23T14:13:11","slug":"juan-francisco-vaticina-unidad-dara-triunfo-a-beisbol-de-la-rd-en-tokio","status":"publish","type":"post","link":"https:\/\/minutocerord.com\/?p=5118","title":{"rendered":"Juan Francisco vaticina unidad dar\u00e1 triunfo a beisbol de la RD en Tokio"},"content":{"rendered":"\n<p><strong>TOKIO.-&nbsp;<\/strong>\u201cAqu\u00ed somos una familia. Tenemos una tremenda unidad\u201d, manifest\u00f3 Juan Francisco, tras referirse a la comuni\u00f3n de la novena nacional que participar\u00e1 en los Juegos Ol\u00edmpicos de Tokio 2020.<\/p>\n\n\n\n<p>Francisco, que forma parte del grueso de la alineaci\u00f3n criolla, agreg\u00f3 que ese equipo saldr\u00e1 en busca de la presea dorada cuando inicie el torneo multideportivo.<\/p>\n\n\n\n<p>\u201cTodos los equipos van a competir por esa medalla pero nosotros tenemos la meta de llevar ese logro a nuestra pa\u00eds con el favor de Dios. Estamos dando el todo por el todo para lograr esa haza\u00f1a\u201d, a\u00f1adi\u00f3.<\/p>\n\n\n\n<p>Antes de su clasificaci\u00f3n, el equipo nacional tom\u00f3 parte en el Preol\u00edmpico de Am\u00e9ricas que se jug\u00f3 en el estado de Florida. En ese torneo quedaron en el segundo mejor puesto, el cual le otorg\u00f3 un pase a la \u00faltima oportunidad de cruzar a las olimpiadas.<\/p>\n\n\n\n<p>El clasificatorio ol\u00edmpico o repechaje que se celebr\u00f3 en Puebla M\u00e9xico fue el escenario d\u00f3nde los dominicanos se alzaron con el boleto hacia Tokio 2020.<\/p>\n\n\n\n<p>Francisco particip\u00f3 en ambos eventos y se encuentra de camino a suelo nip\u00f3n para disputar la ansiada presea ol\u00edmpica en la disciplina de b\u00e9isbol.<\/p>\n\n\n\n<p>\u201cEstoy muy contento de estar aqu\u00ed y tambi\u00e9n por los muchachos. Hemos logrado muchas cosas buenas y creo que lo mejor est\u00e1 por venir\u201d, expres\u00f3 el toletero.<\/p>\n\n\n\n<p>En b\u00e9isbol, los Juegos Ol\u00edmpicos tendr\u00e1n un total de seis equipos de diferentes naciones.<\/p>\n","protected":false},"excerpt":{"rendered":"<p>TOKIO.-&nbsp;\u201cAqu\u00ed somos una familia. Tenemos una tremenda unidad\u201d, manifest\u00f3 Juan Francisco, tras referirse a la comuni\u00f3n de la novena nacional que participar\u00e1 en los Juegos Ol\u00edmpicos de Tokio 2020. Francisco, que forma parte del grueso de la alineaci\u00f3n criolla, agreg\u00f3 que ese equipo saldr\u00e1 en busca de la presea dorada cuando inicie el torneo multideportivo. [&hellip;]<\/p>\n","protected":false},"author":1,"featured_media":5119,"comment_status":"open","ping_status":"open","sticky":false,"template":"","format":"standard","meta":{"nf_dc_page":"","jetpack_post_was_ever_published":false,"_jetpack_newsletter_access":"","_jetpack_dont_email_post_to_subs":false,"_jetpack_newsletter_tier_id":0,"_jetpack_memberships_contains_paywalled_content":false,"_jetpack_memberships_contains_paid_content":false,"footnotes":"","jetpack_publicize_message":"","jetpack_publicize_feature_enabled":true,"jetpack_social_post_already_shared":false,"jetpack_social_options":{"image_generator_settings":{"template":"highway","default_image_id":0,"font":"","enabled":false},"version":2}},"categories":[73],"tags":[],"class_list":["post-5118","post","type-post","status-publish","format-standard","has-post-thumbnail","hentry","category-deportes"],"yoast_head":"<!-- This site is optimized with the Yoast SEO plugin v27.5 - https:\/\/yoast.com\/product\/yoast-seo-wordpress\/ -->\n<title>Juan Francisco vaticina unidad dar\u00e1 triunfo a beisbol de la RD en Tokio - Minuto Cero RD<\/title>\n<meta name=\"robots\" content=\"index, follow, max-snippet:-1, max-image-preview:large, max-video-preview:-1\" \/>\n<link rel=\"canonical\" href=\"http:\/\/minutocerord.com\/?p=5118\" \/>\n<meta property=\"og:locale\" content=\"es_ES\" \/>\n<meta property=\"og:type\" content=\"article\" \/>\n<meta property=\"og:title\" content=\"Juan Francisco vaticina unidad dar\u00e1 triunfo a beisbol de la RD en Tokio - Minuto Cero RD\" \/>\n<meta property=\"og:description\" content=\"TOKIO.-&nbsp;\u201cAqu\u00ed somos una familia. Tenemos una tremenda unidad\u201d, manifest\u00f3 Juan Francisco, tras referirse a la comuni\u00f3n de la novena nacional que participar\u00e1 en los Juegos Ol\u00edmpicos de Tokio 2020. Francisco, que forma parte del grueso de la alineaci\u00f3n criolla, agreg\u00f3 que ese equipo saldr\u00e1 en busca de la presea dorada cuando inicie el torneo multideportivo. [&hellip;]\" \/>\n<meta property=\"og:url\" content=\"http:\/\/minutocerord.com\/?p=5118\" \/>\n<meta property=\"og:site_name\" content=\"Minuto Cero RD\" \/>\n<meta property=\"article:publisher\" content=\"https:\/\/www.facebook.com\/Genofnotes\" \/>\n<meta property=\"article:author\" content=\"https:\/\/www.facebook.com\/Genofnotes\" \/>\n<meta property=\"article:published_time\" content=\"2021-07-23T14:13:07+00:00\" \/>\n<meta property=\"article:modified_time\" content=\"2021-07-23T14:13:11+00:00\" \/>\n<meta property=\"og:image\" content=\"https:\/\/i0.wp.com\/minutocerord.com\/wp-content\/uploads\/2021\/07\/juan-francisco-anota-tras-su-hr-1.jpg?fit=1620%2C1080\" \/>\n\t<meta property=\"og:image:width\" content=\"1620\" \/>\n\t<meta property=\"og:image:height\" content=\"1080\" \/>\n\t<meta property=\"og:image:type\" content=\"image\/jpeg\" \/>\n<meta name=\"author\" content=\"Genof\u00f3ntes Urb\u00e1ez\" \/>\n<meta name=\"twitter:card\" content=\"summary_large_image\" \/>\n<meta name=\"twitter:label1\" content=\"Written by\" \/>\n\t<meta name=\"twitter:data1\" content=\"Genof\u00f3ntes Urb\u00e1ez\" \/>\n\t<meta name=\"twitter:label2\" content=\"Est. reading time\" \/>\n\t<meta name=\"twitter:data2\" content=\"2 minutos\" \/>\n<script type=\"application\/ld+json\" class=\"yoast-schema-graph\">{\"@context\":\"https:\\\/\\\/schema.org\",\"@graph\":[{\"@type\":\"Article\",\"@id\":\"http:\\\/\\\/minutocerord.com\\\/?p=5118#article\",\"isPartOf\":{\"@id\":\"http:\\\/\\\/minutocerord.com\\\/?p=5118\"},\"author\":{\"name\":\"Genof\u00f3ntes Urb\u00e1ez\",\"@id\":\"https:\\\/\\\/minutocerord.com\\\/#\\\/schema\\\/person\\\/60b5372d60aaa0a5171fb6488be9aee6\"},\"headline\":\"Juan Francisco vaticina unidad dar\u00e1 triunfo a beisbol de la RD en Tokio\",\"datePublished\":\"2021-07-23T14:13:07+00:00\",\"dateModified\":\"2021-07-23T14:13:11+00:00\",\"mainEntityOfPage\":{\"@id\":\"http:\\\/\\\/minutocerord.com\\\/?p=5118\"},\"wordCount\":262,\"commentCount\":0,\"publisher\":{\"@id\":\"https:\\\/\\\/minutocerord.com\\\/#\\\/schema\\\/person\\\/60b5372d60aaa0a5171fb6488be9aee6\"},\"image\":{\"@id\":\"http:\\\/\\\/minutocerord.com\\\/?p=5118#primaryimage\"},\"thumbnailUrl\":\"https:\\\/\\\/i0.wp.com\\\/minutocerord.com\\\/wp-content\\\/uploads\\\/2021\\\/07\\\/juan-francisco-anota-tras-su-hr-1.jpg?fit=1620%2C1080&ssl=1\",\"articleSection\":[\"Deportes\"],\"inLanguage\":\"es-DO\",\"potentialAction\":[{\"@type\":\"CommentAction\",\"name\":\"Comment\",\"target\":[\"http:\\\/\\\/minutocerord.com\\\/?p=5118#respond\"]}]},{\"@type\":\"WebPage\",\"@id\":\"http:\\\/\\\/minutocerord.com\\\/?p=5118\",\"url\":\"http:\\\/\\\/minutocerord.com\\\/?p=5118\",\"name\":\"Juan Francisco vaticina unidad dar\u00e1 triunfo a beisbol de la RD en Tokio - Minuto Cero RD\",\"isPartOf\":{\"@id\":\"https:\\\/\\\/minutocerord.com\\\/#website\"},\"primaryImageOfPage\":{\"@id\":\"http:\\\/\\\/minutocerord.com\\\/?p=5118#primaryimage\"},\"image\":{\"@id\":\"http:\\\/\\\/minutocerord.com\\\/?p=5118#primaryimage\"},\"thumbnailUrl\":\"https:\\\/\\\/i0.wp.com\\\/minutocerord.com\\\/wp-content\\\/uploads\\\/2021\\\/07\\\/juan-francisco-anota-tras-su-hr-1.jpg?fit=1620%2C1080&ssl=1\",\"datePublished\":\"2021-07-23T14:13:07+00:00\",\"dateModified\":\"2021-07-23T14:13:11+00:00\",\"breadcrumb\":{\"@id\":\"http:\\\/\\\/minutocerord.com\\\/?p=5118#breadcrumb\"},\"inLanguage\":\"es-DO\",\"potentialAction\":[{\"@type\":\"ReadAction\",\"target\":[\"http:\\\/\\\/minutocerord.com\\\/?p=5118\"]}]},{\"@type\":\"ImageObject\",\"inLanguage\":\"es-DO\",\"@id\":\"http:\\\/\\\/minutocerord.com\\\/?p=5118#primaryimage\",\"url\":\"https:\\\/\\\/i0.wp.com\\\/minutocerord.com\\\/wp-content\\\/uploads\\\/2021\\\/07\\\/juan-francisco-anota-tras-su-hr-1.jpg?fit=1620%2C1080&ssl=1\",\"contentUrl\":\"https:\\\/\\\/i0.wp.com\\\/minutocerord.com\\\/wp-content\\\/uploads\\\/2021\\\/07\\\/juan-francisco-anota-tras-su-hr-1.jpg?fit=1620%2C1080&ssl=1\",\"width\":1620,\"height\":1080},{\"@type\":\"BreadcrumbList\",\"@id\":\"http:\\\/\\\/minutocerord.com\\\/?p=5118#breadcrumb\",\"itemListElement\":[{\"@type\":\"ListItem\",\"position\":1,\"name\":\"Home\",\"item\":\"https:\\\/\\\/minutocerord.com\\\/\"},{\"@type\":\"ListItem\",\"position\":2,\"name\":\"Juan Francisco vaticina unidad dar\u00e1 triunfo a beisbol de la RD en Tokio\"}]},{\"@type\":\"WebSite\",\"@id\":\"https:\\\/\\\/minutocerord.com\\\/#website\",\"url\":\"https:\\\/\\\/minutocerord.com\\\/\",\"name\":\"Minuto Cero RD\",\"description\":\"Periodismo serio y veraz\",\"publisher\":{\"@id\":\"https:\\\/\\\/minutocerord.com\\\/#\\\/schema\\\/person\\\/60b5372d60aaa0a5171fb6488be9aee6\"},\"potentialAction\":[{\"@type\":\"SearchAction\",\"target\":{\"@type\":\"EntryPoint\",\"urlTemplate\":\"https:\\\/\\\/minutocerord.com\\\/?s={search_term_string}\"},\"query-input\":{\"@type\":\"PropertyValueSpecification\",\"valueRequired\":true,\"valueName\":\"search_term_string\"}}],\"inLanguage\":\"es-DO\"},{\"@type\":[\"Person\",\"Organization\"],\"@id\":\"https:\\\/\\\/minutocerord.com\\\/#\\\/schema\\\/person\\\/60b5372d60aaa0a5171fb6488be9aee6\",\"name\":\"Genof\u00f3ntes Urb\u00e1ez\",\"image\":{\"@type\":\"ImageObject\",\"inLanguage\":\"es-DO\",\"@id\":\"https:\\\/\\\/secure.gravatar.com\\\/avatar\\\/a49ef3186a692098ac3e8a1612261e3ad70cf9e44553dff2929e67939a0ecb9d?s=96&d=identicon&r=g\",\"url\":\"https:\\\/\\\/secure.gravatar.com\\\/avatar\\\/a49ef3186a692098ac3e8a1612261e3ad70cf9e44553dff2929e67939a0ecb9d?s=96&d=identicon&r=g\",\"contentUrl\":\"https:\\\/\\\/secure.gravatar.com\\\/avatar\\\/a49ef3186a692098ac3e8a1612261e3ad70cf9e44553dff2929e67939a0ecb9d?s=96&d=identicon&r=g\",\"caption\":\"Genof\u00f3ntes Urb\u00e1ez\"},\"logo\":{\"@id\":\"https:\\\/\\\/secure.gravatar.com\\\/avatar\\\/a49ef3186a692098ac3e8a1612261e3ad70cf9e44553dff2929e67939a0ecb9d?s=96&d=identicon&r=g\"},\"description\":\"Periodista \\\/ Locutor\",\"sameAs\":[\"https:\\\/\\\/www.facebook.com\\\/Genofnotes\",\"https:\\\/\\\/www.instagram.com\\\/genofnotes\\\/\"]}]}<\/script>\n<!-- \/ Yoast SEO plugin. -->","yoast_head_json":{"title":"Juan Francisco vaticina unidad dar\u00e1 triunfo a beisbol de la RD en Tokio - Minuto Cero RD","robots":{"index":"index","follow":"follow","max-snippet":"max-snippet:-1","max-image-preview":"max-image-preview:large","max-video-preview":"max-video-preview:-1"},"canonical":"http:\/\/minutocerord.com\/?p=5118","og_locale":"es_ES","og_type":"article","og_title":"Juan Francisco vaticina unidad dar\u00e1 triunfo a beisbol de la RD en Tokio - Minuto Cero RD","og_description":"TOKIO.-&nbsp;\u201cAqu\u00ed somos una familia. Tenemos una tremenda unidad\u201d, manifest\u00f3 Juan Francisco, tras referirse a la comuni\u00f3n de la novena nacional que participar\u00e1 en los Juegos Ol\u00edmpicos de Tokio 2020. Francisco, que forma parte del grueso de la alineaci\u00f3n criolla, agreg\u00f3 que ese equipo saldr\u00e1 en busca de la presea dorada cuando inicie el torneo multideportivo. [&hellip;]","og_url":"http:\/\/minutocerord.com\/?p=5118","og_site_name":"Minuto Cero RD","article_publisher":"https:\/\/www.facebook.com\/Genofnotes","article_author":"https:\/\/www.facebook.com\/Genofnotes","article_published_time":"2021-07-23T14:13:07+00:00","article_modified_time":"2021-07-23T14:13:11+00:00","og_image":[{"width":1620,"height":1080,"url":"https:\/\/i0.wp.com\/minutocerord.com\/wp-content\/uploads\/2021\/07\/juan-francisco-anota-tras-su-hr-1.jpg?fit=1620%2C1080","type":"image\/jpeg"}],"author":"Genof\u00f3ntes Urb\u00e1ez","twitter_card":"summary_large_image","twitter_misc":{"Written by":"Genof\u00f3ntes Urb\u00e1ez","Est. reading time":"2 minutos"},"schema":{"@context":"https:\/\/schema.org","@graph":[{"@type":"Article","@id":"http:\/\/minutocerord.com\/?p=5118#article","isPartOf":{"@id":"http:\/\/minutocerord.com\/?p=5118"},"author":{"name":"Genof\u00f3ntes Urb\u00e1ez","@id":"https:\/\/minutocerord.com\/#\/schema\/person\/60b5372d60aaa0a5171fb6488be9aee6"},"headline":"Juan Francisco vaticina unidad dar\u00e1 triunfo a beisbol de la RD en Tokio","datePublished":"2021-07-23T14:13:07+00:00","dateModified":"2021-07-23T14:13:11+00:00","mainEntityOfPage":{"@id":"http:\/\/minutocerord.com\/?p=5118"},"wordCount":262,"commentCount":0,"publisher":{"@id":"https:\/\/minutocerord.com\/#\/schema\/person\/60b5372d60aaa0a5171fb6488be9aee6"},"image":{"@id":"http:\/\/minutocerord.com\/?p=5118#primaryimage"},"thumbnailUrl":"https:\/\/i0.wp.com\/minutocerord.com\/wp-content\/uploads\/2021\/07\/juan-francisco-anota-tras-su-hr-1.jpg?fit=1620%2C1080&ssl=1","articleSection":["Deportes"],"inLanguage":"es-DO","potentialAction":[{"@type":"CommentAction","name":"Comment","target":["http:\/\/minutocerord.com\/?p=5118#respond"]}]},{"@type":"WebPage","@id":"http:\/\/minutocerord.com\/?p=5118","url":"http:\/\/minutocerord.com\/?p=5118","name":"Juan Francisco vaticina unidad dar\u00e1 triunfo a beisbol de la RD en Tokio - Minuto Cero RD","isPartOf":{"@id":"https:\/\/minutocerord.com\/#website"},"primaryImageOfPage":{"@id":"http:\/\/minutocerord.com\/?p=5118#primaryimage"},"image":{"@id":"http:\/\/minutocerord.com\/?p=5118#primaryimage"},"thumbnailUrl":"https:\/\/i0.wp.com\/minutocerord.com\/wp-content\/uploads\/2021\/07\/juan-francisco-anota-tras-su-hr-1.jpg?fit=1620%2C1080&ssl=1","datePublished":"2021-07-23T14:13:07+00:00","dateModified":"2021-07-23T14:13:11+00:00","breadcrumb":{"@id":"http:\/\/minutocerord.com\/?p=5118#breadcrumb"},"inLanguage":"es-DO","potentialAction":[{"@type":"ReadAction","target":["http:\/\/minutocerord.com\/?p=5118"]}]},{"@type":"ImageObject","inLanguage":"es-DO","@id":"http:\/\/minutocerord.com\/?p=5118#primaryimage","url":"https:\/\/i0.wp.com\/minutocerord.com\/wp-content\/uploads\/2021\/07\/juan-francisco-anota-tras-su-hr-1.jpg?fit=1620%2C1080&ssl=1","contentUrl":"https:\/\/i0.wp.com\/minutocerord.com\/wp-content\/uploads\/2021\/07\/juan-francisco-anota-tras-su-hr-1.jpg?fit=1620%2C1080&ssl=1","width":1620,"height":1080},{"@type":"BreadcrumbList","@id":"http:\/\/minutocerord.com\/?p=5118#breadcrumb","itemListElement":[{"@type":"ListItem","position":1,"name":"Home","item":"https:\/\/minutocerord.com\/"},{"@type":"ListItem","position":2,"name":"Juan Francisco vaticina unidad dar\u00e1 triunfo a beisbol de la RD en Tokio"}]},{"@type":"WebSite","@id":"https:\/\/minutocerord.com\/#website","url":"https:\/\/minutocerord.com\/","name":"Minuto Cero RD","description":"Periodismo serio y veraz","publisher":{"@id":"https:\/\/minutocerord.com\/#\/schema\/person\/60b5372d60aaa0a5171fb6488be9aee6"},"potentialAction":[{"@type":"SearchAction","target":{"@type":"EntryPoint","urlTemplate":"https:\/\/minutocerord.com\/?s={search_term_string}"},"query-input":{"@type":"PropertyValueSpecification","valueRequired":true,"valueName":"search_term_string"}}],"inLanguage":"es-DO"},{"@type":["Person","Organization"],"@id":"https:\/\/minutocerord.com\/#\/schema\/person\/60b5372d60aaa0a5171fb6488be9aee6","name":"Genof\u00f3ntes Urb\u00e1ez","image":{"@type":"ImageObject","inLanguage":"es-DO","@id":"https:\/\/secure.gravatar.com\/avatar\/a49ef3186a692098ac3e8a1612261e3ad70cf9e44553dff2929e67939a0ecb9d?s=96&d=identicon&r=g","url":"https:\/\/secure.gravatar.com\/avatar\/a49ef3186a692098ac3e8a1612261e3ad70cf9e44553dff2929e67939a0ecb9d?s=96&d=identicon&r=g","contentUrl":"https:\/\/secure.gravatar.com\/avatar\/a49ef3186a692098ac3e8a1612261e3ad70cf9e44553dff2929e67939a0ecb9d?s=96&d=identicon&r=g","caption":"Genof\u00f3ntes Urb\u00e1ez"},"logo":{"@id":"https:\/\/secure.gravatar.com\/avatar\/a49ef3186a692098ac3e8a1612261e3ad70cf9e44553dff2929e67939a0ecb9d?s=96&d=identicon&r=g"},"description":"Periodista \/ Locutor","sameAs":["https:\/\/www.facebook.com\/Genofnotes","https:\/\/www.instagram.com\/genofnotes\/"]}]}},"jetpack_publicize_connections":[],"jetpack_featured_media_url":"https:\/\/i0.wp.com\/minutocerord.com\/wp-content\/uploads\/2021\/07\/juan-francisco-anota-tras-su-hr-1.jpg?fit=1620%2C1080&ssl=1","jetpack-related-posts":[],"jetpack_sharing_enabled":true,"_links":{"self":[{"href":"https:\/\/minutocerord.com\/index.php?rest_route=\/wp\/v2\/posts\/5118","targetHints":{"allow":["GET"]}}],"collection":[{"href":"https:\/\/minutocerord.com\/index.php?rest_route=\/wp\/v2\/posts"}],"about":[{"href":"https:\/\/minutocerord.com\/index.php?rest_route=\/wp\/v2\/types\/post"}],"author":[{"embeddable":true,"href":"https:\/\/minutocerord.com\/index.php?rest_route=\/wp\/v2\/users\/1"}],"replies":[{"embeddable":true,"href":"https:\/\/minutocerord.com\/index.php?rest_route=%2Fwp%2Fv2%2Fcomments&post=5118"}],"version-history":[{"count":1,"href":"https:\/\/minutocerord.com\/index.php?rest_route=\/wp\/v2\/posts\/5118\/revisions"}],"predecessor-version":[{"id":5120,"href":"https:\/\/minutocerord.com\/index.php?rest_route=\/wp\/v2\/posts\/5118\/revisions\/5120"}],"wp:featuredmedia":[{"embeddable":true,"href":"https:\/\/minutocerord.com\/index.php?rest_route=\/wp\/v2\/media\/5119"}],"wp:attachment":[{"href":"https:\/\/minutocerord.com\/index.php?rest_route=%2Fwp%2Fv2%2Fmedia&parent=5118"}],"wp:term":[{"taxonomy":"category","embeddable":true,"href":"https:\/\/minutocerord.com\/index.php?rest_route=%2Fwp%2Fv2%2Fcategories&post=5118"},{"taxonomy":"post_tag","embeddable":true,"href":"https:\/\/minutocerord.com\/index.php?rest_route=%2Fwp%2Fv2%2Ftags&post=5118"}],"curies":[{"name":"wp","href":"https:\/\/api.w.org\/{rel}","templated":true}]}}