{"id":5127,"date":"2021-07-23T10:24:43","date_gmt":"2021-07-23T14:24:43","guid":{"rendered":"https:\/\/minutocerord.com\/?p=5127"},"modified":"2021-07-23T10:24:48","modified_gmt":"2021-07-23T14:24:48","slug":"los-haitianos-exigen-justicia-por-moise-con-protestas","status":"publish","type":"post","link":"https:\/\/minutocerord.com\/?p=5127","title":{"rendered":"Los haitianos exigen justicia por Moise con protestas"},"content":{"rendered":"\n<p><strong>Cap-Haitien, Hait\u00ed.-<\/strong> Las honras f\u00fanebres del presidente Jovenel Moise en el norte del Hait\u00ed se desarrollaron en medio de protestas moderadamente violentas en el centro de la ciudad, escenario en el que las barricadas en llamas marcaron la v\u00edspera de su entierro.<\/p>\n\n\n\n<p>Mientras algunos ciudadanos haitianos mostraban carteles con mensajes de solidaridad y despedida, otros reclamaban una investigaci\u00f3n que alcance a los verdaderos responsables del magnicidio.<\/p>\n\n\n\n<p>El ambiente en Cap-Haitien, la principal ciudad del norte haitiano, se fue calentando en los \u00faltimos d\u00edas y la chispa se prendi\u00f3 a primeras horas de la tarde, despu\u00e9s de que los partidarios m\u00e1s fan\u00e1ticos del mandatario entrasen en la catedral para agitar el ambiente antes y durante la homil\u00eda.<\/p>\n\n\n\n<p>Nadie se inmut\u00f3 por el elevado tono de los que clamaban justicia o por los lamentos de algunos de los presentes, que dieron rienda suelta a su histrionismo mientras se le\u00eda la palabra de Dios y se elevaban c\u00e1nticos por el alma del mandatario.<a><\/a><\/p>\n\n\n\n<p>A las diez de la ma\u00f1ana se inici\u00f3 una misa en la Catedral de Notre Dame que cont\u00f3 con la presencia de algunos l\u00edderes pol\u00edticos locales, pero en la que, pese a lo esperado, no estuvieron los familiares directos del mandatario malogrado hace quince d\u00edas en su residencia de Puerto Pr\u00edncipe. Con una asistencia reducida, los feligreses combinaron cantos religiosos con gritos y reclamos. Un joven que no se identific\u00f3 argument\u00f3 que en la tradici\u00f3n haitiana si alguien es asesinado, su familia buscar\u00eda vengarle quit\u00e1ndole la vida y enterr\u00e1ndole el mismo d\u00eda que a la v\u00edctima.<\/p>\n\n\n\n<p>En la homil\u00eda, escuchada con atenci\u00f3n por los presentes, el padre Sem Jean Gilles rechaz\u00f3 el crimen que sume a Hait\u00ed en una crisis de dimensiones desconocidas y pidi\u00f3 a los fieles prudencia. \u201cEs un crimen de odio. Necesitamos coraje para seguir con el pa\u00eds pues hemos visto demasiada sangre. Venimos con el coraz\u00f3n lleno de tristeza pero lleno tambi\u00e9n de esperanza. Hagamos c\u00f3mo Jes\u00fas y no actuemos con venganza, actuemos con justicia. Vamos a cambiar ese sentimiento en nuestro coraz\u00f3n\u201d.<\/p>\n\n\n\n<p>Esa misma masa de personas que reclam\u00f3 con \u00edmpetu \u201c\u00a1Justicia para J\u00f3venel!\u201d y sali\u00f3 a las calles de la hist\u00f3rica localidad, encendi\u00f3 gomas y reclam\u00f3 a la polic\u00eda una vez m\u00e1s ser parte de la trama que seg\u00f3 la vida del exmandatario. En algunos momentos se escucharon disparos aislados. Los manifestantes defendieron el derecho que tienen de hacerse sentir ante la respuesta a\u00fan imprecisa e inveros\u00edmil de qui\u00e9nes conspiraron para \u201cllevarse a un hijo del gran norte\u201d, como le llaman aqu\u00ed.<\/p>\n\n\n\n<p>Las calles de Cabo Haitiano albergan el sentir de un pueblo que sabe ha sido herido por el asesinato de un miembro de su ciudad, pero que aunque no reneg\u00f3 de su origen humilde s\u00ed desatendi\u00f3 los reclamos de su poblaci\u00f3n. \u201cDurante a\u00f1os pedimos que asfaltaran las calles y nunca lo hicieron. Ahora que est\u00e1 muerto, las autoridades deben hacerlo con premura para que vengan visitantes a darle el \u00faltimo adi\u00f3s\u201d, nos confiesa un joven delgado que prefiri\u00f3 no participar de los homenajes que se llevaron a cabo en la plaza de armas.<\/p>\n\n\n\n<p>Tensi\u00f3n acumulada<\/p>\n\n\n\n<p>En la v\u00edspera, un joven que iba a bordo de una motocicleta muri\u00f3 por un impacto de bala en el barrio de Quartier-Morin, situado entre Cabo Haitiano y el pueblo natal de Mo\u00efse. Periodistas de agencias internacionales vieron el cuerpo de un hombre que seg\u00fan testigos fue asesinado durante protestas organizadas por hombres armados que bloquearon los caminos con grandes piedras y neum\u00e1ticos en llamas.<\/p>\n\n\n\n<p>La agenda oficial estima que en la madrugada trasladar\u00e1n el cad\u00e1ver del mandatario asesinado a la Village SOS, como se conoce a la residencia familiar de Moise, y que tras la llegada de sus familiares, les acompa\u00f1en el primer ministro reci\u00e9n designado, Ariel Henry; as\u00ed como tambi\u00e9n representantes de organizaciones de la sociedad civil, diplom\u00e1ticos y miembros del Poder Legislativo.<\/p>\n\n\n\n<p>La ceremonia de homenaje que se realizar\u00e1 este viernes -y que ha dicho la primera dama, Martine Moise, correr\u00e1 por cuenta de la familia- comenzar\u00e1 con palabras del reverendo Occide \u201cP\u00e8re Sicot\u201d Jean, a quien se le recuerda por oficiar la misa f\u00fanebre de Jean-Claude \u2018Baby Doc\u2019 Duvalier en 2014. En el programa se establece tambi\u00e9n que el acto de homenaje concluir\u00e1 aproximadamente a la una de la tarde con palabras de la primera dama, quien seg\u00fan se ha visto en apariciones recientes y tras resultar herida en el ataque contra su hoy difunto esposo, permanece escoltada por agentes del FBI y de inteligencia estadounidense. Estados Unidos anunci\u00f3 que nombrar\u00eda a Daniel Foote, un diplom\u00e1tico de carrera que anteriormente se desempe\u00f1\u00f3 como subjefe de misi\u00f3n en Hait\u00ed y embajador en Zambia, como su enviado especial para Hait\u00ed.<\/p>\n\n\n\n<p>Polic\u00eda ha arrestado a 26 sospechos<\/p>\n\n\n\n<p>El jefe de la Polic\u00eda de Hait\u00ed, L\u00e9on Charles, dijo que han arrestado a 26 sospechosos, entre ellos tres exagentes de polic\u00eda y 18 exsoldados colombianos. Otros siete oficiales de polic\u00eda de alto rango est\u00e1n detenidos, aunque no han sido arrestados formalmente. Las autoridades investigan por qu\u00e9 ninguno de los efectivos de la guardia de seguridad del presidente result\u00f3 herido esa noche.<\/p>\n","protected":false},"excerpt":{"rendered":"<p>Cap-Haitien, Hait\u00ed.- Las honras f\u00fanebres del presidente Jovenel Moise en el norte del Hait\u00ed se desarrollaron en medio de protestas moderadamente violentas en el centro de la ciudad, escenario en el que las barricadas en llamas marcaron la v\u00edspera de su entierro. Mientras algunos ciudadanos haitianos mostraban carteles con mensajes de solidaridad y despedida, otros [&hellip;]<\/p>\n","protected":false},"author":1,"featured_media":5128,"comment_status":"open","ping_status":"open","sticky":false,"template":"","format":"standard","meta":{"nf_dc_page":"","jetpack_post_was_ever_published":false,"_jetpack_newsletter_access":"","_jetpack_dont_email_post_to_subs":false,"_jetpack_newsletter_tier_id":0,"_jetpack_memberships_contains_paywalled_content":false,"_jetpack_memberships_contains_paid_content":false,"footnotes":"","jetpack_publicize_message":"","jetpack_publicize_feature_enabled":true,"jetpack_social_post_already_shared":false,"jetpack_social_options":{"image_generator_settings":{"template":"highway","default_image_id":0,"font":"","enabled":false},"version":2}},"categories":[75],"tags":[],"class_list":["post-5127","post","type-post","status-publish","format-standard","has-post-thumbnail","hentry","category-haiti"],"yoast_head":"<!-- This site is optimized with the Yoast SEO plugin v27.5 - https:\/\/yoast.com\/product\/yoast-seo-wordpress\/ -->\n<title>Los haitianos exigen justicia por Moise con protestas - Minuto Cero RD<\/title>\n<meta name=\"robots\" content=\"index, follow, max-snippet:-1, max-image-preview:large, max-video-preview:-1\" \/>\n<link rel=\"canonical\" href=\"http:\/\/minutocerord.com\/?p=5127\" \/>\n<meta property=\"og:locale\" content=\"es_ES\" \/>\n<meta property=\"og:type\" content=\"article\" \/>\n<meta property=\"og:title\" content=\"Los haitianos exigen justicia por Moise con protestas - Minuto Cero RD\" \/>\n<meta property=\"og:description\" content=\"Cap-Haitien, Hait\u00ed.- Las honras f\u00fanebres del presidente Jovenel Moise en el norte del Hait\u00ed se desarrollaron en medio de protestas moderadamente violentas en el centro de la ciudad, escenario en el que las barricadas en llamas marcaron la v\u00edspera de su entierro. Mientras algunos ciudadanos haitianos mostraban carteles con mensajes de solidaridad y despedida, otros [&hellip;]\" \/>\n<meta property=\"og:url\" content=\"http:\/\/minutocerord.com\/?p=5127\" \/>\n<meta property=\"og:site_name\" content=\"Minuto Cero RD\" \/>\n<meta property=\"article:publisher\" content=\"https:\/\/www.facebook.com\/Genofnotes\" \/>\n<meta property=\"article:author\" content=\"https:\/\/www.facebook.com\/Genofnotes\" \/>\n<meta property=\"article:published_time\" content=\"2021-07-23T14:24:43+00:00\" \/>\n<meta property=\"article:modified_time\" content=\"2021-07-23T14:24:48+00:00\" \/>\n<meta property=\"og:image\" content=\"https:\/\/i0.wp.com\/minutocerord.com\/wp-content\/uploads\/2021\/07\/1d4a6d32-haitiano-haiti-60fa24b72ca5e-768x461-1.jpg?fit=768%2C461\" \/>\n\t<meta property=\"og:image:width\" content=\"768\" \/>\n\t<meta property=\"og:image:height\" content=\"461\" \/>\n\t<meta property=\"og:image:type\" content=\"image\/jpeg\" \/>\n<meta name=\"author\" content=\"Genof\u00f3ntes Urb\u00e1ez\" \/>\n<meta name=\"twitter:card\" content=\"summary_large_image\" \/>\n<meta name=\"twitter:label1\" content=\"Written by\" \/>\n\t<meta name=\"twitter:data1\" content=\"Genof\u00f3ntes Urb\u00e1ez\" \/>\n\t<meta name=\"twitter:label2\" content=\"Est. reading time\" \/>\n\t<meta name=\"twitter:data2\" content=\"4 minutos\" \/>\n<script type=\"application\/ld+json\" class=\"yoast-schema-graph\">{\"@context\":\"https:\\\/\\\/schema.org\",\"@graph\":[{\"@type\":\"Article\",\"@id\":\"http:\\\/\\\/minutocerord.com\\\/?p=5127#article\",\"isPartOf\":{\"@id\":\"http:\\\/\\\/minutocerord.com\\\/?p=5127\"},\"author\":{\"name\":\"Genof\u00f3ntes Urb\u00e1ez\",\"@id\":\"https:\\\/\\\/minutocerord.com\\\/#\\\/schema\\\/person\\\/60b5372d60aaa0a5171fb6488be9aee6\"},\"headline\":\"Los haitianos exigen justicia por Moise con protestas\",\"datePublished\":\"2021-07-23T14:24:43+00:00\",\"dateModified\":\"2021-07-23T14:24:48+00:00\",\"mainEntityOfPage\":{\"@id\":\"http:\\\/\\\/minutocerord.com\\\/?p=5127\"},\"wordCount\":911,\"commentCount\":0,\"publisher\":{\"@id\":\"https:\\\/\\\/minutocerord.com\\\/#\\\/schema\\\/person\\\/60b5372d60aaa0a5171fb6488be9aee6\"},\"image\":{\"@id\":\"http:\\\/\\\/minutocerord.com\\\/?p=5127#primaryimage\"},\"thumbnailUrl\":\"https:\\\/\\\/i0.wp.com\\\/minutocerord.com\\\/wp-content\\\/uploads\\\/2021\\\/07\\\/1d4a6d32-haitiano-haiti-60fa24b72ca5e-768x461-1.jpg?fit=768%2C461&ssl=1\",\"articleSection\":[\"Hait\u00ed\"],\"inLanguage\":\"es-DO\",\"potentialAction\":[{\"@type\":\"CommentAction\",\"name\":\"Comment\",\"target\":[\"http:\\\/\\\/minutocerord.com\\\/?p=5127#respond\"]}]},{\"@type\":\"WebPage\",\"@id\":\"http:\\\/\\\/minutocerord.com\\\/?p=5127\",\"url\":\"http:\\\/\\\/minutocerord.com\\\/?p=5127\",\"name\":\"Los haitianos exigen justicia por Moise con protestas - Minuto Cero RD\",\"isPartOf\":{\"@id\":\"https:\\\/\\\/minutocerord.com\\\/#website\"},\"primaryImageOfPage\":{\"@id\":\"http:\\\/\\\/minutocerord.com\\\/?p=5127#primaryimage\"},\"image\":{\"@id\":\"http:\\\/\\\/minutocerord.com\\\/?p=5127#primaryimage\"},\"thumbnailUrl\":\"https:\\\/\\\/i0.wp.com\\\/minutocerord.com\\\/wp-content\\\/uploads\\\/2021\\\/07\\\/1d4a6d32-haitiano-haiti-60fa24b72ca5e-768x461-1.jpg?fit=768%2C461&ssl=1\",\"datePublished\":\"2021-07-23T14:24:43+00:00\",\"dateModified\":\"2021-07-23T14:24:48+00:00\",\"breadcrumb\":{\"@id\":\"http:\\\/\\\/minutocerord.com\\\/?p=5127#breadcrumb\"},\"inLanguage\":\"es-DO\",\"potentialAction\":[{\"@type\":\"ReadAction\",\"target\":[\"http:\\\/\\\/minutocerord.com\\\/?p=5127\"]}]},{\"@type\":\"ImageObject\",\"inLanguage\":\"es-DO\",\"@id\":\"http:\\\/\\\/minutocerord.com\\\/?p=5127#primaryimage\",\"url\":\"https:\\\/\\\/i0.wp.com\\\/minutocerord.com\\\/wp-content\\\/uploads\\\/2021\\\/07\\\/1d4a6d32-haitiano-haiti-60fa24b72ca5e-768x461-1.jpg?fit=768%2C461&ssl=1\",\"contentUrl\":\"https:\\\/\\\/i0.wp.com\\\/minutocerord.com\\\/wp-content\\\/uploads\\\/2021\\\/07\\\/1d4a6d32-haitiano-haiti-60fa24b72ca5e-768x461-1.jpg?fit=768%2C461&ssl=1\",\"width\":768,\"height\":461},{\"@type\":\"BreadcrumbList\",\"@id\":\"http:\\\/\\\/minutocerord.com\\\/?p=5127#breadcrumb\",\"itemListElement\":[{\"@type\":\"ListItem\",\"position\":1,\"name\":\"Home\",\"item\":\"https:\\\/\\\/minutocerord.com\\\/\"},{\"@type\":\"ListItem\",\"position\":2,\"name\":\"Los haitianos exigen justicia por Moise con protestas\"}]},{\"@type\":\"WebSite\",\"@id\":\"https:\\\/\\\/minutocerord.com\\\/#website\",\"url\":\"https:\\\/\\\/minutocerord.com\\\/\",\"name\":\"Minuto Cero RD\",\"description\":\"Periodismo serio y veraz\",\"publisher\":{\"@id\":\"https:\\\/\\\/minutocerord.com\\\/#\\\/schema\\\/person\\\/60b5372d60aaa0a5171fb6488be9aee6\"},\"potentialAction\":[{\"@type\":\"SearchAction\",\"target\":{\"@type\":\"EntryPoint\",\"urlTemplate\":\"https:\\\/\\\/minutocerord.com\\\/?s={search_term_string}\"},\"query-input\":{\"@type\":\"PropertyValueSpecification\",\"valueRequired\":true,\"valueName\":\"search_term_string\"}}],\"inLanguage\":\"es-DO\"},{\"@type\":[\"Person\",\"Organization\"],\"@id\":\"https:\\\/\\\/minutocerord.com\\\/#\\\/schema\\\/person\\\/60b5372d60aaa0a5171fb6488be9aee6\",\"name\":\"Genof\u00f3ntes Urb\u00e1ez\",\"image\":{\"@type\":\"ImageObject\",\"inLanguage\":\"es-DO\",\"@id\":\"https:\\\/\\\/secure.gravatar.com\\\/avatar\\\/a49ef3186a692098ac3e8a1612261e3ad70cf9e44553dff2929e67939a0ecb9d?s=96&d=identicon&r=g\",\"url\":\"https:\\\/\\\/secure.gravatar.com\\\/avatar\\\/a49ef3186a692098ac3e8a1612261e3ad70cf9e44553dff2929e67939a0ecb9d?s=96&d=identicon&r=g\",\"contentUrl\":\"https:\\\/\\\/secure.gravatar.com\\\/avatar\\\/a49ef3186a692098ac3e8a1612261e3ad70cf9e44553dff2929e67939a0ecb9d?s=96&d=identicon&r=g\",\"caption\":\"Genof\u00f3ntes Urb\u00e1ez\"},\"logo\":{\"@id\":\"https:\\\/\\\/secure.gravatar.com\\\/avatar\\\/a49ef3186a692098ac3e8a1612261e3ad70cf9e44553dff2929e67939a0ecb9d?s=96&d=identicon&r=g\"},\"description\":\"Periodista \\\/ Locutor\",\"sameAs\":[\"https:\\\/\\\/www.facebook.com\\\/Genofnotes\",\"https:\\\/\\\/www.instagram.com\\\/genofnotes\\\/\"]}]}<\/script>\n<!-- \/ Yoast SEO plugin. -->","yoast_head_json":{"title":"Los haitianos exigen justicia por Moise con protestas - Minuto Cero RD","robots":{"index":"index","follow":"follow","max-snippet":"max-snippet:-1","max-image-preview":"max-image-preview:large","max-video-preview":"max-video-preview:-1"},"canonical":"http:\/\/minutocerord.com\/?p=5127","og_locale":"es_ES","og_type":"article","og_title":"Los haitianos exigen justicia por Moise con protestas - Minuto Cero RD","og_description":"Cap-Haitien, Hait\u00ed.- Las honras f\u00fanebres del presidente Jovenel Moise en el norte del Hait\u00ed se desarrollaron en medio de protestas moderadamente violentas en el centro de la ciudad, escenario en el que las barricadas en llamas marcaron la v\u00edspera de su entierro. Mientras algunos ciudadanos haitianos mostraban carteles con mensajes de solidaridad y despedida, otros [&hellip;]","og_url":"http:\/\/minutocerord.com\/?p=5127","og_site_name":"Minuto Cero RD","article_publisher":"https:\/\/www.facebook.com\/Genofnotes","article_author":"https:\/\/www.facebook.com\/Genofnotes","article_published_time":"2021-07-23T14:24:43+00:00","article_modified_time":"2021-07-23T14:24:48+00:00","og_image":[{"width":768,"height":461,"url":"https:\/\/i0.wp.com\/minutocerord.com\/wp-content\/uploads\/2021\/07\/1d4a6d32-haitiano-haiti-60fa24b72ca5e-768x461-1.jpg?fit=768%2C461","type":"image\/jpeg"}],"author":"Genof\u00f3ntes Urb\u00e1ez","twitter_card":"summary_large_image","twitter_misc":{"Written by":"Genof\u00f3ntes Urb\u00e1ez","Est. reading time":"4 minutos"},"schema":{"@context":"https:\/\/schema.org","@graph":[{"@type":"Article","@id":"http:\/\/minutocerord.com\/?p=5127#article","isPartOf":{"@id":"http:\/\/minutocerord.com\/?p=5127"},"author":{"name":"Genof\u00f3ntes Urb\u00e1ez","@id":"https:\/\/minutocerord.com\/#\/schema\/person\/60b5372d60aaa0a5171fb6488be9aee6"},"headline":"Los haitianos exigen justicia por Moise con protestas","datePublished":"2021-07-23T14:24:43+00:00","dateModified":"2021-07-23T14:24:48+00:00","mainEntityOfPage":{"@id":"http:\/\/minutocerord.com\/?p=5127"},"wordCount":911,"commentCount":0,"publisher":{"@id":"https:\/\/minutocerord.com\/#\/schema\/person\/60b5372d60aaa0a5171fb6488be9aee6"},"image":{"@id":"http:\/\/minutocerord.com\/?p=5127#primaryimage"},"thumbnailUrl":"https:\/\/i0.wp.com\/minutocerord.com\/wp-content\/uploads\/2021\/07\/1d4a6d32-haitiano-haiti-60fa24b72ca5e-768x461-1.jpg?fit=768%2C461&ssl=1","articleSection":["Hait\u00ed"],"inLanguage":"es-DO","potentialAction":[{"@type":"CommentAction","name":"Comment","target":["http:\/\/minutocerord.com\/?p=5127#respond"]}]},{"@type":"WebPage","@id":"http:\/\/minutocerord.com\/?p=5127","url":"http:\/\/minutocerord.com\/?p=5127","name":"Los haitianos exigen justicia por Moise con protestas - Minuto Cero RD","isPartOf":{"@id":"https:\/\/minutocerord.com\/#website"},"primaryImageOfPage":{"@id":"http:\/\/minutocerord.com\/?p=5127#primaryimage"},"image":{"@id":"http:\/\/minutocerord.com\/?p=5127#primaryimage"},"thumbnailUrl":"https:\/\/i0.wp.com\/minutocerord.com\/wp-content\/uploads\/2021\/07\/1d4a6d32-haitiano-haiti-60fa24b72ca5e-768x461-1.jpg?fit=768%2C461&ssl=1","datePublished":"2021-07-23T14:24:43+00:00","dateModified":"2021-07-23T14:24:48+00:00","breadcrumb":{"@id":"http:\/\/minutocerord.com\/?p=5127#breadcrumb"},"inLanguage":"es-DO","potentialAction":[{"@type":"ReadAction","target":["http:\/\/minutocerord.com\/?p=5127"]}]},{"@type":"ImageObject","inLanguage":"es-DO","@id":"http:\/\/minutocerord.com\/?p=5127#primaryimage","url":"https:\/\/i0.wp.com\/minutocerord.com\/wp-content\/uploads\/2021\/07\/1d4a6d32-haitiano-haiti-60fa24b72ca5e-768x461-1.jpg?fit=768%2C461&ssl=1","contentUrl":"https:\/\/i0.wp.com\/minutocerord.com\/wp-content\/uploads\/2021\/07\/1d4a6d32-haitiano-haiti-60fa24b72ca5e-768x461-1.jpg?fit=768%2C461&ssl=1","width":768,"height":461},{"@type":"BreadcrumbList","@id":"http:\/\/minutocerord.com\/?p=5127#breadcrumb","itemListElement":[{"@type":"ListItem","position":1,"name":"Home","item":"https:\/\/minutocerord.com\/"},{"@type":"ListItem","position":2,"name":"Los haitianos exigen justicia por Moise con protestas"}]},{"@type":"WebSite","@id":"https:\/\/minutocerord.com\/#website","url":"https:\/\/minutocerord.com\/","name":"Minuto Cero RD","description":"Periodismo serio y veraz","publisher":{"@id":"https:\/\/minutocerord.com\/#\/schema\/person\/60b5372d60aaa0a5171fb6488be9aee6"},"potentialAction":[{"@type":"SearchAction","target":{"@type":"EntryPoint","urlTemplate":"https:\/\/minutocerord.com\/?s={search_term_string}"},"query-input":{"@type":"PropertyValueSpecification","valueRequired":true,"valueName":"search_term_string"}}],"inLanguage":"es-DO"},{"@type":["Person","Organization"],"@id":"https:\/\/minutocerord.com\/#\/schema\/person\/60b5372d60aaa0a5171fb6488be9aee6","name":"Genof\u00f3ntes Urb\u00e1ez","image":{"@type":"ImageObject","inLanguage":"es-DO","@id":"https:\/\/secure.gravatar.com\/avatar\/a49ef3186a692098ac3e8a1612261e3ad70cf9e44553dff2929e67939a0ecb9d?s=96&d=identicon&r=g","url":"https:\/\/secure.gravatar.com\/avatar\/a49ef3186a692098ac3e8a1612261e3ad70cf9e44553dff2929e67939a0ecb9d?s=96&d=identicon&r=g","contentUrl":"https:\/\/secure.gravatar.com\/avatar\/a49ef3186a692098ac3e8a1612261e3ad70cf9e44553dff2929e67939a0ecb9d?s=96&d=identicon&r=g","caption":"Genof\u00f3ntes Urb\u00e1ez"},"logo":{"@id":"https:\/\/secure.gravatar.com\/avatar\/a49ef3186a692098ac3e8a1612261e3ad70cf9e44553dff2929e67939a0ecb9d?s=96&d=identicon&r=g"},"description":"Periodista \/ Locutor","sameAs":["https:\/\/www.facebook.com\/Genofnotes","https:\/\/www.instagram.com\/genofnotes\/"]}]}},"jetpack_publicize_connections":[],"jetpack_featured_media_url":"https:\/\/i0.wp.com\/minutocerord.com\/wp-content\/uploads\/2021\/07\/1d4a6d32-haitiano-haiti-60fa24b72ca5e-768x461-1.jpg?fit=768%2C461&ssl=1","jetpack-related-posts":[],"jetpack_sharing_enabled":true,"_links":{"self":[{"href":"https:\/\/minutocerord.com\/index.php?rest_route=\/wp\/v2\/posts\/5127","targetHints":{"allow":["GET"]}}],"collection":[{"href":"https:\/\/minutocerord.com\/index.php?rest_route=\/wp\/v2\/posts"}],"about":[{"href":"https:\/\/minutocerord.com\/index.php?rest_route=\/wp\/v2\/types\/post"}],"author":[{"embeddable":true,"href":"https:\/\/minutocerord.com\/index.php?rest_route=\/wp\/v2\/users\/1"}],"replies":[{"embeddable":true,"href":"https:\/\/minutocerord.com\/index.php?rest_route=%2Fwp%2Fv2%2Fcomments&post=5127"}],"version-history":[{"count":1,"href":"https:\/\/minutocerord.com\/index.php?rest_route=\/wp\/v2\/posts\/5127\/revisions"}],"predecessor-version":[{"id":5129,"href":"https:\/\/minutocerord.com\/index.php?rest_route=\/wp\/v2\/posts\/5127\/revisions\/5129"}],"wp:featuredmedia":[{"embeddable":true,"href":"https:\/\/minutocerord.com\/index.php?rest_route=\/wp\/v2\/media\/5128"}],"wp:attachment":[{"href":"https:\/\/minutocerord.com\/index.php?rest_route=%2Fwp%2Fv2%2Fmedia&parent=5127"}],"wp:term":[{"taxonomy":"category","embeddable":true,"href":"https:\/\/minutocerord.com\/index.php?rest_route=%2Fwp%2Fv2%2Fcategories&post=5127"},{"taxonomy":"post_tag","embeddable":true,"href":"https:\/\/minutocerord.com\/index.php?rest_route=%2Fwp%2Fv2%2Ftags&post=5127"}],"curies":[{"name":"wp","href":"https:\/\/api.w.org\/{rel}","templated":true}]}}