{"id":5134,"date":"2021-07-23T10:48:40","date_gmt":"2021-07-23T14:48:40","guid":{"rendered":"https:\/\/minutocerord.com\/?p=5134"},"modified":"2021-07-23T10:48:49","modified_gmt":"2021-07-23T14:48:49","slug":"haiti-celebra-hoy-funerales-nacionales-en-medio-de-tensiones-y-protestas","status":"publish","type":"post","link":"https:\/\/minutocerord.com\/?p=5134","title":{"rendered":"Hait\u00ed celebra hoy funerales nacionales en medio de tensiones y protestas"},"content":{"rendered":"\n<p><strong>Puerto Pr\u00edncipe, Hait\u00ed<\/strong>.- Los funerales nacionales del presidente asesinado Jovene\u2019l Moise se celebran hoy en el extremo norte de Hait\u00ed, en medio de las tensiones por las protestas de ciudadanos que exigen justicia.<\/p>\n\n\n\n<p>Moise fue asesinado a sus 53 a\u00f1os en la residencia presidencial de Puerto Pr\u00edncipe, por un comando armado de 28 personas, que tambi\u00e9n hiri\u00f3 a la primera dama Martine Ethienne.<\/p>\n\n\n\n<p>De acuerdo con el protocolo gubernamental, las honras f\u00fanebres comenzar\u00e1n a las 05:30, hora local, con el arribo de f\u00e9retro a la residencia familiar, la exposici\u00f3n de los restos mortales, y el cubrimiento del ata\u00fad con la bandera nacional.<\/p>\n\n\n\n<p>Tres horas despu\u00e9s se espera la llegada de los familiares, representantes gubernamentales, judiciales, parlamentarios, sindicales, religiosos, de la sociedad civil, entre otros invitados.<\/p>\n\n\n\n<p><strong>Honores&nbsp; militares y ceremonias religiosas<\/strong><\/p>\n\n\n\n<p>Las exequias incluyen honores militares, ceremonias religiosas y civiles, adem\u00e1s de declaraciones de familiares como la primera dama Martine Moise.<\/p>\n\n\n\n<p>Desde la noche del jueves una vigilia oficial en el Hotel Roi Henry Christophe de la norte\u00f1a ciudad de Cabo Haitiano reuni\u00f3 a personalidades nacionales y for\u00e1neas.<\/p>\n\n\n\n<p>Tambi\u00e9n la v\u00edspera se celebr\u00f3 una misa en la emblem\u00e1tica catedral de la ciudad, que en ocasiones fue interrumpida por simpatizantes exigiendo justicia para Moise y la familia presidencial, mientras aseguraban que el mandatario muri\u00f3 por defender a los pobres y los campesinos.<\/p>\n\n\n\n<p>A la homil\u00eda le sigui\u00f3 un marcha, que en ocasiones se torn\u00f3 violenta, con v\u00edtores, cantos y m\u00fasica para dar el \u00faltimo adi\u00f3s al pol\u00e9mico gobernante.<\/p>\n\n\n\n<p>En algunos puntos de la ciudad, los residentes vestidos con camisetas blancas en las cuales estaba estampada la imagen del mandatario, erigieron barricadas de neum\u00e1ticos en llamas.<\/p>\n\n\n\n<p>Los \u00e1nimos se avivaron en la regi\u00f3n septentrional del pa\u00eds luego de un encendido discurso del alcalde de Cabo Haitiano, Yvrose Pierre, quien record\u00f3 que los cinco magnicidios ocurridos en Hait\u00ed fueron contra presidentes nacidos en el hoy departamento Norte.<\/p>\n\n\n\n<p>Sugiri\u00f3 Pierre que el asesinato de Moise forma parte de una lucha de clases, seg\u00fan recogi\u00f3 el diario Le Nouvelliste.<\/p>\n\n\n\n<p>En cuanto al magnicidio, hasta el momento las autoridades apresaron a 26 personas, de ellas 18 colombianas, cinco estadounidenses de origen haitiano y dos polic\u00edas sospechosos de organizar el asesinato.<\/p>\n","protected":false},"excerpt":{"rendered":"<p>Puerto Pr\u00edncipe, Hait\u00ed.- Los funerales nacionales del presidente asesinado Jovene\u2019l Moise se celebran hoy en el extremo norte de Hait\u00ed, en medio de las tensiones por las protestas de ciudadanos que exigen justicia. Moise fue asesinado a sus 53 a\u00f1os en la residencia presidencial de Puerto Pr\u00edncipe, por un comando armado de 28 personas, que [&hellip;]<\/p>\n","protected":false},"author":1,"featured_media":5135,"comment_status":"open","ping_status":"open","sticky":false,"template":"","format":"standard","meta":{"nf_dc_page":"","jetpack_post_was_ever_published":false,"_jetpack_newsletter_access":"","_jetpack_dont_email_post_to_subs":false,"_jetpack_newsletter_tier_id":0,"_jetpack_memberships_contains_paywalled_content":false,"_jetpack_memberships_contains_paid_content":false,"footnotes":"","jetpack_publicize_message":"","jetpack_publicize_feature_enabled":true,"jetpack_social_post_already_shared":false,"jetpack_social_options":{"image_generator_settings":{"template":"highway","default_image_id":0,"font":"","enabled":false},"version":2}},"categories":[75],"tags":[],"class_list":["post-5134","post","type-post","status-publish","format-standard","has-post-thumbnail","hentry","category-haiti"],"yoast_head":"<!-- This site is optimized with the Yoast SEO plugin v27.5 - https:\/\/yoast.com\/product\/yoast-seo-wordpress\/ -->\n<title>Hait\u00ed celebra hoy funerales nacionales en medio de tensiones y protestas - Minuto Cero RD<\/title>\n<meta name=\"robots\" content=\"index, follow, max-snippet:-1, max-image-preview:large, max-video-preview:-1\" \/>\n<link rel=\"canonical\" href=\"http:\/\/minutocerord.com\/?p=5134\" \/>\n<meta property=\"og:locale\" content=\"es_ES\" \/>\n<meta property=\"og:type\" content=\"article\" \/>\n<meta property=\"og:title\" content=\"Hait\u00ed celebra hoy funerales nacionales en medio de tensiones y protestas - Minuto Cero RD\" \/>\n<meta property=\"og:description\" content=\"Puerto Pr\u00edncipe, Hait\u00ed.- Los funerales nacionales del presidente asesinado Jovene\u2019l Moise se celebran hoy en el extremo norte de Hait\u00ed, en medio de las tensiones por las protestas de ciudadanos que exigen justicia. Moise fue asesinado a sus 53 a\u00f1os en la residencia presidencial de Puerto Pr\u00edncipe, por un comando armado de 28 personas, que [&hellip;]\" \/>\n<meta property=\"og:url\" content=\"http:\/\/minutocerord.com\/?p=5134\" \/>\n<meta property=\"og:site_name\" content=\"Minuto Cero RD\" \/>\n<meta property=\"article:publisher\" content=\"https:\/\/www.facebook.com\/Genofnotes\" \/>\n<meta property=\"article:author\" content=\"https:\/\/www.facebook.com\/Genofnotes\" \/>\n<meta property=\"article:published_time\" content=\"2021-07-23T14:48:40+00:00\" \/>\n<meta property=\"article:modified_time\" content=\"2021-07-23T14:48:49+00:00\" \/>\n<meta property=\"og:image\" content=\"https:\/\/i0.wp.com\/minutocerord.com\/wp-content\/uploads\/2021\/07\/funeral-moise.jpg?fit=892%2C501\" \/>\n\t<meta property=\"og:image:width\" content=\"892\" \/>\n\t<meta property=\"og:image:height\" content=\"501\" \/>\n\t<meta property=\"og:image:type\" content=\"image\/jpeg\" \/>\n<meta name=\"author\" content=\"Genof\u00f3ntes Urb\u00e1ez\" \/>\n<meta name=\"twitter:card\" content=\"summary_large_image\" \/>\n<meta name=\"twitter:label1\" content=\"Written by\" \/>\n\t<meta name=\"twitter:data1\" content=\"Genof\u00f3ntes Urb\u00e1ez\" \/>\n\t<meta name=\"twitter:label2\" content=\"Est. reading time\" \/>\n\t<meta name=\"twitter:data2\" content=\"2 minutos\" \/>\n<script type=\"application\/ld+json\" class=\"yoast-schema-graph\">{\"@context\":\"https:\\\/\\\/schema.org\",\"@graph\":[{\"@type\":\"Article\",\"@id\":\"http:\\\/\\\/minutocerord.com\\\/?p=5134#article\",\"isPartOf\":{\"@id\":\"http:\\\/\\\/minutocerord.com\\\/?p=5134\"},\"author\":{\"name\":\"Genof\u00f3ntes Urb\u00e1ez\",\"@id\":\"https:\\\/\\\/minutocerord.com\\\/#\\\/schema\\\/person\\\/60b5372d60aaa0a5171fb6488be9aee6\"},\"headline\":\"Hait\u00ed celebra hoy funerales nacionales en medio de tensiones y protestas\",\"datePublished\":\"2021-07-23T14:48:40+00:00\",\"dateModified\":\"2021-07-23T14:48:49+00:00\",\"mainEntityOfPage\":{\"@id\":\"http:\\\/\\\/minutocerord.com\\\/?p=5134\"},\"wordCount\":398,\"commentCount\":0,\"publisher\":{\"@id\":\"https:\\\/\\\/minutocerord.com\\\/#\\\/schema\\\/person\\\/60b5372d60aaa0a5171fb6488be9aee6\"},\"image\":{\"@id\":\"http:\\\/\\\/minutocerord.com\\\/?p=5134#primaryimage\"},\"thumbnailUrl\":\"https:\\\/\\\/i0.wp.com\\\/minutocerord.com\\\/wp-content\\\/uploads\\\/2021\\\/07\\\/funeral-moise.jpg?fit=892%2C501&ssl=1\",\"articleSection\":[\"Hait\u00ed\"],\"inLanguage\":\"es-DO\",\"potentialAction\":[{\"@type\":\"CommentAction\",\"name\":\"Comment\",\"target\":[\"http:\\\/\\\/minutocerord.com\\\/?p=5134#respond\"]}]},{\"@type\":\"WebPage\",\"@id\":\"http:\\\/\\\/minutocerord.com\\\/?p=5134\",\"url\":\"http:\\\/\\\/minutocerord.com\\\/?p=5134\",\"name\":\"Hait\u00ed celebra hoy funerales nacionales en medio de tensiones y protestas - Minuto Cero RD\",\"isPartOf\":{\"@id\":\"https:\\\/\\\/minutocerord.com\\\/#website\"},\"primaryImageOfPage\":{\"@id\":\"http:\\\/\\\/minutocerord.com\\\/?p=5134#primaryimage\"},\"image\":{\"@id\":\"http:\\\/\\\/minutocerord.com\\\/?p=5134#primaryimage\"},\"thumbnailUrl\":\"https:\\\/\\\/i0.wp.com\\\/minutocerord.com\\\/wp-content\\\/uploads\\\/2021\\\/07\\\/funeral-moise.jpg?fit=892%2C501&ssl=1\",\"datePublished\":\"2021-07-23T14:48:40+00:00\",\"dateModified\":\"2021-07-23T14:48:49+00:00\",\"breadcrumb\":{\"@id\":\"http:\\\/\\\/minutocerord.com\\\/?p=5134#breadcrumb\"},\"inLanguage\":\"es-DO\",\"potentialAction\":[{\"@type\":\"ReadAction\",\"target\":[\"http:\\\/\\\/minutocerord.com\\\/?p=5134\"]}]},{\"@type\":\"ImageObject\",\"inLanguage\":\"es-DO\",\"@id\":\"http:\\\/\\\/minutocerord.com\\\/?p=5134#primaryimage\",\"url\":\"https:\\\/\\\/i0.wp.com\\\/minutocerord.com\\\/wp-content\\\/uploads\\\/2021\\\/07\\\/funeral-moise.jpg?fit=892%2C501&ssl=1\",\"contentUrl\":\"https:\\\/\\\/i0.wp.com\\\/minutocerord.com\\\/wp-content\\\/uploads\\\/2021\\\/07\\\/funeral-moise.jpg?fit=892%2C501&ssl=1\",\"width\":892,\"height\":501},{\"@type\":\"BreadcrumbList\",\"@id\":\"http:\\\/\\\/minutocerord.com\\\/?p=5134#breadcrumb\",\"itemListElement\":[{\"@type\":\"ListItem\",\"position\":1,\"name\":\"Home\",\"item\":\"https:\\\/\\\/minutocerord.com\\\/\"},{\"@type\":\"ListItem\",\"position\":2,\"name\":\"Hait\u00ed celebra hoy funerales nacionales en medio de tensiones y protestas\"}]},{\"@type\":\"WebSite\",\"@id\":\"https:\\\/\\\/minutocerord.com\\\/#website\",\"url\":\"https:\\\/\\\/minutocerord.com\\\/\",\"name\":\"Minuto Cero RD\",\"description\":\"Periodismo serio y veraz\",\"publisher\":{\"@id\":\"https:\\\/\\\/minutocerord.com\\\/#\\\/schema\\\/person\\\/60b5372d60aaa0a5171fb6488be9aee6\"},\"potentialAction\":[{\"@type\":\"SearchAction\",\"target\":{\"@type\":\"EntryPoint\",\"urlTemplate\":\"https:\\\/\\\/minutocerord.com\\\/?s={search_term_string}\"},\"query-input\":{\"@type\":\"PropertyValueSpecification\",\"valueRequired\":true,\"valueName\":\"search_term_string\"}}],\"inLanguage\":\"es-DO\"},{\"@type\":[\"Person\",\"Organization\"],\"@id\":\"https:\\\/\\\/minutocerord.com\\\/#\\\/schema\\\/person\\\/60b5372d60aaa0a5171fb6488be9aee6\",\"name\":\"Genof\u00f3ntes Urb\u00e1ez\",\"image\":{\"@type\":\"ImageObject\",\"inLanguage\":\"es-DO\",\"@id\":\"https:\\\/\\\/secure.gravatar.com\\\/avatar\\\/a49ef3186a692098ac3e8a1612261e3ad70cf9e44553dff2929e67939a0ecb9d?s=96&d=identicon&r=g\",\"url\":\"https:\\\/\\\/secure.gravatar.com\\\/avatar\\\/a49ef3186a692098ac3e8a1612261e3ad70cf9e44553dff2929e67939a0ecb9d?s=96&d=identicon&r=g\",\"contentUrl\":\"https:\\\/\\\/secure.gravatar.com\\\/avatar\\\/a49ef3186a692098ac3e8a1612261e3ad70cf9e44553dff2929e67939a0ecb9d?s=96&d=identicon&r=g\",\"caption\":\"Genof\u00f3ntes Urb\u00e1ez\"},\"logo\":{\"@id\":\"https:\\\/\\\/secure.gravatar.com\\\/avatar\\\/a49ef3186a692098ac3e8a1612261e3ad70cf9e44553dff2929e67939a0ecb9d?s=96&d=identicon&r=g\"},\"description\":\"Periodista \\\/ Locutor\",\"sameAs\":[\"https:\\\/\\\/www.facebook.com\\\/Genofnotes\",\"https:\\\/\\\/www.instagram.com\\\/genofnotes\\\/\"]}]}<\/script>\n<!-- \/ Yoast SEO plugin. -->","yoast_head_json":{"title":"Hait\u00ed celebra hoy funerales nacionales en medio de tensiones y protestas - Minuto Cero RD","robots":{"index":"index","follow":"follow","max-snippet":"max-snippet:-1","max-image-preview":"max-image-preview:large","max-video-preview":"max-video-preview:-1"},"canonical":"http:\/\/minutocerord.com\/?p=5134","og_locale":"es_ES","og_type":"article","og_title":"Hait\u00ed celebra hoy funerales nacionales en medio de tensiones y protestas - Minuto Cero RD","og_description":"Puerto Pr\u00edncipe, Hait\u00ed.- Los funerales nacionales del presidente asesinado Jovene\u2019l Moise se celebran hoy en el extremo norte de Hait\u00ed, en medio de las tensiones por las protestas de ciudadanos que exigen justicia. Moise fue asesinado a sus 53 a\u00f1os en la residencia presidencial de Puerto Pr\u00edncipe, por un comando armado de 28 personas, que [&hellip;]","og_url":"http:\/\/minutocerord.com\/?p=5134","og_site_name":"Minuto Cero RD","article_publisher":"https:\/\/www.facebook.com\/Genofnotes","article_author":"https:\/\/www.facebook.com\/Genofnotes","article_published_time":"2021-07-23T14:48:40+00:00","article_modified_time":"2021-07-23T14:48:49+00:00","og_image":[{"width":892,"height":501,"url":"https:\/\/i0.wp.com\/minutocerord.com\/wp-content\/uploads\/2021\/07\/funeral-moise.jpg?fit=892%2C501","type":"image\/jpeg"}],"author":"Genof\u00f3ntes Urb\u00e1ez","twitter_card":"summary_large_image","twitter_misc":{"Written by":"Genof\u00f3ntes Urb\u00e1ez","Est. reading time":"2 minutos"},"schema":{"@context":"https:\/\/schema.org","@graph":[{"@type":"Article","@id":"http:\/\/minutocerord.com\/?p=5134#article","isPartOf":{"@id":"http:\/\/minutocerord.com\/?p=5134"},"author":{"name":"Genof\u00f3ntes Urb\u00e1ez","@id":"https:\/\/minutocerord.com\/#\/schema\/person\/60b5372d60aaa0a5171fb6488be9aee6"},"headline":"Hait\u00ed celebra hoy funerales nacionales en medio de tensiones y protestas","datePublished":"2021-07-23T14:48:40+00:00","dateModified":"2021-07-23T14:48:49+00:00","mainEntityOfPage":{"@id":"http:\/\/minutocerord.com\/?p=5134"},"wordCount":398,"commentCount":0,"publisher":{"@id":"https:\/\/minutocerord.com\/#\/schema\/person\/60b5372d60aaa0a5171fb6488be9aee6"},"image":{"@id":"http:\/\/minutocerord.com\/?p=5134#primaryimage"},"thumbnailUrl":"https:\/\/i0.wp.com\/minutocerord.com\/wp-content\/uploads\/2021\/07\/funeral-moise.jpg?fit=892%2C501&ssl=1","articleSection":["Hait\u00ed"],"inLanguage":"es-DO","potentialAction":[{"@type":"CommentAction","name":"Comment","target":["http:\/\/minutocerord.com\/?p=5134#respond"]}]},{"@type":"WebPage","@id":"http:\/\/minutocerord.com\/?p=5134","url":"http:\/\/minutocerord.com\/?p=5134","name":"Hait\u00ed celebra hoy funerales nacionales en medio de tensiones y protestas - Minuto Cero RD","isPartOf":{"@id":"https:\/\/minutocerord.com\/#website"},"primaryImageOfPage":{"@id":"http:\/\/minutocerord.com\/?p=5134#primaryimage"},"image":{"@id":"http:\/\/minutocerord.com\/?p=5134#primaryimage"},"thumbnailUrl":"https:\/\/i0.wp.com\/minutocerord.com\/wp-content\/uploads\/2021\/07\/funeral-moise.jpg?fit=892%2C501&ssl=1","datePublished":"2021-07-23T14:48:40+00:00","dateModified":"2021-07-23T14:48:49+00:00","breadcrumb":{"@id":"http:\/\/minutocerord.com\/?p=5134#breadcrumb"},"inLanguage":"es-DO","potentialAction":[{"@type":"ReadAction","target":["http:\/\/minutocerord.com\/?p=5134"]}]},{"@type":"ImageObject","inLanguage":"es-DO","@id":"http:\/\/minutocerord.com\/?p=5134#primaryimage","url":"https:\/\/i0.wp.com\/minutocerord.com\/wp-content\/uploads\/2021\/07\/funeral-moise.jpg?fit=892%2C501&ssl=1","contentUrl":"https:\/\/i0.wp.com\/minutocerord.com\/wp-content\/uploads\/2021\/07\/funeral-moise.jpg?fit=892%2C501&ssl=1","width":892,"height":501},{"@type":"BreadcrumbList","@id":"http:\/\/minutocerord.com\/?p=5134#breadcrumb","itemListElement":[{"@type":"ListItem","position":1,"name":"Home","item":"https:\/\/minutocerord.com\/"},{"@type":"ListItem","position":2,"name":"Hait\u00ed celebra hoy funerales nacionales en medio de tensiones y protestas"}]},{"@type":"WebSite","@id":"https:\/\/minutocerord.com\/#website","url":"https:\/\/minutocerord.com\/","name":"Minuto Cero RD","description":"Periodismo serio y veraz","publisher":{"@id":"https:\/\/minutocerord.com\/#\/schema\/person\/60b5372d60aaa0a5171fb6488be9aee6"},"potentialAction":[{"@type":"SearchAction","target":{"@type":"EntryPoint","urlTemplate":"https:\/\/minutocerord.com\/?s={search_term_string}"},"query-input":{"@type":"PropertyValueSpecification","valueRequired":true,"valueName":"search_term_string"}}],"inLanguage":"es-DO"},{"@type":["Person","Organization"],"@id":"https:\/\/minutocerord.com\/#\/schema\/person\/60b5372d60aaa0a5171fb6488be9aee6","name":"Genof\u00f3ntes Urb\u00e1ez","image":{"@type":"ImageObject","inLanguage":"es-DO","@id":"https:\/\/secure.gravatar.com\/avatar\/a49ef3186a692098ac3e8a1612261e3ad70cf9e44553dff2929e67939a0ecb9d?s=96&d=identicon&r=g","url":"https:\/\/secure.gravatar.com\/avatar\/a49ef3186a692098ac3e8a1612261e3ad70cf9e44553dff2929e67939a0ecb9d?s=96&d=identicon&r=g","contentUrl":"https:\/\/secure.gravatar.com\/avatar\/a49ef3186a692098ac3e8a1612261e3ad70cf9e44553dff2929e67939a0ecb9d?s=96&d=identicon&r=g","caption":"Genof\u00f3ntes Urb\u00e1ez"},"logo":{"@id":"https:\/\/secure.gravatar.com\/avatar\/a49ef3186a692098ac3e8a1612261e3ad70cf9e44553dff2929e67939a0ecb9d?s=96&d=identicon&r=g"},"description":"Periodista \/ Locutor","sameAs":["https:\/\/www.facebook.com\/Genofnotes","https:\/\/www.instagram.com\/genofnotes\/"]}]}},"jetpack_publicize_connections":[],"jetpack_featured_media_url":"https:\/\/i0.wp.com\/minutocerord.com\/wp-content\/uploads\/2021\/07\/funeral-moise.jpg?fit=892%2C501&ssl=1","jetpack-related-posts":[],"jetpack_sharing_enabled":true,"_links":{"self":[{"href":"https:\/\/minutocerord.com\/index.php?rest_route=\/wp\/v2\/posts\/5134","targetHints":{"allow":["GET"]}}],"collection":[{"href":"https:\/\/minutocerord.com\/index.php?rest_route=\/wp\/v2\/posts"}],"about":[{"href":"https:\/\/minutocerord.com\/index.php?rest_route=\/wp\/v2\/types\/post"}],"author":[{"embeddable":true,"href":"https:\/\/minutocerord.com\/index.php?rest_route=\/wp\/v2\/users\/1"}],"replies":[{"embeddable":true,"href":"https:\/\/minutocerord.com\/index.php?rest_route=%2Fwp%2Fv2%2Fcomments&post=5134"}],"version-history":[{"count":1,"href":"https:\/\/minutocerord.com\/index.php?rest_route=\/wp\/v2\/posts\/5134\/revisions"}],"predecessor-version":[{"id":5136,"href":"https:\/\/minutocerord.com\/index.php?rest_route=\/wp\/v2\/posts\/5134\/revisions\/5136"}],"wp:featuredmedia":[{"embeddable":true,"href":"https:\/\/minutocerord.com\/index.php?rest_route=\/wp\/v2\/media\/5135"}],"wp:attachment":[{"href":"https:\/\/minutocerord.com\/index.php?rest_route=%2Fwp%2Fv2%2Fmedia&parent=5134"}],"wp:term":[{"taxonomy":"category","embeddable":true,"href":"https:\/\/minutocerord.com\/index.php?rest_route=%2Fwp%2Fv2%2Fcategories&post=5134"},{"taxonomy":"post_tag","embeddable":true,"href":"https:\/\/minutocerord.com\/index.php?rest_route=%2Fwp%2Fv2%2Ftags&post=5134"}],"curies":[{"name":"wp","href":"https:\/\/api.w.org\/{rel}","templated":true}]}}