{"id":5137,"date":"2021-07-23T10:50:20","date_gmt":"2021-07-23T14:50:20","guid":{"rendered":"https:\/\/minutocerord.com\/?p=5137"},"modified":"2021-07-23T10:50:23","modified_gmt":"2021-07-23T14:50:23","slug":"rd-refuerza-vigilancia-en-la-frontera-ante-disturbios-por-asesinato-de-moise","status":"publish","type":"post","link":"https:\/\/minutocerord.com\/?p=5137","title":{"rendered":"RD refuerza vigilancia en la frontera ante disturbios por asesinato de Mo\u00efse"},"content":{"rendered":"\n<p><strong>DAJABON.-<\/strong> Rep\u00fablica Dominicana reforz\u00f3 la vigilancia en la frontera con un dispositivo adicional de inteligencia, la integraci\u00f3n de fuerzas especiales y de reacci\u00f3n, ante protestas y disturbios cerca de la l\u00ednea lim\u00edtrofe por el asesinato del presidente haitiano Jovenel Mo\u00efse.<\/p>\n\n\n\n<p>El mayor general Julio Ernesto Flori\u00e1n P\u00e9rez, coordinador del Consejo Nacional de Seguridad, designado por el presidente Luis Abinader tras el citado magnicidio, dijo que hay una fuerza de reacci\u00f3n lista para asegurar la frontera ante cualquier eventualidad.<\/p>\n\n\n\n<p>Explic\u00f3 que el reforzamiento de la vigilancia se sustenta en lo terrestre y a\u00e9reo, con helic\u00f3pteros de observaci\u00f3n y un avi\u00f3n, aparte de que los super tucanos.<\/p>\n\n\n\n<p>Refiri\u00f3 que a la seguridad fronteriza tambi\u00e9n se ha sumado personal de la Armada Dominicana, que dispone de embarcaciones en Manzanillo y Cabo Rojo.<\/p>\n\n\n\n<p>\u00abAsimismo, contamos son los sistemas de drones, c\u00e1maras de seguridad y otros equipos\u00bb, declar\u00f3.<\/p>\n\n\n\n<p>Explic\u00f3 que \u00abse han afinado todos los detalles para que los pobladores de la frontera y de todo el pa\u00eds no sientan temores\u00bb.<\/p>\n\n\n\n<p>Dijo que la vigilancia tambi\u00e9n ha sido reforzada en la carretera Duarte, que une a la zona fronteriza con la provincia Santiago.<\/p>\n\n\n\n<p>Revel\u00f3 que la vigilancia se ha redoblado aun m\u00e1s en la frontera norte, tomando en cuenta que el funeral del asesinado gobernante de Hait\u00ed ser\u00e1 este viernes, en Cabo Haitiano, que se encuentra en ruta a la frontera dominicana.<\/p>\n","protected":false},"excerpt":{"rendered":"<p>DAJABON.- Rep\u00fablica Dominicana reforz\u00f3 la vigilancia en la frontera con un dispositivo adicional de inteligencia, la integraci\u00f3n de fuerzas especiales y de reacci\u00f3n, ante protestas y disturbios cerca de la l\u00ednea lim\u00edtrofe por el asesinato del presidente haitiano Jovenel Mo\u00efse. El mayor general Julio Ernesto Flori\u00e1n P\u00e9rez, coordinador del Consejo Nacional de Seguridad, designado por [&hellip;]<\/p>\n","protected":false},"author":1,"featured_media":5138,"comment_status":"open","ping_status":"open","sticky":false,"template":"","format":"standard","meta":{"nf_dc_page":"","jetpack_post_was_ever_published":false,"_jetpack_newsletter_access":"","_jetpack_dont_email_post_to_subs":false,"_jetpack_newsletter_tier_id":0,"_jetpack_memberships_contains_paywalled_content":false,"_jetpack_memberships_contains_paid_content":false,"footnotes":"","jetpack_publicize_message":"","jetpack_publicize_feature_enabled":true,"jetpack_social_post_already_shared":false,"jetpack_social_options":{"image_generator_settings":{"template":"highway","default_image_id":0,"font":"","enabled":false},"version":2}},"categories":[91],"tags":[],"class_list":["post-5137","post","type-post","status-publish","format-standard","has-post-thumbnail","hentry","category-provincia"],"yoast_head":"<!-- This site is optimized with the Yoast SEO plugin v27.5 - https:\/\/yoast.com\/product\/yoast-seo-wordpress\/ -->\n<title>RD refuerza vigilancia en la frontera ante disturbios por asesinato de Mo\u00efse - Minuto Cero RD<\/title>\n<meta name=\"robots\" content=\"index, follow, max-snippet:-1, max-image-preview:large, max-video-preview:-1\" \/>\n<link rel=\"canonical\" href=\"http:\/\/minutocerord.com\/?p=5137\" \/>\n<meta property=\"og:locale\" content=\"es_ES\" \/>\n<meta property=\"og:type\" content=\"article\" \/>\n<meta property=\"og:title\" content=\"RD refuerza vigilancia en la frontera ante disturbios por asesinato de Mo\u00efse - Minuto Cero RD\" \/>\n<meta property=\"og:description\" content=\"DAJABON.- Rep\u00fablica Dominicana reforz\u00f3 la vigilancia en la frontera con un dispositivo adicional de inteligencia, la integraci\u00f3n de fuerzas especiales y de reacci\u00f3n, ante protestas y disturbios cerca de la l\u00ednea lim\u00edtrofe por el asesinato del presidente haitiano Jovenel Mo\u00efse. El mayor general Julio Ernesto Flori\u00e1n P\u00e9rez, coordinador del Consejo Nacional de Seguridad, designado por [&hellip;]\" \/>\n<meta property=\"og:url\" content=\"http:\/\/minutocerord.com\/?p=5137\" \/>\n<meta property=\"og:site_name\" content=\"Minuto Cero RD\" \/>\n<meta property=\"article:publisher\" content=\"https:\/\/www.facebook.com\/Genofnotes\" \/>\n<meta property=\"article:author\" content=\"https:\/\/www.facebook.com\/Genofnotes\" \/>\n<meta property=\"article:published_time\" content=\"2021-07-23T14:50:20+00:00\" \/>\n<meta property=\"article:modified_time\" content=\"2021-07-23T14:50:23+00:00\" \/>\n<meta property=\"og:image\" content=\"https:\/\/i0.wp.com\/minutocerord.com\/wp-content\/uploads\/2021\/07\/Refuerzan-vigilancia-en-frontera-dominico.jpg?fit=800%2C445\" \/>\n\t<meta property=\"og:image:width\" content=\"800\" \/>\n\t<meta property=\"og:image:height\" content=\"445\" \/>\n\t<meta property=\"og:image:type\" content=\"image\/jpeg\" \/>\n<meta name=\"author\" content=\"Genof\u00f3ntes Urb\u00e1ez\" \/>\n<meta name=\"twitter:card\" content=\"summary_large_image\" \/>\n<meta name=\"twitter:label1\" content=\"Written by\" \/>\n\t<meta name=\"twitter:data1\" content=\"Genof\u00f3ntes Urb\u00e1ez\" \/>\n\t<meta name=\"twitter:label2\" content=\"Est. reading time\" \/>\n\t<meta name=\"twitter:data2\" content=\"1 minuto\" \/>\n<script type=\"application\/ld+json\" class=\"yoast-schema-graph\">{\"@context\":\"https:\\\/\\\/schema.org\",\"@graph\":[{\"@type\":\"Article\",\"@id\":\"http:\\\/\\\/minutocerord.com\\\/?p=5137#article\",\"isPartOf\":{\"@id\":\"http:\\\/\\\/minutocerord.com\\\/?p=5137\"},\"author\":{\"name\":\"Genof\u00f3ntes Urb\u00e1ez\",\"@id\":\"https:\\\/\\\/minutocerord.com\\\/#\\\/schema\\\/person\\\/60b5372d60aaa0a5171fb6488be9aee6\"},\"headline\":\"RD refuerza vigilancia en la frontera ante disturbios por asesinato de Mo\u00efse\",\"datePublished\":\"2021-07-23T14:50:20+00:00\",\"dateModified\":\"2021-07-23T14:50:23+00:00\",\"mainEntityOfPage\":{\"@id\":\"http:\\\/\\\/minutocerord.com\\\/?p=5137\"},\"wordCount\":259,\"commentCount\":0,\"publisher\":{\"@id\":\"https:\\\/\\\/minutocerord.com\\\/#\\\/schema\\\/person\\\/60b5372d60aaa0a5171fb6488be9aee6\"},\"image\":{\"@id\":\"http:\\\/\\\/minutocerord.com\\\/?p=5137#primaryimage\"},\"thumbnailUrl\":\"https:\\\/\\\/i0.wp.com\\\/minutocerord.com\\\/wp-content\\\/uploads\\\/2021\\\/07\\\/Refuerzan-vigilancia-en-frontera-dominico.jpg?fit=800%2C445&ssl=1\",\"articleSection\":[\"Provincia\"],\"inLanguage\":\"es-DO\",\"potentialAction\":[{\"@type\":\"CommentAction\",\"name\":\"Comment\",\"target\":[\"http:\\\/\\\/minutocerord.com\\\/?p=5137#respond\"]}]},{\"@type\":\"WebPage\",\"@id\":\"http:\\\/\\\/minutocerord.com\\\/?p=5137\",\"url\":\"http:\\\/\\\/minutocerord.com\\\/?p=5137\",\"name\":\"RD refuerza vigilancia en la frontera ante disturbios por asesinato de Mo\u00efse - Minuto Cero RD\",\"isPartOf\":{\"@id\":\"https:\\\/\\\/minutocerord.com\\\/#website\"},\"primaryImageOfPage\":{\"@id\":\"http:\\\/\\\/minutocerord.com\\\/?p=5137#primaryimage\"},\"image\":{\"@id\":\"http:\\\/\\\/minutocerord.com\\\/?p=5137#primaryimage\"},\"thumbnailUrl\":\"https:\\\/\\\/i0.wp.com\\\/minutocerord.com\\\/wp-content\\\/uploads\\\/2021\\\/07\\\/Refuerzan-vigilancia-en-frontera-dominico.jpg?fit=800%2C445&ssl=1\",\"datePublished\":\"2021-07-23T14:50:20+00:00\",\"dateModified\":\"2021-07-23T14:50:23+00:00\",\"breadcrumb\":{\"@id\":\"http:\\\/\\\/minutocerord.com\\\/?p=5137#breadcrumb\"},\"inLanguage\":\"es-DO\",\"potentialAction\":[{\"@type\":\"ReadAction\",\"target\":[\"http:\\\/\\\/minutocerord.com\\\/?p=5137\"]}]},{\"@type\":\"ImageObject\",\"inLanguage\":\"es-DO\",\"@id\":\"http:\\\/\\\/minutocerord.com\\\/?p=5137#primaryimage\",\"url\":\"https:\\\/\\\/i0.wp.com\\\/minutocerord.com\\\/wp-content\\\/uploads\\\/2021\\\/07\\\/Refuerzan-vigilancia-en-frontera-dominico.jpg?fit=800%2C445&ssl=1\",\"contentUrl\":\"https:\\\/\\\/i0.wp.com\\\/minutocerord.com\\\/wp-content\\\/uploads\\\/2021\\\/07\\\/Refuerzan-vigilancia-en-frontera-dominico.jpg?fit=800%2C445&ssl=1\",\"width\":800,\"height\":445},{\"@type\":\"BreadcrumbList\",\"@id\":\"http:\\\/\\\/minutocerord.com\\\/?p=5137#breadcrumb\",\"itemListElement\":[{\"@type\":\"ListItem\",\"position\":1,\"name\":\"Home\",\"item\":\"https:\\\/\\\/minutocerord.com\\\/\"},{\"@type\":\"ListItem\",\"position\":2,\"name\":\"RD refuerza vigilancia en la frontera ante disturbios por asesinato de Mo\u00efse\"}]},{\"@type\":\"WebSite\",\"@id\":\"https:\\\/\\\/minutocerord.com\\\/#website\",\"url\":\"https:\\\/\\\/minutocerord.com\\\/\",\"name\":\"Minuto Cero RD\",\"description\":\"Periodismo serio y veraz\",\"publisher\":{\"@id\":\"https:\\\/\\\/minutocerord.com\\\/#\\\/schema\\\/person\\\/60b5372d60aaa0a5171fb6488be9aee6\"},\"potentialAction\":[{\"@type\":\"SearchAction\",\"target\":{\"@type\":\"EntryPoint\",\"urlTemplate\":\"https:\\\/\\\/minutocerord.com\\\/?s={search_term_string}\"},\"query-input\":{\"@type\":\"PropertyValueSpecification\",\"valueRequired\":true,\"valueName\":\"search_term_string\"}}],\"inLanguage\":\"es-DO\"},{\"@type\":[\"Person\",\"Organization\"],\"@id\":\"https:\\\/\\\/minutocerord.com\\\/#\\\/schema\\\/person\\\/60b5372d60aaa0a5171fb6488be9aee6\",\"name\":\"Genof\u00f3ntes Urb\u00e1ez\",\"image\":{\"@type\":\"ImageObject\",\"inLanguage\":\"es-DO\",\"@id\":\"https:\\\/\\\/secure.gravatar.com\\\/avatar\\\/a49ef3186a692098ac3e8a1612261e3ad70cf9e44553dff2929e67939a0ecb9d?s=96&d=identicon&r=g\",\"url\":\"https:\\\/\\\/secure.gravatar.com\\\/avatar\\\/a49ef3186a692098ac3e8a1612261e3ad70cf9e44553dff2929e67939a0ecb9d?s=96&d=identicon&r=g\",\"contentUrl\":\"https:\\\/\\\/secure.gravatar.com\\\/avatar\\\/a49ef3186a692098ac3e8a1612261e3ad70cf9e44553dff2929e67939a0ecb9d?s=96&d=identicon&r=g\",\"caption\":\"Genof\u00f3ntes Urb\u00e1ez\"},\"logo\":{\"@id\":\"https:\\\/\\\/secure.gravatar.com\\\/avatar\\\/a49ef3186a692098ac3e8a1612261e3ad70cf9e44553dff2929e67939a0ecb9d?s=96&d=identicon&r=g\"},\"description\":\"Periodista \\\/ Locutor\",\"sameAs\":[\"https:\\\/\\\/www.facebook.com\\\/Genofnotes\",\"https:\\\/\\\/www.instagram.com\\\/genofnotes\\\/\"]}]}<\/script>\n<!-- \/ Yoast SEO plugin. -->","yoast_head_json":{"title":"RD refuerza vigilancia en la frontera ante disturbios por asesinato de Mo\u00efse - Minuto Cero RD","robots":{"index":"index","follow":"follow","max-snippet":"max-snippet:-1","max-image-preview":"max-image-preview:large","max-video-preview":"max-video-preview:-1"},"canonical":"http:\/\/minutocerord.com\/?p=5137","og_locale":"es_ES","og_type":"article","og_title":"RD refuerza vigilancia en la frontera ante disturbios por asesinato de Mo\u00efse - Minuto Cero RD","og_description":"DAJABON.- Rep\u00fablica Dominicana reforz\u00f3 la vigilancia en la frontera con un dispositivo adicional de inteligencia, la integraci\u00f3n de fuerzas especiales y de reacci\u00f3n, ante protestas y disturbios cerca de la l\u00ednea lim\u00edtrofe por el asesinato del presidente haitiano Jovenel Mo\u00efse. El mayor general Julio Ernesto Flori\u00e1n P\u00e9rez, coordinador del Consejo Nacional de Seguridad, designado por [&hellip;]","og_url":"http:\/\/minutocerord.com\/?p=5137","og_site_name":"Minuto Cero RD","article_publisher":"https:\/\/www.facebook.com\/Genofnotes","article_author":"https:\/\/www.facebook.com\/Genofnotes","article_published_time":"2021-07-23T14:50:20+00:00","article_modified_time":"2021-07-23T14:50:23+00:00","og_image":[{"width":800,"height":445,"url":"https:\/\/i0.wp.com\/minutocerord.com\/wp-content\/uploads\/2021\/07\/Refuerzan-vigilancia-en-frontera-dominico.jpg?fit=800%2C445","type":"image\/jpeg"}],"author":"Genof\u00f3ntes Urb\u00e1ez","twitter_card":"summary_large_image","twitter_misc":{"Written by":"Genof\u00f3ntes Urb\u00e1ez","Est. reading time":"1 minuto"},"schema":{"@context":"https:\/\/schema.org","@graph":[{"@type":"Article","@id":"http:\/\/minutocerord.com\/?p=5137#article","isPartOf":{"@id":"http:\/\/minutocerord.com\/?p=5137"},"author":{"name":"Genof\u00f3ntes Urb\u00e1ez","@id":"https:\/\/minutocerord.com\/#\/schema\/person\/60b5372d60aaa0a5171fb6488be9aee6"},"headline":"RD refuerza vigilancia en la frontera ante disturbios por asesinato de Mo\u00efse","datePublished":"2021-07-23T14:50:20+00:00","dateModified":"2021-07-23T14:50:23+00:00","mainEntityOfPage":{"@id":"http:\/\/minutocerord.com\/?p=5137"},"wordCount":259,"commentCount":0,"publisher":{"@id":"https:\/\/minutocerord.com\/#\/schema\/person\/60b5372d60aaa0a5171fb6488be9aee6"},"image":{"@id":"http:\/\/minutocerord.com\/?p=5137#primaryimage"},"thumbnailUrl":"https:\/\/i0.wp.com\/minutocerord.com\/wp-content\/uploads\/2021\/07\/Refuerzan-vigilancia-en-frontera-dominico.jpg?fit=800%2C445&ssl=1","articleSection":["Provincia"],"inLanguage":"es-DO","potentialAction":[{"@type":"CommentAction","name":"Comment","target":["http:\/\/minutocerord.com\/?p=5137#respond"]}]},{"@type":"WebPage","@id":"http:\/\/minutocerord.com\/?p=5137","url":"http:\/\/minutocerord.com\/?p=5137","name":"RD refuerza vigilancia en la frontera ante disturbios por asesinato de Mo\u00efse - Minuto Cero RD","isPartOf":{"@id":"https:\/\/minutocerord.com\/#website"},"primaryImageOfPage":{"@id":"http:\/\/minutocerord.com\/?p=5137#primaryimage"},"image":{"@id":"http:\/\/minutocerord.com\/?p=5137#primaryimage"},"thumbnailUrl":"https:\/\/i0.wp.com\/minutocerord.com\/wp-content\/uploads\/2021\/07\/Refuerzan-vigilancia-en-frontera-dominico.jpg?fit=800%2C445&ssl=1","datePublished":"2021-07-23T14:50:20+00:00","dateModified":"2021-07-23T14:50:23+00:00","breadcrumb":{"@id":"http:\/\/minutocerord.com\/?p=5137#breadcrumb"},"inLanguage":"es-DO","potentialAction":[{"@type":"ReadAction","target":["http:\/\/minutocerord.com\/?p=5137"]}]},{"@type":"ImageObject","inLanguage":"es-DO","@id":"http:\/\/minutocerord.com\/?p=5137#primaryimage","url":"https:\/\/i0.wp.com\/minutocerord.com\/wp-content\/uploads\/2021\/07\/Refuerzan-vigilancia-en-frontera-dominico.jpg?fit=800%2C445&ssl=1","contentUrl":"https:\/\/i0.wp.com\/minutocerord.com\/wp-content\/uploads\/2021\/07\/Refuerzan-vigilancia-en-frontera-dominico.jpg?fit=800%2C445&ssl=1","width":800,"height":445},{"@type":"BreadcrumbList","@id":"http:\/\/minutocerord.com\/?p=5137#breadcrumb","itemListElement":[{"@type":"ListItem","position":1,"name":"Home","item":"https:\/\/minutocerord.com\/"},{"@type":"ListItem","position":2,"name":"RD refuerza vigilancia en la frontera ante disturbios por asesinato de Mo\u00efse"}]},{"@type":"WebSite","@id":"https:\/\/minutocerord.com\/#website","url":"https:\/\/minutocerord.com\/","name":"Minuto Cero RD","description":"Periodismo serio y veraz","publisher":{"@id":"https:\/\/minutocerord.com\/#\/schema\/person\/60b5372d60aaa0a5171fb6488be9aee6"},"potentialAction":[{"@type":"SearchAction","target":{"@type":"EntryPoint","urlTemplate":"https:\/\/minutocerord.com\/?s={search_term_string}"},"query-input":{"@type":"PropertyValueSpecification","valueRequired":true,"valueName":"search_term_string"}}],"inLanguage":"es-DO"},{"@type":["Person","Organization"],"@id":"https:\/\/minutocerord.com\/#\/schema\/person\/60b5372d60aaa0a5171fb6488be9aee6","name":"Genof\u00f3ntes Urb\u00e1ez","image":{"@type":"ImageObject","inLanguage":"es-DO","@id":"https:\/\/secure.gravatar.com\/avatar\/a49ef3186a692098ac3e8a1612261e3ad70cf9e44553dff2929e67939a0ecb9d?s=96&d=identicon&r=g","url":"https:\/\/secure.gravatar.com\/avatar\/a49ef3186a692098ac3e8a1612261e3ad70cf9e44553dff2929e67939a0ecb9d?s=96&d=identicon&r=g","contentUrl":"https:\/\/secure.gravatar.com\/avatar\/a49ef3186a692098ac3e8a1612261e3ad70cf9e44553dff2929e67939a0ecb9d?s=96&d=identicon&r=g","caption":"Genof\u00f3ntes Urb\u00e1ez"},"logo":{"@id":"https:\/\/secure.gravatar.com\/avatar\/a49ef3186a692098ac3e8a1612261e3ad70cf9e44553dff2929e67939a0ecb9d?s=96&d=identicon&r=g"},"description":"Periodista \/ Locutor","sameAs":["https:\/\/www.facebook.com\/Genofnotes","https:\/\/www.instagram.com\/genofnotes\/"]}]}},"jetpack_publicize_connections":[],"jetpack_featured_media_url":"https:\/\/i0.wp.com\/minutocerord.com\/wp-content\/uploads\/2021\/07\/Refuerzan-vigilancia-en-frontera-dominico.jpg?fit=800%2C445&ssl=1","jetpack-related-posts":[],"jetpack_sharing_enabled":true,"_links":{"self":[{"href":"https:\/\/minutocerord.com\/index.php?rest_route=\/wp\/v2\/posts\/5137","targetHints":{"allow":["GET"]}}],"collection":[{"href":"https:\/\/minutocerord.com\/index.php?rest_route=\/wp\/v2\/posts"}],"about":[{"href":"https:\/\/minutocerord.com\/index.php?rest_route=\/wp\/v2\/types\/post"}],"author":[{"embeddable":true,"href":"https:\/\/minutocerord.com\/index.php?rest_route=\/wp\/v2\/users\/1"}],"replies":[{"embeddable":true,"href":"https:\/\/minutocerord.com\/index.php?rest_route=%2Fwp%2Fv2%2Fcomments&post=5137"}],"version-history":[{"count":1,"href":"https:\/\/minutocerord.com\/index.php?rest_route=\/wp\/v2\/posts\/5137\/revisions"}],"predecessor-version":[{"id":5139,"href":"https:\/\/minutocerord.com\/index.php?rest_route=\/wp\/v2\/posts\/5137\/revisions\/5139"}],"wp:featuredmedia":[{"embeddable":true,"href":"https:\/\/minutocerord.com\/index.php?rest_route=\/wp\/v2\/media\/5138"}],"wp:attachment":[{"href":"https:\/\/minutocerord.com\/index.php?rest_route=%2Fwp%2Fv2%2Fmedia&parent=5137"}],"wp:term":[{"taxonomy":"category","embeddable":true,"href":"https:\/\/minutocerord.com\/index.php?rest_route=%2Fwp%2Fv2%2Fcategories&post=5137"},{"taxonomy":"post_tag","embeddable":true,"href":"https:\/\/minutocerord.com\/index.php?rest_route=%2Fwp%2Fv2%2Ftags&post=5137"}],"curies":[{"name":"wp","href":"https:\/\/api.w.org\/{rel}","templated":true}]}}