{"id":5143,"date":"2021-07-23T11:09:00","date_gmt":"2021-07-23T15:09:00","guid":{"rendered":"https:\/\/minutocerord.com\/?p=5143"},"modified":"2021-07-23T11:09:04","modified_gmt":"2021-07-23T15:09:04","slug":"pronostican-lluvias-para-este-viernes-por-incidencia-de-onda-tropical-y-vaguada","status":"publish","type":"post","link":"https:\/\/minutocerord.com\/?p=5143","title":{"rendered":"Pronostican lluvias para este viernes por incidencia de onda tropical y vaguada"},"content":{"rendered":"\n<p>La Oficina Nacional de Meteorolog\u00eda (Onamet) inform\u00f3 este jueves sobre la aproximaci\u00f3n de una onda tropical, que estar\u00e1 incrementando ligeramente este viernes el contenido de humedad, adem\u00e1s de la inestabilidad que aportar\u00e1 una vaguada en niveles altos de la troposfera, generando principalmente en horas de la tarde, aumento de la nubosidad.<\/p>\n\n\n\n<p>\u00c9sta estar\u00e1 acompa\u00f1ada de aguaceros locales y tronadas aisladas hacia algunas localidades de las regiones noreste, sureste y la cordillera Central.<\/p>\n\n\n\n<p>La entidad, adem\u00e1s, comunic\u00f3 la incidencia de un \u00e1rea de nubosidad, aguaceros y tormentas el\u00e9ctricas al sureste de Georgia asociada a una amplia zona de baja presi\u00f3n, la cual, posee un 10 por ciento de probabilidades de convertirse en un cicl\u00f3n durante las pr\u00f3ximas 48 horas, la misma, no representan peligro para Rep\u00fablica Dominicana.<a><\/a><\/p>\n\n\n\n<p>En cuanto a las temperaturas, se\u00f1al\u00f3 que estar\u00e1n calurosas durante el d\u00eda con valores de entre 32 y 35 grado Celsius, debido a la \u00e9poca del a\u00f1o (verano) y al viento c\u00e1lido del este\/sureste. Recomend\u00f3 no exponerse a la radiaci\u00f3n solar por tiempo prolongados, usar ropa ligera, preferiblemente de colores claros e ingerir suficiente agua.<\/p>\n\n\n\n<p>Para este s\u00e1bado, la onda tropical, al igual que la vaguada ubicada al norte de la isla en aguas del Atl\u00e1ntico, estar\u00e1n incidiendo de forma m\u00e1s directa, incrementando la nubosidad sobre diferentes regiones del pa\u00eds, provocando aguaceros que podr\u00edan ser moderados localmente, tormentas el\u00e9ctricas y ocasionales r\u00e1fagas de viento, principalmente sobre varias localidades de las regiones noreste, sureste, suroeste, cordillera Central e incluso, el Gran Santo Domingo.<\/p>\n","protected":false},"excerpt":{"rendered":"<p>La Oficina Nacional de Meteorolog\u00eda (Onamet) inform\u00f3 este jueves sobre la aproximaci\u00f3n de una onda tropical, que estar\u00e1 incrementando ligeramente este viernes el contenido de humedad, adem\u00e1s de la inestabilidad que aportar\u00e1 una vaguada en niveles altos de la troposfera, generando principalmente en horas de la tarde, aumento de la nubosidad. \u00c9sta estar\u00e1 acompa\u00f1ada de [&hellip;]<\/p>\n","protected":false},"author":1,"featured_media":5144,"comment_status":"open","ping_status":"open","sticky":false,"template":"","format":"standard","meta":{"nf_dc_page":"","jetpack_post_was_ever_published":false,"_jetpack_newsletter_access":"","_jetpack_dont_email_post_to_subs":false,"_jetpack_newsletter_tier_id":0,"_jetpack_memberships_contains_paywalled_content":false,"_jetpack_memberships_contains_paid_content":false,"footnotes":"","jetpack_publicize_message":"","jetpack_publicize_feature_enabled":true,"jetpack_social_post_already_shared":false,"jetpack_social_options":{"image_generator_settings":{"template":"highway","default_image_id":0,"font":"","enabled":false},"version":2}},"categories":[87],"tags":[],"class_list":["post-5143","post","type-post","status-publish","format-standard","has-post-thumbnail","hentry","category-el-clima"],"yoast_head":"<!-- This site is optimized with the Yoast SEO plugin v27.5 - https:\/\/yoast.com\/product\/yoast-seo-wordpress\/ -->\n<title>Pronostican lluvias para este viernes por incidencia de onda tropical y vaguada - Minuto Cero RD<\/title>\n<meta name=\"robots\" content=\"index, follow, max-snippet:-1, max-image-preview:large, max-video-preview:-1\" \/>\n<link rel=\"canonical\" href=\"http:\/\/minutocerord.com\/?p=5143\" \/>\n<meta property=\"og:locale\" content=\"es_ES\" \/>\n<meta property=\"og:type\" content=\"article\" \/>\n<meta property=\"og:title\" content=\"Pronostican lluvias para este viernes por incidencia de onda tropical y vaguada - Minuto Cero RD\" \/>\n<meta property=\"og:description\" content=\"La Oficina Nacional de Meteorolog\u00eda (Onamet) inform\u00f3 este jueves sobre la aproximaci\u00f3n de una onda tropical, que estar\u00e1 incrementando ligeramente este viernes el contenido de humedad, adem\u00e1s de la inestabilidad que aportar\u00e1 una vaguada en niveles altos de la troposfera, generando principalmente en horas de la tarde, aumento de la nubosidad. \u00c9sta estar\u00e1 acompa\u00f1ada de [&hellip;]\" \/>\n<meta property=\"og:url\" content=\"http:\/\/minutocerord.com\/?p=5143\" \/>\n<meta property=\"og:site_name\" content=\"Minuto Cero RD\" \/>\n<meta property=\"article:publisher\" content=\"https:\/\/www.facebook.com\/Genofnotes\" \/>\n<meta property=\"article:author\" content=\"https:\/\/www.facebook.com\/Genofnotes\" \/>\n<meta property=\"article:published_time\" content=\"2021-07-23T15:09:00+00:00\" \/>\n<meta property=\"article:modified_time\" content=\"2021-07-23T15:09:04+00:00\" \/>\n<meta property=\"og:image\" content=\"https:\/\/i0.wp.com\/minutocerord.com\/wp-content\/uploads\/2021\/07\/b27a079c-aguaceros1-5ef5de1207e46.jpg?fit=500%2C333\" \/>\n\t<meta property=\"og:image:width\" content=\"500\" \/>\n\t<meta property=\"og:image:height\" content=\"333\" \/>\n\t<meta property=\"og:image:type\" content=\"image\/jpeg\" \/>\n<meta name=\"author\" content=\"Genof\u00f3ntes Urb\u00e1ez\" \/>\n<meta name=\"twitter:card\" content=\"summary_large_image\" \/>\n<meta name=\"twitter:label1\" content=\"Written by\" \/>\n\t<meta name=\"twitter:data1\" content=\"Genof\u00f3ntes Urb\u00e1ez\" \/>\n\t<meta name=\"twitter:label2\" content=\"Est. reading time\" \/>\n\t<meta name=\"twitter:data2\" content=\"2 minutos\" \/>\n<script type=\"application\/ld+json\" class=\"yoast-schema-graph\">{\"@context\":\"https:\\\/\\\/schema.org\",\"@graph\":[{\"@type\":\"Article\",\"@id\":\"http:\\\/\\\/minutocerord.com\\\/?p=5143#article\",\"isPartOf\":{\"@id\":\"http:\\\/\\\/minutocerord.com\\\/?p=5143\"},\"author\":{\"name\":\"Genof\u00f3ntes Urb\u00e1ez\",\"@id\":\"https:\\\/\\\/minutocerord.com\\\/#\\\/schema\\\/person\\\/60b5372d60aaa0a5171fb6488be9aee6\"},\"headline\":\"Pronostican lluvias para este viernes por incidencia de onda tropical y vaguada\",\"datePublished\":\"2021-07-23T15:09:00+00:00\",\"dateModified\":\"2021-07-23T15:09:04+00:00\",\"mainEntityOfPage\":{\"@id\":\"http:\\\/\\\/minutocerord.com\\\/?p=5143\"},\"wordCount\":281,\"commentCount\":0,\"publisher\":{\"@id\":\"https:\\\/\\\/minutocerord.com\\\/#\\\/schema\\\/person\\\/60b5372d60aaa0a5171fb6488be9aee6\"},\"image\":{\"@id\":\"http:\\\/\\\/minutocerord.com\\\/?p=5143#primaryimage\"},\"thumbnailUrl\":\"https:\\\/\\\/i0.wp.com\\\/minutocerord.com\\\/wp-content\\\/uploads\\\/2021\\\/07\\\/b27a079c-aguaceros1-5ef5de1207e46.jpg?fit=500%2C333&ssl=1\",\"articleSection\":[\"El clima\"],\"inLanguage\":\"es-DO\",\"potentialAction\":[{\"@type\":\"CommentAction\",\"name\":\"Comment\",\"target\":[\"http:\\\/\\\/minutocerord.com\\\/?p=5143#respond\"]}]},{\"@type\":\"WebPage\",\"@id\":\"http:\\\/\\\/minutocerord.com\\\/?p=5143\",\"url\":\"http:\\\/\\\/minutocerord.com\\\/?p=5143\",\"name\":\"Pronostican lluvias para este viernes por incidencia de onda tropical y vaguada - Minuto Cero RD\",\"isPartOf\":{\"@id\":\"https:\\\/\\\/minutocerord.com\\\/#website\"},\"primaryImageOfPage\":{\"@id\":\"http:\\\/\\\/minutocerord.com\\\/?p=5143#primaryimage\"},\"image\":{\"@id\":\"http:\\\/\\\/minutocerord.com\\\/?p=5143#primaryimage\"},\"thumbnailUrl\":\"https:\\\/\\\/i0.wp.com\\\/minutocerord.com\\\/wp-content\\\/uploads\\\/2021\\\/07\\\/b27a079c-aguaceros1-5ef5de1207e46.jpg?fit=500%2C333&ssl=1\",\"datePublished\":\"2021-07-23T15:09:00+00:00\",\"dateModified\":\"2021-07-23T15:09:04+00:00\",\"breadcrumb\":{\"@id\":\"http:\\\/\\\/minutocerord.com\\\/?p=5143#breadcrumb\"},\"inLanguage\":\"es-DO\",\"potentialAction\":[{\"@type\":\"ReadAction\",\"target\":[\"http:\\\/\\\/minutocerord.com\\\/?p=5143\"]}]},{\"@type\":\"ImageObject\",\"inLanguage\":\"es-DO\",\"@id\":\"http:\\\/\\\/minutocerord.com\\\/?p=5143#primaryimage\",\"url\":\"https:\\\/\\\/i0.wp.com\\\/minutocerord.com\\\/wp-content\\\/uploads\\\/2021\\\/07\\\/b27a079c-aguaceros1-5ef5de1207e46.jpg?fit=500%2C333&ssl=1\",\"contentUrl\":\"https:\\\/\\\/i0.wp.com\\\/minutocerord.com\\\/wp-content\\\/uploads\\\/2021\\\/07\\\/b27a079c-aguaceros1-5ef5de1207e46.jpg?fit=500%2C333&ssl=1\",\"width\":500,\"height\":333},{\"@type\":\"BreadcrumbList\",\"@id\":\"http:\\\/\\\/minutocerord.com\\\/?p=5143#breadcrumb\",\"itemListElement\":[{\"@type\":\"ListItem\",\"position\":1,\"name\":\"Home\",\"item\":\"https:\\\/\\\/minutocerord.com\\\/\"},{\"@type\":\"ListItem\",\"position\":2,\"name\":\"Pronostican lluvias para este viernes por incidencia de onda tropical y vaguada\"}]},{\"@type\":\"WebSite\",\"@id\":\"https:\\\/\\\/minutocerord.com\\\/#website\",\"url\":\"https:\\\/\\\/minutocerord.com\\\/\",\"name\":\"Minuto Cero RD\",\"description\":\"Periodismo serio y veraz\",\"publisher\":{\"@id\":\"https:\\\/\\\/minutocerord.com\\\/#\\\/schema\\\/person\\\/60b5372d60aaa0a5171fb6488be9aee6\"},\"potentialAction\":[{\"@type\":\"SearchAction\",\"target\":{\"@type\":\"EntryPoint\",\"urlTemplate\":\"https:\\\/\\\/minutocerord.com\\\/?s={search_term_string}\"},\"query-input\":{\"@type\":\"PropertyValueSpecification\",\"valueRequired\":true,\"valueName\":\"search_term_string\"}}],\"inLanguage\":\"es-DO\"},{\"@type\":[\"Person\",\"Organization\"],\"@id\":\"https:\\\/\\\/minutocerord.com\\\/#\\\/schema\\\/person\\\/60b5372d60aaa0a5171fb6488be9aee6\",\"name\":\"Genof\u00f3ntes Urb\u00e1ez\",\"image\":{\"@type\":\"ImageObject\",\"inLanguage\":\"es-DO\",\"@id\":\"https:\\\/\\\/secure.gravatar.com\\\/avatar\\\/a49ef3186a692098ac3e8a1612261e3ad70cf9e44553dff2929e67939a0ecb9d?s=96&d=identicon&r=g\",\"url\":\"https:\\\/\\\/secure.gravatar.com\\\/avatar\\\/a49ef3186a692098ac3e8a1612261e3ad70cf9e44553dff2929e67939a0ecb9d?s=96&d=identicon&r=g\",\"contentUrl\":\"https:\\\/\\\/secure.gravatar.com\\\/avatar\\\/a49ef3186a692098ac3e8a1612261e3ad70cf9e44553dff2929e67939a0ecb9d?s=96&d=identicon&r=g\",\"caption\":\"Genof\u00f3ntes Urb\u00e1ez\"},\"logo\":{\"@id\":\"https:\\\/\\\/secure.gravatar.com\\\/avatar\\\/a49ef3186a692098ac3e8a1612261e3ad70cf9e44553dff2929e67939a0ecb9d?s=96&d=identicon&r=g\"},\"description\":\"Periodista \\\/ Locutor\",\"sameAs\":[\"https:\\\/\\\/www.facebook.com\\\/Genofnotes\",\"https:\\\/\\\/www.instagram.com\\\/genofnotes\\\/\"]}]}<\/script>\n<!-- \/ Yoast SEO plugin. -->","yoast_head_json":{"title":"Pronostican lluvias para este viernes por incidencia de onda tropical y vaguada - Minuto Cero RD","robots":{"index":"index","follow":"follow","max-snippet":"max-snippet:-1","max-image-preview":"max-image-preview:large","max-video-preview":"max-video-preview:-1"},"canonical":"http:\/\/minutocerord.com\/?p=5143","og_locale":"es_ES","og_type":"article","og_title":"Pronostican lluvias para este viernes por incidencia de onda tropical y vaguada - Minuto Cero RD","og_description":"La Oficina Nacional de Meteorolog\u00eda (Onamet) inform\u00f3 este jueves sobre la aproximaci\u00f3n de una onda tropical, que estar\u00e1 incrementando ligeramente este viernes el contenido de humedad, adem\u00e1s de la inestabilidad que aportar\u00e1 una vaguada en niveles altos de la troposfera, generando principalmente en horas de la tarde, aumento de la nubosidad. \u00c9sta estar\u00e1 acompa\u00f1ada de [&hellip;]","og_url":"http:\/\/minutocerord.com\/?p=5143","og_site_name":"Minuto Cero RD","article_publisher":"https:\/\/www.facebook.com\/Genofnotes","article_author":"https:\/\/www.facebook.com\/Genofnotes","article_published_time":"2021-07-23T15:09:00+00:00","article_modified_time":"2021-07-23T15:09:04+00:00","og_image":[{"width":500,"height":333,"url":"https:\/\/i0.wp.com\/minutocerord.com\/wp-content\/uploads\/2021\/07\/b27a079c-aguaceros1-5ef5de1207e46.jpg?fit=500%2C333","type":"image\/jpeg"}],"author":"Genof\u00f3ntes Urb\u00e1ez","twitter_card":"summary_large_image","twitter_misc":{"Written by":"Genof\u00f3ntes Urb\u00e1ez","Est. reading time":"2 minutos"},"schema":{"@context":"https:\/\/schema.org","@graph":[{"@type":"Article","@id":"http:\/\/minutocerord.com\/?p=5143#article","isPartOf":{"@id":"http:\/\/minutocerord.com\/?p=5143"},"author":{"name":"Genof\u00f3ntes Urb\u00e1ez","@id":"https:\/\/minutocerord.com\/#\/schema\/person\/60b5372d60aaa0a5171fb6488be9aee6"},"headline":"Pronostican lluvias para este viernes por incidencia de onda tropical y vaguada","datePublished":"2021-07-23T15:09:00+00:00","dateModified":"2021-07-23T15:09:04+00:00","mainEntityOfPage":{"@id":"http:\/\/minutocerord.com\/?p=5143"},"wordCount":281,"commentCount":0,"publisher":{"@id":"https:\/\/minutocerord.com\/#\/schema\/person\/60b5372d60aaa0a5171fb6488be9aee6"},"image":{"@id":"http:\/\/minutocerord.com\/?p=5143#primaryimage"},"thumbnailUrl":"https:\/\/i0.wp.com\/minutocerord.com\/wp-content\/uploads\/2021\/07\/b27a079c-aguaceros1-5ef5de1207e46.jpg?fit=500%2C333&ssl=1","articleSection":["El clima"],"inLanguage":"es-DO","potentialAction":[{"@type":"CommentAction","name":"Comment","target":["http:\/\/minutocerord.com\/?p=5143#respond"]}]},{"@type":"WebPage","@id":"http:\/\/minutocerord.com\/?p=5143","url":"http:\/\/minutocerord.com\/?p=5143","name":"Pronostican lluvias para este viernes por incidencia de onda tropical y vaguada - Minuto Cero RD","isPartOf":{"@id":"https:\/\/minutocerord.com\/#website"},"primaryImageOfPage":{"@id":"http:\/\/minutocerord.com\/?p=5143#primaryimage"},"image":{"@id":"http:\/\/minutocerord.com\/?p=5143#primaryimage"},"thumbnailUrl":"https:\/\/i0.wp.com\/minutocerord.com\/wp-content\/uploads\/2021\/07\/b27a079c-aguaceros1-5ef5de1207e46.jpg?fit=500%2C333&ssl=1","datePublished":"2021-07-23T15:09:00+00:00","dateModified":"2021-07-23T15:09:04+00:00","breadcrumb":{"@id":"http:\/\/minutocerord.com\/?p=5143#breadcrumb"},"inLanguage":"es-DO","potentialAction":[{"@type":"ReadAction","target":["http:\/\/minutocerord.com\/?p=5143"]}]},{"@type":"ImageObject","inLanguage":"es-DO","@id":"http:\/\/minutocerord.com\/?p=5143#primaryimage","url":"https:\/\/i0.wp.com\/minutocerord.com\/wp-content\/uploads\/2021\/07\/b27a079c-aguaceros1-5ef5de1207e46.jpg?fit=500%2C333&ssl=1","contentUrl":"https:\/\/i0.wp.com\/minutocerord.com\/wp-content\/uploads\/2021\/07\/b27a079c-aguaceros1-5ef5de1207e46.jpg?fit=500%2C333&ssl=1","width":500,"height":333},{"@type":"BreadcrumbList","@id":"http:\/\/minutocerord.com\/?p=5143#breadcrumb","itemListElement":[{"@type":"ListItem","position":1,"name":"Home","item":"https:\/\/minutocerord.com\/"},{"@type":"ListItem","position":2,"name":"Pronostican lluvias para este viernes por incidencia de onda tropical y vaguada"}]},{"@type":"WebSite","@id":"https:\/\/minutocerord.com\/#website","url":"https:\/\/minutocerord.com\/","name":"Minuto Cero RD","description":"Periodismo serio y veraz","publisher":{"@id":"https:\/\/minutocerord.com\/#\/schema\/person\/60b5372d60aaa0a5171fb6488be9aee6"},"potentialAction":[{"@type":"SearchAction","target":{"@type":"EntryPoint","urlTemplate":"https:\/\/minutocerord.com\/?s={search_term_string}"},"query-input":{"@type":"PropertyValueSpecification","valueRequired":true,"valueName":"search_term_string"}}],"inLanguage":"es-DO"},{"@type":["Person","Organization"],"@id":"https:\/\/minutocerord.com\/#\/schema\/person\/60b5372d60aaa0a5171fb6488be9aee6","name":"Genof\u00f3ntes Urb\u00e1ez","image":{"@type":"ImageObject","inLanguage":"es-DO","@id":"https:\/\/secure.gravatar.com\/avatar\/a49ef3186a692098ac3e8a1612261e3ad70cf9e44553dff2929e67939a0ecb9d?s=96&d=identicon&r=g","url":"https:\/\/secure.gravatar.com\/avatar\/a49ef3186a692098ac3e8a1612261e3ad70cf9e44553dff2929e67939a0ecb9d?s=96&d=identicon&r=g","contentUrl":"https:\/\/secure.gravatar.com\/avatar\/a49ef3186a692098ac3e8a1612261e3ad70cf9e44553dff2929e67939a0ecb9d?s=96&d=identicon&r=g","caption":"Genof\u00f3ntes Urb\u00e1ez"},"logo":{"@id":"https:\/\/secure.gravatar.com\/avatar\/a49ef3186a692098ac3e8a1612261e3ad70cf9e44553dff2929e67939a0ecb9d?s=96&d=identicon&r=g"},"description":"Periodista \/ Locutor","sameAs":["https:\/\/www.facebook.com\/Genofnotes","https:\/\/www.instagram.com\/genofnotes\/"]}]}},"jetpack_publicize_connections":[],"jetpack_featured_media_url":"https:\/\/i0.wp.com\/minutocerord.com\/wp-content\/uploads\/2021\/07\/b27a079c-aguaceros1-5ef5de1207e46.jpg?fit=500%2C333&ssl=1","jetpack-related-posts":[],"jetpack_sharing_enabled":true,"_links":{"self":[{"href":"https:\/\/minutocerord.com\/index.php?rest_route=\/wp\/v2\/posts\/5143","targetHints":{"allow":["GET"]}}],"collection":[{"href":"https:\/\/minutocerord.com\/index.php?rest_route=\/wp\/v2\/posts"}],"about":[{"href":"https:\/\/minutocerord.com\/index.php?rest_route=\/wp\/v2\/types\/post"}],"author":[{"embeddable":true,"href":"https:\/\/minutocerord.com\/index.php?rest_route=\/wp\/v2\/users\/1"}],"replies":[{"embeddable":true,"href":"https:\/\/minutocerord.com\/index.php?rest_route=%2Fwp%2Fv2%2Fcomments&post=5143"}],"version-history":[{"count":1,"href":"https:\/\/minutocerord.com\/index.php?rest_route=\/wp\/v2\/posts\/5143\/revisions"}],"predecessor-version":[{"id":5145,"href":"https:\/\/minutocerord.com\/index.php?rest_route=\/wp\/v2\/posts\/5143\/revisions\/5145"}],"wp:featuredmedia":[{"embeddable":true,"href":"https:\/\/minutocerord.com\/index.php?rest_route=\/wp\/v2\/media\/5144"}],"wp:attachment":[{"href":"https:\/\/minutocerord.com\/index.php?rest_route=%2Fwp%2Fv2%2Fmedia&parent=5143"}],"wp:term":[{"taxonomy":"category","embeddable":true,"href":"https:\/\/minutocerord.com\/index.php?rest_route=%2Fwp%2Fv2%2Fcategories&post=5143"},{"taxonomy":"post_tag","embeddable":true,"href":"https:\/\/minutocerord.com\/index.php?rest_route=%2Fwp%2Fv2%2Ftags&post=5143"}],"curies":[{"name":"wp","href":"https:\/\/api.w.org\/{rel}","templated":true}]}}