{"id":5146,"date":"2021-07-23T11:41:44","date_gmt":"2021-07-23T15:41:44","guid":{"rendered":"https:\/\/minutocerord.com\/?p=5146"},"modified":"2021-07-23T11:41:50","modified_gmt":"2021-07-23T15:41:50","slug":"el-salvador-arrestan-por-corrupcion-expresidente-salvador-sanchez-ceren","status":"publish","type":"post","link":"https:\/\/minutocerord.com\/?p=5146","title":{"rendered":"EL SALVADOR: Arrestan por corrupci\u00f3n expresidente Salvador S\u00e1nchez Cer\u00e9n"},"content":{"rendered":"\n<p><strong>SAN SALVADOR.-<\/strong> La Fiscal\u00eda de El Salvador emiti\u00f3 una orden de captura contra el exmandatario Salvador S\u00e1nchez Cer\u00e9n (2014-2019) por su supuesta participaci\u00f3n en la malversaci\u00f3n de 351 millones de d\u00f3lares cuando fue vicepresidente del Gobierno de su antecesor, Mauricio Funes, inform\u00f3 el fiscal general, Rodolfo Delgado.<\/p>\n\n\n\n<p>\u00abPosteriormente solicitaremos la difusi\u00f3n roja para que se activen todos los mec\u00e1nicos de rastreo y b\u00fasqueda de la Interpol\u00bb, a\u00f1adi\u00f3 Delgado.<\/p>\n\n\n\n<p>De acuerdo con el fiscal, S\u00e1nchez Cer\u00e9n presuntamente recibi\u00f3 pagos irregulares de fondos estatales por 530.000 d\u00f3lares fuera de su salario establecido.<\/p>\n\n\n\n<p>S\u00e1nchez Cer\u00e9n se convierte as\u00ed en el cuarto exmandatario de la etapa democr\u00e1tica salvadore\u00f1a en ser requerido por la Fiscal\u00eda por cargos de corrupci\u00f3n, entre ellos Funes.<\/p>\n\n\n\n<p>El Ministerio P\u00fablico tambi\u00e9n orden\u00f3 la detenci\u00f3n de Jos\u00e9 Guillermo L\u00f3pez Ju\u00e1rez, expresidente de la Comisi\u00f3n Ejecutiva Portuaria (CEPA), y de los exministros de Obras P\u00fablicas y Medio Ambiente, Gerson Mart\u00ednez y Lina Pohl, respectivamente.<\/p>\n\n\n\n<p>Todos son exfuncionarios del Gobierno de Funes (2009-2014) y, seg\u00fan la Fiscal\u00eda, se encuentran fuera del pa\u00eds.<\/p>\n\n\n\n<p>De acuerdo con el fiscal general, estas personas junto a cinco exfuncionarios capturados la tarde de este jueves \u00abdesfalcaron\u00bb junto a Funes m\u00e1s de 351 millones de d\u00f3lares.<\/p>\n\n\n\n<p>\u00abLa Fiscal\u00eda ha realizado la conclusi\u00f3n de una investigaci\u00f3n contra dvarios exfuncionarios de la Administraci\u00f3n del expresidente Mauricio Funes, todas estas personas contribuyeron al desfalco de 351 millones al Estado\u00bb, dijo Delgado en una conferencia de prensa.<\/p>\n\n\n\n<p>Seg\u00fan la investigaci\u00f3n de la Fiscal\u00eda, los exfuncionarios recibieron cantidades de dinero que rondan entre los 200.000 d\u00f3lares y 500.000 d\u00f3lares \u00aba parte de su salario\u00bb.<\/p>\n\n\n\n<p>Los exfuncionarios que fueron presentados a la prensa son los exministros de Hacienda y Salud Carlos C\u00e1ceres y Violeta Menj\u00edvar, respectivamente.<\/p>\n\n\n\n<p>Adem\u00e1s, se detuvo a los exviceministros Hugo Flores y Erlinda Handal, y el exdiputado del Frente Farabundo Mart\u00ed para la Liberaci\u00f3n Nacional (FMLN) Calixto Mej\u00eda (2014-2017).<\/p>\n\n\n\n<p>Todas las personas son acusadas de los delitos de lavado de dinero y enriquecimiento il\u00edcito.<\/p>\n\n\n\n<p>El fiscal general se\u00f1al\u00f3 que la investigaci\u00f3n, denominada \u00abSaqueo P\u00fablico\u00bb, se deriv\u00f3 de la investigaci\u00f3n contra Funes por el millonario desfalco.<\/p>\n\n\n\n<p>Funes vive en Nicaragua desde 2016 y recibi\u00f3 en 2017 la nacionalidad de ese pa\u00eds centroamericano, cuya Constituci\u00f3n proh\u00edbe la extradici\u00f3n de sus ciudadanos.<\/p>\n\n\n\n<p>De acuerdo con Delgado, la Asamblea Legislativa aprob\u00f3 al Ejecutivo de Funes 80,8 millones de d\u00f3lares en fondos para gastos reservados o secretos en sus cinco a\u00f1os de Gobierno, pero \u00abal final fueron 351 millones de d\u00f3lares que el Ministerio de Hacienda transfiri\u00f3 sin la aprobaci\u00f3n de la Asamblea\u00bb.<\/p>\n\n\n\n<p>\u00abNo se trata de persecuci\u00f3n pol\u00edtica, esto es la persecuci\u00f3n de ladrones que se escudan en sus discursos pol\u00edticos, en los cargos que ejercieron en alg\u00fan momento, su pasado hist\u00f3rico y en la supuesta reenvindicaci\u00f3n de los derechos de los salvadore\u00f1os y no dudaron en traicionar al Estado de El Salvador\u00bb, a\u00f1adi\u00f3 el fiscal.<\/p>\n\n\n\n<p>Los cinco exfuncionarios capturados se encuentran en las celdas de la Divisi\u00f3n Central de Investigaciones (DCI) de la Polic\u00eda Nacional Civil (PNC), en San Salvador.<\/p>\n","protected":false},"excerpt":{"rendered":"<p>SAN SALVADOR.- La Fiscal\u00eda de El Salvador emiti\u00f3 una orden de captura contra el exmandatario Salvador S\u00e1nchez Cer\u00e9n (2014-2019) por su supuesta participaci\u00f3n en la malversaci\u00f3n de 351 millones de d\u00f3lares cuando fue vicepresidente del Gobierno de su antecesor, Mauricio Funes, inform\u00f3 el fiscal general, Rodolfo Delgado. \u00abPosteriormente solicitaremos la difusi\u00f3n roja para que se [&hellip;]<\/p>\n","protected":false},"author":1,"featured_media":5147,"comment_status":"open","ping_status":"open","sticky":false,"template":"","format":"standard","meta":{"nf_dc_page":"","jetpack_post_was_ever_published":false,"_jetpack_newsletter_access":"","_jetpack_dont_email_post_to_subs":false,"_jetpack_newsletter_tier_id":0,"_jetpack_memberships_contains_paywalled_content":false,"_jetpack_memberships_contains_paid_content":false,"footnotes":"","jetpack_publicize_message":"","jetpack_publicize_feature_enabled":true,"jetpack_social_post_already_shared":false,"jetpack_social_options":{"image_generator_settings":{"template":"highway","default_image_id":0,"font":"","enabled":false},"version":2}},"categories":[66],"tags":[],"class_list":["post-5146","post","type-post","status-publish","format-standard","has-post-thumbnail","hentry","category-internacionales"],"yoast_head":"<!-- This site is optimized with the Yoast SEO plugin v27.5 - https:\/\/yoast.com\/product\/yoast-seo-wordpress\/ -->\n<title>EL SALVADOR: Arrestan por corrupci\u00f3n expresidente Salvador S\u00e1nchez Cer\u00e9n - Minuto Cero RD<\/title>\n<meta name=\"robots\" content=\"index, follow, max-snippet:-1, max-image-preview:large, max-video-preview:-1\" \/>\n<link rel=\"canonical\" href=\"https:\/\/minutocerord.com\/?p=5146\" \/>\n<meta property=\"og:locale\" content=\"es_ES\" \/>\n<meta property=\"og:type\" content=\"article\" \/>\n<meta property=\"og:title\" content=\"EL SALVADOR: Arrestan por corrupci\u00f3n expresidente Salvador S\u00e1nchez Cer\u00e9n - Minuto Cero RD\" \/>\n<meta property=\"og:description\" content=\"SAN SALVADOR.- La Fiscal\u00eda de El Salvador emiti\u00f3 una orden de captura contra el exmandatario Salvador S\u00e1nchez Cer\u00e9n (2014-2019) por su supuesta participaci\u00f3n en la malversaci\u00f3n de 351 millones de d\u00f3lares cuando fue vicepresidente del Gobierno de su antecesor, Mauricio Funes, inform\u00f3 el fiscal general, Rodolfo Delgado. \u00abPosteriormente solicitaremos la difusi\u00f3n roja para que se [&hellip;]\" \/>\n<meta property=\"og:url\" content=\"https:\/\/minutocerord.com\/?p=5146\" \/>\n<meta property=\"og:site_name\" content=\"Minuto Cero RD\" \/>\n<meta property=\"article:publisher\" content=\"https:\/\/www.facebook.com\/Genofnotes\" \/>\n<meta property=\"article:author\" content=\"https:\/\/www.facebook.com\/Genofnotes\" \/>\n<meta property=\"article:published_time\" content=\"2021-07-23T15:41:44+00:00\" \/>\n<meta property=\"article:modified_time\" content=\"2021-07-23T15:41:50+00:00\" \/>\n<meta property=\"og:image\" content=\"https:\/\/i0.wp.com\/minutocerord.com\/wp-content\/uploads\/2021\/07\/foto_0000000120210723011434.jpg?fit=696%2C392&ssl=1\" \/>\n\t<meta property=\"og:image:width\" content=\"696\" \/>\n\t<meta property=\"og:image:height\" content=\"392\" \/>\n\t<meta property=\"og:image:type\" content=\"image\/jpeg\" \/>\n<meta name=\"author\" content=\"Genof\u00f3ntes Urb\u00e1ez\" \/>\n<meta name=\"twitter:card\" content=\"summary_large_image\" \/>\n<meta name=\"twitter:label1\" content=\"Written by\" \/>\n\t<meta name=\"twitter:data1\" content=\"Genof\u00f3ntes Urb\u00e1ez\" \/>\n\t<meta name=\"twitter:label2\" content=\"Est. reading time\" \/>\n\t<meta name=\"twitter:data2\" content=\"3 minutos\" \/>\n<script type=\"application\/ld+json\" class=\"yoast-schema-graph\">{\"@context\":\"https:\\\/\\\/schema.org\",\"@graph\":[{\"@type\":\"Article\",\"@id\":\"https:\\\/\\\/minutocerord.com\\\/?p=5146#article\",\"isPartOf\":{\"@id\":\"https:\\\/\\\/minutocerord.com\\\/?p=5146\"},\"author\":{\"name\":\"Genof\u00f3ntes Urb\u00e1ez\",\"@id\":\"https:\\\/\\\/minutocerord.com\\\/#\\\/schema\\\/person\\\/60b5372d60aaa0a5171fb6488be9aee6\"},\"headline\":\"EL SALVADOR: Arrestan por corrupci\u00f3n expresidente Salvador S\u00e1nchez Cer\u00e9n\",\"datePublished\":\"2021-07-23T15:41:44+00:00\",\"dateModified\":\"2021-07-23T15:41:50+00:00\",\"mainEntityOfPage\":{\"@id\":\"https:\\\/\\\/minutocerord.com\\\/?p=5146\"},\"wordCount\":568,\"commentCount\":0,\"publisher\":{\"@id\":\"https:\\\/\\\/minutocerord.com\\\/#\\\/schema\\\/person\\\/60b5372d60aaa0a5171fb6488be9aee6\"},\"image\":{\"@id\":\"https:\\\/\\\/minutocerord.com\\\/?p=5146#primaryimage\"},\"thumbnailUrl\":\"https:\\\/\\\/i0.wp.com\\\/minutocerord.com\\\/wp-content\\\/uploads\\\/2021\\\/07\\\/foto_0000000120210723011434.jpg?fit=696%2C392&ssl=1\",\"articleSection\":[\"Internacionales\"],\"inLanguage\":\"es-DO\",\"potentialAction\":[{\"@type\":\"CommentAction\",\"name\":\"Comment\",\"target\":[\"https:\\\/\\\/minutocerord.com\\\/?p=5146#respond\"]}]},{\"@type\":\"WebPage\",\"@id\":\"https:\\\/\\\/minutocerord.com\\\/?p=5146\",\"url\":\"https:\\\/\\\/minutocerord.com\\\/?p=5146\",\"name\":\"EL SALVADOR: Arrestan por corrupci\u00f3n expresidente Salvador S\u00e1nchez Cer\u00e9n - Minuto Cero RD\",\"isPartOf\":{\"@id\":\"https:\\\/\\\/minutocerord.com\\\/#website\"},\"primaryImageOfPage\":{\"@id\":\"https:\\\/\\\/minutocerord.com\\\/?p=5146#primaryimage\"},\"image\":{\"@id\":\"https:\\\/\\\/minutocerord.com\\\/?p=5146#primaryimage\"},\"thumbnailUrl\":\"https:\\\/\\\/i0.wp.com\\\/minutocerord.com\\\/wp-content\\\/uploads\\\/2021\\\/07\\\/foto_0000000120210723011434.jpg?fit=696%2C392&ssl=1\",\"datePublished\":\"2021-07-23T15:41:44+00:00\",\"dateModified\":\"2021-07-23T15:41:50+00:00\",\"breadcrumb\":{\"@id\":\"https:\\\/\\\/minutocerord.com\\\/?p=5146#breadcrumb\"},\"inLanguage\":\"es-DO\",\"potentialAction\":[{\"@type\":\"ReadAction\",\"target\":[\"https:\\\/\\\/minutocerord.com\\\/?p=5146\"]}]},{\"@type\":\"ImageObject\",\"inLanguage\":\"es-DO\",\"@id\":\"https:\\\/\\\/minutocerord.com\\\/?p=5146#primaryimage\",\"url\":\"https:\\\/\\\/i0.wp.com\\\/minutocerord.com\\\/wp-content\\\/uploads\\\/2021\\\/07\\\/foto_0000000120210723011434.jpg?fit=696%2C392&ssl=1\",\"contentUrl\":\"https:\\\/\\\/i0.wp.com\\\/minutocerord.com\\\/wp-content\\\/uploads\\\/2021\\\/07\\\/foto_0000000120210723011434.jpg?fit=696%2C392&ssl=1\",\"width\":696,\"height\":392},{\"@type\":\"BreadcrumbList\",\"@id\":\"https:\\\/\\\/minutocerord.com\\\/?p=5146#breadcrumb\",\"itemListElement\":[{\"@type\":\"ListItem\",\"position\":1,\"name\":\"Home\",\"item\":\"https:\\\/\\\/minutocerord.com\\\/\"},{\"@type\":\"ListItem\",\"position\":2,\"name\":\"EL SALVADOR: Arrestan por corrupci\u00f3n expresidente Salvador S\u00e1nchez Cer\u00e9n\"}]},{\"@type\":\"WebSite\",\"@id\":\"https:\\\/\\\/minutocerord.com\\\/#website\",\"url\":\"https:\\\/\\\/minutocerord.com\\\/\",\"name\":\"Minuto Cero RD\",\"description\":\"Periodismo serio y veraz\",\"publisher\":{\"@id\":\"https:\\\/\\\/minutocerord.com\\\/#\\\/schema\\\/person\\\/60b5372d60aaa0a5171fb6488be9aee6\"},\"potentialAction\":[{\"@type\":\"SearchAction\",\"target\":{\"@type\":\"EntryPoint\",\"urlTemplate\":\"https:\\\/\\\/minutocerord.com\\\/?s={search_term_string}\"},\"query-input\":{\"@type\":\"PropertyValueSpecification\",\"valueRequired\":true,\"valueName\":\"search_term_string\"}}],\"inLanguage\":\"es-DO\"},{\"@type\":[\"Person\",\"Organization\"],\"@id\":\"https:\\\/\\\/minutocerord.com\\\/#\\\/schema\\\/person\\\/60b5372d60aaa0a5171fb6488be9aee6\",\"name\":\"Genof\u00f3ntes Urb\u00e1ez\",\"image\":{\"@type\":\"ImageObject\",\"inLanguage\":\"es-DO\",\"@id\":\"https:\\\/\\\/secure.gravatar.com\\\/avatar\\\/a49ef3186a692098ac3e8a1612261e3ad70cf9e44553dff2929e67939a0ecb9d?s=96&d=identicon&r=g\",\"url\":\"https:\\\/\\\/secure.gravatar.com\\\/avatar\\\/a49ef3186a692098ac3e8a1612261e3ad70cf9e44553dff2929e67939a0ecb9d?s=96&d=identicon&r=g\",\"contentUrl\":\"https:\\\/\\\/secure.gravatar.com\\\/avatar\\\/a49ef3186a692098ac3e8a1612261e3ad70cf9e44553dff2929e67939a0ecb9d?s=96&d=identicon&r=g\",\"caption\":\"Genof\u00f3ntes Urb\u00e1ez\"},\"logo\":{\"@id\":\"https:\\\/\\\/secure.gravatar.com\\\/avatar\\\/a49ef3186a692098ac3e8a1612261e3ad70cf9e44553dff2929e67939a0ecb9d?s=96&d=identicon&r=g\"},\"description\":\"Periodista \\\/ Locutor\",\"sameAs\":[\"https:\\\/\\\/www.facebook.com\\\/Genofnotes\",\"https:\\\/\\\/www.instagram.com\\\/genofnotes\\\/\"]}]}<\/script>\n<!-- \/ Yoast SEO plugin. -->","yoast_head_json":{"title":"EL SALVADOR: Arrestan por corrupci\u00f3n expresidente Salvador S\u00e1nchez Cer\u00e9n - Minuto Cero RD","robots":{"index":"index","follow":"follow","max-snippet":"max-snippet:-1","max-image-preview":"max-image-preview:large","max-video-preview":"max-video-preview:-1"},"canonical":"https:\/\/minutocerord.com\/?p=5146","og_locale":"es_ES","og_type":"article","og_title":"EL SALVADOR: Arrestan por corrupci\u00f3n expresidente Salvador S\u00e1nchez Cer\u00e9n - Minuto Cero RD","og_description":"SAN SALVADOR.- La Fiscal\u00eda de El Salvador emiti\u00f3 una orden de captura contra el exmandatario Salvador S\u00e1nchez Cer\u00e9n (2014-2019) por su supuesta participaci\u00f3n en la malversaci\u00f3n de 351 millones de d\u00f3lares cuando fue vicepresidente del Gobierno de su antecesor, Mauricio Funes, inform\u00f3 el fiscal general, Rodolfo Delgado. \u00abPosteriormente solicitaremos la difusi\u00f3n roja para que se [&hellip;]","og_url":"https:\/\/minutocerord.com\/?p=5146","og_site_name":"Minuto Cero RD","article_publisher":"https:\/\/www.facebook.com\/Genofnotes","article_author":"https:\/\/www.facebook.com\/Genofnotes","article_published_time":"2021-07-23T15:41:44+00:00","article_modified_time":"2021-07-23T15:41:50+00:00","og_image":[{"width":696,"height":392,"url":"https:\/\/i0.wp.com\/minutocerord.com\/wp-content\/uploads\/2021\/07\/foto_0000000120210723011434.jpg?fit=696%2C392&ssl=1","type":"image\/jpeg"}],"author":"Genof\u00f3ntes Urb\u00e1ez","twitter_card":"summary_large_image","twitter_misc":{"Written by":"Genof\u00f3ntes Urb\u00e1ez","Est. reading time":"3 minutos"},"schema":{"@context":"https:\/\/schema.org","@graph":[{"@type":"Article","@id":"https:\/\/minutocerord.com\/?p=5146#article","isPartOf":{"@id":"https:\/\/minutocerord.com\/?p=5146"},"author":{"name":"Genof\u00f3ntes Urb\u00e1ez","@id":"https:\/\/minutocerord.com\/#\/schema\/person\/60b5372d60aaa0a5171fb6488be9aee6"},"headline":"EL SALVADOR: Arrestan por corrupci\u00f3n expresidente Salvador S\u00e1nchez Cer\u00e9n","datePublished":"2021-07-23T15:41:44+00:00","dateModified":"2021-07-23T15:41:50+00:00","mainEntityOfPage":{"@id":"https:\/\/minutocerord.com\/?p=5146"},"wordCount":568,"commentCount":0,"publisher":{"@id":"https:\/\/minutocerord.com\/#\/schema\/person\/60b5372d60aaa0a5171fb6488be9aee6"},"image":{"@id":"https:\/\/minutocerord.com\/?p=5146#primaryimage"},"thumbnailUrl":"https:\/\/i0.wp.com\/minutocerord.com\/wp-content\/uploads\/2021\/07\/foto_0000000120210723011434.jpg?fit=696%2C392&ssl=1","articleSection":["Internacionales"],"inLanguage":"es-DO","potentialAction":[{"@type":"CommentAction","name":"Comment","target":["https:\/\/minutocerord.com\/?p=5146#respond"]}]},{"@type":"WebPage","@id":"https:\/\/minutocerord.com\/?p=5146","url":"https:\/\/minutocerord.com\/?p=5146","name":"EL SALVADOR: Arrestan por corrupci\u00f3n expresidente Salvador S\u00e1nchez Cer\u00e9n - Minuto Cero RD","isPartOf":{"@id":"https:\/\/minutocerord.com\/#website"},"primaryImageOfPage":{"@id":"https:\/\/minutocerord.com\/?p=5146#primaryimage"},"image":{"@id":"https:\/\/minutocerord.com\/?p=5146#primaryimage"},"thumbnailUrl":"https:\/\/i0.wp.com\/minutocerord.com\/wp-content\/uploads\/2021\/07\/foto_0000000120210723011434.jpg?fit=696%2C392&ssl=1","datePublished":"2021-07-23T15:41:44+00:00","dateModified":"2021-07-23T15:41:50+00:00","breadcrumb":{"@id":"https:\/\/minutocerord.com\/?p=5146#breadcrumb"},"inLanguage":"es-DO","potentialAction":[{"@type":"ReadAction","target":["https:\/\/minutocerord.com\/?p=5146"]}]},{"@type":"ImageObject","inLanguage":"es-DO","@id":"https:\/\/minutocerord.com\/?p=5146#primaryimage","url":"https:\/\/i0.wp.com\/minutocerord.com\/wp-content\/uploads\/2021\/07\/foto_0000000120210723011434.jpg?fit=696%2C392&ssl=1","contentUrl":"https:\/\/i0.wp.com\/minutocerord.com\/wp-content\/uploads\/2021\/07\/foto_0000000120210723011434.jpg?fit=696%2C392&ssl=1","width":696,"height":392},{"@type":"BreadcrumbList","@id":"https:\/\/minutocerord.com\/?p=5146#breadcrumb","itemListElement":[{"@type":"ListItem","position":1,"name":"Home","item":"https:\/\/minutocerord.com\/"},{"@type":"ListItem","position":2,"name":"EL SALVADOR: Arrestan por corrupci\u00f3n expresidente Salvador S\u00e1nchez Cer\u00e9n"}]},{"@type":"WebSite","@id":"https:\/\/minutocerord.com\/#website","url":"https:\/\/minutocerord.com\/","name":"Minuto Cero RD","description":"Periodismo serio y veraz","publisher":{"@id":"https:\/\/minutocerord.com\/#\/schema\/person\/60b5372d60aaa0a5171fb6488be9aee6"},"potentialAction":[{"@type":"SearchAction","target":{"@type":"EntryPoint","urlTemplate":"https:\/\/minutocerord.com\/?s={search_term_string}"},"query-input":{"@type":"PropertyValueSpecification","valueRequired":true,"valueName":"search_term_string"}}],"inLanguage":"es-DO"},{"@type":["Person","Organization"],"@id":"https:\/\/minutocerord.com\/#\/schema\/person\/60b5372d60aaa0a5171fb6488be9aee6","name":"Genof\u00f3ntes Urb\u00e1ez","image":{"@type":"ImageObject","inLanguage":"es-DO","@id":"https:\/\/secure.gravatar.com\/avatar\/a49ef3186a692098ac3e8a1612261e3ad70cf9e44553dff2929e67939a0ecb9d?s=96&d=identicon&r=g","url":"https:\/\/secure.gravatar.com\/avatar\/a49ef3186a692098ac3e8a1612261e3ad70cf9e44553dff2929e67939a0ecb9d?s=96&d=identicon&r=g","contentUrl":"https:\/\/secure.gravatar.com\/avatar\/a49ef3186a692098ac3e8a1612261e3ad70cf9e44553dff2929e67939a0ecb9d?s=96&d=identicon&r=g","caption":"Genof\u00f3ntes Urb\u00e1ez"},"logo":{"@id":"https:\/\/secure.gravatar.com\/avatar\/a49ef3186a692098ac3e8a1612261e3ad70cf9e44553dff2929e67939a0ecb9d?s=96&d=identicon&r=g"},"description":"Periodista \/ Locutor","sameAs":["https:\/\/www.facebook.com\/Genofnotes","https:\/\/www.instagram.com\/genofnotes\/"]}]}},"jetpack_publicize_connections":[],"jetpack_featured_media_url":"https:\/\/i0.wp.com\/minutocerord.com\/wp-content\/uploads\/2021\/07\/foto_0000000120210723011434.jpg?fit=696%2C392&ssl=1","jetpack-related-posts":[],"jetpack_sharing_enabled":true,"_links":{"self":[{"href":"https:\/\/minutocerord.com\/index.php?rest_route=\/wp\/v2\/posts\/5146","targetHints":{"allow":["GET"]}}],"collection":[{"href":"https:\/\/minutocerord.com\/index.php?rest_route=\/wp\/v2\/posts"}],"about":[{"href":"https:\/\/minutocerord.com\/index.php?rest_route=\/wp\/v2\/types\/post"}],"author":[{"embeddable":true,"href":"https:\/\/minutocerord.com\/index.php?rest_route=\/wp\/v2\/users\/1"}],"replies":[{"embeddable":true,"href":"https:\/\/minutocerord.com\/index.php?rest_route=%2Fwp%2Fv2%2Fcomments&post=5146"}],"version-history":[{"count":1,"href":"https:\/\/minutocerord.com\/index.php?rest_route=\/wp\/v2\/posts\/5146\/revisions"}],"predecessor-version":[{"id":5148,"href":"https:\/\/minutocerord.com\/index.php?rest_route=\/wp\/v2\/posts\/5146\/revisions\/5148"}],"wp:featuredmedia":[{"embeddable":true,"href":"https:\/\/minutocerord.com\/index.php?rest_route=\/wp\/v2\/media\/5147"}],"wp:attachment":[{"href":"https:\/\/minutocerord.com\/index.php?rest_route=%2Fwp%2Fv2%2Fmedia&parent=5146"}],"wp:term":[{"taxonomy":"category","embeddable":true,"href":"https:\/\/minutocerord.com\/index.php?rest_route=%2Fwp%2Fv2%2Fcategories&post=5146"},{"taxonomy":"post_tag","embeddable":true,"href":"https:\/\/minutocerord.com\/index.php?rest_route=%2Fwp%2Fv2%2Ftags&post=5146"}],"curies":[{"name":"wp","href":"https:\/\/api.w.org\/{rel}","templated":true}]}}