{"id":5156,"date":"2021-07-23T18:04:18","date_gmt":"2021-07-23T22:04:18","guid":{"rendered":"https:\/\/minutocerord.com\/?p=5156"},"modified":"2021-07-23T18:22:42","modified_gmt":"2021-07-23T22:22:42","slug":"detienen-en-espana-a-siete-miembros-de-la-banda-latina-dominican-dont-play","status":"publish","type":"post","link":"https:\/\/minutocerord.com\/?p=5156","title":{"rendered":"Detienen en Espa\u00f1a a siete miembros de la banda latina Dominican Don\u2019t Play"},"content":{"rendered":"\n<p><strong>ESPA\u00d1A.- <\/strong>La Guardia Civil espa\u00f1ola detuvo a<strong>\u00a0siete integrantes de la banda latina Dominican Don\u2019t Play (DDP)<\/strong>\u00a0que operaban en el Corredor del Henares (\u00e1rea metropolitana entre Madrid y Guadalajara).<\/p>\n\n\n\n<p>Los acusa de cometer delitos de agresi\u00f3n sexual, pertenencia a grupo criminal, contra el patrimonio, lesiones y amenazas, y tenencia de armas prohibidas.<\/p>\n\n\n\n<p>Se\u00f1al\u00f3 que los detenidos eran los responsables de DDP en el Corredor del Henares y, consecuentemente, se encargaban de expandir la banda en dicho territorio y las actividades delictivas que habitualmente cometen sus miembros en las zonas donde se asientan.<\/p>\n\n\n\n<p>\u201cMuestra de ello, es que algunos de ellos contaban con un amplio historial delictivo\u201d, se\u00f1al\u00f3 la Guardia Civil en un comunicado publicado en su p\u00e1gina web.<\/p>\n\n\n\n<p>Los arrestos se hicieron como parte de la&nbsp;<strong>operaci\u00f3n B\u00e1varo<\/strong>, que se inici\u00f3 cuando los investigadores obtuvieron indicios que se\u00f1alaban a un grupo de j\u00f3venes integrantes de la banda como posibles responsables de numerosas agresiones y amenazas que estaban teniendo lugar en la zona donde operaba este grupo.<\/p>\n\n\n\n<p>La investigaci\u00f3n fue desarrollada de forma conjunta por la Unidad Central Especial (UCE) n\u00ba3 y los Grupos de Informaci\u00f3n de las Comandancias de Guardia Civil de Guadalajara y Madrid, que han contado adem\u00e1s con la colaboraci\u00f3n de la Polic\u00eda Local de Torrej\u00f3n de Ardoz.<\/p>\n\n\n\n<p>Tras las investigaciones realizadas, los agentes registraron varios inmuebles en la localidad de Torrej\u00f3n de Ardoz (Madrid), entre ellos las dos sedes utilizadas por esta banda, en los que intervinieron numerosas armas prohibidas, objetos que podr\u00edan haber sido robados y las armas y herramientas que utilizar\u00edan para cometer esos delitos contra el patrimonio, aparte de un gran n\u00famero de elementos distintivos de la banda.<\/p>\n\n\n\n<p>Este grupo, que ten\u00eda su base en Torrej\u00f3n de Ardoz, operaba a lo largo de todo el Corredor del Henares, quedando acreditada su relaci\u00f3n con la delincuencia com\u00fan, principalmente en la comisi\u00f3n de presuntos delitos contra las personas y contra el patrimonio.<\/p>\n","protected":false},"excerpt":{"rendered":"<p>ESPA\u00d1A.- La Guardia Civil espa\u00f1ola detuvo a\u00a0siete integrantes de la banda latina Dominican Don\u2019t Play (DDP)\u00a0que operaban en el Corredor del Henares (\u00e1rea metropolitana entre Madrid y Guadalajara). Los acusa de cometer delitos de agresi\u00f3n sexual, pertenencia a grupo criminal, contra el patrimonio, lesiones y amenazas, y tenencia de armas prohibidas. Se\u00f1al\u00f3 que los detenidos [&hellip;]<\/p>\n","protected":false},"author":1,"featured_media":5157,"comment_status":"open","ping_status":"open","sticky":false,"template":"","format":"standard","meta":{"nf_dc_page":"","jetpack_post_was_ever_published":false,"_jetpack_newsletter_access":"","_jetpack_dont_email_post_to_subs":false,"_jetpack_newsletter_tier_id":0,"_jetpack_memberships_contains_paywalled_content":false,"_jetpack_memberships_contains_paid_content":false,"footnotes":"","jetpack_publicize_message":"","jetpack_publicize_feature_enabled":true,"jetpack_social_post_already_shared":false,"jetpack_social_options":{"image_generator_settings":{"template":"highway","default_image_id":0,"font":"","enabled":false},"version":2}},"categories":[79],"tags":[],"class_list":["post-5156","post","type-post","status-publish","format-standard","has-post-thumbnail","hentry"],"yoast_head":"<!-- This site is optimized with the Yoast SEO plugin v27.5 - https:\/\/yoast.com\/product\/yoast-seo-wordpress\/ -->\n<title>Detienen en Espa\u00f1a a siete miembros de la banda latina Dominican Don\u2019t Play - Minuto Cero RD<\/title>\n<meta name=\"robots\" content=\"index, follow, max-snippet:-1, max-image-preview:large, max-video-preview:-1\" \/>\n<link rel=\"canonical\" href=\"https:\/\/minutocerord.com\/?p=5156\" \/>\n<meta property=\"og:locale\" content=\"es_ES\" \/>\n<meta property=\"og:type\" content=\"article\" \/>\n<meta property=\"og:title\" content=\"Detienen en Espa\u00f1a a siete miembros de la banda latina Dominican Don\u2019t Play - Minuto Cero RD\" \/>\n<meta property=\"og:description\" content=\"ESPA\u00d1A.- La Guardia Civil espa\u00f1ola detuvo a\u00a0siete integrantes de la banda latina Dominican Don\u2019t Play (DDP)\u00a0que operaban en el Corredor del Henares (\u00e1rea metropolitana entre Madrid y Guadalajara). Los acusa de cometer delitos de agresi\u00f3n sexual, pertenencia a grupo criminal, contra el patrimonio, lesiones y amenazas, y tenencia de armas prohibidas. Se\u00f1al\u00f3 que los detenidos [&hellip;]\" \/>\n<meta property=\"og:url\" content=\"https:\/\/minutocerord.com\/?p=5156\" \/>\n<meta property=\"og:site_name\" content=\"Minuto Cero RD\" \/>\n<meta property=\"article:publisher\" content=\"https:\/\/www.facebook.com\/Genofnotes\" \/>\n<meta property=\"article:author\" content=\"https:\/\/www.facebook.com\/Genofnotes\" \/>\n<meta property=\"article:published_time\" content=\"2021-07-23T22:04:18+00:00\" \/>\n<meta property=\"article:modified_time\" content=\"2021-07-23T22:22:42+00:00\" \/>\n<meta property=\"og:image\" content=\"https:\/\/i0.wp.com\/minutocerord.com\/wp-content\/uploads\/2021\/07\/Vista-de-algunos-de-los-detenidos-por-la-Guardia-Civil..jpg?fit=819%2C448&ssl=1\" \/>\n\t<meta property=\"og:image:width\" content=\"819\" \/>\n\t<meta property=\"og:image:height\" content=\"448\" \/>\n\t<meta property=\"og:image:type\" content=\"image\/jpeg\" \/>\n<meta name=\"author\" content=\"Genof\u00f3ntes Urb\u00e1ez\" \/>\n<meta name=\"twitter:card\" content=\"summary_large_image\" \/>\n<meta name=\"twitter:label1\" content=\"Written by\" \/>\n\t<meta name=\"twitter:data1\" content=\"Genof\u00f3ntes Urb\u00e1ez\" \/>\n\t<meta name=\"twitter:label2\" content=\"Est. reading time\" \/>\n\t<meta name=\"twitter:data2\" content=\"2 minutos\" \/>\n<script type=\"application\/ld+json\" class=\"yoast-schema-graph\">{\"@context\":\"https:\\\/\\\/schema.org\",\"@graph\":[{\"@type\":\"Article\",\"@id\":\"https:\\\/\\\/minutocerord.com\\\/?p=5156#article\",\"isPartOf\":{\"@id\":\"https:\\\/\\\/minutocerord.com\\\/?p=5156\"},\"author\":{\"name\":\"Genof\u00f3ntes Urb\u00e1ez\",\"@id\":\"https:\\\/\\\/minutocerord.com\\\/#\\\/schema\\\/person\\\/60b5372d60aaa0a5171fb6488be9aee6\"},\"headline\":\"Detienen en Espa\u00f1a a siete miembros de la banda latina Dominican Don\u2019t Play\",\"datePublished\":\"2021-07-23T22:04:18+00:00\",\"dateModified\":\"2021-07-23T22:22:42+00:00\",\"mainEntityOfPage\":{\"@id\":\"https:\\\/\\\/minutocerord.com\\\/?p=5156\"},\"wordCount\":360,\"commentCount\":0,\"publisher\":{\"@id\":\"https:\\\/\\\/minutocerord.com\\\/#\\\/schema\\\/person\\\/60b5372d60aaa0a5171fb6488be9aee6\"},\"image\":{\"@id\":\"https:\\\/\\\/minutocerord.com\\\/?p=5156#primaryimage\"},\"thumbnailUrl\":\"https:\\\/\\\/i0.wp.com\\\/minutocerord.com\\\/wp-content\\\/uploads\\\/2021\\\/07\\\/Vista-de-algunos-de-los-detenidos-por-la-Guardia-Civil..jpg?fit=819%2C448&ssl=1\",\"articleSection\":[\"Espa\u00f1a\"],\"inLanguage\":\"es-DO\",\"potentialAction\":[{\"@type\":\"CommentAction\",\"name\":\"Comment\",\"target\":[\"https:\\\/\\\/minutocerord.com\\\/?p=5156#respond\"]}]},{\"@type\":\"WebPage\",\"@id\":\"https:\\\/\\\/minutocerord.com\\\/?p=5156\",\"url\":\"https:\\\/\\\/minutocerord.com\\\/?p=5156\",\"name\":\"Detienen en Espa\u00f1a a siete miembros de la banda latina Dominican Don\u2019t Play - Minuto Cero RD\",\"isPartOf\":{\"@id\":\"https:\\\/\\\/minutocerord.com\\\/#website\"},\"primaryImageOfPage\":{\"@id\":\"https:\\\/\\\/minutocerord.com\\\/?p=5156#primaryimage\"},\"image\":{\"@id\":\"https:\\\/\\\/minutocerord.com\\\/?p=5156#primaryimage\"},\"thumbnailUrl\":\"https:\\\/\\\/i0.wp.com\\\/minutocerord.com\\\/wp-content\\\/uploads\\\/2021\\\/07\\\/Vista-de-algunos-de-los-detenidos-por-la-Guardia-Civil..jpg?fit=819%2C448&ssl=1\",\"datePublished\":\"2021-07-23T22:04:18+00:00\",\"dateModified\":\"2021-07-23T22:22:42+00:00\",\"breadcrumb\":{\"@id\":\"https:\\\/\\\/minutocerord.com\\\/?p=5156#breadcrumb\"},\"inLanguage\":\"es-DO\",\"potentialAction\":[{\"@type\":\"ReadAction\",\"target\":[\"https:\\\/\\\/minutocerord.com\\\/?p=5156\"]}]},{\"@type\":\"ImageObject\",\"inLanguage\":\"es-DO\",\"@id\":\"https:\\\/\\\/minutocerord.com\\\/?p=5156#primaryimage\",\"url\":\"https:\\\/\\\/i0.wp.com\\\/minutocerord.com\\\/wp-content\\\/uploads\\\/2021\\\/07\\\/Vista-de-algunos-de-los-detenidos-por-la-Guardia-Civil..jpg?fit=819%2C448&ssl=1\",\"contentUrl\":\"https:\\\/\\\/i0.wp.com\\\/minutocerord.com\\\/wp-content\\\/uploads\\\/2021\\\/07\\\/Vista-de-algunos-de-los-detenidos-por-la-Guardia-Civil..jpg?fit=819%2C448&ssl=1\",\"width\":819,\"height\":448},{\"@type\":\"BreadcrumbList\",\"@id\":\"https:\\\/\\\/minutocerord.com\\\/?p=5156#breadcrumb\",\"itemListElement\":[{\"@type\":\"ListItem\",\"position\":1,\"name\":\"Home\",\"item\":\"https:\\\/\\\/minutocerord.com\\\/\"},{\"@type\":\"ListItem\",\"position\":2,\"name\":\"Detienen en Espa\u00f1a a siete miembros de la banda latina Dominican Don\u2019t Play\"}]},{\"@type\":\"WebSite\",\"@id\":\"https:\\\/\\\/minutocerord.com\\\/#website\",\"url\":\"https:\\\/\\\/minutocerord.com\\\/\",\"name\":\"Minuto Cero RD\",\"description\":\"Periodismo serio y veraz\",\"publisher\":{\"@id\":\"https:\\\/\\\/minutocerord.com\\\/#\\\/schema\\\/person\\\/60b5372d60aaa0a5171fb6488be9aee6\"},\"potentialAction\":[{\"@type\":\"SearchAction\",\"target\":{\"@type\":\"EntryPoint\",\"urlTemplate\":\"https:\\\/\\\/minutocerord.com\\\/?s={search_term_string}\"},\"query-input\":{\"@type\":\"PropertyValueSpecification\",\"valueRequired\":true,\"valueName\":\"search_term_string\"}}],\"inLanguage\":\"es-DO\"},{\"@type\":[\"Person\",\"Organization\"],\"@id\":\"https:\\\/\\\/minutocerord.com\\\/#\\\/schema\\\/person\\\/60b5372d60aaa0a5171fb6488be9aee6\",\"name\":\"Genof\u00f3ntes Urb\u00e1ez\",\"image\":{\"@type\":\"ImageObject\",\"inLanguage\":\"es-DO\",\"@id\":\"https:\\\/\\\/secure.gravatar.com\\\/avatar\\\/a49ef3186a692098ac3e8a1612261e3ad70cf9e44553dff2929e67939a0ecb9d?s=96&d=identicon&r=g\",\"url\":\"https:\\\/\\\/secure.gravatar.com\\\/avatar\\\/a49ef3186a692098ac3e8a1612261e3ad70cf9e44553dff2929e67939a0ecb9d?s=96&d=identicon&r=g\",\"contentUrl\":\"https:\\\/\\\/secure.gravatar.com\\\/avatar\\\/a49ef3186a692098ac3e8a1612261e3ad70cf9e44553dff2929e67939a0ecb9d?s=96&d=identicon&r=g\",\"caption\":\"Genof\u00f3ntes Urb\u00e1ez\"},\"logo\":{\"@id\":\"https:\\\/\\\/secure.gravatar.com\\\/avatar\\\/a49ef3186a692098ac3e8a1612261e3ad70cf9e44553dff2929e67939a0ecb9d?s=96&d=identicon&r=g\"},\"description\":\"Periodista \\\/ Locutor\",\"sameAs\":[\"https:\\\/\\\/www.facebook.com\\\/Genofnotes\",\"https:\\\/\\\/www.instagram.com\\\/genofnotes\\\/\"]}]}<\/script>\n<!-- \/ Yoast SEO plugin. -->","yoast_head_json":{"title":"Detienen en Espa\u00f1a a siete miembros de la banda latina Dominican Don\u2019t Play - Minuto Cero RD","robots":{"index":"index","follow":"follow","max-snippet":"max-snippet:-1","max-image-preview":"max-image-preview:large","max-video-preview":"max-video-preview:-1"},"canonical":"https:\/\/minutocerord.com\/?p=5156","og_locale":"es_ES","og_type":"article","og_title":"Detienen en Espa\u00f1a a siete miembros de la banda latina Dominican Don\u2019t Play - Minuto Cero RD","og_description":"ESPA\u00d1A.- La Guardia Civil espa\u00f1ola detuvo a\u00a0siete integrantes de la banda latina Dominican Don\u2019t Play (DDP)\u00a0que operaban en el Corredor del Henares (\u00e1rea metropolitana entre Madrid y Guadalajara). Los acusa de cometer delitos de agresi\u00f3n sexual, pertenencia a grupo criminal, contra el patrimonio, lesiones y amenazas, y tenencia de armas prohibidas. Se\u00f1al\u00f3 que los detenidos [&hellip;]","og_url":"https:\/\/minutocerord.com\/?p=5156","og_site_name":"Minuto Cero RD","article_publisher":"https:\/\/www.facebook.com\/Genofnotes","article_author":"https:\/\/www.facebook.com\/Genofnotes","article_published_time":"2021-07-23T22:04:18+00:00","article_modified_time":"2021-07-23T22:22:42+00:00","og_image":[{"width":819,"height":448,"url":"https:\/\/i0.wp.com\/minutocerord.com\/wp-content\/uploads\/2021\/07\/Vista-de-algunos-de-los-detenidos-por-la-Guardia-Civil..jpg?fit=819%2C448&ssl=1","type":"image\/jpeg"}],"author":"Genof\u00f3ntes Urb\u00e1ez","twitter_card":"summary_large_image","twitter_misc":{"Written by":"Genof\u00f3ntes Urb\u00e1ez","Est. reading time":"2 minutos"},"schema":{"@context":"https:\/\/schema.org","@graph":[{"@type":"Article","@id":"https:\/\/minutocerord.com\/?p=5156#article","isPartOf":{"@id":"https:\/\/minutocerord.com\/?p=5156"},"author":{"name":"Genof\u00f3ntes Urb\u00e1ez","@id":"https:\/\/minutocerord.com\/#\/schema\/person\/60b5372d60aaa0a5171fb6488be9aee6"},"headline":"Detienen en Espa\u00f1a a siete miembros de la banda latina Dominican Don\u2019t Play","datePublished":"2021-07-23T22:04:18+00:00","dateModified":"2021-07-23T22:22:42+00:00","mainEntityOfPage":{"@id":"https:\/\/minutocerord.com\/?p=5156"},"wordCount":360,"commentCount":0,"publisher":{"@id":"https:\/\/minutocerord.com\/#\/schema\/person\/60b5372d60aaa0a5171fb6488be9aee6"},"image":{"@id":"https:\/\/minutocerord.com\/?p=5156#primaryimage"},"thumbnailUrl":"https:\/\/i0.wp.com\/minutocerord.com\/wp-content\/uploads\/2021\/07\/Vista-de-algunos-de-los-detenidos-por-la-Guardia-Civil..jpg?fit=819%2C448&ssl=1","articleSection":["Espa\u00f1a"],"inLanguage":"es-DO","potentialAction":[{"@type":"CommentAction","name":"Comment","target":["https:\/\/minutocerord.com\/?p=5156#respond"]}]},{"@type":"WebPage","@id":"https:\/\/minutocerord.com\/?p=5156","url":"https:\/\/minutocerord.com\/?p=5156","name":"Detienen en Espa\u00f1a a siete miembros de la banda latina Dominican Don\u2019t Play - Minuto Cero RD","isPartOf":{"@id":"https:\/\/minutocerord.com\/#website"},"primaryImageOfPage":{"@id":"https:\/\/minutocerord.com\/?p=5156#primaryimage"},"image":{"@id":"https:\/\/minutocerord.com\/?p=5156#primaryimage"},"thumbnailUrl":"https:\/\/i0.wp.com\/minutocerord.com\/wp-content\/uploads\/2021\/07\/Vista-de-algunos-de-los-detenidos-por-la-Guardia-Civil..jpg?fit=819%2C448&ssl=1","datePublished":"2021-07-23T22:04:18+00:00","dateModified":"2021-07-23T22:22:42+00:00","breadcrumb":{"@id":"https:\/\/minutocerord.com\/?p=5156#breadcrumb"},"inLanguage":"es-DO","potentialAction":[{"@type":"ReadAction","target":["https:\/\/minutocerord.com\/?p=5156"]}]},{"@type":"ImageObject","inLanguage":"es-DO","@id":"https:\/\/minutocerord.com\/?p=5156#primaryimage","url":"https:\/\/i0.wp.com\/minutocerord.com\/wp-content\/uploads\/2021\/07\/Vista-de-algunos-de-los-detenidos-por-la-Guardia-Civil..jpg?fit=819%2C448&ssl=1","contentUrl":"https:\/\/i0.wp.com\/minutocerord.com\/wp-content\/uploads\/2021\/07\/Vista-de-algunos-de-los-detenidos-por-la-Guardia-Civil..jpg?fit=819%2C448&ssl=1","width":819,"height":448},{"@type":"BreadcrumbList","@id":"https:\/\/minutocerord.com\/?p=5156#breadcrumb","itemListElement":[{"@type":"ListItem","position":1,"name":"Home","item":"https:\/\/minutocerord.com\/"},{"@type":"ListItem","position":2,"name":"Detienen en Espa\u00f1a a siete miembros de la banda latina Dominican Don\u2019t Play"}]},{"@type":"WebSite","@id":"https:\/\/minutocerord.com\/#website","url":"https:\/\/minutocerord.com\/","name":"Minuto Cero RD","description":"Periodismo serio y veraz","publisher":{"@id":"https:\/\/minutocerord.com\/#\/schema\/person\/60b5372d60aaa0a5171fb6488be9aee6"},"potentialAction":[{"@type":"SearchAction","target":{"@type":"EntryPoint","urlTemplate":"https:\/\/minutocerord.com\/?s={search_term_string}"},"query-input":{"@type":"PropertyValueSpecification","valueRequired":true,"valueName":"search_term_string"}}],"inLanguage":"es-DO"},{"@type":["Person","Organization"],"@id":"https:\/\/minutocerord.com\/#\/schema\/person\/60b5372d60aaa0a5171fb6488be9aee6","name":"Genof\u00f3ntes Urb\u00e1ez","image":{"@type":"ImageObject","inLanguage":"es-DO","@id":"https:\/\/secure.gravatar.com\/avatar\/a49ef3186a692098ac3e8a1612261e3ad70cf9e44553dff2929e67939a0ecb9d?s=96&d=identicon&r=g","url":"https:\/\/secure.gravatar.com\/avatar\/a49ef3186a692098ac3e8a1612261e3ad70cf9e44553dff2929e67939a0ecb9d?s=96&d=identicon&r=g","contentUrl":"https:\/\/secure.gravatar.com\/avatar\/a49ef3186a692098ac3e8a1612261e3ad70cf9e44553dff2929e67939a0ecb9d?s=96&d=identicon&r=g","caption":"Genof\u00f3ntes Urb\u00e1ez"},"logo":{"@id":"https:\/\/secure.gravatar.com\/avatar\/a49ef3186a692098ac3e8a1612261e3ad70cf9e44553dff2929e67939a0ecb9d?s=96&d=identicon&r=g"},"description":"Periodista \/ Locutor","sameAs":["https:\/\/www.facebook.com\/Genofnotes","https:\/\/www.instagram.com\/genofnotes\/"]}]}},"jetpack_publicize_connections":[],"jetpack_featured_media_url":"https:\/\/i0.wp.com\/minutocerord.com\/wp-content\/uploads\/2021\/07\/Vista-de-algunos-de-los-detenidos-por-la-Guardia-Civil..jpg?fit=819%2C448&ssl=1","jetpack-related-posts":[],"jetpack_sharing_enabled":true,"_links":{"self":[{"href":"https:\/\/minutocerord.com\/index.php?rest_route=\/wp\/v2\/posts\/5156","targetHints":{"allow":["GET"]}}],"collection":[{"href":"https:\/\/minutocerord.com\/index.php?rest_route=\/wp\/v2\/posts"}],"about":[{"href":"https:\/\/minutocerord.com\/index.php?rest_route=\/wp\/v2\/types\/post"}],"author":[{"embeddable":true,"href":"https:\/\/minutocerord.com\/index.php?rest_route=\/wp\/v2\/users\/1"}],"replies":[{"embeddable":true,"href":"https:\/\/minutocerord.com\/index.php?rest_route=%2Fwp%2Fv2%2Fcomments&post=5156"}],"version-history":[{"count":2,"href":"https:\/\/minutocerord.com\/index.php?rest_route=\/wp\/v2\/posts\/5156\/revisions"}],"predecessor-version":[{"id":5164,"href":"https:\/\/minutocerord.com\/index.php?rest_route=\/wp\/v2\/posts\/5156\/revisions\/5164"}],"wp:featuredmedia":[{"embeddable":true,"href":"https:\/\/minutocerord.com\/index.php?rest_route=\/wp\/v2\/media\/5157"}],"wp:attachment":[{"href":"https:\/\/minutocerord.com\/index.php?rest_route=%2Fwp%2Fv2%2Fmedia&parent=5156"}],"wp:term":[{"taxonomy":"category","embeddable":true,"href":"https:\/\/minutocerord.com\/index.php?rest_route=%2Fwp%2Fv2%2Fcategories&post=5156"},{"taxonomy":"post_tag","embeddable":true,"href":"https:\/\/minutocerord.com\/index.php?rest_route=%2Fwp%2Fv2%2Ftags&post=5156"}],"curies":[{"name":"wp","href":"https:\/\/api.w.org\/{rel}","templated":true}]}}