{"id":5159,"date":"2021-07-23T18:05:38","date_gmt":"2021-07-23T22:05:38","guid":{"rendered":"https:\/\/minutocerord.com\/?p=5159"},"modified":"2021-07-23T18:21:46","modified_gmt":"2021-07-23T22:21:46","slug":"nueva-jersey-acusan-14-pandilleros-dominicanos-por-crimen-organizado","status":"publish","type":"post","link":"https:\/\/minutocerord.com\/?p=5159","title":{"rendered":"Nueva Jersey: Acusan 14 pandilleros dominicanos por crimen organizado"},"content":{"rendered":"\n<p><strong>Nueva Jersey, (EE.UU).- <\/strong>Catorce pandilleros dominicanos de la ganga \u201cLos Trinitarios\u201d fueron acusados en Nueva Jersey por crimen organizado, posesi\u00f3n de drogas y armas, extorsi\u00f3n y otros, en el operativo \u201cPark and Pennington\u201d.<\/p>\n\n\n\n<p>La Polic\u00eda inform\u00f3 que ten\u00eda alrededor de ocho meses investigando a los acusados, y realizaron redadas y allanamientos a lo largo de varios suburbios de ese estado.<\/p>\n\n\n\n<p>El procurador fiscal del estado Andrew J. Bruck, dijo en una conferencia de prensa junto a la fiscal dominicana del condado de Passaic, Camelia M. Vald\u00e9s y otros funcionarios judiciales y policiales, que, de los catorce pandilleros acusados, hay cuatro pr\u00f3fugos que son activamente buscados por las autoridades.<\/p>\n\n\n\n<p>Los hermanos Eric y Gregory Polanco, son sindicados como l\u00edderes del grupo de trinitarios que seg\u00fan Bruck, manten\u00edan en zozobra y bajo amenazas a residentes de 10 cuadras de la ciudad de Paterson.<\/p>\n\n\n\n<p>Adem\u00e1s de los hermanos Polanco, los acusados son Joseph Landrau, Roberto Santiago (Goofy), Kremlin Alc\u00e1ntara, James Arroyo, Adrian Izaguirre, Jussy Geraldino, Hipolito Guzman, Mike Mart\u00ednez, Samuel Miranda, Avi Mu\u00f1oz, Elvin Mu\u00f1oz y Arlington Santos Medina.<\/p>\n\n\n\n<p>El procurador dijo en la conferencia que los arrestos se centraron en el Bloque 400 de los trinitarios, la pandilla dominicana atrapada en la violenta guerra contra las drogas en Paterson que llevan a cabo las autoridades municipales y estatales.<\/p>\n\n\n\n<p>\u201cEn los pr\u00f3ximos meses, van a tener muchas m\u00e1s noticias nuestras\u201d, advirti\u00f3 Bruck a los pandilleros y agreg\u00f3 que la operaci\u00f3n fue una faceta de un esfuerzo de m\u00faltiples vertientes dirigido a reducir la violencia armada.<\/p>\n","protected":false},"excerpt":{"rendered":"<p>Nueva Jersey, (EE.UU).- Catorce pandilleros dominicanos de la ganga \u201cLos Trinitarios\u201d fueron acusados en Nueva Jersey por crimen organizado, posesi\u00f3n de drogas y armas, extorsi\u00f3n y otros, en el operativo \u201cPark and Pennington\u201d. La Polic\u00eda inform\u00f3 que ten\u00eda alrededor de ocho meses investigando a los acusados, y realizaron redadas y allanamientos a lo largo de [&hellip;]<\/p>\n","protected":false},"author":1,"featured_media":5160,"comment_status":"open","ping_status":"open","sticky":false,"template":"","format":"standard","meta":{"nf_dc_page":"","jetpack_post_was_ever_published":false,"_jetpack_newsletter_access":"","_jetpack_dont_email_post_to_subs":false,"_jetpack_newsletter_tier_id":0,"_jetpack_memberships_contains_paywalled_content":false,"_jetpack_memberships_contains_paid_content":false,"footnotes":"","jetpack_publicize_message":"","jetpack_publicize_feature_enabled":true,"jetpack_social_post_already_shared":false,"jetpack_social_options":{"image_generator_settings":{"template":"highway","default_image_id":0,"font":"","enabled":false},"version":2}},"categories":[83],"tags":[],"class_list":["post-5159","post","type-post","status-publish","format-standard","has-post-thumbnail","hentry","category-estados-unidos"],"yoast_head":"<!-- This site is optimized with the Yoast SEO plugin v27.5 - https:\/\/yoast.com\/product\/yoast-seo-wordpress\/ -->\n<title>Nueva Jersey: Acusan 14 pandilleros dominicanos por crimen organizado - Minuto Cero RD<\/title>\n<meta name=\"robots\" content=\"index, follow, max-snippet:-1, max-image-preview:large, max-video-preview:-1\" \/>\n<link rel=\"canonical\" href=\"https:\/\/minutocerord.com\/?p=5159\" \/>\n<meta property=\"og:locale\" content=\"es_ES\" \/>\n<meta property=\"og:type\" content=\"article\" \/>\n<meta property=\"og:title\" content=\"Nueva Jersey: Acusan 14 pandilleros dominicanos por crimen organizado - Minuto Cero RD\" \/>\n<meta property=\"og:description\" content=\"Nueva Jersey, (EE.UU).- Catorce pandilleros dominicanos de la ganga \u201cLos Trinitarios\u201d fueron acusados en Nueva Jersey por crimen organizado, posesi\u00f3n de drogas y armas, extorsi\u00f3n y otros, en el operativo \u201cPark and Pennington\u201d. La Polic\u00eda inform\u00f3 que ten\u00eda alrededor de ocho meses investigando a los acusados, y realizaron redadas y allanamientos a lo largo de [&hellip;]\" \/>\n<meta property=\"og:url\" content=\"https:\/\/minutocerord.com\/?p=5159\" \/>\n<meta property=\"og:site_name\" content=\"Minuto Cero RD\" \/>\n<meta property=\"article:publisher\" content=\"https:\/\/www.facebook.com\/Genofnotes\" \/>\n<meta property=\"article:author\" content=\"https:\/\/www.facebook.com\/Genofnotes\" \/>\n<meta property=\"article:published_time\" content=\"2021-07-23T22:05:38+00:00\" \/>\n<meta property=\"article:modified_time\" content=\"2021-07-23T22:21:46+00:00\" \/>\n<meta property=\"og:image\" content=\"https:\/\/i0.wp.com\/minutocerord.com\/wp-content\/uploads\/2021\/07\/NJ.jpg?fit=764%2C434&ssl=1\" \/>\n\t<meta property=\"og:image:width\" content=\"764\" \/>\n\t<meta property=\"og:image:height\" content=\"434\" \/>\n\t<meta property=\"og:image:type\" content=\"image\/jpeg\" \/>\n<meta name=\"author\" content=\"Genof\u00f3ntes Urb\u00e1ez\" \/>\n<meta name=\"twitter:card\" content=\"summary_large_image\" \/>\n<meta name=\"twitter:label1\" content=\"Written by\" \/>\n\t<meta name=\"twitter:data1\" content=\"Genof\u00f3ntes Urb\u00e1ez\" \/>\n\t<meta name=\"twitter:label2\" content=\"Est. reading time\" \/>\n\t<meta name=\"twitter:data2\" content=\"2 minutos\" \/>\n<script type=\"application\/ld+json\" class=\"yoast-schema-graph\">{\"@context\":\"https:\\\/\\\/schema.org\",\"@graph\":[{\"@type\":\"Article\",\"@id\":\"https:\\\/\\\/minutocerord.com\\\/?p=5159#article\",\"isPartOf\":{\"@id\":\"https:\\\/\\\/minutocerord.com\\\/?p=5159\"},\"author\":{\"name\":\"Genof\u00f3ntes Urb\u00e1ez\",\"@id\":\"https:\\\/\\\/minutocerord.com\\\/#\\\/schema\\\/person\\\/60b5372d60aaa0a5171fb6488be9aee6\"},\"headline\":\"Nueva Jersey: Acusan 14 pandilleros dominicanos por crimen organizado\",\"datePublished\":\"2021-07-23T22:05:38+00:00\",\"dateModified\":\"2021-07-23T22:21:46+00:00\",\"mainEntityOfPage\":{\"@id\":\"https:\\\/\\\/minutocerord.com\\\/?p=5159\"},\"wordCount\":278,\"commentCount\":0,\"publisher\":{\"@id\":\"https:\\\/\\\/minutocerord.com\\\/#\\\/schema\\\/person\\\/60b5372d60aaa0a5171fb6488be9aee6\"},\"image\":{\"@id\":\"https:\\\/\\\/minutocerord.com\\\/?p=5159#primaryimage\"},\"thumbnailUrl\":\"https:\\\/\\\/i0.wp.com\\\/minutocerord.com\\\/wp-content\\\/uploads\\\/2021\\\/07\\\/NJ.jpg?fit=764%2C434&ssl=1\",\"articleSection\":[\"Estados Unidos\"],\"inLanguage\":\"es-DO\",\"potentialAction\":[{\"@type\":\"CommentAction\",\"name\":\"Comment\",\"target\":[\"https:\\\/\\\/minutocerord.com\\\/?p=5159#respond\"]}]},{\"@type\":\"WebPage\",\"@id\":\"https:\\\/\\\/minutocerord.com\\\/?p=5159\",\"url\":\"https:\\\/\\\/minutocerord.com\\\/?p=5159\",\"name\":\"Nueva Jersey: Acusan 14 pandilleros dominicanos por crimen organizado - Minuto Cero RD\",\"isPartOf\":{\"@id\":\"https:\\\/\\\/minutocerord.com\\\/#website\"},\"primaryImageOfPage\":{\"@id\":\"https:\\\/\\\/minutocerord.com\\\/?p=5159#primaryimage\"},\"image\":{\"@id\":\"https:\\\/\\\/minutocerord.com\\\/?p=5159#primaryimage\"},\"thumbnailUrl\":\"https:\\\/\\\/i0.wp.com\\\/minutocerord.com\\\/wp-content\\\/uploads\\\/2021\\\/07\\\/NJ.jpg?fit=764%2C434&ssl=1\",\"datePublished\":\"2021-07-23T22:05:38+00:00\",\"dateModified\":\"2021-07-23T22:21:46+00:00\",\"breadcrumb\":{\"@id\":\"https:\\\/\\\/minutocerord.com\\\/?p=5159#breadcrumb\"},\"inLanguage\":\"es-DO\",\"potentialAction\":[{\"@type\":\"ReadAction\",\"target\":[\"https:\\\/\\\/minutocerord.com\\\/?p=5159\"]}]},{\"@type\":\"ImageObject\",\"inLanguage\":\"es-DO\",\"@id\":\"https:\\\/\\\/minutocerord.com\\\/?p=5159#primaryimage\",\"url\":\"https:\\\/\\\/i0.wp.com\\\/minutocerord.com\\\/wp-content\\\/uploads\\\/2021\\\/07\\\/NJ.jpg?fit=764%2C434&ssl=1\",\"contentUrl\":\"https:\\\/\\\/i0.wp.com\\\/minutocerord.com\\\/wp-content\\\/uploads\\\/2021\\\/07\\\/NJ.jpg?fit=764%2C434&ssl=1\",\"width\":764,\"height\":434},{\"@type\":\"BreadcrumbList\",\"@id\":\"https:\\\/\\\/minutocerord.com\\\/?p=5159#breadcrumb\",\"itemListElement\":[{\"@type\":\"ListItem\",\"position\":1,\"name\":\"Home\",\"item\":\"https:\\\/\\\/minutocerord.com\\\/\"},{\"@type\":\"ListItem\",\"position\":2,\"name\":\"Nueva Jersey: Acusan 14 pandilleros dominicanos por crimen organizado\"}]},{\"@type\":\"WebSite\",\"@id\":\"https:\\\/\\\/minutocerord.com\\\/#website\",\"url\":\"https:\\\/\\\/minutocerord.com\\\/\",\"name\":\"Minuto Cero RD\",\"description\":\"Periodismo serio y veraz\",\"publisher\":{\"@id\":\"https:\\\/\\\/minutocerord.com\\\/#\\\/schema\\\/person\\\/60b5372d60aaa0a5171fb6488be9aee6\"},\"potentialAction\":[{\"@type\":\"SearchAction\",\"target\":{\"@type\":\"EntryPoint\",\"urlTemplate\":\"https:\\\/\\\/minutocerord.com\\\/?s={search_term_string}\"},\"query-input\":{\"@type\":\"PropertyValueSpecification\",\"valueRequired\":true,\"valueName\":\"search_term_string\"}}],\"inLanguage\":\"es-DO\"},{\"@type\":[\"Person\",\"Organization\"],\"@id\":\"https:\\\/\\\/minutocerord.com\\\/#\\\/schema\\\/person\\\/60b5372d60aaa0a5171fb6488be9aee6\",\"name\":\"Genof\u00f3ntes Urb\u00e1ez\",\"image\":{\"@type\":\"ImageObject\",\"inLanguage\":\"es-DO\",\"@id\":\"https:\\\/\\\/secure.gravatar.com\\\/avatar\\\/a49ef3186a692098ac3e8a1612261e3ad70cf9e44553dff2929e67939a0ecb9d?s=96&d=identicon&r=g\",\"url\":\"https:\\\/\\\/secure.gravatar.com\\\/avatar\\\/a49ef3186a692098ac3e8a1612261e3ad70cf9e44553dff2929e67939a0ecb9d?s=96&d=identicon&r=g\",\"contentUrl\":\"https:\\\/\\\/secure.gravatar.com\\\/avatar\\\/a49ef3186a692098ac3e8a1612261e3ad70cf9e44553dff2929e67939a0ecb9d?s=96&d=identicon&r=g\",\"caption\":\"Genof\u00f3ntes Urb\u00e1ez\"},\"logo\":{\"@id\":\"https:\\\/\\\/secure.gravatar.com\\\/avatar\\\/a49ef3186a692098ac3e8a1612261e3ad70cf9e44553dff2929e67939a0ecb9d?s=96&d=identicon&r=g\"},\"description\":\"Periodista \\\/ Locutor\",\"sameAs\":[\"https:\\\/\\\/www.facebook.com\\\/Genofnotes\",\"https:\\\/\\\/www.instagram.com\\\/genofnotes\\\/\"]}]}<\/script>\n<!-- \/ Yoast SEO plugin. -->","yoast_head_json":{"title":"Nueva Jersey: Acusan 14 pandilleros dominicanos por crimen organizado - Minuto Cero RD","robots":{"index":"index","follow":"follow","max-snippet":"max-snippet:-1","max-image-preview":"max-image-preview:large","max-video-preview":"max-video-preview:-1"},"canonical":"https:\/\/minutocerord.com\/?p=5159","og_locale":"es_ES","og_type":"article","og_title":"Nueva Jersey: Acusan 14 pandilleros dominicanos por crimen organizado - Minuto Cero RD","og_description":"Nueva Jersey, (EE.UU).- Catorce pandilleros dominicanos de la ganga \u201cLos Trinitarios\u201d fueron acusados en Nueva Jersey por crimen organizado, posesi\u00f3n de drogas y armas, extorsi\u00f3n y otros, en el operativo \u201cPark and Pennington\u201d. La Polic\u00eda inform\u00f3 que ten\u00eda alrededor de ocho meses investigando a los acusados, y realizaron redadas y allanamientos a lo largo de [&hellip;]","og_url":"https:\/\/minutocerord.com\/?p=5159","og_site_name":"Minuto Cero RD","article_publisher":"https:\/\/www.facebook.com\/Genofnotes","article_author":"https:\/\/www.facebook.com\/Genofnotes","article_published_time":"2021-07-23T22:05:38+00:00","article_modified_time":"2021-07-23T22:21:46+00:00","og_image":[{"width":764,"height":434,"url":"https:\/\/i0.wp.com\/minutocerord.com\/wp-content\/uploads\/2021\/07\/NJ.jpg?fit=764%2C434&ssl=1","type":"image\/jpeg"}],"author":"Genof\u00f3ntes Urb\u00e1ez","twitter_card":"summary_large_image","twitter_misc":{"Written by":"Genof\u00f3ntes Urb\u00e1ez","Est. reading time":"2 minutos"},"schema":{"@context":"https:\/\/schema.org","@graph":[{"@type":"Article","@id":"https:\/\/minutocerord.com\/?p=5159#article","isPartOf":{"@id":"https:\/\/minutocerord.com\/?p=5159"},"author":{"name":"Genof\u00f3ntes Urb\u00e1ez","@id":"https:\/\/minutocerord.com\/#\/schema\/person\/60b5372d60aaa0a5171fb6488be9aee6"},"headline":"Nueva Jersey: Acusan 14 pandilleros dominicanos por crimen organizado","datePublished":"2021-07-23T22:05:38+00:00","dateModified":"2021-07-23T22:21:46+00:00","mainEntityOfPage":{"@id":"https:\/\/minutocerord.com\/?p=5159"},"wordCount":278,"commentCount":0,"publisher":{"@id":"https:\/\/minutocerord.com\/#\/schema\/person\/60b5372d60aaa0a5171fb6488be9aee6"},"image":{"@id":"https:\/\/minutocerord.com\/?p=5159#primaryimage"},"thumbnailUrl":"https:\/\/i0.wp.com\/minutocerord.com\/wp-content\/uploads\/2021\/07\/NJ.jpg?fit=764%2C434&ssl=1","articleSection":["Estados Unidos"],"inLanguage":"es-DO","potentialAction":[{"@type":"CommentAction","name":"Comment","target":["https:\/\/minutocerord.com\/?p=5159#respond"]}]},{"@type":"WebPage","@id":"https:\/\/minutocerord.com\/?p=5159","url":"https:\/\/minutocerord.com\/?p=5159","name":"Nueva Jersey: Acusan 14 pandilleros dominicanos por crimen organizado - Minuto Cero RD","isPartOf":{"@id":"https:\/\/minutocerord.com\/#website"},"primaryImageOfPage":{"@id":"https:\/\/minutocerord.com\/?p=5159#primaryimage"},"image":{"@id":"https:\/\/minutocerord.com\/?p=5159#primaryimage"},"thumbnailUrl":"https:\/\/i0.wp.com\/minutocerord.com\/wp-content\/uploads\/2021\/07\/NJ.jpg?fit=764%2C434&ssl=1","datePublished":"2021-07-23T22:05:38+00:00","dateModified":"2021-07-23T22:21:46+00:00","breadcrumb":{"@id":"https:\/\/minutocerord.com\/?p=5159#breadcrumb"},"inLanguage":"es-DO","potentialAction":[{"@type":"ReadAction","target":["https:\/\/minutocerord.com\/?p=5159"]}]},{"@type":"ImageObject","inLanguage":"es-DO","@id":"https:\/\/minutocerord.com\/?p=5159#primaryimage","url":"https:\/\/i0.wp.com\/minutocerord.com\/wp-content\/uploads\/2021\/07\/NJ.jpg?fit=764%2C434&ssl=1","contentUrl":"https:\/\/i0.wp.com\/minutocerord.com\/wp-content\/uploads\/2021\/07\/NJ.jpg?fit=764%2C434&ssl=1","width":764,"height":434},{"@type":"BreadcrumbList","@id":"https:\/\/minutocerord.com\/?p=5159#breadcrumb","itemListElement":[{"@type":"ListItem","position":1,"name":"Home","item":"https:\/\/minutocerord.com\/"},{"@type":"ListItem","position":2,"name":"Nueva Jersey: Acusan 14 pandilleros dominicanos por crimen organizado"}]},{"@type":"WebSite","@id":"https:\/\/minutocerord.com\/#website","url":"https:\/\/minutocerord.com\/","name":"Minuto Cero RD","description":"Periodismo serio y veraz","publisher":{"@id":"https:\/\/minutocerord.com\/#\/schema\/person\/60b5372d60aaa0a5171fb6488be9aee6"},"potentialAction":[{"@type":"SearchAction","target":{"@type":"EntryPoint","urlTemplate":"https:\/\/minutocerord.com\/?s={search_term_string}"},"query-input":{"@type":"PropertyValueSpecification","valueRequired":true,"valueName":"search_term_string"}}],"inLanguage":"es-DO"},{"@type":["Person","Organization"],"@id":"https:\/\/minutocerord.com\/#\/schema\/person\/60b5372d60aaa0a5171fb6488be9aee6","name":"Genof\u00f3ntes Urb\u00e1ez","image":{"@type":"ImageObject","inLanguage":"es-DO","@id":"https:\/\/secure.gravatar.com\/avatar\/a49ef3186a692098ac3e8a1612261e3ad70cf9e44553dff2929e67939a0ecb9d?s=96&d=identicon&r=g","url":"https:\/\/secure.gravatar.com\/avatar\/a49ef3186a692098ac3e8a1612261e3ad70cf9e44553dff2929e67939a0ecb9d?s=96&d=identicon&r=g","contentUrl":"https:\/\/secure.gravatar.com\/avatar\/a49ef3186a692098ac3e8a1612261e3ad70cf9e44553dff2929e67939a0ecb9d?s=96&d=identicon&r=g","caption":"Genof\u00f3ntes Urb\u00e1ez"},"logo":{"@id":"https:\/\/secure.gravatar.com\/avatar\/a49ef3186a692098ac3e8a1612261e3ad70cf9e44553dff2929e67939a0ecb9d?s=96&d=identicon&r=g"},"description":"Periodista \/ Locutor","sameAs":["https:\/\/www.facebook.com\/Genofnotes","https:\/\/www.instagram.com\/genofnotes\/"]}]}},"jetpack_publicize_connections":[],"jetpack_featured_media_url":"https:\/\/i0.wp.com\/minutocerord.com\/wp-content\/uploads\/2021\/07\/NJ.jpg?fit=764%2C434&ssl=1","jetpack-related-posts":[],"jetpack_sharing_enabled":true,"_links":{"self":[{"href":"https:\/\/minutocerord.com\/index.php?rest_route=\/wp\/v2\/posts\/5159","targetHints":{"allow":["GET"]}}],"collection":[{"href":"https:\/\/minutocerord.com\/index.php?rest_route=\/wp\/v2\/posts"}],"about":[{"href":"https:\/\/minutocerord.com\/index.php?rest_route=\/wp\/v2\/types\/post"}],"author":[{"embeddable":true,"href":"https:\/\/minutocerord.com\/index.php?rest_route=\/wp\/v2\/users\/1"}],"replies":[{"embeddable":true,"href":"https:\/\/minutocerord.com\/index.php?rest_route=%2Fwp%2Fv2%2Fcomments&post=5159"}],"version-history":[{"count":2,"href":"https:\/\/minutocerord.com\/index.php?rest_route=\/wp\/v2\/posts\/5159\/revisions"}],"predecessor-version":[{"id":5163,"href":"https:\/\/minutocerord.com\/index.php?rest_route=\/wp\/v2\/posts\/5159\/revisions\/5163"}],"wp:featuredmedia":[{"embeddable":true,"href":"https:\/\/minutocerord.com\/index.php?rest_route=\/wp\/v2\/media\/5160"}],"wp:attachment":[{"href":"https:\/\/minutocerord.com\/index.php?rest_route=%2Fwp%2Fv2%2Fmedia&parent=5159"}],"wp:term":[{"taxonomy":"category","embeddable":true,"href":"https:\/\/minutocerord.com\/index.php?rest_route=%2Fwp%2Fv2%2Fcategories&post=5159"},{"taxonomy":"post_tag","embeddable":true,"href":"https:\/\/minutocerord.com\/index.php?rest_route=%2Fwp%2Fv2%2Ftags&post=5159"}],"curies":[{"name":"wp","href":"https:\/\/api.w.org\/{rel}","templated":true}]}}