{"id":5177,"date":"2021-07-27T14:03:12","date_gmt":"2021-07-27T18:03:12","guid":{"rendered":"https:\/\/minutocerord.com\/?p=5177"},"modified":"2021-07-27T14:03:17","modified_gmt":"2021-07-27T18:03:17","slug":"rep-dominicana-notifica-8-muertes-y-268-nuevos-contagios-de-covid-19","status":"publish","type":"post","link":"https:\/\/minutocerord.com\/?p=5177","title":{"rendered":"Rep. Dominicana notifica 8 muertes y 268 nuevos contagios de Covid-19"},"content":{"rendered":"\n<p>SANTO DOMINGO.- Rep\u00fablica Dominicana report\u00f3 este martes 268 nuevos contagios de Covid-19 y ocho defunciones por esa causa, pero aclar\u00f3 que solo dos ocurrieron en las \u00faltimas 24 horas.<\/p>\n\n\n\n<p>El bolet\u00edn 495 de la Direcci\u00f3n General de Epidemiologia (DIGEPI) refleja 91 casos m\u00e1s que el lunes, cuando fueron notificados 177.<\/p>\n\n\n\n<p><strong>Casos activos<\/strong><\/p>\n\n\n\n<p>Los casos activos son 28,000 casos activos, mientras 308,553 personas se han recuperado de la enfermedad.<\/p>\n\n\n\n<p>El informe indica que en las \u00faltimas 24 horas fueron procesadas 3,816 pruebas.<\/p>\n\n\n\n<p>En el Distrito Nacional fueron reportados 53 nuevos contagios, en la provincia Santo Domingo 61, en Santiago 14, San Crist\u00f3bal 13, San Pedro de Macor\u00eds 4, La Vega 6, La Romana 16 y La Altagracia 13.<\/p>\n\n\n\n<p>El total de muertos por COVID-19 en Rep\u00fablica Dominicana es de 3,945, el 25.70% de los cuales era hipertenso y el 16.05% diab\u00e9tico.<\/p>\n\n\n\n<p>Entre los infectados hay 1,400 trabajadores de la salud, 1,195 embarazadas y 37,507 menores de 20 a\u00f1os.<\/p>\n\n\n\n<p><strong>Ocupaci\u00f3n hospitalaria<\/strong><\/p>\n\n\n\n<p>En el pa\u00eds hay disponibilidad de 2,673 camas para pacientes de COVID, de las cuales 622 est\u00e1n ocupadas (23%).<\/p>\n\n\n\n<p>Hay disponibles 636 camas en unidades de cuidados intensivos, de las cuales 203 est\u00e1n ocupadas (32%), mientras que 525 ventiladores disponibles en la red hospitalaria, hay 128 ocupados (24%).<\/p>\n\n\n\n<p>Cifras de contagios y muertes<\/p>\n\n\n\n<p>1 julio \u2013 972 contagios, 18 defunciones<\/p>\n\n\n\n<p>2 julio \u2013 1,368 contagios, 6 defunciones<\/p>\n\n\n\n<p>3 julio \u2013 1,368 contagios, 6 defunciones<\/p>\n\n\n\n<p>4 julio \u2013 566 contagios, 5 defunciones<\/p>\n\n\n\n<p>5 julio \u2013 589 contagios, 1 defunci\u00f3n<\/p>\n\n\n\n<p>6 julio \u2013 713 contagios, 9 defunciones<\/p>\n\n\n\n<p>7 julio \u2013 697 contagios, 4 defunciones<\/p>\n\n\n\n<p>8 julio \u2013 885 contagios, 0 defunciones<\/p>\n\n\n\n<p>9 julio \u2013 558 contagios, 9 defunciones<\/p>\n\n\n\n<p>10 julio- 669 contagios, 10 defunciones<\/p>\n\n\n\n<p>11 julio- 628 contagios, 3 defunciones<\/p>\n\n\n\n<p>12 julio- 863 contagios, 1 defunci\u00f3n<\/p>\n\n\n\n<p>13 julio- 535 contagios, 4 defunciones<\/p>\n\n\n\n<p>14 julio- 530 contagios, 3 defunciones<\/p>\n\n\n\n<p>15 julio- 533 contagios, 7 defunciones<\/p>\n\n\n\n<p>16 julio- 549 contagios, 3 defunciones<\/p>\n\n\n\n<p>17 julio \u2013 454 contagios, 5 defunciones<\/p>\n\n\n\n<p>18 julio \u2013 428 contagios, 1 defunci\u00f3n<\/p>\n\n\n\n<p>19 julio \u2013 163 contagios, 0 defunci\u00f3n<\/p>\n\n\n\n<p>20 julio \u2013 237 contagios, 12 defunciones<\/p>\n\n\n\n<p>21 julio \u2013 315 contagios, 1 defunci\u00f3n<\/p>\n\n\n\n<p>22 julio \u2013 611 contagios, 2 defunciones<\/p>\n\n\n\n<p>23 julio \u2013 400 contagios, 0 defunciones<\/p>\n\n\n\n<p>24 julio \u2013 367 contagios, 6 defunciones<\/p>\n\n\n\n<p>25 julio \u2013 384 contagios, 0 defunciones<\/p>\n\n\n\n<p>26 julio \u2013 177 contagios, 0 defunciones<\/p>\n\n\n\n<p>27 julio \u2013 268 contagios, 8 defunciones<\/p>\n","protected":false},"excerpt":{"rendered":"<p>SANTO DOMINGO.- Rep\u00fablica Dominicana report\u00f3 este martes 268 nuevos contagios de Covid-19 y ocho defunciones por esa causa, pero aclar\u00f3 que solo dos ocurrieron en las \u00faltimas 24 horas. El bolet\u00edn 495 de la Direcci\u00f3n General de Epidemiologia (DIGEPI) refleja 91 casos m\u00e1s que el lunes, cuando fueron notificados 177. Casos activos Los casos activos [&hellip;]<\/p>\n","protected":false},"author":1,"featured_media":5178,"comment_status":"open","ping_status":"open","sticky":false,"template":"","format":"standard","meta":{"nf_dc_page":"","jetpack_post_was_ever_published":false,"_jetpack_newsletter_access":"","_jetpack_dont_email_post_to_subs":false,"_jetpack_newsletter_tier_id":0,"_jetpack_memberships_contains_paywalled_content":false,"_jetpack_memberships_contains_paid_content":false,"footnotes":"","jetpack_publicize_message":"","jetpack_publicize_feature_enabled":true,"jetpack_social_post_already_shared":false,"jetpack_social_options":{"image_generator_settings":{"template":"highway","default_image_id":0,"font":"","enabled":false},"version":2}},"categories":[67],"tags":[],"class_list":["post-5177","post","type-post","status-publish","format-standard","has-post-thumbnail","hentry","category-salud"],"yoast_head":"<!-- This site is optimized with the Yoast SEO plugin v27.5 - https:\/\/yoast.com\/product\/yoast-seo-wordpress\/ -->\n<title>Rep. Dominicana notifica 8 muertes y 268 nuevos contagios de Covid-19 - Minuto Cero RD<\/title>\n<meta name=\"robots\" content=\"index, follow, max-snippet:-1, max-image-preview:large, max-video-preview:-1\" \/>\n<link rel=\"canonical\" href=\"http:\/\/minutocerord.com\/?p=5177\" \/>\n<meta property=\"og:locale\" content=\"es_ES\" \/>\n<meta property=\"og:type\" content=\"article\" \/>\n<meta property=\"og:title\" content=\"Rep. Dominicana notifica 8 muertes y 268 nuevos contagios de Covid-19 - Minuto Cero RD\" \/>\n<meta property=\"og:description\" content=\"SANTO DOMINGO.- Rep\u00fablica Dominicana report\u00f3 este martes 268 nuevos contagios de Covid-19 y ocho defunciones por esa causa, pero aclar\u00f3 que solo dos ocurrieron en las \u00faltimas 24 horas. El bolet\u00edn 495 de la Direcci\u00f3n General de Epidemiologia (DIGEPI) refleja 91 casos m\u00e1s que el lunes, cuando fueron notificados 177. Casos activos Los casos activos [&hellip;]\" \/>\n<meta property=\"og:url\" content=\"http:\/\/minutocerord.com\/?p=5177\" \/>\n<meta property=\"og:site_name\" content=\"Minuto Cero RD\" \/>\n<meta property=\"article:publisher\" content=\"https:\/\/www.facebook.com\/Genofnotes\" \/>\n<meta property=\"article:author\" content=\"https:\/\/www.facebook.com\/Genofnotes\" \/>\n<meta property=\"article:published_time\" content=\"2021-07-27T18:03:12+00:00\" \/>\n<meta property=\"article:modified_time\" content=\"2021-07-27T18:03:17+00:00\" \/>\n<meta property=\"og:image\" content=\"https:\/\/i0.wp.com\/minutocerord.com\/wp-content\/uploads\/2021\/07\/ccd32448-prueba-covid-3-5fe143c1e4242-2.jpg?fit=983%2C512\" \/>\n\t<meta property=\"og:image:width\" content=\"983\" \/>\n\t<meta property=\"og:image:height\" content=\"512\" \/>\n\t<meta property=\"og:image:type\" content=\"image\/jpeg\" \/>\n<meta name=\"author\" content=\"Genof\u00f3ntes Urb\u00e1ez\" \/>\n<meta name=\"twitter:card\" content=\"summary_large_image\" \/>\n<meta name=\"twitter:label1\" content=\"Written by\" \/>\n\t<meta name=\"twitter:data1\" content=\"Genof\u00f3ntes Urb\u00e1ez\" \/>\n\t<meta name=\"twitter:label2\" content=\"Est. reading time\" \/>\n\t<meta name=\"twitter:data2\" content=\"2 minutos\" \/>\n<script type=\"application\/ld+json\" class=\"yoast-schema-graph\">{\"@context\":\"https:\\\/\\\/schema.org\",\"@graph\":[{\"@type\":\"Article\",\"@id\":\"http:\\\/\\\/minutocerord.com\\\/?p=5177#article\",\"isPartOf\":{\"@id\":\"http:\\\/\\\/minutocerord.com\\\/?p=5177\"},\"author\":{\"name\":\"Genof\u00f3ntes Urb\u00e1ez\",\"@id\":\"https:\\\/\\\/minutocerord.com\\\/#\\\/schema\\\/person\\\/60b5372d60aaa0a5171fb6488be9aee6\"},\"headline\":\"Rep. Dominicana notifica 8 muertes y 268 nuevos contagios de Covid-19\",\"datePublished\":\"2021-07-27T18:03:12+00:00\",\"dateModified\":\"2021-07-27T18:03:17+00:00\",\"mainEntityOfPage\":{\"@id\":\"http:\\\/\\\/minutocerord.com\\\/?p=5177\"},\"wordCount\":288,\"commentCount\":0,\"publisher\":{\"@id\":\"https:\\\/\\\/minutocerord.com\\\/#\\\/schema\\\/person\\\/60b5372d60aaa0a5171fb6488be9aee6\"},\"image\":{\"@id\":\"http:\\\/\\\/minutocerord.com\\\/?p=5177#primaryimage\"},\"thumbnailUrl\":\"https:\\\/\\\/i0.wp.com\\\/minutocerord.com\\\/wp-content\\\/uploads\\\/2021\\\/07\\\/ccd32448-prueba-covid-3-5fe143c1e4242-2.jpg?fit=983%2C512&ssl=1\",\"articleSection\":[\"Salud\"],\"inLanguage\":\"es-DO\",\"potentialAction\":[{\"@type\":\"CommentAction\",\"name\":\"Comment\",\"target\":[\"http:\\\/\\\/minutocerord.com\\\/?p=5177#respond\"]}]},{\"@type\":\"WebPage\",\"@id\":\"http:\\\/\\\/minutocerord.com\\\/?p=5177\",\"url\":\"http:\\\/\\\/minutocerord.com\\\/?p=5177\",\"name\":\"Rep. Dominicana notifica 8 muertes y 268 nuevos contagios de Covid-19 - Minuto Cero RD\",\"isPartOf\":{\"@id\":\"https:\\\/\\\/minutocerord.com\\\/#website\"},\"primaryImageOfPage\":{\"@id\":\"http:\\\/\\\/minutocerord.com\\\/?p=5177#primaryimage\"},\"image\":{\"@id\":\"http:\\\/\\\/minutocerord.com\\\/?p=5177#primaryimage\"},\"thumbnailUrl\":\"https:\\\/\\\/i0.wp.com\\\/minutocerord.com\\\/wp-content\\\/uploads\\\/2021\\\/07\\\/ccd32448-prueba-covid-3-5fe143c1e4242-2.jpg?fit=983%2C512&ssl=1\",\"datePublished\":\"2021-07-27T18:03:12+00:00\",\"dateModified\":\"2021-07-27T18:03:17+00:00\",\"breadcrumb\":{\"@id\":\"http:\\\/\\\/minutocerord.com\\\/?p=5177#breadcrumb\"},\"inLanguage\":\"es-DO\",\"potentialAction\":[{\"@type\":\"ReadAction\",\"target\":[\"http:\\\/\\\/minutocerord.com\\\/?p=5177\"]}]},{\"@type\":\"ImageObject\",\"inLanguage\":\"es-DO\",\"@id\":\"http:\\\/\\\/minutocerord.com\\\/?p=5177#primaryimage\",\"url\":\"https:\\\/\\\/i0.wp.com\\\/minutocerord.com\\\/wp-content\\\/uploads\\\/2021\\\/07\\\/ccd32448-prueba-covid-3-5fe143c1e4242-2.jpg?fit=983%2C512&ssl=1\",\"contentUrl\":\"https:\\\/\\\/i0.wp.com\\\/minutocerord.com\\\/wp-content\\\/uploads\\\/2021\\\/07\\\/ccd32448-prueba-covid-3-5fe143c1e4242-2.jpg?fit=983%2C512&ssl=1\",\"width\":983,\"height\":512},{\"@type\":\"BreadcrumbList\",\"@id\":\"http:\\\/\\\/minutocerord.com\\\/?p=5177#breadcrumb\",\"itemListElement\":[{\"@type\":\"ListItem\",\"position\":1,\"name\":\"Home\",\"item\":\"https:\\\/\\\/minutocerord.com\\\/\"},{\"@type\":\"ListItem\",\"position\":2,\"name\":\"Rep. Dominicana notifica 8 muertes y 268 nuevos contagios de Covid-19\"}]},{\"@type\":\"WebSite\",\"@id\":\"https:\\\/\\\/minutocerord.com\\\/#website\",\"url\":\"https:\\\/\\\/minutocerord.com\\\/\",\"name\":\"Minuto Cero RD\",\"description\":\"Periodismo serio y veraz\",\"publisher\":{\"@id\":\"https:\\\/\\\/minutocerord.com\\\/#\\\/schema\\\/person\\\/60b5372d60aaa0a5171fb6488be9aee6\"},\"potentialAction\":[{\"@type\":\"SearchAction\",\"target\":{\"@type\":\"EntryPoint\",\"urlTemplate\":\"https:\\\/\\\/minutocerord.com\\\/?s={search_term_string}\"},\"query-input\":{\"@type\":\"PropertyValueSpecification\",\"valueRequired\":true,\"valueName\":\"search_term_string\"}}],\"inLanguage\":\"es-DO\"},{\"@type\":[\"Person\",\"Organization\"],\"@id\":\"https:\\\/\\\/minutocerord.com\\\/#\\\/schema\\\/person\\\/60b5372d60aaa0a5171fb6488be9aee6\",\"name\":\"Genof\u00f3ntes Urb\u00e1ez\",\"image\":{\"@type\":\"ImageObject\",\"inLanguage\":\"es-DO\",\"@id\":\"https:\\\/\\\/secure.gravatar.com\\\/avatar\\\/a49ef3186a692098ac3e8a1612261e3ad70cf9e44553dff2929e67939a0ecb9d?s=96&d=identicon&r=g\",\"url\":\"https:\\\/\\\/secure.gravatar.com\\\/avatar\\\/a49ef3186a692098ac3e8a1612261e3ad70cf9e44553dff2929e67939a0ecb9d?s=96&d=identicon&r=g\",\"contentUrl\":\"https:\\\/\\\/secure.gravatar.com\\\/avatar\\\/a49ef3186a692098ac3e8a1612261e3ad70cf9e44553dff2929e67939a0ecb9d?s=96&d=identicon&r=g\",\"caption\":\"Genof\u00f3ntes Urb\u00e1ez\"},\"logo\":{\"@id\":\"https:\\\/\\\/secure.gravatar.com\\\/avatar\\\/a49ef3186a692098ac3e8a1612261e3ad70cf9e44553dff2929e67939a0ecb9d?s=96&d=identicon&r=g\"},\"description\":\"Periodista \\\/ Locutor\",\"sameAs\":[\"https:\\\/\\\/www.facebook.com\\\/Genofnotes\",\"https:\\\/\\\/www.instagram.com\\\/genofnotes\\\/\"]}]}<\/script>\n<!-- \/ Yoast SEO plugin. -->","yoast_head_json":{"title":"Rep. Dominicana notifica 8 muertes y 268 nuevos contagios de Covid-19 - Minuto Cero RD","robots":{"index":"index","follow":"follow","max-snippet":"max-snippet:-1","max-image-preview":"max-image-preview:large","max-video-preview":"max-video-preview:-1"},"canonical":"http:\/\/minutocerord.com\/?p=5177","og_locale":"es_ES","og_type":"article","og_title":"Rep. Dominicana notifica 8 muertes y 268 nuevos contagios de Covid-19 - Minuto Cero RD","og_description":"SANTO DOMINGO.- Rep\u00fablica Dominicana report\u00f3 este martes 268 nuevos contagios de Covid-19 y ocho defunciones por esa causa, pero aclar\u00f3 que solo dos ocurrieron en las \u00faltimas 24 horas. El bolet\u00edn 495 de la Direcci\u00f3n General de Epidemiologia (DIGEPI) refleja 91 casos m\u00e1s que el lunes, cuando fueron notificados 177. Casos activos Los casos activos [&hellip;]","og_url":"http:\/\/minutocerord.com\/?p=5177","og_site_name":"Minuto Cero RD","article_publisher":"https:\/\/www.facebook.com\/Genofnotes","article_author":"https:\/\/www.facebook.com\/Genofnotes","article_published_time":"2021-07-27T18:03:12+00:00","article_modified_time":"2021-07-27T18:03:17+00:00","og_image":[{"width":983,"height":512,"url":"https:\/\/i0.wp.com\/minutocerord.com\/wp-content\/uploads\/2021\/07\/ccd32448-prueba-covid-3-5fe143c1e4242-2.jpg?fit=983%2C512","type":"image\/jpeg"}],"author":"Genof\u00f3ntes Urb\u00e1ez","twitter_card":"summary_large_image","twitter_misc":{"Written by":"Genof\u00f3ntes Urb\u00e1ez","Est. reading time":"2 minutos"},"schema":{"@context":"https:\/\/schema.org","@graph":[{"@type":"Article","@id":"http:\/\/minutocerord.com\/?p=5177#article","isPartOf":{"@id":"http:\/\/minutocerord.com\/?p=5177"},"author":{"name":"Genof\u00f3ntes Urb\u00e1ez","@id":"https:\/\/minutocerord.com\/#\/schema\/person\/60b5372d60aaa0a5171fb6488be9aee6"},"headline":"Rep. Dominicana notifica 8 muertes y 268 nuevos contagios de Covid-19","datePublished":"2021-07-27T18:03:12+00:00","dateModified":"2021-07-27T18:03:17+00:00","mainEntityOfPage":{"@id":"http:\/\/minutocerord.com\/?p=5177"},"wordCount":288,"commentCount":0,"publisher":{"@id":"https:\/\/minutocerord.com\/#\/schema\/person\/60b5372d60aaa0a5171fb6488be9aee6"},"image":{"@id":"http:\/\/minutocerord.com\/?p=5177#primaryimage"},"thumbnailUrl":"https:\/\/i0.wp.com\/minutocerord.com\/wp-content\/uploads\/2021\/07\/ccd32448-prueba-covid-3-5fe143c1e4242-2.jpg?fit=983%2C512&ssl=1","articleSection":["Salud"],"inLanguage":"es-DO","potentialAction":[{"@type":"CommentAction","name":"Comment","target":["http:\/\/minutocerord.com\/?p=5177#respond"]}]},{"@type":"WebPage","@id":"http:\/\/minutocerord.com\/?p=5177","url":"http:\/\/minutocerord.com\/?p=5177","name":"Rep. Dominicana notifica 8 muertes y 268 nuevos contagios de Covid-19 - Minuto Cero RD","isPartOf":{"@id":"https:\/\/minutocerord.com\/#website"},"primaryImageOfPage":{"@id":"http:\/\/minutocerord.com\/?p=5177#primaryimage"},"image":{"@id":"http:\/\/minutocerord.com\/?p=5177#primaryimage"},"thumbnailUrl":"https:\/\/i0.wp.com\/minutocerord.com\/wp-content\/uploads\/2021\/07\/ccd32448-prueba-covid-3-5fe143c1e4242-2.jpg?fit=983%2C512&ssl=1","datePublished":"2021-07-27T18:03:12+00:00","dateModified":"2021-07-27T18:03:17+00:00","breadcrumb":{"@id":"http:\/\/minutocerord.com\/?p=5177#breadcrumb"},"inLanguage":"es-DO","potentialAction":[{"@type":"ReadAction","target":["http:\/\/minutocerord.com\/?p=5177"]}]},{"@type":"ImageObject","inLanguage":"es-DO","@id":"http:\/\/minutocerord.com\/?p=5177#primaryimage","url":"https:\/\/i0.wp.com\/minutocerord.com\/wp-content\/uploads\/2021\/07\/ccd32448-prueba-covid-3-5fe143c1e4242-2.jpg?fit=983%2C512&ssl=1","contentUrl":"https:\/\/i0.wp.com\/minutocerord.com\/wp-content\/uploads\/2021\/07\/ccd32448-prueba-covid-3-5fe143c1e4242-2.jpg?fit=983%2C512&ssl=1","width":983,"height":512},{"@type":"BreadcrumbList","@id":"http:\/\/minutocerord.com\/?p=5177#breadcrumb","itemListElement":[{"@type":"ListItem","position":1,"name":"Home","item":"https:\/\/minutocerord.com\/"},{"@type":"ListItem","position":2,"name":"Rep. Dominicana notifica 8 muertes y 268 nuevos contagios de Covid-19"}]},{"@type":"WebSite","@id":"https:\/\/minutocerord.com\/#website","url":"https:\/\/minutocerord.com\/","name":"Minuto Cero RD","description":"Periodismo serio y veraz","publisher":{"@id":"https:\/\/minutocerord.com\/#\/schema\/person\/60b5372d60aaa0a5171fb6488be9aee6"},"potentialAction":[{"@type":"SearchAction","target":{"@type":"EntryPoint","urlTemplate":"https:\/\/minutocerord.com\/?s={search_term_string}"},"query-input":{"@type":"PropertyValueSpecification","valueRequired":true,"valueName":"search_term_string"}}],"inLanguage":"es-DO"},{"@type":["Person","Organization"],"@id":"https:\/\/minutocerord.com\/#\/schema\/person\/60b5372d60aaa0a5171fb6488be9aee6","name":"Genof\u00f3ntes Urb\u00e1ez","image":{"@type":"ImageObject","inLanguage":"es-DO","@id":"https:\/\/secure.gravatar.com\/avatar\/a49ef3186a692098ac3e8a1612261e3ad70cf9e44553dff2929e67939a0ecb9d?s=96&d=identicon&r=g","url":"https:\/\/secure.gravatar.com\/avatar\/a49ef3186a692098ac3e8a1612261e3ad70cf9e44553dff2929e67939a0ecb9d?s=96&d=identicon&r=g","contentUrl":"https:\/\/secure.gravatar.com\/avatar\/a49ef3186a692098ac3e8a1612261e3ad70cf9e44553dff2929e67939a0ecb9d?s=96&d=identicon&r=g","caption":"Genof\u00f3ntes Urb\u00e1ez"},"logo":{"@id":"https:\/\/secure.gravatar.com\/avatar\/a49ef3186a692098ac3e8a1612261e3ad70cf9e44553dff2929e67939a0ecb9d?s=96&d=identicon&r=g"},"description":"Periodista \/ Locutor","sameAs":["https:\/\/www.facebook.com\/Genofnotes","https:\/\/www.instagram.com\/genofnotes\/"]}]}},"jetpack_publicize_connections":[],"jetpack_featured_media_url":"https:\/\/i0.wp.com\/minutocerord.com\/wp-content\/uploads\/2021\/07\/ccd32448-prueba-covid-3-5fe143c1e4242-2.jpg?fit=983%2C512&ssl=1","jetpack-related-posts":[],"jetpack_sharing_enabled":true,"_links":{"self":[{"href":"https:\/\/minutocerord.com\/index.php?rest_route=\/wp\/v2\/posts\/5177","targetHints":{"allow":["GET"]}}],"collection":[{"href":"https:\/\/minutocerord.com\/index.php?rest_route=\/wp\/v2\/posts"}],"about":[{"href":"https:\/\/minutocerord.com\/index.php?rest_route=\/wp\/v2\/types\/post"}],"author":[{"embeddable":true,"href":"https:\/\/minutocerord.com\/index.php?rest_route=\/wp\/v2\/users\/1"}],"replies":[{"embeddable":true,"href":"https:\/\/minutocerord.com\/index.php?rest_route=%2Fwp%2Fv2%2Fcomments&post=5177"}],"version-history":[{"count":1,"href":"https:\/\/minutocerord.com\/index.php?rest_route=\/wp\/v2\/posts\/5177\/revisions"}],"predecessor-version":[{"id":5179,"href":"https:\/\/minutocerord.com\/index.php?rest_route=\/wp\/v2\/posts\/5177\/revisions\/5179"}],"wp:featuredmedia":[{"embeddable":true,"href":"https:\/\/minutocerord.com\/index.php?rest_route=\/wp\/v2\/media\/5178"}],"wp:attachment":[{"href":"https:\/\/minutocerord.com\/index.php?rest_route=%2Fwp%2Fv2%2Fmedia&parent=5177"}],"wp:term":[{"taxonomy":"category","embeddable":true,"href":"https:\/\/minutocerord.com\/index.php?rest_route=%2Fwp%2Fv2%2Fcategories&post=5177"},{"taxonomy":"post_tag","embeddable":true,"href":"https:\/\/minutocerord.com\/index.php?rest_route=%2Fwp%2Fv2%2Ftags&post=5177"}],"curies":[{"name":"wp","href":"https:\/\/api.w.org\/{rel}","templated":true}]}}