{"id":5187,"date":"2021-07-27T19:46:38","date_gmt":"2021-07-27T23:46:38","guid":{"rendered":"https:\/\/minutocerord.com\/?p=5187"},"modified":"2021-07-27T19:46:41","modified_gmt":"2021-07-27T23:46:41","slug":"solicitan-prision-decomiso-de-bienes-y-pago-de-multas-a-imputados-odebrecht","status":"publish","type":"post","link":"https:\/\/minutocerord.com\/?p=5187","title":{"rendered":"Solicitan prisi\u00f3n, decomiso de bienes y pago de multas a imputados Odebrecht"},"content":{"rendered":"\n<p><strong>Santo Domingo.-<\/strong> La Fiscal\u00eda General dominicana solicit\u00f3 hoy penas de prisi\u00f3n, el decomiso de bienes y el pago de multas a los seis acusados de presuntamente repartirse los 92 millones de d\u00f3lares que la constructora brasile\u00f1a Odebrecht admiti\u00f3 pag\u00f3 en el pa\u00eds para adjudicarse obras de infraestructura p\u00fablicas.<\/p>\n\n\n\n<p>La Procuradur\u00eda Especializada para la Persecuci\u00f3n de la Corrupci\u00f3n (Pepca) concluy\u00f3 este martes sus alegatos contra el expresidente del Senado Andr\u00e9s Bautista, los exsenadores Tommy Gal\u00e1n y Roberto Rodr\u00edguez, el exministro de Obras P\u00fablicas V\u00edctor D\u00edaz R\u00faa, el abogado Conrado Pittaluga y el empresario \u00c1ngel Rond\u00f3n, a quien se acusa de ser el supuesto distribuidor de los sobornos.<\/p>\n\n\n\n<p>Los fiscales solicitaron al Primer Tribunal Colegiado del Distrito Nacional, la imposici\u00f3n de 10 a\u00f1os de prisi\u00f3n a Rond\u00f3n y D\u00edaz R\u00faa, cinco a\u00f1os de reclusi\u00f3n a Gal\u00e1n, Rodr\u00edguez y Bautista, y siete a\u00f1os de c\u00e1rcel para Pittaluga, adem\u00e1s del pago de 200 salarios m\u00ednimos como multa.<\/p>\n\n\n\n<p>El grupo est\u00e1 acusado de sobornos, prevaricaci\u00f3n, falsedad de escritura, lavado de activos, enriquecimiento il\u00edcito y asociaci\u00f3n de malhechores.<\/p>\n\n\n\n<p>El tribunal pospuso el juicio y orden\u00f3 que el jueves venidero se reanude con la presentaci\u00f3n de la defensa t\u00e9cnica del imputado Rond\u00f3n.<\/p>\n\n\n\n<p>Cada acusado tendr\u00e1 la misma oportunidad y luego se producir\u00e1n las r\u00e9plicas del Ministerio P\u00fablico y de las barras de la defensa, con lo cual el juicio habr\u00e1 concluido a la espera de la sentencia que emita la corte.<\/p>\n\n\n\n<p>Rond\u00f3n es se\u00f1alado por los fiscales como el armador de un entramado societario conformado por varias empresas que sirvieron, supuestamente, para lavar dinero il\u00edcito.<\/p>\n\n\n\n<p>La fiscal Mirna Ortiz afirm\u00f3 hoy que el exejecutivo de Odebrecht en el pa\u00eds ten\u00eda la facilidad para \u00abllegar hasta los despachos de funcionarios y legisladores\u00bb y con ellos estructurar la manera en que obrar\u00edan en favor de la constructora brasile\u00f1a.<\/p>\n\n\n\n<p>Odebrecht admiti\u00f3 en 2016 que pag\u00f3 92 millones de d\u00f3lares -entre 2001 y 2014- en sobornos a pol\u00edticos dominicanos para adjudicarse y lograr facilidades en 16 contratos de obras p\u00fablicas, entre ellos carreteras, hidroel\u00e9ctricas o acueductos, cuyos presupuestos sumados rondan los 3.865 millones de d\u00f3lares.<\/p>\n\n\n\n<p>La empresa brasile\u00f1a lleg\u00f3 a un acuerdo con la Procuradur\u00eda General dominicana en 2017 por el que deber\u00e1 pagar 184 millones de d\u00f3lares en varias cuotas, el doble de lo que admiti\u00f3 haber entregado en sobornos en el pa\u00eds.<\/p>\n","protected":false},"excerpt":{"rendered":"<p>Santo Domingo.- La Fiscal\u00eda General dominicana solicit\u00f3 hoy penas de prisi\u00f3n, el decomiso de bienes y el pago de multas a los seis acusados de presuntamente repartirse los 92 millones de d\u00f3lares que la constructora brasile\u00f1a Odebrecht admiti\u00f3 pag\u00f3 en el pa\u00eds para adjudicarse obras de infraestructura p\u00fablicas. La Procuradur\u00eda Especializada para la Persecuci\u00f3n de [&hellip;]<\/p>\n","protected":false},"author":1,"featured_media":5188,"comment_status":"open","ping_status":"open","sticky":false,"template":"","format":"standard","meta":{"nf_dc_page":"","jetpack_post_was_ever_published":false,"_jetpack_newsletter_access":"","_jetpack_dont_email_post_to_subs":false,"_jetpack_newsletter_tier_id":0,"_jetpack_memberships_contains_paywalled_content":false,"_jetpack_memberships_contains_paid_content":false,"footnotes":"","jetpack_publicize_message":"","jetpack_publicize_feature_enabled":true,"jetpack_social_post_already_shared":false,"jetpack_social_options":{"image_generator_settings":{"template":"highway","default_image_id":0,"font":"","enabled":false},"version":2}},"categories":[93],"tags":[],"class_list":["post-5187","post","type-post","status-publish","format-standard","has-post-thumbnail","hentry","category-justicia"],"yoast_head":"<!-- This site is optimized with the Yoast SEO plugin v27.5 - https:\/\/yoast.com\/product\/yoast-seo-wordpress\/ -->\n<title>Solicitan prisi\u00f3n, decomiso de bienes y pago de multas a imputados Odebrecht - Minuto Cero RD<\/title>\n<meta name=\"robots\" content=\"index, follow, max-snippet:-1, max-image-preview:large, max-video-preview:-1\" \/>\n<link rel=\"canonical\" href=\"http:\/\/minutocerord.com\/?p=5187\" \/>\n<meta property=\"og:locale\" content=\"es_ES\" \/>\n<meta property=\"og:type\" content=\"article\" \/>\n<meta property=\"og:title\" content=\"Solicitan prisi\u00f3n, decomiso de bienes y pago de multas a imputados Odebrecht - Minuto Cero RD\" \/>\n<meta property=\"og:description\" content=\"Santo Domingo.- La Fiscal\u00eda General dominicana solicit\u00f3 hoy penas de prisi\u00f3n, el decomiso de bienes y el pago de multas a los seis acusados de presuntamente repartirse los 92 millones de d\u00f3lares que la constructora brasile\u00f1a Odebrecht admiti\u00f3 pag\u00f3 en el pa\u00eds para adjudicarse obras de infraestructura p\u00fablicas. La Procuradur\u00eda Especializada para la Persecuci\u00f3n de [&hellip;]\" \/>\n<meta property=\"og:url\" content=\"http:\/\/minutocerord.com\/?p=5187\" \/>\n<meta property=\"og:site_name\" content=\"Minuto Cero RD\" \/>\n<meta property=\"article:publisher\" content=\"https:\/\/www.facebook.com\/Genofnotes\" \/>\n<meta property=\"article:author\" content=\"https:\/\/www.facebook.com\/Genofnotes\" \/>\n<meta property=\"article:published_time\" content=\"2021-07-27T23:46:38+00:00\" \/>\n<meta property=\"article:modified_time\" content=\"2021-07-27T23:46:41+00:00\" \/>\n<meta property=\"og:image\" content=\"https:\/\/i0.wp.com\/minutocerord.com\/wp-content\/uploads\/2021\/07\/5anos.jpg?fit=640%2C384\" \/>\n\t<meta property=\"og:image:width\" content=\"640\" \/>\n\t<meta property=\"og:image:height\" content=\"384\" \/>\n\t<meta property=\"og:image:type\" content=\"image\/jpeg\" \/>\n<meta name=\"author\" content=\"Genof\u00f3ntes Urb\u00e1ez\" \/>\n<meta name=\"twitter:card\" content=\"summary_large_image\" \/>\n<meta name=\"twitter:label1\" content=\"Written by\" \/>\n\t<meta name=\"twitter:data1\" content=\"Genof\u00f3ntes Urb\u00e1ez\" \/>\n\t<meta name=\"twitter:label2\" content=\"Est. reading time\" \/>\n\t<meta name=\"twitter:data2\" content=\"2 minutos\" \/>\n<script type=\"application\/ld+json\" class=\"yoast-schema-graph\">{\"@context\":\"https:\\\/\\\/schema.org\",\"@graph\":[{\"@type\":\"Article\",\"@id\":\"http:\\\/\\\/minutocerord.com\\\/?p=5187#article\",\"isPartOf\":{\"@id\":\"http:\\\/\\\/minutocerord.com\\\/?p=5187\"},\"author\":{\"name\":\"Genof\u00f3ntes Urb\u00e1ez\",\"@id\":\"https:\\\/\\\/minutocerord.com\\\/#\\\/schema\\\/person\\\/60b5372d60aaa0a5171fb6488be9aee6\"},\"headline\":\"Solicitan prisi\u00f3n, decomiso de bienes y pago de multas a imputados Odebrecht\",\"datePublished\":\"2021-07-27T23:46:38+00:00\",\"dateModified\":\"2021-07-27T23:46:41+00:00\",\"mainEntityOfPage\":{\"@id\":\"http:\\\/\\\/minutocerord.com\\\/?p=5187\"},\"wordCount\":443,\"commentCount\":0,\"publisher\":{\"@id\":\"https:\\\/\\\/minutocerord.com\\\/#\\\/schema\\\/person\\\/60b5372d60aaa0a5171fb6488be9aee6\"},\"image\":{\"@id\":\"http:\\\/\\\/minutocerord.com\\\/?p=5187#primaryimage\"},\"thumbnailUrl\":\"https:\\\/\\\/i0.wp.com\\\/minutocerord.com\\\/wp-content\\\/uploads\\\/2021\\\/07\\\/5anos.jpg?fit=640%2C384&ssl=1\",\"articleSection\":[\"Justicia\"],\"inLanguage\":\"es-DO\",\"potentialAction\":[{\"@type\":\"CommentAction\",\"name\":\"Comment\",\"target\":[\"http:\\\/\\\/minutocerord.com\\\/?p=5187#respond\"]}]},{\"@type\":\"WebPage\",\"@id\":\"http:\\\/\\\/minutocerord.com\\\/?p=5187\",\"url\":\"http:\\\/\\\/minutocerord.com\\\/?p=5187\",\"name\":\"Solicitan prisi\u00f3n, decomiso de bienes y pago de multas a imputados Odebrecht - Minuto Cero RD\",\"isPartOf\":{\"@id\":\"https:\\\/\\\/minutocerord.com\\\/#website\"},\"primaryImageOfPage\":{\"@id\":\"http:\\\/\\\/minutocerord.com\\\/?p=5187#primaryimage\"},\"image\":{\"@id\":\"http:\\\/\\\/minutocerord.com\\\/?p=5187#primaryimage\"},\"thumbnailUrl\":\"https:\\\/\\\/i0.wp.com\\\/minutocerord.com\\\/wp-content\\\/uploads\\\/2021\\\/07\\\/5anos.jpg?fit=640%2C384&ssl=1\",\"datePublished\":\"2021-07-27T23:46:38+00:00\",\"dateModified\":\"2021-07-27T23:46:41+00:00\",\"breadcrumb\":{\"@id\":\"http:\\\/\\\/minutocerord.com\\\/?p=5187#breadcrumb\"},\"inLanguage\":\"es-DO\",\"potentialAction\":[{\"@type\":\"ReadAction\",\"target\":[\"http:\\\/\\\/minutocerord.com\\\/?p=5187\"]}]},{\"@type\":\"ImageObject\",\"inLanguage\":\"es-DO\",\"@id\":\"http:\\\/\\\/minutocerord.com\\\/?p=5187#primaryimage\",\"url\":\"https:\\\/\\\/i0.wp.com\\\/minutocerord.com\\\/wp-content\\\/uploads\\\/2021\\\/07\\\/5anos.jpg?fit=640%2C384&ssl=1\",\"contentUrl\":\"https:\\\/\\\/i0.wp.com\\\/minutocerord.com\\\/wp-content\\\/uploads\\\/2021\\\/07\\\/5anos.jpg?fit=640%2C384&ssl=1\",\"width\":640,\"height\":384},{\"@type\":\"BreadcrumbList\",\"@id\":\"http:\\\/\\\/minutocerord.com\\\/?p=5187#breadcrumb\",\"itemListElement\":[{\"@type\":\"ListItem\",\"position\":1,\"name\":\"Home\",\"item\":\"https:\\\/\\\/minutocerord.com\\\/\"},{\"@type\":\"ListItem\",\"position\":2,\"name\":\"Solicitan prisi\u00f3n, decomiso de bienes y pago de multas a imputados Odebrecht\"}]},{\"@type\":\"WebSite\",\"@id\":\"https:\\\/\\\/minutocerord.com\\\/#website\",\"url\":\"https:\\\/\\\/minutocerord.com\\\/\",\"name\":\"Minuto Cero RD\",\"description\":\"Periodismo serio y veraz\",\"publisher\":{\"@id\":\"https:\\\/\\\/minutocerord.com\\\/#\\\/schema\\\/person\\\/60b5372d60aaa0a5171fb6488be9aee6\"},\"potentialAction\":[{\"@type\":\"SearchAction\",\"target\":{\"@type\":\"EntryPoint\",\"urlTemplate\":\"https:\\\/\\\/minutocerord.com\\\/?s={search_term_string}\"},\"query-input\":{\"@type\":\"PropertyValueSpecification\",\"valueRequired\":true,\"valueName\":\"search_term_string\"}}],\"inLanguage\":\"es-DO\"},{\"@type\":[\"Person\",\"Organization\"],\"@id\":\"https:\\\/\\\/minutocerord.com\\\/#\\\/schema\\\/person\\\/60b5372d60aaa0a5171fb6488be9aee6\",\"name\":\"Genof\u00f3ntes Urb\u00e1ez\",\"image\":{\"@type\":\"ImageObject\",\"inLanguage\":\"es-DO\",\"@id\":\"https:\\\/\\\/secure.gravatar.com\\\/avatar\\\/a49ef3186a692098ac3e8a1612261e3ad70cf9e44553dff2929e67939a0ecb9d?s=96&d=identicon&r=g\",\"url\":\"https:\\\/\\\/secure.gravatar.com\\\/avatar\\\/a49ef3186a692098ac3e8a1612261e3ad70cf9e44553dff2929e67939a0ecb9d?s=96&d=identicon&r=g\",\"contentUrl\":\"https:\\\/\\\/secure.gravatar.com\\\/avatar\\\/a49ef3186a692098ac3e8a1612261e3ad70cf9e44553dff2929e67939a0ecb9d?s=96&d=identicon&r=g\",\"caption\":\"Genof\u00f3ntes Urb\u00e1ez\"},\"logo\":{\"@id\":\"https:\\\/\\\/secure.gravatar.com\\\/avatar\\\/a49ef3186a692098ac3e8a1612261e3ad70cf9e44553dff2929e67939a0ecb9d?s=96&d=identicon&r=g\"},\"description\":\"Periodista \\\/ Locutor\",\"sameAs\":[\"https:\\\/\\\/www.facebook.com\\\/Genofnotes\",\"https:\\\/\\\/www.instagram.com\\\/genofnotes\\\/\"]}]}<\/script>\n<!-- \/ Yoast SEO plugin. -->","yoast_head_json":{"title":"Solicitan prisi\u00f3n, decomiso de bienes y pago de multas a imputados Odebrecht - Minuto Cero RD","robots":{"index":"index","follow":"follow","max-snippet":"max-snippet:-1","max-image-preview":"max-image-preview:large","max-video-preview":"max-video-preview:-1"},"canonical":"http:\/\/minutocerord.com\/?p=5187","og_locale":"es_ES","og_type":"article","og_title":"Solicitan prisi\u00f3n, decomiso de bienes y pago de multas a imputados Odebrecht - Minuto Cero RD","og_description":"Santo Domingo.- La Fiscal\u00eda General dominicana solicit\u00f3 hoy penas de prisi\u00f3n, el decomiso de bienes y el pago de multas a los seis acusados de presuntamente repartirse los 92 millones de d\u00f3lares que la constructora brasile\u00f1a Odebrecht admiti\u00f3 pag\u00f3 en el pa\u00eds para adjudicarse obras de infraestructura p\u00fablicas. La Procuradur\u00eda Especializada para la Persecuci\u00f3n de [&hellip;]","og_url":"http:\/\/minutocerord.com\/?p=5187","og_site_name":"Minuto Cero RD","article_publisher":"https:\/\/www.facebook.com\/Genofnotes","article_author":"https:\/\/www.facebook.com\/Genofnotes","article_published_time":"2021-07-27T23:46:38+00:00","article_modified_time":"2021-07-27T23:46:41+00:00","og_image":[{"width":640,"height":384,"url":"https:\/\/i0.wp.com\/minutocerord.com\/wp-content\/uploads\/2021\/07\/5anos.jpg?fit=640%2C384","type":"image\/jpeg"}],"author":"Genof\u00f3ntes Urb\u00e1ez","twitter_card":"summary_large_image","twitter_misc":{"Written by":"Genof\u00f3ntes Urb\u00e1ez","Est. reading time":"2 minutos"},"schema":{"@context":"https:\/\/schema.org","@graph":[{"@type":"Article","@id":"http:\/\/minutocerord.com\/?p=5187#article","isPartOf":{"@id":"http:\/\/minutocerord.com\/?p=5187"},"author":{"name":"Genof\u00f3ntes Urb\u00e1ez","@id":"https:\/\/minutocerord.com\/#\/schema\/person\/60b5372d60aaa0a5171fb6488be9aee6"},"headline":"Solicitan prisi\u00f3n, decomiso de bienes y pago de multas a imputados Odebrecht","datePublished":"2021-07-27T23:46:38+00:00","dateModified":"2021-07-27T23:46:41+00:00","mainEntityOfPage":{"@id":"http:\/\/minutocerord.com\/?p=5187"},"wordCount":443,"commentCount":0,"publisher":{"@id":"https:\/\/minutocerord.com\/#\/schema\/person\/60b5372d60aaa0a5171fb6488be9aee6"},"image":{"@id":"http:\/\/minutocerord.com\/?p=5187#primaryimage"},"thumbnailUrl":"https:\/\/i0.wp.com\/minutocerord.com\/wp-content\/uploads\/2021\/07\/5anos.jpg?fit=640%2C384&ssl=1","articleSection":["Justicia"],"inLanguage":"es-DO","potentialAction":[{"@type":"CommentAction","name":"Comment","target":["http:\/\/minutocerord.com\/?p=5187#respond"]}]},{"@type":"WebPage","@id":"http:\/\/minutocerord.com\/?p=5187","url":"http:\/\/minutocerord.com\/?p=5187","name":"Solicitan prisi\u00f3n, decomiso de bienes y pago de multas a imputados Odebrecht - Minuto Cero RD","isPartOf":{"@id":"https:\/\/minutocerord.com\/#website"},"primaryImageOfPage":{"@id":"http:\/\/minutocerord.com\/?p=5187#primaryimage"},"image":{"@id":"http:\/\/minutocerord.com\/?p=5187#primaryimage"},"thumbnailUrl":"https:\/\/i0.wp.com\/minutocerord.com\/wp-content\/uploads\/2021\/07\/5anos.jpg?fit=640%2C384&ssl=1","datePublished":"2021-07-27T23:46:38+00:00","dateModified":"2021-07-27T23:46:41+00:00","breadcrumb":{"@id":"http:\/\/minutocerord.com\/?p=5187#breadcrumb"},"inLanguage":"es-DO","potentialAction":[{"@type":"ReadAction","target":["http:\/\/minutocerord.com\/?p=5187"]}]},{"@type":"ImageObject","inLanguage":"es-DO","@id":"http:\/\/minutocerord.com\/?p=5187#primaryimage","url":"https:\/\/i0.wp.com\/minutocerord.com\/wp-content\/uploads\/2021\/07\/5anos.jpg?fit=640%2C384&ssl=1","contentUrl":"https:\/\/i0.wp.com\/minutocerord.com\/wp-content\/uploads\/2021\/07\/5anos.jpg?fit=640%2C384&ssl=1","width":640,"height":384},{"@type":"BreadcrumbList","@id":"http:\/\/minutocerord.com\/?p=5187#breadcrumb","itemListElement":[{"@type":"ListItem","position":1,"name":"Home","item":"https:\/\/minutocerord.com\/"},{"@type":"ListItem","position":2,"name":"Solicitan prisi\u00f3n, decomiso de bienes y pago de multas a imputados Odebrecht"}]},{"@type":"WebSite","@id":"https:\/\/minutocerord.com\/#website","url":"https:\/\/minutocerord.com\/","name":"Minuto Cero RD","description":"Periodismo serio y veraz","publisher":{"@id":"https:\/\/minutocerord.com\/#\/schema\/person\/60b5372d60aaa0a5171fb6488be9aee6"},"potentialAction":[{"@type":"SearchAction","target":{"@type":"EntryPoint","urlTemplate":"https:\/\/minutocerord.com\/?s={search_term_string}"},"query-input":{"@type":"PropertyValueSpecification","valueRequired":true,"valueName":"search_term_string"}}],"inLanguage":"es-DO"},{"@type":["Person","Organization"],"@id":"https:\/\/minutocerord.com\/#\/schema\/person\/60b5372d60aaa0a5171fb6488be9aee6","name":"Genof\u00f3ntes Urb\u00e1ez","image":{"@type":"ImageObject","inLanguage":"es-DO","@id":"https:\/\/secure.gravatar.com\/avatar\/a49ef3186a692098ac3e8a1612261e3ad70cf9e44553dff2929e67939a0ecb9d?s=96&d=identicon&r=g","url":"https:\/\/secure.gravatar.com\/avatar\/a49ef3186a692098ac3e8a1612261e3ad70cf9e44553dff2929e67939a0ecb9d?s=96&d=identicon&r=g","contentUrl":"https:\/\/secure.gravatar.com\/avatar\/a49ef3186a692098ac3e8a1612261e3ad70cf9e44553dff2929e67939a0ecb9d?s=96&d=identicon&r=g","caption":"Genof\u00f3ntes Urb\u00e1ez"},"logo":{"@id":"https:\/\/secure.gravatar.com\/avatar\/a49ef3186a692098ac3e8a1612261e3ad70cf9e44553dff2929e67939a0ecb9d?s=96&d=identicon&r=g"},"description":"Periodista \/ Locutor","sameAs":["https:\/\/www.facebook.com\/Genofnotes","https:\/\/www.instagram.com\/genofnotes\/"]}]}},"jetpack_publicize_connections":[],"jetpack_featured_media_url":"https:\/\/i0.wp.com\/minutocerord.com\/wp-content\/uploads\/2021\/07\/5anos.jpg?fit=640%2C384&ssl=1","jetpack-related-posts":[],"jetpack_sharing_enabled":true,"_links":{"self":[{"href":"https:\/\/minutocerord.com\/index.php?rest_route=\/wp\/v2\/posts\/5187","targetHints":{"allow":["GET"]}}],"collection":[{"href":"https:\/\/minutocerord.com\/index.php?rest_route=\/wp\/v2\/posts"}],"about":[{"href":"https:\/\/minutocerord.com\/index.php?rest_route=\/wp\/v2\/types\/post"}],"author":[{"embeddable":true,"href":"https:\/\/minutocerord.com\/index.php?rest_route=\/wp\/v2\/users\/1"}],"replies":[{"embeddable":true,"href":"https:\/\/minutocerord.com\/index.php?rest_route=%2Fwp%2Fv2%2Fcomments&post=5187"}],"version-history":[{"count":1,"href":"https:\/\/minutocerord.com\/index.php?rest_route=\/wp\/v2\/posts\/5187\/revisions"}],"predecessor-version":[{"id":5189,"href":"https:\/\/minutocerord.com\/index.php?rest_route=\/wp\/v2\/posts\/5187\/revisions\/5189"}],"wp:featuredmedia":[{"embeddable":true,"href":"https:\/\/minutocerord.com\/index.php?rest_route=\/wp\/v2\/media\/5188"}],"wp:attachment":[{"href":"https:\/\/minutocerord.com\/index.php?rest_route=%2Fwp%2Fv2%2Fmedia&parent=5187"}],"wp:term":[{"taxonomy":"category","embeddable":true,"href":"https:\/\/minutocerord.com\/index.php?rest_route=%2Fwp%2Fv2%2Fcategories&post=5187"},{"taxonomy":"post_tag","embeddable":true,"href":"https:\/\/minutocerord.com\/index.php?rest_route=%2Fwp%2Fv2%2Ftags&post=5187"}],"curies":[{"name":"wp","href":"https:\/\/api.w.org\/{rel}","templated":true}]}}