{"id":5190,"date":"2021-07-28T12:56:41","date_gmt":"2021-07-28T16:56:41","guid":{"rendered":"https:\/\/minutocerord.com\/?p=5190"},"modified":"2021-07-28T13:31:22","modified_gmt":"2021-07-28T17:31:22","slug":"ni-muerte-de-moise-ni-disturbios-han-frenado-construccion-canal-en-masacre","status":"publish","type":"post","link":"https:\/\/minutocerord.com\/?p=5190","title":{"rendered":"Ni muerte de Mo\u00efse, ni disturbios en Hait\u00ed han frenado construcci\u00f3n del canal en r\u00edo Masacre"},"content":{"rendered":"\n<p><strong>&nbsp;DAJAB\u00d3N.-<\/strong>Agricultores de la zona fronteriza reiteraron su preocupaci\u00f3n por la construcci\u00f3n de un canal de riego del lado haitiano en el r\u00edo Masacre.<\/p>\n\n\n\n<p>\u201cLamentablemente la construcci\u00f3n de ese canal va a provocar que nosotros desaparezcamos como agricultores de Dajab\u00f3n\u201d, vaticina Manuel Contreras, un agricultor.<\/p>\n\n\n\n<p>Indica que si bien desde hace a\u00f1os tienen problemas de escasez de agua, suelen manejarse adecuadamente para entre todos producir arroz en 13,000 tareas solo en la zona del distrito municipal de Ca\u00f1ongo.<\/p>\n\n\n\n<p>\u201cEso nunca se ha parado de construir, esa gente va a construir ese canal. Si las autoridades dominicanas no se ponen fuertes esto ser\u00e1 lamentable. Ahora mismo nosotros tenemos una sequ\u00eda enorme, no hay agua.<a><\/a><\/p>\n\n\n\n<p>Tenemos que prender bombas y extraer el agua de pozos porque no hay agua. Entonces si construyen ese canal ah\u00ed, acabar\u00e1n con nosotros\u201d, asegura otro de los productores, de nombre Pedro Antonio Amado.<\/p>\n\n\n\n<p>Insiste en que esperan una r\u00e1pida intervenci\u00f3n de las autoridades y aclara que no se oponen a que se busque una forma de ayudar al vecino pa\u00eds.<\/p>\n\n\n\n<p>\u201cNo estamos en desacuerdo con que se ayude a Hait\u00ed, pero que construyan una presa para que tanto ellos como nosotros tengamos agua garantizada\u201d, agreg\u00f3.<\/p>\n\n\n\n<p><strong>Peligrosa sequ\u00eda<\/strong><\/p>\n\n\n\n<p>La tierra en la que reposa el arroz reci\u00e9n sembrado est\u00e1 quebrada.<\/p>\n\n\n\n<p>Los canales que deber\u00edan estar llenos de agua, est\u00e1n secos y los pozos desde donde extraen el l\u00edquido con bombas est\u00e1n infestados de ranas una clara se\u00f1al de que el suministro alterno tambi\u00e9n empieza a escasear.<\/p>\n\n\n\n<p><strong>Peque\u00f1os productores<\/strong><\/p>\n\n\n\n<p>En general, son productores peque\u00f1os que siembran entre cuarenta y ochenta tareas que pertenecen a un mismo due\u00f1o. Contratan haitianos para realizar las labores de acondicionamiento del terreno, el mantenimiento y la cosecha del arroz. \u201cYo mismo tengo 78 tareas sembradas de arroz con catorce hombres fijos haciendo limpieza de terreno y aplanando\u201d, asegura Contreras.<\/p>\n\n\n\n<p>Amado agrega que trabajan para sobrevivir. \u201cNo hay forma de hacerse rico, se trabaja para mantener la familia, ojal\u00e1 el gobierno pueda hacer algo con los insumos agr\u00edcolas, que est\u00e1n muy caros, y el arroz nos lo siguen comprando al mismo precio\u201d.<\/p>\n\n\n\n<p><strong>La preparaci\u00f3n<\/strong><\/p>\n\n\n\n<p>El proceso de preparaci\u00f3n de una cosecha de arroz no es trabajo placentero.<\/p>\n\n\n\n<p>Los agricultores deben preparar el suelo, construir los muros de contenci\u00f3n del agua, nivelar el terreno con bueyes y regar la producci\u00f3n.<\/p>\n\n\n\n<p>Una vez regado, el arroz empieza a crecer al cabo de ocho d\u00edas, momento en que se realiza un proceso de quema, es decir, vierten insecticida para liberarlo de malezas y plagas.<\/p>\n\n\n\n<p>\u201cYa en cuatro meses el arroz est\u00e1 listo para ser cortado y se lleva al molino para procesarse\u201d. En el \u00e1rea tambi\u00e9n se producen otros bienes como aj\u00edes, pl\u00e1tano y tomate, aunque en menor proporci\u00f3n.<\/p>\n\n\n\n<p>Son trabajadores en edad adulta, los j\u00f3venes que labran la tierra resaltan debido a su poca cantidad.<\/p>\n\n\n\n<p>La gracia y humildad que caracteriza al dominicano de las zonas rurales acompa\u00f1an a estos hombres. Pese a las dificultades, suelen mantener una actitud alegre a lo largo del d\u00eda.<\/p>\n\n\n\n<p><strong>\u20141\u2014 Crisis<\/strong><\/p>\n\n\n\n<p>El magnicidio en Hait\u00ed ocasion\u00f3 que se perdiara la atenci\u00f3n a la construcci\u00f3n de un canal del lado haitiano en el r\u00edo Masacre.<\/p>\n\n\n\n<p><strong>\u20142\u2014 Posici\u00f3n<\/strong><\/p>\n\n\n\n<p>El gobierno dominicano ha dicho no retomar\u00e1 las conversaciones hasta tanto se paralice dicha obra. De momento, la situaci\u00f3n pol\u00edtica de Hait\u00ed ha impedido se le de seguimiento al tema.<\/p>\n","protected":false},"excerpt":{"rendered":"<p>&nbsp;DAJAB\u00d3N.-Agricultores de la zona fronteriza reiteraron su preocupaci\u00f3n por la construcci\u00f3n de un canal de riego del lado haitiano en el r\u00edo Masacre. \u201cLamentablemente la construcci\u00f3n de ese canal va a provocar que nosotros desaparezcamos como agricultores de Dajab\u00f3n\u201d, vaticina Manuel Contreras, un agricultor. Indica que si bien desde hace a\u00f1os tienen problemas de escasez [&hellip;]<\/p>\n","protected":false},"author":1,"featured_media":5191,"comment_status":"open","ping_status":"open","sticky":false,"template":"","format":"standard","meta":{"nf_dc_page":"","jetpack_post_was_ever_published":false,"_jetpack_newsletter_access":"","_jetpack_dont_email_post_to_subs":false,"_jetpack_newsletter_tier_id":0,"_jetpack_memberships_contains_paywalled_content":false,"_jetpack_memberships_contains_paid_content":false,"footnotes":"","jetpack_publicize_message":"","jetpack_publicize_feature_enabled":true,"jetpack_social_post_already_shared":false,"jetpack_social_options":{"image_generator_settings":{"template":"highway","default_image_id":0,"font":"","enabled":false},"version":2}},"categories":[91],"tags":[],"class_list":["post-5190","post","type-post","status-publish","format-standard","has-post-thumbnail","hentry","category-provincia"],"yoast_head":"<!-- This site is optimized with the Yoast SEO plugin v27.4 - https:\/\/yoast.com\/product\/yoast-seo-wordpress\/ -->\n<title>Ni muerte de Mo\u00efse, ni disturbios en Hait\u00ed han frenado construcci\u00f3n del canal en r\u00edo Masacre - Minuto Cero RD<\/title>\n<meta name=\"robots\" content=\"index, follow, max-snippet:-1, max-image-preview:large, max-video-preview:-1\" \/>\n<link rel=\"canonical\" href=\"https:\/\/minutocerord.com\/?p=5190\" \/>\n<meta property=\"og:locale\" content=\"es_ES\" \/>\n<meta property=\"og:type\" content=\"article\" \/>\n<meta property=\"og:title\" content=\"Ni muerte de Mo\u00efse, ni disturbios en Hait\u00ed han frenado construcci\u00f3n del canal en r\u00edo Masacre - Minuto Cero RD\" \/>\n<meta property=\"og:description\" content=\"&nbsp;DAJAB\u00d3N.-Agricultores de la zona fronteriza reiteraron su preocupaci\u00f3n por la construcci\u00f3n de un canal de riego del lado haitiano en el r\u00edo Masacre. \u201cLamentablemente la construcci\u00f3n de ese canal va a provocar que nosotros desaparezcamos como agricultores de Dajab\u00f3n\u201d, vaticina Manuel Contreras, un agricultor. Indica que si bien desde hace a\u00f1os tienen problemas de escasez [&hellip;]\" \/>\n<meta property=\"og:url\" content=\"https:\/\/minutocerord.com\/?p=5190\" \/>\n<meta property=\"og:site_name\" content=\"Minuto Cero RD\" \/>\n<meta property=\"article:publisher\" content=\"https:\/\/www.facebook.com\/Genofnotes\" \/>\n<meta property=\"article:author\" content=\"https:\/\/www.facebook.com\/Genofnotes\" \/>\n<meta property=\"article:published_time\" content=\"2021-07-28T16:56:41+00:00\" \/>\n<meta property=\"article:modified_time\" content=\"2021-07-28T17:31:22+00:00\" \/>\n<meta property=\"og:image\" content=\"https:\/\/i0.wp.com\/minutocerord.com\/wp-content\/uploads\/2021\/07\/Captura-7.png?fit=805%2C733&ssl=1\" \/>\n\t<meta property=\"og:image:width\" content=\"805\" \/>\n\t<meta property=\"og:image:height\" content=\"733\" \/>\n\t<meta property=\"og:image:type\" content=\"image\/png\" \/>\n<meta name=\"author\" content=\"Genof\u00f3ntes Urb\u00e1ez\" \/>\n<meta name=\"twitter:card\" content=\"summary_large_image\" \/>\n<meta name=\"twitter:label1\" content=\"Written by\" \/>\n\t<meta name=\"twitter:data1\" content=\"Genof\u00f3ntes Urb\u00e1ez\" \/>\n\t<meta name=\"twitter:label2\" content=\"Est. reading time\" \/>\n\t<meta name=\"twitter:data2\" content=\"3 minutos\" \/>\n<script type=\"application\/ld+json\" class=\"yoast-schema-graph\">{\"@context\":\"https:\\\/\\\/schema.org\",\"@graph\":[{\"@type\":\"Article\",\"@id\":\"https:\\\/\\\/minutocerord.com\\\/?p=5190#article\",\"isPartOf\":{\"@id\":\"https:\\\/\\\/minutocerord.com\\\/?p=5190\"},\"author\":{\"name\":\"Genof\u00f3ntes Urb\u00e1ez\",\"@id\":\"https:\\\/\\\/minutocerord.com\\\/#\\\/schema\\\/person\\\/60b5372d60aaa0a5171fb6488be9aee6\"},\"headline\":\"Ni muerte de Mo\u00efse, ni disturbios en Hait\u00ed han frenado construcci\u00f3n del canal en r\u00edo Masacre\",\"datePublished\":\"2021-07-28T16:56:41+00:00\",\"dateModified\":\"2021-07-28T17:31:22+00:00\",\"mainEntityOfPage\":{\"@id\":\"https:\\\/\\\/minutocerord.com\\\/?p=5190\"},\"wordCount\":615,\"commentCount\":0,\"publisher\":{\"@id\":\"https:\\\/\\\/minutocerord.com\\\/#\\\/schema\\\/person\\\/60b5372d60aaa0a5171fb6488be9aee6\"},\"image\":{\"@id\":\"https:\\\/\\\/minutocerord.com\\\/?p=5190#primaryimage\"},\"thumbnailUrl\":\"https:\\\/\\\/i0.wp.com\\\/minutocerord.com\\\/wp-content\\\/uploads\\\/2021\\\/07\\\/Captura-7.png?fit=805%2C733&ssl=1\",\"articleSection\":[\"Provincia\"],\"inLanguage\":\"es-DO\",\"potentialAction\":[{\"@type\":\"CommentAction\",\"name\":\"Comment\",\"target\":[\"https:\\\/\\\/minutocerord.com\\\/?p=5190#respond\"]}]},{\"@type\":\"WebPage\",\"@id\":\"https:\\\/\\\/minutocerord.com\\\/?p=5190\",\"url\":\"https:\\\/\\\/minutocerord.com\\\/?p=5190\",\"name\":\"Ni muerte de Mo\u00efse, ni disturbios en Hait\u00ed han frenado construcci\u00f3n del canal en r\u00edo Masacre - Minuto Cero RD\",\"isPartOf\":{\"@id\":\"https:\\\/\\\/minutocerord.com\\\/#website\"},\"primaryImageOfPage\":{\"@id\":\"https:\\\/\\\/minutocerord.com\\\/?p=5190#primaryimage\"},\"image\":{\"@id\":\"https:\\\/\\\/minutocerord.com\\\/?p=5190#primaryimage\"},\"thumbnailUrl\":\"https:\\\/\\\/i0.wp.com\\\/minutocerord.com\\\/wp-content\\\/uploads\\\/2021\\\/07\\\/Captura-7.png?fit=805%2C733&ssl=1\",\"datePublished\":\"2021-07-28T16:56:41+00:00\",\"dateModified\":\"2021-07-28T17:31:22+00:00\",\"breadcrumb\":{\"@id\":\"https:\\\/\\\/minutocerord.com\\\/?p=5190#breadcrumb\"},\"inLanguage\":\"es-DO\",\"potentialAction\":[{\"@type\":\"ReadAction\",\"target\":[\"https:\\\/\\\/minutocerord.com\\\/?p=5190\"]}]},{\"@type\":\"ImageObject\",\"inLanguage\":\"es-DO\",\"@id\":\"https:\\\/\\\/minutocerord.com\\\/?p=5190#primaryimage\",\"url\":\"https:\\\/\\\/i0.wp.com\\\/minutocerord.com\\\/wp-content\\\/uploads\\\/2021\\\/07\\\/Captura-7.png?fit=805%2C733&ssl=1\",\"contentUrl\":\"https:\\\/\\\/i0.wp.com\\\/minutocerord.com\\\/wp-content\\\/uploads\\\/2021\\\/07\\\/Captura-7.png?fit=805%2C733&ssl=1\",\"width\":805,\"height\":733},{\"@type\":\"BreadcrumbList\",\"@id\":\"https:\\\/\\\/minutocerord.com\\\/?p=5190#breadcrumb\",\"itemListElement\":[{\"@type\":\"ListItem\",\"position\":1,\"name\":\"Home\",\"item\":\"https:\\\/\\\/minutocerord.com\\\/\"},{\"@type\":\"ListItem\",\"position\":2,\"name\":\"Ni muerte de Mo\u00efse, ni disturbios en Hait\u00ed han frenado construcci\u00f3n del canal en r\u00edo Masacre\"}]},{\"@type\":\"WebSite\",\"@id\":\"https:\\\/\\\/minutocerord.com\\\/#website\",\"url\":\"https:\\\/\\\/minutocerord.com\\\/\",\"name\":\"Minuto Cero RD\",\"description\":\"Periodismo serio y veraz\",\"publisher\":{\"@id\":\"https:\\\/\\\/minutocerord.com\\\/#\\\/schema\\\/person\\\/60b5372d60aaa0a5171fb6488be9aee6\"},\"potentialAction\":[{\"@type\":\"SearchAction\",\"target\":{\"@type\":\"EntryPoint\",\"urlTemplate\":\"https:\\\/\\\/minutocerord.com\\\/?s={search_term_string}\"},\"query-input\":{\"@type\":\"PropertyValueSpecification\",\"valueRequired\":true,\"valueName\":\"search_term_string\"}}],\"inLanguage\":\"es-DO\"},{\"@type\":[\"Person\",\"Organization\"],\"@id\":\"https:\\\/\\\/minutocerord.com\\\/#\\\/schema\\\/person\\\/60b5372d60aaa0a5171fb6488be9aee6\",\"name\":\"Genof\u00f3ntes Urb\u00e1ez\",\"image\":{\"@type\":\"ImageObject\",\"inLanguage\":\"es-DO\",\"@id\":\"https:\\\/\\\/secure.gravatar.com\\\/avatar\\\/a49ef3186a692098ac3e8a1612261e3ad70cf9e44553dff2929e67939a0ecb9d?s=96&d=identicon&r=g\",\"url\":\"https:\\\/\\\/secure.gravatar.com\\\/avatar\\\/a49ef3186a692098ac3e8a1612261e3ad70cf9e44553dff2929e67939a0ecb9d?s=96&d=identicon&r=g\",\"contentUrl\":\"https:\\\/\\\/secure.gravatar.com\\\/avatar\\\/a49ef3186a692098ac3e8a1612261e3ad70cf9e44553dff2929e67939a0ecb9d?s=96&d=identicon&r=g\",\"caption\":\"Genof\u00f3ntes Urb\u00e1ez\"},\"logo\":{\"@id\":\"https:\\\/\\\/secure.gravatar.com\\\/avatar\\\/a49ef3186a692098ac3e8a1612261e3ad70cf9e44553dff2929e67939a0ecb9d?s=96&d=identicon&r=g\"},\"description\":\"Periodista \\\/ Locutor\",\"sameAs\":[\"https:\\\/\\\/www.facebook.com\\\/Genofnotes\",\"https:\\\/\\\/www.instagram.com\\\/genofnotes\\\/\"]}]}<\/script>\n<!-- \/ Yoast SEO plugin. -->","yoast_head_json":{"title":"Ni muerte de Mo\u00efse, ni disturbios en Hait\u00ed han frenado construcci\u00f3n del canal en r\u00edo Masacre - Minuto Cero RD","robots":{"index":"index","follow":"follow","max-snippet":"max-snippet:-1","max-image-preview":"max-image-preview:large","max-video-preview":"max-video-preview:-1"},"canonical":"https:\/\/minutocerord.com\/?p=5190","og_locale":"es_ES","og_type":"article","og_title":"Ni muerte de Mo\u00efse, ni disturbios en Hait\u00ed han frenado construcci\u00f3n del canal en r\u00edo Masacre - Minuto Cero RD","og_description":"&nbsp;DAJAB\u00d3N.-Agricultores de la zona fronteriza reiteraron su preocupaci\u00f3n por la construcci\u00f3n de un canal de riego del lado haitiano en el r\u00edo Masacre. \u201cLamentablemente la construcci\u00f3n de ese canal va a provocar que nosotros desaparezcamos como agricultores de Dajab\u00f3n\u201d, vaticina Manuel Contreras, un agricultor. Indica que si bien desde hace a\u00f1os tienen problemas de escasez [&hellip;]","og_url":"https:\/\/minutocerord.com\/?p=5190","og_site_name":"Minuto Cero RD","article_publisher":"https:\/\/www.facebook.com\/Genofnotes","article_author":"https:\/\/www.facebook.com\/Genofnotes","article_published_time":"2021-07-28T16:56:41+00:00","article_modified_time":"2021-07-28T17:31:22+00:00","og_image":[{"width":805,"height":733,"url":"https:\/\/i0.wp.com\/minutocerord.com\/wp-content\/uploads\/2021\/07\/Captura-7.png?fit=805%2C733&ssl=1","type":"image\/png"}],"author":"Genof\u00f3ntes Urb\u00e1ez","twitter_card":"summary_large_image","twitter_misc":{"Written by":"Genof\u00f3ntes Urb\u00e1ez","Est. reading time":"3 minutos"},"schema":{"@context":"https:\/\/schema.org","@graph":[{"@type":"Article","@id":"https:\/\/minutocerord.com\/?p=5190#article","isPartOf":{"@id":"https:\/\/minutocerord.com\/?p=5190"},"author":{"name":"Genof\u00f3ntes Urb\u00e1ez","@id":"https:\/\/minutocerord.com\/#\/schema\/person\/60b5372d60aaa0a5171fb6488be9aee6"},"headline":"Ni muerte de Mo\u00efse, ni disturbios en Hait\u00ed han frenado construcci\u00f3n del canal en r\u00edo Masacre","datePublished":"2021-07-28T16:56:41+00:00","dateModified":"2021-07-28T17:31:22+00:00","mainEntityOfPage":{"@id":"https:\/\/minutocerord.com\/?p=5190"},"wordCount":615,"commentCount":0,"publisher":{"@id":"https:\/\/minutocerord.com\/#\/schema\/person\/60b5372d60aaa0a5171fb6488be9aee6"},"image":{"@id":"https:\/\/minutocerord.com\/?p=5190#primaryimage"},"thumbnailUrl":"https:\/\/i0.wp.com\/minutocerord.com\/wp-content\/uploads\/2021\/07\/Captura-7.png?fit=805%2C733&ssl=1","articleSection":["Provincia"],"inLanguage":"es-DO","potentialAction":[{"@type":"CommentAction","name":"Comment","target":["https:\/\/minutocerord.com\/?p=5190#respond"]}]},{"@type":"WebPage","@id":"https:\/\/minutocerord.com\/?p=5190","url":"https:\/\/minutocerord.com\/?p=5190","name":"Ni muerte de Mo\u00efse, ni disturbios en Hait\u00ed han frenado construcci\u00f3n del canal en r\u00edo Masacre - Minuto Cero RD","isPartOf":{"@id":"https:\/\/minutocerord.com\/#website"},"primaryImageOfPage":{"@id":"https:\/\/minutocerord.com\/?p=5190#primaryimage"},"image":{"@id":"https:\/\/minutocerord.com\/?p=5190#primaryimage"},"thumbnailUrl":"https:\/\/i0.wp.com\/minutocerord.com\/wp-content\/uploads\/2021\/07\/Captura-7.png?fit=805%2C733&ssl=1","datePublished":"2021-07-28T16:56:41+00:00","dateModified":"2021-07-28T17:31:22+00:00","breadcrumb":{"@id":"https:\/\/minutocerord.com\/?p=5190#breadcrumb"},"inLanguage":"es-DO","potentialAction":[{"@type":"ReadAction","target":["https:\/\/minutocerord.com\/?p=5190"]}]},{"@type":"ImageObject","inLanguage":"es-DO","@id":"https:\/\/minutocerord.com\/?p=5190#primaryimage","url":"https:\/\/i0.wp.com\/minutocerord.com\/wp-content\/uploads\/2021\/07\/Captura-7.png?fit=805%2C733&ssl=1","contentUrl":"https:\/\/i0.wp.com\/minutocerord.com\/wp-content\/uploads\/2021\/07\/Captura-7.png?fit=805%2C733&ssl=1","width":805,"height":733},{"@type":"BreadcrumbList","@id":"https:\/\/minutocerord.com\/?p=5190#breadcrumb","itemListElement":[{"@type":"ListItem","position":1,"name":"Home","item":"https:\/\/minutocerord.com\/"},{"@type":"ListItem","position":2,"name":"Ni muerte de Mo\u00efse, ni disturbios en Hait\u00ed han frenado construcci\u00f3n del canal en r\u00edo Masacre"}]},{"@type":"WebSite","@id":"https:\/\/minutocerord.com\/#website","url":"https:\/\/minutocerord.com\/","name":"Minuto Cero RD","description":"Periodismo serio y veraz","publisher":{"@id":"https:\/\/minutocerord.com\/#\/schema\/person\/60b5372d60aaa0a5171fb6488be9aee6"},"potentialAction":[{"@type":"SearchAction","target":{"@type":"EntryPoint","urlTemplate":"https:\/\/minutocerord.com\/?s={search_term_string}"},"query-input":{"@type":"PropertyValueSpecification","valueRequired":true,"valueName":"search_term_string"}}],"inLanguage":"es-DO"},{"@type":["Person","Organization"],"@id":"https:\/\/minutocerord.com\/#\/schema\/person\/60b5372d60aaa0a5171fb6488be9aee6","name":"Genof\u00f3ntes Urb\u00e1ez","image":{"@type":"ImageObject","inLanguage":"es-DO","@id":"https:\/\/secure.gravatar.com\/avatar\/a49ef3186a692098ac3e8a1612261e3ad70cf9e44553dff2929e67939a0ecb9d?s=96&d=identicon&r=g","url":"https:\/\/secure.gravatar.com\/avatar\/a49ef3186a692098ac3e8a1612261e3ad70cf9e44553dff2929e67939a0ecb9d?s=96&d=identicon&r=g","contentUrl":"https:\/\/secure.gravatar.com\/avatar\/a49ef3186a692098ac3e8a1612261e3ad70cf9e44553dff2929e67939a0ecb9d?s=96&d=identicon&r=g","caption":"Genof\u00f3ntes Urb\u00e1ez"},"logo":{"@id":"https:\/\/secure.gravatar.com\/avatar\/a49ef3186a692098ac3e8a1612261e3ad70cf9e44553dff2929e67939a0ecb9d?s=96&d=identicon&r=g"},"description":"Periodista \/ Locutor","sameAs":["https:\/\/www.facebook.com\/Genofnotes","https:\/\/www.instagram.com\/genofnotes\/"]}]}},"jetpack_publicize_connections":[],"jetpack_featured_media_url":"https:\/\/i0.wp.com\/minutocerord.com\/wp-content\/uploads\/2021\/07\/Captura-7.png?fit=805%2C733&ssl=1","jetpack-related-posts":[],"jetpack_sharing_enabled":true,"_links":{"self":[{"href":"https:\/\/minutocerord.com\/index.php?rest_route=\/wp\/v2\/posts\/5190","targetHints":{"allow":["GET"]}}],"collection":[{"href":"https:\/\/minutocerord.com\/index.php?rest_route=\/wp\/v2\/posts"}],"about":[{"href":"https:\/\/minutocerord.com\/index.php?rest_route=\/wp\/v2\/types\/post"}],"author":[{"embeddable":true,"href":"https:\/\/minutocerord.com\/index.php?rest_route=\/wp\/v2\/users\/1"}],"replies":[{"embeddable":true,"href":"https:\/\/minutocerord.com\/index.php?rest_route=%2Fwp%2Fv2%2Fcomments&post=5190"}],"version-history":[{"count":4,"href":"https:\/\/minutocerord.com\/index.php?rest_route=\/wp\/v2\/posts\/5190\/revisions"}],"predecessor-version":[{"id":5206,"href":"https:\/\/minutocerord.com\/index.php?rest_route=\/wp\/v2\/posts\/5190\/revisions\/5206"}],"wp:featuredmedia":[{"embeddable":true,"href":"https:\/\/minutocerord.com\/index.php?rest_route=\/wp\/v2\/media\/5191"}],"wp:attachment":[{"href":"https:\/\/minutocerord.com\/index.php?rest_route=%2Fwp%2Fv2%2Fmedia&parent=5190"}],"wp:term":[{"taxonomy":"category","embeddable":true,"href":"https:\/\/minutocerord.com\/index.php?rest_route=%2Fwp%2Fv2%2Fcategories&post=5190"},{"taxonomy":"post_tag","embeddable":true,"href":"https:\/\/minutocerord.com\/index.php?rest_route=%2Fwp%2Fv2%2Ftags&post=5190"}],"curies":[{"name":"wp","href":"https:\/\/api.w.org\/{rel}","templated":true}]}}