{"id":5196,"date":"2021-07-28T13:11:10","date_gmt":"2021-07-28T17:11:10","guid":{"rendered":"https:\/\/minutocerord.com\/?p=5196"},"modified":"2021-07-28T13:11:19","modified_gmt":"2021-07-28T17:11:19","slug":"rep-dominicana-notifica-8-muertes-y-316-nuevos-contagios-de-covid-19","status":"publish","type":"post","link":"https:\/\/minutocerord.com\/?p=5196","title":{"rendered":"Rep. Dominicana notifica 8 muertes y 316 nuevos contagios de Covid-19"},"content":{"rendered":"\n<p>SANTO DOMINGO.- Rep\u00fablica Dominicana report\u00f3 este mi\u00e9rcoles 316 nuevos contagios de Covid-19 y ocho defunciones por esa causa, pero aclar\u00f3 que solo tres ocurrieron en las \u00faltimas 24 horas.<\/p>\n\n\n\n<p>El bolet\u00edn 496 de la Direcci\u00f3n General de Epidemiologia (DIGEPI) refleja 48 casos m\u00e1s que el martes, cuando fueron notificados 268.<\/p>\n\n\n\n<p><strong>Casos activos<\/strong><\/p>\n\n\n\n<p>Los casos activos son 24,657 casos activos, mientras 312,204 personas se han recuperado de la enfermedad.<\/p>\n\n\n\n<p>El informe indica que en las \u00faltimas 24 horas fueron procesadas 3,562 pruebas.<\/p>\n\n\n\n<p>Entre los infectados hay 1,400 trabajadores de la salud, 1,195 embarazadas y 37,561 menores de 20 a\u00f1os.<\/p>\n\n\n\n<p>En el Distrito Nacional fueron reportados 68 nuevos contagios, en la provincia Santo Domingo 109, en Santiago 27, San Crist\u00f3bal 14, San Pedro de Macor\u00eds 1, La Vega 16, La Romana 2 y La Altagracia 7.<\/p>\n\n\n\n<p><strong>Ocupaci\u00f3n hospitalaria<\/strong><\/p>\n\n\n\n<p>En el pa\u00eds hay disponibilidad de 2,656 camas para pacientes de COVID, de las cuales 614 est\u00e1n ocupadas (23%).<\/p>\n\n\n\n<p>Hay disponibles 640 camas en unidades de cuidados intensivos, de las cuales 196 est\u00e1n ocupadas (31%), mientras que 525 ventiladores disponibles en la red hospitalaria, hay 131 ocupados (25%).<\/p>\n\n\n\n<p><strong>Cifras de contagios y muertes<\/strong><\/p>\n\n\n\n<p>1 julio \u2013 972 contagios, 18 defunciones<\/p>\n\n\n\n<p>2 julio \u2013 1,368 contagios, 6 defunciones<\/p>\n\n\n\n<p>3 julio \u2013 1,368 contagios, 6 defunciones<\/p>\n\n\n\n<p>4 julio \u2013 566 contagios, 5 defunciones<\/p>\n\n\n\n<p>5 julio \u2013 589 contagios, 1 defunci\u00f3n<\/p>\n\n\n\n<p>6 julio \u2013 713 contagios, 9 defunciones<\/p>\n\n\n\n<p>7 julio \u2013 697 contagios, 4 defunciones<\/p>\n\n\n\n<p>8 julio \u2013 885 contagios, 0 defunciones<\/p>\n\n\n\n<p>9 julio \u2013 558 contagios, 9 defunciones<\/p>\n\n\n\n<p>10 julio- 669 contagios, 10 defunciones<\/p>\n\n\n\n<p>11 julio- 628 contagios, 3 defunciones<\/p>\n\n\n\n<p>12 julio- 863 contagios, 1 defunci\u00f3n<\/p>\n\n\n\n<p>13 julio- 535 contagios, 4 defunciones<\/p>\n\n\n\n<p>14 julio- 530 contagios, 3 defunciones<\/p>\n\n\n\n<p>15 julio- 533 contagios, 7 defunciones<\/p>\n\n\n\n<p>16 julio- 549 contagios, 3 defunciones<\/p>\n\n\n\n<p>17 julio \u2013 454 contagios, 5 defunciones<\/p>\n\n\n\n<p>18 julio \u2013 428 contagios, 1 defunci\u00f3n<\/p>\n\n\n\n<p>19 julio \u2013 163 contagios, 0 defunci\u00f3n<\/p>\n\n\n\n<p>20 julio \u2013 237 contagios, 12 defunciones<\/p>\n\n\n\n<p>21 julio \u2013 315 contagios, 1 defunci\u00f3n<\/p>\n\n\n\n<p>22 julio \u2013 611 contagios, 2 defunciones<\/p>\n\n\n\n<p>23 julio \u2013 400 contagios, 0 defunciones<\/p>\n\n\n\n<p>24 julio \u2013 367 contagios, 6 defunciones<\/p>\n\n\n\n<p>25 julio \u2013 384 contagios, 0 defunciones<\/p>\n\n\n\n<p>26 julio \u2013 177 contagios, 0 defunciones<\/p>\n\n\n\n<p>27 julio \u2013 268 contagios, 8 defunciones<\/p>\n\n\n\n<p>28 julio \u2013 316 contagios, 8 defunciones<\/p>\n","protected":false},"excerpt":{"rendered":"<p>SANTO DOMINGO.- Rep\u00fablica Dominicana report\u00f3 este mi\u00e9rcoles 316 nuevos contagios de Covid-19 y ocho defunciones por esa causa, pero aclar\u00f3 que solo tres ocurrieron en las \u00faltimas 24 horas. El bolet\u00edn 496 de la Direcci\u00f3n General de Epidemiologia (DIGEPI) refleja 48 casos m\u00e1s que el martes, cuando fueron notificados 268. Casos activos Los casos activos [&hellip;]<\/p>\n","protected":false},"author":1,"featured_media":5197,"comment_status":"open","ping_status":"open","sticky":false,"template":"","format":"standard","meta":{"nf_dc_page":"","jetpack_post_was_ever_published":false,"_jetpack_newsletter_access":"","_jetpack_dont_email_post_to_subs":false,"_jetpack_newsletter_tier_id":0,"_jetpack_memberships_contains_paywalled_content":false,"_jetpack_memberships_contains_paid_content":false,"footnotes":"","jetpack_publicize_message":"","jetpack_publicize_feature_enabled":true,"jetpack_social_post_already_shared":false,"jetpack_social_options":{"image_generator_settings":{"template":"highway","default_image_id":0,"font":"","enabled":false},"version":2}},"categories":[67],"tags":[],"class_list":["post-5196","post","type-post","status-publish","format-standard","has-post-thumbnail","hentry","category-salud"],"yoast_head":"<!-- This site is optimized with the Yoast SEO plugin v27.5 - https:\/\/yoast.com\/product\/yoast-seo-wordpress\/ -->\n<title>Rep. Dominicana notifica 8 muertes y 316 nuevos contagios de Covid-19 - Minuto Cero RD<\/title>\n<meta name=\"robots\" content=\"index, follow, max-snippet:-1, max-image-preview:large, max-video-preview:-1\" \/>\n<link rel=\"canonical\" href=\"https:\/\/minutocerord.com\/?p=5196\" \/>\n<meta property=\"og:locale\" content=\"es_ES\" \/>\n<meta property=\"og:type\" content=\"article\" \/>\n<meta property=\"og:title\" content=\"Rep. Dominicana notifica 8 muertes y 316 nuevos contagios de Covid-19 - Minuto Cero RD\" \/>\n<meta property=\"og:description\" content=\"SANTO DOMINGO.- Rep\u00fablica Dominicana report\u00f3 este mi\u00e9rcoles 316 nuevos contagios de Covid-19 y ocho defunciones por esa causa, pero aclar\u00f3 que solo tres ocurrieron en las \u00faltimas 24 horas. El bolet\u00edn 496 de la Direcci\u00f3n General de Epidemiologia (DIGEPI) refleja 48 casos m\u00e1s que el martes, cuando fueron notificados 268. Casos activos Los casos activos [&hellip;]\" \/>\n<meta property=\"og:url\" content=\"https:\/\/minutocerord.com\/?p=5196\" \/>\n<meta property=\"og:site_name\" content=\"Minuto Cero RD\" \/>\n<meta property=\"article:publisher\" content=\"https:\/\/www.facebook.com\/Genofnotes\" \/>\n<meta property=\"article:author\" content=\"https:\/\/www.facebook.com\/Genofnotes\" \/>\n<meta property=\"article:published_time\" content=\"2021-07-28T17:11:10+00:00\" \/>\n<meta property=\"article:modified_time\" content=\"2021-07-28T17:11:19+00:00\" \/>\n<meta property=\"og:image\" content=\"https:\/\/i0.wp.com\/minutocerord.com\/wp-content\/uploads\/2021\/07\/la-peligrosa-variante-delta-del-covid-esta-aqui-2.jpeg?fit=672%2C379&ssl=1\" \/>\n\t<meta property=\"og:image:width\" content=\"672\" \/>\n\t<meta property=\"og:image:height\" content=\"379\" \/>\n\t<meta property=\"og:image:type\" content=\"image\/jpeg\" \/>\n<meta name=\"author\" content=\"Genof\u00f3ntes Urb\u00e1ez\" \/>\n<meta name=\"twitter:card\" content=\"summary_large_image\" \/>\n<meta name=\"twitter:label1\" content=\"Written by\" \/>\n\t<meta name=\"twitter:data1\" content=\"Genof\u00f3ntes Urb\u00e1ez\" \/>\n\t<meta name=\"twitter:label2\" content=\"Est. reading time\" \/>\n\t<meta name=\"twitter:data2\" content=\"2 minutos\" \/>\n<script type=\"application\/ld+json\" class=\"yoast-schema-graph\">{\"@context\":\"https:\\\/\\\/schema.org\",\"@graph\":[{\"@type\":\"Article\",\"@id\":\"https:\\\/\\\/minutocerord.com\\\/?p=5196#article\",\"isPartOf\":{\"@id\":\"https:\\\/\\\/minutocerord.com\\\/?p=5196\"},\"author\":{\"name\":\"Genof\u00f3ntes Urb\u00e1ez\",\"@id\":\"https:\\\/\\\/minutocerord.com\\\/#\\\/schema\\\/person\\\/60b5372d60aaa0a5171fb6488be9aee6\"},\"headline\":\"Rep. Dominicana notifica 8 muertes y 316 nuevos contagios de Covid-19\",\"datePublished\":\"2021-07-28T17:11:10+00:00\",\"dateModified\":\"2021-07-28T17:11:19+00:00\",\"mainEntityOfPage\":{\"@id\":\"https:\\\/\\\/minutocerord.com\\\/?p=5196\"},\"wordCount\":270,\"commentCount\":0,\"publisher\":{\"@id\":\"https:\\\/\\\/minutocerord.com\\\/#\\\/schema\\\/person\\\/60b5372d60aaa0a5171fb6488be9aee6\"},\"image\":{\"@id\":\"https:\\\/\\\/minutocerord.com\\\/?p=5196#primaryimage\"},\"thumbnailUrl\":\"https:\\\/\\\/i0.wp.com\\\/minutocerord.com\\\/wp-content\\\/uploads\\\/2021\\\/07\\\/la-peligrosa-variante-delta-del-covid-esta-aqui-2.jpeg?fit=672%2C379&ssl=1\",\"articleSection\":[\"Salud\"],\"inLanguage\":\"es-DO\",\"potentialAction\":[{\"@type\":\"CommentAction\",\"name\":\"Comment\",\"target\":[\"https:\\\/\\\/minutocerord.com\\\/?p=5196#respond\"]}]},{\"@type\":\"WebPage\",\"@id\":\"https:\\\/\\\/minutocerord.com\\\/?p=5196\",\"url\":\"https:\\\/\\\/minutocerord.com\\\/?p=5196\",\"name\":\"Rep. Dominicana notifica 8 muertes y 316 nuevos contagios de Covid-19 - Minuto Cero RD\",\"isPartOf\":{\"@id\":\"https:\\\/\\\/minutocerord.com\\\/#website\"},\"primaryImageOfPage\":{\"@id\":\"https:\\\/\\\/minutocerord.com\\\/?p=5196#primaryimage\"},\"image\":{\"@id\":\"https:\\\/\\\/minutocerord.com\\\/?p=5196#primaryimage\"},\"thumbnailUrl\":\"https:\\\/\\\/i0.wp.com\\\/minutocerord.com\\\/wp-content\\\/uploads\\\/2021\\\/07\\\/la-peligrosa-variante-delta-del-covid-esta-aqui-2.jpeg?fit=672%2C379&ssl=1\",\"datePublished\":\"2021-07-28T17:11:10+00:00\",\"dateModified\":\"2021-07-28T17:11:19+00:00\",\"breadcrumb\":{\"@id\":\"https:\\\/\\\/minutocerord.com\\\/?p=5196#breadcrumb\"},\"inLanguage\":\"es-DO\",\"potentialAction\":[{\"@type\":\"ReadAction\",\"target\":[\"https:\\\/\\\/minutocerord.com\\\/?p=5196\"]}]},{\"@type\":\"ImageObject\",\"inLanguage\":\"es-DO\",\"@id\":\"https:\\\/\\\/minutocerord.com\\\/?p=5196#primaryimage\",\"url\":\"https:\\\/\\\/i0.wp.com\\\/minutocerord.com\\\/wp-content\\\/uploads\\\/2021\\\/07\\\/la-peligrosa-variante-delta-del-covid-esta-aqui-2.jpeg?fit=672%2C379&ssl=1\",\"contentUrl\":\"https:\\\/\\\/i0.wp.com\\\/minutocerord.com\\\/wp-content\\\/uploads\\\/2021\\\/07\\\/la-peligrosa-variante-delta-del-covid-esta-aqui-2.jpeg?fit=672%2C379&ssl=1\",\"width\":672,\"height\":379},{\"@type\":\"BreadcrumbList\",\"@id\":\"https:\\\/\\\/minutocerord.com\\\/?p=5196#breadcrumb\",\"itemListElement\":[{\"@type\":\"ListItem\",\"position\":1,\"name\":\"Home\",\"item\":\"https:\\\/\\\/minutocerord.com\\\/\"},{\"@type\":\"ListItem\",\"position\":2,\"name\":\"Rep. Dominicana notifica 8 muertes y 316 nuevos contagios de Covid-19\"}]},{\"@type\":\"WebSite\",\"@id\":\"https:\\\/\\\/minutocerord.com\\\/#website\",\"url\":\"https:\\\/\\\/minutocerord.com\\\/\",\"name\":\"Minuto Cero RD\",\"description\":\"Periodismo serio y veraz\",\"publisher\":{\"@id\":\"https:\\\/\\\/minutocerord.com\\\/#\\\/schema\\\/person\\\/60b5372d60aaa0a5171fb6488be9aee6\"},\"potentialAction\":[{\"@type\":\"SearchAction\",\"target\":{\"@type\":\"EntryPoint\",\"urlTemplate\":\"https:\\\/\\\/minutocerord.com\\\/?s={search_term_string}\"},\"query-input\":{\"@type\":\"PropertyValueSpecification\",\"valueRequired\":true,\"valueName\":\"search_term_string\"}}],\"inLanguage\":\"es-DO\"},{\"@type\":[\"Person\",\"Organization\"],\"@id\":\"https:\\\/\\\/minutocerord.com\\\/#\\\/schema\\\/person\\\/60b5372d60aaa0a5171fb6488be9aee6\",\"name\":\"Genof\u00f3ntes Urb\u00e1ez\",\"image\":{\"@type\":\"ImageObject\",\"inLanguage\":\"es-DO\",\"@id\":\"https:\\\/\\\/secure.gravatar.com\\\/avatar\\\/a49ef3186a692098ac3e8a1612261e3ad70cf9e44553dff2929e67939a0ecb9d?s=96&d=identicon&r=g\",\"url\":\"https:\\\/\\\/secure.gravatar.com\\\/avatar\\\/a49ef3186a692098ac3e8a1612261e3ad70cf9e44553dff2929e67939a0ecb9d?s=96&d=identicon&r=g\",\"contentUrl\":\"https:\\\/\\\/secure.gravatar.com\\\/avatar\\\/a49ef3186a692098ac3e8a1612261e3ad70cf9e44553dff2929e67939a0ecb9d?s=96&d=identicon&r=g\",\"caption\":\"Genof\u00f3ntes Urb\u00e1ez\"},\"logo\":{\"@id\":\"https:\\\/\\\/secure.gravatar.com\\\/avatar\\\/a49ef3186a692098ac3e8a1612261e3ad70cf9e44553dff2929e67939a0ecb9d?s=96&d=identicon&r=g\"},\"description\":\"Periodista \\\/ Locutor\",\"sameAs\":[\"https:\\\/\\\/www.facebook.com\\\/Genofnotes\",\"https:\\\/\\\/www.instagram.com\\\/genofnotes\\\/\"]}]}<\/script>\n<!-- \/ Yoast SEO plugin. -->","yoast_head_json":{"title":"Rep. Dominicana notifica 8 muertes y 316 nuevos contagios de Covid-19 - Minuto Cero RD","robots":{"index":"index","follow":"follow","max-snippet":"max-snippet:-1","max-image-preview":"max-image-preview:large","max-video-preview":"max-video-preview:-1"},"canonical":"https:\/\/minutocerord.com\/?p=5196","og_locale":"es_ES","og_type":"article","og_title":"Rep. Dominicana notifica 8 muertes y 316 nuevos contagios de Covid-19 - Minuto Cero RD","og_description":"SANTO DOMINGO.- Rep\u00fablica Dominicana report\u00f3 este mi\u00e9rcoles 316 nuevos contagios de Covid-19 y ocho defunciones por esa causa, pero aclar\u00f3 que solo tres ocurrieron en las \u00faltimas 24 horas. El bolet\u00edn 496 de la Direcci\u00f3n General de Epidemiologia (DIGEPI) refleja 48 casos m\u00e1s que el martes, cuando fueron notificados 268. Casos activos Los casos activos [&hellip;]","og_url":"https:\/\/minutocerord.com\/?p=5196","og_site_name":"Minuto Cero RD","article_publisher":"https:\/\/www.facebook.com\/Genofnotes","article_author":"https:\/\/www.facebook.com\/Genofnotes","article_published_time":"2021-07-28T17:11:10+00:00","article_modified_time":"2021-07-28T17:11:19+00:00","og_image":[{"width":672,"height":379,"url":"https:\/\/i0.wp.com\/minutocerord.com\/wp-content\/uploads\/2021\/07\/la-peligrosa-variante-delta-del-covid-esta-aqui-2.jpeg?fit=672%2C379&ssl=1","type":"image\/jpeg"}],"author":"Genof\u00f3ntes Urb\u00e1ez","twitter_card":"summary_large_image","twitter_misc":{"Written by":"Genof\u00f3ntes Urb\u00e1ez","Est. reading time":"2 minutos"},"schema":{"@context":"https:\/\/schema.org","@graph":[{"@type":"Article","@id":"https:\/\/minutocerord.com\/?p=5196#article","isPartOf":{"@id":"https:\/\/minutocerord.com\/?p=5196"},"author":{"name":"Genof\u00f3ntes Urb\u00e1ez","@id":"https:\/\/minutocerord.com\/#\/schema\/person\/60b5372d60aaa0a5171fb6488be9aee6"},"headline":"Rep. Dominicana notifica 8 muertes y 316 nuevos contagios de Covid-19","datePublished":"2021-07-28T17:11:10+00:00","dateModified":"2021-07-28T17:11:19+00:00","mainEntityOfPage":{"@id":"https:\/\/minutocerord.com\/?p=5196"},"wordCount":270,"commentCount":0,"publisher":{"@id":"https:\/\/minutocerord.com\/#\/schema\/person\/60b5372d60aaa0a5171fb6488be9aee6"},"image":{"@id":"https:\/\/minutocerord.com\/?p=5196#primaryimage"},"thumbnailUrl":"https:\/\/i0.wp.com\/minutocerord.com\/wp-content\/uploads\/2021\/07\/la-peligrosa-variante-delta-del-covid-esta-aqui-2.jpeg?fit=672%2C379&ssl=1","articleSection":["Salud"],"inLanguage":"es-DO","potentialAction":[{"@type":"CommentAction","name":"Comment","target":["https:\/\/minutocerord.com\/?p=5196#respond"]}]},{"@type":"WebPage","@id":"https:\/\/minutocerord.com\/?p=5196","url":"https:\/\/minutocerord.com\/?p=5196","name":"Rep. Dominicana notifica 8 muertes y 316 nuevos contagios de Covid-19 - Minuto Cero RD","isPartOf":{"@id":"https:\/\/minutocerord.com\/#website"},"primaryImageOfPage":{"@id":"https:\/\/minutocerord.com\/?p=5196#primaryimage"},"image":{"@id":"https:\/\/minutocerord.com\/?p=5196#primaryimage"},"thumbnailUrl":"https:\/\/i0.wp.com\/minutocerord.com\/wp-content\/uploads\/2021\/07\/la-peligrosa-variante-delta-del-covid-esta-aqui-2.jpeg?fit=672%2C379&ssl=1","datePublished":"2021-07-28T17:11:10+00:00","dateModified":"2021-07-28T17:11:19+00:00","breadcrumb":{"@id":"https:\/\/minutocerord.com\/?p=5196#breadcrumb"},"inLanguage":"es-DO","potentialAction":[{"@type":"ReadAction","target":["https:\/\/minutocerord.com\/?p=5196"]}]},{"@type":"ImageObject","inLanguage":"es-DO","@id":"https:\/\/minutocerord.com\/?p=5196#primaryimage","url":"https:\/\/i0.wp.com\/minutocerord.com\/wp-content\/uploads\/2021\/07\/la-peligrosa-variante-delta-del-covid-esta-aqui-2.jpeg?fit=672%2C379&ssl=1","contentUrl":"https:\/\/i0.wp.com\/minutocerord.com\/wp-content\/uploads\/2021\/07\/la-peligrosa-variante-delta-del-covid-esta-aqui-2.jpeg?fit=672%2C379&ssl=1","width":672,"height":379},{"@type":"BreadcrumbList","@id":"https:\/\/minutocerord.com\/?p=5196#breadcrumb","itemListElement":[{"@type":"ListItem","position":1,"name":"Home","item":"https:\/\/minutocerord.com\/"},{"@type":"ListItem","position":2,"name":"Rep. Dominicana notifica 8 muertes y 316 nuevos contagios de Covid-19"}]},{"@type":"WebSite","@id":"https:\/\/minutocerord.com\/#website","url":"https:\/\/minutocerord.com\/","name":"Minuto Cero RD","description":"Periodismo serio y veraz","publisher":{"@id":"https:\/\/minutocerord.com\/#\/schema\/person\/60b5372d60aaa0a5171fb6488be9aee6"},"potentialAction":[{"@type":"SearchAction","target":{"@type":"EntryPoint","urlTemplate":"https:\/\/minutocerord.com\/?s={search_term_string}"},"query-input":{"@type":"PropertyValueSpecification","valueRequired":true,"valueName":"search_term_string"}}],"inLanguage":"es-DO"},{"@type":["Person","Organization"],"@id":"https:\/\/minutocerord.com\/#\/schema\/person\/60b5372d60aaa0a5171fb6488be9aee6","name":"Genof\u00f3ntes Urb\u00e1ez","image":{"@type":"ImageObject","inLanguage":"es-DO","@id":"https:\/\/secure.gravatar.com\/avatar\/a49ef3186a692098ac3e8a1612261e3ad70cf9e44553dff2929e67939a0ecb9d?s=96&d=identicon&r=g","url":"https:\/\/secure.gravatar.com\/avatar\/a49ef3186a692098ac3e8a1612261e3ad70cf9e44553dff2929e67939a0ecb9d?s=96&d=identicon&r=g","contentUrl":"https:\/\/secure.gravatar.com\/avatar\/a49ef3186a692098ac3e8a1612261e3ad70cf9e44553dff2929e67939a0ecb9d?s=96&d=identicon&r=g","caption":"Genof\u00f3ntes Urb\u00e1ez"},"logo":{"@id":"https:\/\/secure.gravatar.com\/avatar\/a49ef3186a692098ac3e8a1612261e3ad70cf9e44553dff2929e67939a0ecb9d?s=96&d=identicon&r=g"},"description":"Periodista \/ Locutor","sameAs":["https:\/\/www.facebook.com\/Genofnotes","https:\/\/www.instagram.com\/genofnotes\/"]}]}},"jetpack_publicize_connections":[],"jetpack_featured_media_url":"https:\/\/i0.wp.com\/minutocerord.com\/wp-content\/uploads\/2021\/07\/la-peligrosa-variante-delta-del-covid-esta-aqui-2.jpeg?fit=672%2C379&ssl=1","jetpack-related-posts":[],"jetpack_sharing_enabled":true,"_links":{"self":[{"href":"https:\/\/minutocerord.com\/index.php?rest_route=\/wp\/v2\/posts\/5196","targetHints":{"allow":["GET"]}}],"collection":[{"href":"https:\/\/minutocerord.com\/index.php?rest_route=\/wp\/v2\/posts"}],"about":[{"href":"https:\/\/minutocerord.com\/index.php?rest_route=\/wp\/v2\/types\/post"}],"author":[{"embeddable":true,"href":"https:\/\/minutocerord.com\/index.php?rest_route=\/wp\/v2\/users\/1"}],"replies":[{"embeddable":true,"href":"https:\/\/minutocerord.com\/index.php?rest_route=%2Fwp%2Fv2%2Fcomments&post=5196"}],"version-history":[{"count":1,"href":"https:\/\/minutocerord.com\/index.php?rest_route=\/wp\/v2\/posts\/5196\/revisions"}],"predecessor-version":[{"id":5198,"href":"https:\/\/minutocerord.com\/index.php?rest_route=\/wp\/v2\/posts\/5196\/revisions\/5198"}],"wp:featuredmedia":[{"embeddable":true,"href":"https:\/\/minutocerord.com\/index.php?rest_route=\/wp\/v2\/media\/5197"}],"wp:attachment":[{"href":"https:\/\/minutocerord.com\/index.php?rest_route=%2Fwp%2Fv2%2Fmedia&parent=5196"}],"wp:term":[{"taxonomy":"category","embeddable":true,"href":"https:\/\/minutocerord.com\/index.php?rest_route=%2Fwp%2Fv2%2Fcategories&post=5196"},{"taxonomy":"post_tag","embeddable":true,"href":"https:\/\/minutocerord.com\/index.php?rest_route=%2Fwp%2Fv2%2Ftags&post=5196"}],"curies":[{"name":"wp","href":"https:\/\/api.w.org\/{rel}","templated":true}]}}