{"id":5199,"date":"2021-07-28T13:25:23","date_gmt":"2021-07-28T17:25:23","guid":{"rendered":"https:\/\/minutocerord.com\/?p=5199"},"modified":"2021-07-28T13:25:48","modified_gmt":"2021-07-28T17:25:48","slug":"opinion-el-caso-del-rio-masacre","status":"publish","type":"post","link":"https:\/\/minutocerord.com\/?p=5199","title":{"rendered":"OPINION: El caso del r\u00edo Masacre"},"content":{"rendered":"\n<p>Si analizamos las primeras palabras pronunciadas por la primera dama de Hait\u00ed, Martine Mo\u00efse, herida de balas durante el desarrollo del hecho que termin\u00f3 con el asesinato de su esposo, el Presidente Jovenel Mo\u00efse, de que la muerte de su compa\u00f1ero sentimental fue por nuevas elecciones y agua, est\u00e1 claro de que el crimen tuvo que ver con la construcci\u00f3n del canal del dominicano R\u00edo Masacre, iniciada por sectores econ\u00f3micos haitianos.<\/p>\n\n\n\n<p>Eso deja establecido que sectores empresariales haitianos estaban presionando al Presidente Mo\u00efse, para que se contin\u00fae con el proyecto y parece que el asesinado gobernante se hab\u00eda decidido por una soluci\u00f3n negociada, como lo plante\u00f3 el jefe de Estado de la Rep\u00fablica Dominicana, Luis Abinader.<\/p>\n\n\n\n<p>Y si recordamos que el Presidente de Hait\u00ed hab\u00eda denunciado que un sector econ\u00f3mico &nbsp;quer\u00eda asesinarlo, se deduce que algunos miembros de ese grupo u otros del \u00e1rea econ\u00f3mica haitiana, podr\u00edan estar implicados en el crimen. Parece que la \u201cmenor\u00eda\u201d de haitianos, que es la que controla el pa\u00eds, no se acostumbra a vivir en democracia, porque para ellos el desorden es lo m\u00e1s fruct\u00edfero en materia econ\u00f3mica.<\/p>\n\n\n\n<p>Y se analizamos algunas de las palabras pronunciadas por la se\u00f1ora Martine en el funeral del asesinado Presidente, de que los principales asesinos de su esposo pertenecen a la oligarqu\u00eda haitiana, entonces todo parece estar claro. Y nosotros agregamos, tambi\u00e9n fue obra &nbsp;de los pol\u00edticos corruptos haitianos.<\/p>\n\n\n\n<p>Desprendi\u00e9ndose de las palabras de la se\u00f1ora Martine, entonces la idea de canalizar el R\u00edo Masacre podr\u00eda ser para represar esa fuente \u201cagu\u00edfera\u201d en la parte haitiana, en perjuicio de los residentes dominicanos ubicados en la frontera entre ambos pa\u00edses. \u00a1La seguridad de nuestro Presidente debe estar cada d\u00eda con los \u201cojos m\u00e1s abiertos\u201d!<\/p>\n\n\n\n<p>\u00a1Esos grupos ya tienen un aval! Mataron a un Presidente. Una cosa es que los dominicanos tengamos diferencias pol\u00edticas, econ\u00f3micas o sociales y otra es la responsabilidad que debe tener cada ciudadano de este pa\u00eds, para velar por la seguridad de nuestros gobernantes con sus gobernados. \u00a1S\u00f3lo tenemos diferencias de criterios!<\/p>\n\n\n\n<p>La soluci\u00f3n al problema del R\u00edo Masacre, debe ser dejarlo como estaba antes o aplicar una acci\u00f3n de com\u00fan acuerdo entre el Estado Dominicano y Hait\u00ed. \u00a1No decimos entre ambos Estados, porque del otro lado eso no existe!<\/p>\n\n\n\n<p>Los que mataron al democr\u00e1tico Presidente de Hait\u00ed, dif\u00edcilmente se conozcan, pero ahora. \u00a1Pagar\u00e1n los intermediarios! Pero los patrocinadores no podr\u00e1n vivir en paz, porque la conciencia los juzgar\u00e1 mientras vida tengan.<\/p>\n\n\n\n<p>Sus asesinos no se acostumbran a los cambios a favor de los m\u00e1s necesitados de esa empobrecida naci\u00f3n. Esperamos que un d\u00eda ese pa\u00eds tenga una Constituci\u00f3n como la que tienen la dem\u00e1s naciones de Am\u00e9rica Latina, cada quien con su Presidente y vicepresidente, lo que impedir\u00eda el vac\u00edo institucional si faltare el primer mandatario de la naci\u00f3n, como ocurre en Hait\u00ed en los actuales momentos. \u00a1Eso evitar\u00eda los continuos golpes de Estado en Hait\u00ed!<\/p>\n\n\n\n<p>No hay ninguna duda de que el R\u00edo Masacre, dominicano desde el comienzo hasta el final, es una prioridad para un sector econ\u00f3mico de la sociedad haitiana, aunque a ese territorio s\u00f3lo entra una peque\u00f1ita porci\u00f3n. Es lamentable que los poderosos haitianos, en materia econ\u00f3mica, no hagan inversiones apropiadas para tener agua permanente.<\/p>\n\n\n\n<p>Ellos prefieren seguir cortando los pocos \u00e1rboles que tiene Hait\u00ed para seguir haciendo crecer sus capitales, aunque muchos lo hacen para convertirlos en carb\u00f3n y conseguir un dinerito para el sustento familiar. La deforestaci\u00f3n sigue alejando las lluvias en Hait\u00ed, el pa\u00eds m\u00e1s pobre del mundo. \u00a1Es la misma historia!<\/p>\n\n\n\n<p>Los precios de la mayor\u00eda de los alimentos y otros art\u00edculos volvieron a dispararse en los \u00faltimos d\u00edas. El gobierno debe iniciar la producci\u00f3n de alimentos agr\u00edcolas con una visi\u00f3n m\u00e1s amplia. Y tambi\u00e9n ocurre lo mismo con los materiales para la construcci\u00f3n. \u00a1Ya lo escribimos en otros trabajos!<\/p>\n\n\n\n<p>Hay que destacar los esfuerzos del gobierno del Presidente Luis Abinader, para proteger la propiedad privada de invasores que organizan grupos para ocupar tierras, especialmente en el \u00e1rea del Cibao, cuyo fin es coger terrenos y vend\u00e9rselos a incaustos. Los cabecillas de los invasores se mueven en yipetas y otros veh\u00edculos lujosos.<\/p>\n\n\n\n<p>El nuevo C\u00f3digo Penal, en su art\u00edculo 292,&nbsp; aprobado por los diputados, establece penas de entre cuatro y diez a\u00f1os para los invasores. A eso se le agrega que los condenados por invadir propiedades privadas, deber\u00e1n pagar de cuatro a diez salarios m\u00ednimos del sector p\u00fablico. Ah\u00ed no cuentan las penas por asociaci\u00f3n de malhechores, que pueden ser de seis meses hasta 30 a\u00f1os de prisi\u00f3n. &nbsp;\u00a1Buena disposici\u00f3n del gobierno perreme\u00edsta!<\/p>\n\n\n\n<p>A\u00fan con todos los errores que comete el gobierno del Partido Revolucionario Moderno (PRM), bajo la Presidencia de Luis Abinader, la oposici\u00f3n debe pensar en la victoria y desde ya comenzar los amarres para una gran alianza. \u00a1Debe desarticular al PRM en los primeros dos a\u00f1os!<\/p>\n\n\n\n<p>Una alianza pol\u00edtica formada a tiempo por el PLD, la Fuerza del Pueblo de Leonel Fern\u00e1ndez Reyna, el Partido Reformista Social Cristiano (PRSC), el Partido Revolucionario Dominicano (PRD) y algunos partiditos m\u00e1s, obligar\u00eda a los funcionarios del gobierno del PRM, a comenzar a empacar sus bultos para retornar a sus hogares.<\/p>\n\n\n\n<p>No debe originarse un pleito para escoger los candidatos presidenciales, sino que la prioridad debe ser la de recuperar el poder por decenas de a\u00f1os. Los candidatos presidenciales deber\u00e1n surgir en el tiempo.<\/p>\n\n\n\n<p>La estrategia de Abinader de reunirse con la dirigencia del PRM en cada viaje que realiza a una comunidad, le est\u00e1 dando buenos resultados. Los dirigentes perreme\u00edstas est\u00e1n callados. Y si est\u00e1n tranquilos, es porque el gobierno por alguna v\u00eda les est\u00e1 solucionando sus principales problemas econ\u00f3micos.<\/p>\n\n\n\n<p>El&nbsp;informe del Departamento de Estado de los Estados Unidos sobre el continuo endeudamiento del gobierno de Rep\u00fablica Dominicana, la falta de normas claras, las acusaciones de corrupci\u00f3n contra funcionarios&nbsp; p\u00fablicos, las solicitudes de sobornos, demoras en los pagos oficiales, la falta de transparencia y otras advertencias hechas por esa naci\u00f3n a sus inversionistas, los cuales son mayor\u00eda de extranjeros en este pa\u00eds, se esperaba.<\/p>\n\n\n\n<p>La versi\u00f3n del gobierno norteamericano, a trav\u00e9s del Departamento de Estado, es mucho m\u00e1s profunda, debido a que les advierte a los inversionistas extranjeros radicados en Rep\u00fablica Dominicana, que el clima de inversi\u00f3n en los pr\u00f3ximos a\u00f1os depender\u00e1 de las reformas que pueda implementar el gobierno &nbsp;dirigido por Luis Abinader, del Partido Revolucionario Moderno (PRM).<\/p>\n\n\n\n<p>Pero el gobierno de Joe Biden se fue m\u00e1s lejos. Advierte que el clima de las inversiones en Rep\u00fablica Dominicana, depender\u00e1 de c\u00f3mo las autoridades nacionales implementen la promoci\u00f3n de la competitividad, env\u00eden los funcionarios corruptos actuales a la Justicia y frene la expansi\u00f3n de la deuda. El gobierno de Abinader hace pr\u00e9stamos hasta para construir letrinas en los campos, a pesar de que el r\u00e9gimen del PLD dej\u00f3 la&nbsp; naci\u00f3n con una de las econom\u00edas m\u00e1s fuertes de Am\u00e9rica Latina.<\/p>\n\n\n\n<p>Este informe es un duro golpe para el gobierno de Abinader, que no es aliado del Presidente Joe Biden, porque los v\u00ednculos del PRM son con el Partido Republicano, que estando en el poder Donald Trump, sac\u00f3 de la direcci\u00f3n del Estado al Partido de la Liberaci\u00f3n Dominicana (PLD), con su intervenci\u00f3n directa, porque el entonces jefe del Estado Dominicano, Danilo Medina, junto a su equipo, favorec\u00eda la candidatura presidencial del hoy gobernante de Estados Unidos.<\/p>\n\n\n\n<p>La intervenci\u00f3n del Presidente Trump, que rompi\u00f3 los l\u00edmites protocolares, fue tan grande que fue capaz de enviar al pa\u00eds a su secretario de Estado, Mike Pompeo, para advertirle a Medina que Estados Unidos no apoyaba su repostulaci\u00f3n, que el mandatario dominicano ganaba y tambi\u00e9n la reelecci\u00f3n. La presi\u00f3n de Trump acab\u00f3 con Danilo, aunque eso tambi\u00e9n se esperaba, debido a que \u00e9ste les estaba dando &nbsp;todas las facilidades a los seguidores de Joe Biden, para que se movieran buscando votos entre los dominicanos nacionalizados norteamericanos.<\/p>\n\n\n\n<p>La intervenci\u00f3n de Trump en nuestro pa\u00eds fue tan decidida, que \u201capoy\u00f3\u201d la cancelaci\u00f3n de las elecciones en Mayo del 2020, el mismo d\u00eda que se desarrollaban, cuando el PLD barr\u00eda en todo el pa\u00eds. \u00a1Y luego se hizo todo lo que era posible para que el PLD perdiera y ganara Abinader!\u00a0 El Presidente Abinader es un hombre con mucha influencia en el Partido Republicano de Estados Unidos. \u00a1Por eso est\u00e1 en el poder!<\/p>\n\n\n\n<p><strong>Por\u00a0<\/strong><a href=\"https:\/\/almomento.net\/author\/luiscespedespena\/\"><strong>LUIS CESPEDES PE\u00d1A<\/strong><\/a><\/p>\n","protected":false},"excerpt":{"rendered":"<p>Si analizamos las primeras palabras pronunciadas por la primera dama de Hait\u00ed, Martine Mo\u00efse, herida de balas durante el desarrollo del hecho que termin\u00f3 con el asesinato de su esposo, el Presidente Jovenel Mo\u00efse, de que la muerte de su compa\u00f1ero sentimental fue por nuevas elecciones y agua, est\u00e1 claro de que el crimen tuvo [&hellip;]<\/p>\n","protected":false},"author":1,"featured_media":5200,"comment_status":"open","ping_status":"open","sticky":false,"template":"","format":"standard","meta":{"nf_dc_page":"","jetpack_post_was_ever_published":false,"_jetpack_newsletter_access":"","_jetpack_dont_email_post_to_subs":false,"_jetpack_newsletter_tier_id":0,"_jetpack_memberships_contains_paywalled_content":false,"_jetpack_memberships_contains_paid_content":false,"footnotes":"","jetpack_publicize_message":"","jetpack_publicize_feature_enabled":true,"jetpack_social_post_already_shared":false,"jetpack_social_options":{"image_generator_settings":{"template":"highway","default_image_id":0,"font":"","enabled":false},"version":2}},"categories":[69],"tags":[],"class_list":["post-5199","post","type-post","status-publish","format-standard","has-post-thumbnail","hentry","category-opinion"],"yoast_head":"<!-- This site is optimized with the Yoast SEO plugin v27.5 - https:\/\/yoast.com\/product\/yoast-seo-wordpress\/ -->\n<title>OPINION: El caso del r\u00edo Masacre - Minuto Cero RD<\/title>\n<meta name=\"robots\" content=\"index, follow, max-snippet:-1, max-image-preview:large, max-video-preview:-1\" \/>\n<link rel=\"canonical\" href=\"http:\/\/minutocerord.com\/?p=5199\" \/>\n<meta property=\"og:locale\" content=\"es_ES\" \/>\n<meta property=\"og:type\" content=\"article\" \/>\n<meta property=\"og:title\" content=\"OPINION: El caso del r\u00edo Masacre - Minuto Cero RD\" \/>\n<meta property=\"og:description\" content=\"Si analizamos las primeras palabras pronunciadas por la primera dama de Hait\u00ed, Martine Mo\u00efse, herida de balas durante el desarrollo del hecho que termin\u00f3 con el asesinato de su esposo, el Presidente Jovenel Mo\u00efse, de que la muerte de su compa\u00f1ero sentimental fue por nuevas elecciones y agua, est\u00e1 claro de que el crimen tuvo [&hellip;]\" \/>\n<meta property=\"og:url\" content=\"http:\/\/minutocerord.com\/?p=5199\" \/>\n<meta property=\"og:site_name\" content=\"Minuto Cero RD\" \/>\n<meta property=\"article:publisher\" content=\"https:\/\/www.facebook.com\/Genofnotes\" \/>\n<meta property=\"article:author\" content=\"https:\/\/www.facebook.com\/Genofnotes\" \/>\n<meta property=\"article:published_time\" content=\"2021-07-28T17:25:23+00:00\" \/>\n<meta property=\"article:modified_time\" content=\"2021-07-28T17:25:48+00:00\" \/>\n<meta property=\"og:image\" content=\"https:\/\/i0.wp.com\/minutocerord.com\/wp-content\/uploads\/2021\/07\/luis-cespedes-pena-e1555973345821.jpg?fit=400%2C267\" \/>\n\t<meta property=\"og:image:width\" content=\"400\" \/>\n\t<meta property=\"og:image:height\" content=\"267\" \/>\n\t<meta property=\"og:image:type\" content=\"image\/jpeg\" \/>\n<meta name=\"author\" content=\"Genof\u00f3ntes Urb\u00e1ez\" \/>\n<meta name=\"twitter:card\" content=\"summary_large_image\" \/>\n<meta name=\"twitter:label1\" content=\"Written by\" \/>\n\t<meta name=\"twitter:data1\" content=\"Genof\u00f3ntes Urb\u00e1ez\" \/>\n\t<meta name=\"twitter:label2\" content=\"Est. reading time\" \/>\n\t<meta name=\"twitter:data2\" content=\"7 minutos\" \/>\n<script type=\"application\/ld+json\" class=\"yoast-schema-graph\">{\"@context\":\"https:\\\/\\\/schema.org\",\"@graph\":[{\"@type\":\"Article\",\"@id\":\"http:\\\/\\\/minutocerord.com\\\/?p=5199#article\",\"isPartOf\":{\"@id\":\"http:\\\/\\\/minutocerord.com\\\/?p=5199\"},\"author\":{\"name\":\"Genof\u00f3ntes Urb\u00e1ez\",\"@id\":\"https:\\\/\\\/minutocerord.com\\\/#\\\/schema\\\/person\\\/60b5372d60aaa0a5171fb6488be9aee6\"},\"headline\":\"OPINION: El caso del r\u00edo Masacre\",\"datePublished\":\"2021-07-28T17:25:23+00:00\",\"dateModified\":\"2021-07-28T17:25:48+00:00\",\"mainEntityOfPage\":{\"@id\":\"http:\\\/\\\/minutocerord.com\\\/?p=5199\"},\"wordCount\":1534,\"commentCount\":0,\"publisher\":{\"@id\":\"https:\\\/\\\/minutocerord.com\\\/#\\\/schema\\\/person\\\/60b5372d60aaa0a5171fb6488be9aee6\"},\"image\":{\"@id\":\"http:\\\/\\\/minutocerord.com\\\/?p=5199#primaryimage\"},\"thumbnailUrl\":\"https:\\\/\\\/i0.wp.com\\\/minutocerord.com\\\/wp-content\\\/uploads\\\/2021\\\/07\\\/luis-cespedes-pena-e1555973345821.jpg?fit=400%2C267&ssl=1\",\"articleSection\":[\"Opini\u00f3n\"],\"inLanguage\":\"es-DO\",\"potentialAction\":[{\"@type\":\"CommentAction\",\"name\":\"Comment\",\"target\":[\"http:\\\/\\\/minutocerord.com\\\/?p=5199#respond\"]}]},{\"@type\":\"WebPage\",\"@id\":\"http:\\\/\\\/minutocerord.com\\\/?p=5199\",\"url\":\"http:\\\/\\\/minutocerord.com\\\/?p=5199\",\"name\":\"OPINION: El caso del r\u00edo Masacre - Minuto Cero RD\",\"isPartOf\":{\"@id\":\"https:\\\/\\\/minutocerord.com\\\/#website\"},\"primaryImageOfPage\":{\"@id\":\"http:\\\/\\\/minutocerord.com\\\/?p=5199#primaryimage\"},\"image\":{\"@id\":\"http:\\\/\\\/minutocerord.com\\\/?p=5199#primaryimage\"},\"thumbnailUrl\":\"https:\\\/\\\/i0.wp.com\\\/minutocerord.com\\\/wp-content\\\/uploads\\\/2021\\\/07\\\/luis-cespedes-pena-e1555973345821.jpg?fit=400%2C267&ssl=1\",\"datePublished\":\"2021-07-28T17:25:23+00:00\",\"dateModified\":\"2021-07-28T17:25:48+00:00\",\"breadcrumb\":{\"@id\":\"http:\\\/\\\/minutocerord.com\\\/?p=5199#breadcrumb\"},\"inLanguage\":\"es-DO\",\"potentialAction\":[{\"@type\":\"ReadAction\",\"target\":[\"http:\\\/\\\/minutocerord.com\\\/?p=5199\"]}]},{\"@type\":\"ImageObject\",\"inLanguage\":\"es-DO\",\"@id\":\"http:\\\/\\\/minutocerord.com\\\/?p=5199#primaryimage\",\"url\":\"https:\\\/\\\/i0.wp.com\\\/minutocerord.com\\\/wp-content\\\/uploads\\\/2021\\\/07\\\/luis-cespedes-pena-e1555973345821.jpg?fit=400%2C267&ssl=1\",\"contentUrl\":\"https:\\\/\\\/i0.wp.com\\\/minutocerord.com\\\/wp-content\\\/uploads\\\/2021\\\/07\\\/luis-cespedes-pena-e1555973345821.jpg?fit=400%2C267&ssl=1\",\"width\":400,\"height\":267},{\"@type\":\"BreadcrumbList\",\"@id\":\"http:\\\/\\\/minutocerord.com\\\/?p=5199#breadcrumb\",\"itemListElement\":[{\"@type\":\"ListItem\",\"position\":1,\"name\":\"Home\",\"item\":\"https:\\\/\\\/minutocerord.com\\\/\"},{\"@type\":\"ListItem\",\"position\":2,\"name\":\"OPINION: El caso del r\u00edo Masacre\"}]},{\"@type\":\"WebSite\",\"@id\":\"https:\\\/\\\/minutocerord.com\\\/#website\",\"url\":\"https:\\\/\\\/minutocerord.com\\\/\",\"name\":\"Minuto Cero RD\",\"description\":\"Periodismo serio y veraz\",\"publisher\":{\"@id\":\"https:\\\/\\\/minutocerord.com\\\/#\\\/schema\\\/person\\\/60b5372d60aaa0a5171fb6488be9aee6\"},\"potentialAction\":[{\"@type\":\"SearchAction\",\"target\":{\"@type\":\"EntryPoint\",\"urlTemplate\":\"https:\\\/\\\/minutocerord.com\\\/?s={search_term_string}\"},\"query-input\":{\"@type\":\"PropertyValueSpecification\",\"valueRequired\":true,\"valueName\":\"search_term_string\"}}],\"inLanguage\":\"es-DO\"},{\"@type\":[\"Person\",\"Organization\"],\"@id\":\"https:\\\/\\\/minutocerord.com\\\/#\\\/schema\\\/person\\\/60b5372d60aaa0a5171fb6488be9aee6\",\"name\":\"Genof\u00f3ntes Urb\u00e1ez\",\"image\":{\"@type\":\"ImageObject\",\"inLanguage\":\"es-DO\",\"@id\":\"https:\\\/\\\/secure.gravatar.com\\\/avatar\\\/a49ef3186a692098ac3e8a1612261e3ad70cf9e44553dff2929e67939a0ecb9d?s=96&d=identicon&r=g\",\"url\":\"https:\\\/\\\/secure.gravatar.com\\\/avatar\\\/a49ef3186a692098ac3e8a1612261e3ad70cf9e44553dff2929e67939a0ecb9d?s=96&d=identicon&r=g\",\"contentUrl\":\"https:\\\/\\\/secure.gravatar.com\\\/avatar\\\/a49ef3186a692098ac3e8a1612261e3ad70cf9e44553dff2929e67939a0ecb9d?s=96&d=identicon&r=g\",\"caption\":\"Genof\u00f3ntes Urb\u00e1ez\"},\"logo\":{\"@id\":\"https:\\\/\\\/secure.gravatar.com\\\/avatar\\\/a49ef3186a692098ac3e8a1612261e3ad70cf9e44553dff2929e67939a0ecb9d?s=96&d=identicon&r=g\"},\"description\":\"Periodista \\\/ Locutor\",\"sameAs\":[\"https:\\\/\\\/www.facebook.com\\\/Genofnotes\",\"https:\\\/\\\/www.instagram.com\\\/genofnotes\\\/\"]}]}<\/script>\n<!-- \/ Yoast SEO plugin. -->","yoast_head_json":{"title":"OPINION: El caso del r\u00edo Masacre - Minuto Cero RD","robots":{"index":"index","follow":"follow","max-snippet":"max-snippet:-1","max-image-preview":"max-image-preview:large","max-video-preview":"max-video-preview:-1"},"canonical":"http:\/\/minutocerord.com\/?p=5199","og_locale":"es_ES","og_type":"article","og_title":"OPINION: El caso del r\u00edo Masacre - Minuto Cero RD","og_description":"Si analizamos las primeras palabras pronunciadas por la primera dama de Hait\u00ed, Martine Mo\u00efse, herida de balas durante el desarrollo del hecho que termin\u00f3 con el asesinato de su esposo, el Presidente Jovenel Mo\u00efse, de que la muerte de su compa\u00f1ero sentimental fue por nuevas elecciones y agua, est\u00e1 claro de que el crimen tuvo [&hellip;]","og_url":"http:\/\/minutocerord.com\/?p=5199","og_site_name":"Minuto Cero RD","article_publisher":"https:\/\/www.facebook.com\/Genofnotes","article_author":"https:\/\/www.facebook.com\/Genofnotes","article_published_time":"2021-07-28T17:25:23+00:00","article_modified_time":"2021-07-28T17:25:48+00:00","og_image":[{"width":400,"height":267,"url":"https:\/\/i0.wp.com\/minutocerord.com\/wp-content\/uploads\/2021\/07\/luis-cespedes-pena-e1555973345821.jpg?fit=400%2C267","type":"image\/jpeg"}],"author":"Genof\u00f3ntes Urb\u00e1ez","twitter_card":"summary_large_image","twitter_misc":{"Written by":"Genof\u00f3ntes Urb\u00e1ez","Est. reading time":"7 minutos"},"schema":{"@context":"https:\/\/schema.org","@graph":[{"@type":"Article","@id":"http:\/\/minutocerord.com\/?p=5199#article","isPartOf":{"@id":"http:\/\/minutocerord.com\/?p=5199"},"author":{"name":"Genof\u00f3ntes Urb\u00e1ez","@id":"https:\/\/minutocerord.com\/#\/schema\/person\/60b5372d60aaa0a5171fb6488be9aee6"},"headline":"OPINION: El caso del r\u00edo Masacre","datePublished":"2021-07-28T17:25:23+00:00","dateModified":"2021-07-28T17:25:48+00:00","mainEntityOfPage":{"@id":"http:\/\/minutocerord.com\/?p=5199"},"wordCount":1534,"commentCount":0,"publisher":{"@id":"https:\/\/minutocerord.com\/#\/schema\/person\/60b5372d60aaa0a5171fb6488be9aee6"},"image":{"@id":"http:\/\/minutocerord.com\/?p=5199#primaryimage"},"thumbnailUrl":"https:\/\/i0.wp.com\/minutocerord.com\/wp-content\/uploads\/2021\/07\/luis-cespedes-pena-e1555973345821.jpg?fit=400%2C267&ssl=1","articleSection":["Opini\u00f3n"],"inLanguage":"es-DO","potentialAction":[{"@type":"CommentAction","name":"Comment","target":["http:\/\/minutocerord.com\/?p=5199#respond"]}]},{"@type":"WebPage","@id":"http:\/\/minutocerord.com\/?p=5199","url":"http:\/\/minutocerord.com\/?p=5199","name":"OPINION: El caso del r\u00edo Masacre - Minuto Cero RD","isPartOf":{"@id":"https:\/\/minutocerord.com\/#website"},"primaryImageOfPage":{"@id":"http:\/\/minutocerord.com\/?p=5199#primaryimage"},"image":{"@id":"http:\/\/minutocerord.com\/?p=5199#primaryimage"},"thumbnailUrl":"https:\/\/i0.wp.com\/minutocerord.com\/wp-content\/uploads\/2021\/07\/luis-cespedes-pena-e1555973345821.jpg?fit=400%2C267&ssl=1","datePublished":"2021-07-28T17:25:23+00:00","dateModified":"2021-07-28T17:25:48+00:00","breadcrumb":{"@id":"http:\/\/minutocerord.com\/?p=5199#breadcrumb"},"inLanguage":"es-DO","potentialAction":[{"@type":"ReadAction","target":["http:\/\/minutocerord.com\/?p=5199"]}]},{"@type":"ImageObject","inLanguage":"es-DO","@id":"http:\/\/minutocerord.com\/?p=5199#primaryimage","url":"https:\/\/i0.wp.com\/minutocerord.com\/wp-content\/uploads\/2021\/07\/luis-cespedes-pena-e1555973345821.jpg?fit=400%2C267&ssl=1","contentUrl":"https:\/\/i0.wp.com\/minutocerord.com\/wp-content\/uploads\/2021\/07\/luis-cespedes-pena-e1555973345821.jpg?fit=400%2C267&ssl=1","width":400,"height":267},{"@type":"BreadcrumbList","@id":"http:\/\/minutocerord.com\/?p=5199#breadcrumb","itemListElement":[{"@type":"ListItem","position":1,"name":"Home","item":"https:\/\/minutocerord.com\/"},{"@type":"ListItem","position":2,"name":"OPINION: El caso del r\u00edo Masacre"}]},{"@type":"WebSite","@id":"https:\/\/minutocerord.com\/#website","url":"https:\/\/minutocerord.com\/","name":"Minuto Cero RD","description":"Periodismo serio y veraz","publisher":{"@id":"https:\/\/minutocerord.com\/#\/schema\/person\/60b5372d60aaa0a5171fb6488be9aee6"},"potentialAction":[{"@type":"SearchAction","target":{"@type":"EntryPoint","urlTemplate":"https:\/\/minutocerord.com\/?s={search_term_string}"},"query-input":{"@type":"PropertyValueSpecification","valueRequired":true,"valueName":"search_term_string"}}],"inLanguage":"es-DO"},{"@type":["Person","Organization"],"@id":"https:\/\/minutocerord.com\/#\/schema\/person\/60b5372d60aaa0a5171fb6488be9aee6","name":"Genof\u00f3ntes Urb\u00e1ez","image":{"@type":"ImageObject","inLanguage":"es-DO","@id":"https:\/\/secure.gravatar.com\/avatar\/a49ef3186a692098ac3e8a1612261e3ad70cf9e44553dff2929e67939a0ecb9d?s=96&d=identicon&r=g","url":"https:\/\/secure.gravatar.com\/avatar\/a49ef3186a692098ac3e8a1612261e3ad70cf9e44553dff2929e67939a0ecb9d?s=96&d=identicon&r=g","contentUrl":"https:\/\/secure.gravatar.com\/avatar\/a49ef3186a692098ac3e8a1612261e3ad70cf9e44553dff2929e67939a0ecb9d?s=96&d=identicon&r=g","caption":"Genof\u00f3ntes Urb\u00e1ez"},"logo":{"@id":"https:\/\/secure.gravatar.com\/avatar\/a49ef3186a692098ac3e8a1612261e3ad70cf9e44553dff2929e67939a0ecb9d?s=96&d=identicon&r=g"},"description":"Periodista \/ Locutor","sameAs":["https:\/\/www.facebook.com\/Genofnotes","https:\/\/www.instagram.com\/genofnotes\/"]}]}},"jetpack_publicize_connections":[],"jetpack_featured_media_url":"https:\/\/i0.wp.com\/minutocerord.com\/wp-content\/uploads\/2021\/07\/luis-cespedes-pena-e1555973345821.jpg?fit=400%2C267&ssl=1","jetpack-related-posts":[],"jetpack_sharing_enabled":true,"_links":{"self":[{"href":"https:\/\/minutocerord.com\/index.php?rest_route=\/wp\/v2\/posts\/5199","targetHints":{"allow":["GET"]}}],"collection":[{"href":"https:\/\/minutocerord.com\/index.php?rest_route=\/wp\/v2\/posts"}],"about":[{"href":"https:\/\/minutocerord.com\/index.php?rest_route=\/wp\/v2\/types\/post"}],"author":[{"embeddable":true,"href":"https:\/\/minutocerord.com\/index.php?rest_route=\/wp\/v2\/users\/1"}],"replies":[{"embeddable":true,"href":"https:\/\/minutocerord.com\/index.php?rest_route=%2Fwp%2Fv2%2Fcomments&post=5199"}],"version-history":[{"count":2,"href":"https:\/\/minutocerord.com\/index.php?rest_route=\/wp\/v2\/posts\/5199\/revisions"}],"predecessor-version":[{"id":5202,"href":"https:\/\/minutocerord.com\/index.php?rest_route=\/wp\/v2\/posts\/5199\/revisions\/5202"}],"wp:featuredmedia":[{"embeddable":true,"href":"https:\/\/minutocerord.com\/index.php?rest_route=\/wp\/v2\/media\/5200"}],"wp:attachment":[{"href":"https:\/\/minutocerord.com\/index.php?rest_route=%2Fwp%2Fv2%2Fmedia&parent=5199"}],"wp:term":[{"taxonomy":"category","embeddable":true,"href":"https:\/\/minutocerord.com\/index.php?rest_route=%2Fwp%2Fv2%2Fcategories&post=5199"},{"taxonomy":"post_tag","embeddable":true,"href":"https:\/\/minutocerord.com\/index.php?rest_route=%2Fwp%2Fv2%2Ftags&post=5199"}],"curies":[{"name":"wp","href":"https:\/\/api.w.org\/{rel}","templated":true}]}}