{"id":5203,"date":"2021-07-28T13:30:20","date_gmt":"2021-07-28T17:30:20","guid":{"rendered":"https:\/\/minutocerord.com\/?p=5203"},"modified":"2021-07-28T13:30:24","modified_gmt":"2021-07-28T17:30:24","slug":"ee-uu-policia-dominicano-denuncia-racismo-de-atacantes-del-congreso","status":"publish","type":"post","link":"https:\/\/minutocerord.com\/?p=5203","title":{"rendered":"EE.UU: Polic\u00eda dominicano denuncia racismo de atacantes del Congreso"},"content":{"rendered":"\n<p><strong>WASHINGTON.-<\/strong> Un polic\u00eda dominicano del\u00a0Capitolio narr\u00f3 ante un comit\u00e9 especial de la\u00a0C\u00e1mara de Representantes\u00a0la nefasta experiencia que vivi\u00f3 durante el acto de insurrecci\u00f3n contra el Congreso, en el que recibi\u00f3 heridas y ataques xenof\u00f3bicos.<\/p>\n\n\n\n<p>Aquilino Gonell dijo que pens\u00f3 que iba a morir. \u00abEs un trauma constante\u201d, expres\u00f3 el sargento Gonell, uno de cuatro polic\u00edas que testificaron en el inicio de las audiencias del comit\u00e9 especial de la C\u00e1mara de Representantes que investiga el asalto al Capitolio del pasado 6 de enero.<\/p>\n\n\n\n<p>Como uno de los l\u00edderes de la unidad que responde a \u00abdisturbios civiles\u201d, Gonell, un veterano de la guerra de Irak de 2003, se enfrent\u00f3 en la terraza del lado oeste del Capitolio a las turbas que motivados por el entonces presidente&nbsp;Donald Trump&nbsp;fueron al Congreso para tratar de bloquear el conteo de votos del colegio electoral que confirm\u00f3 la victoria de&nbsp;Joe Biden.<\/p>\n\n\n\n<p>Gonell result\u00f3 con heridas en su pie derecho- que requiri\u00f3 una operaci\u00f3n-, sus manos y el hombro. Naturalizado estadounidense, el sargento Gonell emigr\u00f3 de Rep\u00fablica Dominicana cuando ten\u00eda 12 a\u00f1os.<\/p>\n\n\n\n<p>El dominicano indic\u00f3 que mientras le atacaban las turbas le cuestionaron su patriotismo solo por el color de su piel. \u201cVieron mi piel y dijeron \u2018t\u00fa no eres ni siquiera estadounidense\u2019\u201d, relat\u00f3.<\/p>\n\n\n\n<p>Su colega afroamericano Harry Dunn, mientras, dijo que le lanzaron insultos raciales continuamente. Pero, sostuvo que no los proces\u00f3 directamente, pues dedic\u00f3 sus energ\u00edas a sobrevivir.<\/p>\n\n\n\n<p>\u201cEso fue un golpe de estado lo que ocurri\u00f3 ese d\u00eda\u2026Si hubiese ocurrido en otro pa\u00eds, Estados Unidos hubiese pedido ayuda. Nos llamaban traidores, aunque eran ellos lo que comet\u00edan un acto traicionero\u201d, indic\u00f3 Gonell.<\/p>\n\n\n\n<p>Al ser preguntado por las expresiones de Trump de que las turbas fueron una \u201cmultitud amorosa\u201d, Gonnell afirm\u00f3 que son comentarios pat\u00e9ticos, m\u00e1s a\u00fan cuando el entonces presidente \u201clos incit\u00f3 para que continuaran peleando\u201d.<\/p>\n\n\n\n<p>\u201cTodos nos dec\u00edan que Trump los envi\u00f3\u201d, agreg\u00f3.<\/p>\n\n\n\n<p>Gonell dijo que los atacantes utilizaron escudos policiales, macanas, tubos, bates de b\u00e9isbol, mazos, m\u00e1stiles, tasers, aerosol que se utiliza para alejar osos y piedras.<\/p>\n\n\n\n<p>Tambi\u00e9n censur\u00f3 que el republicano Andrew Clyde (Georgia) haya comparado a los insurreccionistas con \u201cturistas\u201d.<\/p>\n\n\n\n<p>\u201c\u00bfC\u00f3mo se puede describir como una visita tur\u00edstica un ataque a un oficial de polic\u00eda cuando ves mis manos sangrando, cuando ves a todos los oficiales con conmociones cerebrales, mutilados, dedos destrozados, ojos arrancados?\u201d, cuestion\u00f3 Gonnell.<\/p>\n\n\n\n<p>El agente de la Polic\u00eda de Washington D.C. Daniel Hodges, por su parte, indic\u00f3 que si las turbas fueron turistas, entonces \u201cpuedo ver porque en pa\u00edses extranjeros no les gustan los turistas estadounidenses\u201d.<\/p>\n\n\n\n<p>Como los polic\u00edas, los nueve miembros del comit\u00e9 especial que investiga el ataque se mostraron visiblemente conmocionados por los testimonios.<\/p>\n\n\n\n<p>La congresista dem\u00f3crata Stephanie Murphy (Florida) dijo que durante el ataque vio al polic\u00eda Hodges ser pillado contra una puerta. \u201cTengo un hijo de 10 a\u00f1os y una hija de siete a\u00f1os. Son la luz de mi vida. Y la raz\u00f3n por las que pude abrazarlos de nuevo fue por el valor suyo y de sus colegas oficiales. Un agradecimiento de coraz\u00f3n para usted\u201d, sostuvo Murphy.<\/p>\n\n\n\n<p>El comit\u00e9 especial \u2013 presidido por Bennie Thompson (Misisipi)- est\u00e1 integrado por siete dem\u00f3cratas y dos republicanos.<\/p>\n\n\n\n<p>Pero, el liderato de la minor\u00eda republicana, encabezado por Kevin McCarthy (California), un aliado del expresidente Trump, se desvincul\u00f3 de la pesquisa despu\u00e9s de que la presidenta de la C\u00e1mara baja, la dem\u00f3crata Nancy Pelosi, excluy\u00f3 de la comisi\u00f3n a Jim Banks (Indiana) y Jim Jordan (Ohio), por expresiones que buscan normalizar el ataque al Congreso.<\/p>\n\n\n\n<p>Una vez Pelosi excluy\u00f3 dos de sus cinco nombramientos, McCarthy, en protesta, desvincul\u00f3 al liderato de su caucus de la investigaci\u00f3n.<\/p>\n\n\n\n<p>Previamente, sin embargo, Pelosi hab\u00eda nombrado a la comisi\u00f3n a la republicana Liz Cheney (Wyoming), quien fue destituida en mayo del tercer puesto en jerarqu\u00eda de la minor\u00eda cameral por denunciar constantemente \u201cla gran mentira\u201d de que a Trump le robaron las elecciones.<\/p>\n\n\n\n<p>Despu\u00e9s de McCarthy retirar sus otros tres designados, Pelosi agreg\u00f3 a la comisi\u00f3n a Adam Kinzinger (Illinois), otro republicano que ha defendido el resultado de la elecci\u00f3n y cuestionado el que hasta dos tercios de sus colegas de caucus buscaran tachar votos del colegio electoral.<\/p>\n\n\n\n<p>Cheney, quien es constantemente atacada p\u00fablicamente por el expresidente Trump, defendi\u00f3 su participaci\u00f3n en la pesquisa. \u201cCuando surge una amenaza a nuestro orden constitucional, estamos obligados a elevarnos por encima de la pol\u00edtica\u201d, indic\u00f3.<\/p>\n\n\n\n<p>\u201cQuiero saber lo que pas\u00f3 ese d\u00eda, pero m\u00e1s importante quiero que todos los estadounidenses puedan confiar en el trabajo de este comit\u00e9\u201d, sostuvo, por su parte, Kinzinger.<\/p>\n\n\n\n<p>El dem\u00f3crata Thompson afirm\u00f3 que debe investigarse hasta el fondo porque no hubo una transici\u00f3n pac\u00edfica del poder.<\/p>\n\n\n\n<p>\u201cCorrieron por los pasillos gritando \u2018\u00a1Cuelguen a Mike Pence!\u2019 \u2018\u00bfD\u00f3nde est\u00e1 Nancy? \u2019Irrumpieron en el Senado porque quer\u00edan evitar que el Senado certificara la elecci\u00f3n. Las turbas intentaron apoderarse del hemiciclo de la C\u00e1mara por la misma raz\u00f3n. Afortunadamente, algunos miembros del personal, j\u00f3venes y astutos, tuvieron la sabidur\u00eda de custodiar las papeletas electorales\u201d, dijo Thompson.<\/p>\n\n\n\n<p>El ataque al Congreso \u2013 el m\u00e1s grave contra el Capitolio en dos siglos-, provoc\u00f3 un segundo juicio pol\u00edtico en contra de Trump. Aunque la C\u00e1mara baja estadounidense imput\u00f3 a Trump inicitar a la insurrecci\u00f3n, el Senado \u2013 dividido 50 a 50-, le absolvi\u00f3 del cargo.<\/p>\n\n\n\n<p>McCarthy y otros l\u00edderes republicanos \u2013 al igual, por supuesto, que el expresidente Trump-, han denunciado la investigaci\u00f3n cameral como un acto pol\u00edtico partidista.<\/p>\n\n\n\n<p>La pesquisa del comit\u00e9 especial de C\u00e1mara baja se puso en marcha despu\u00e9s de que los republicanos del Senado lograron bloquear la creaci\u00f3n de una comisi\u00f3n c\u00edvica, independiente y bipartidista, que se encargara de descubrir toda la verdad.<\/p>\n\n\n\n<p>\u201cEl 6 de enero fue uno de los d\u00edas m\u00e1s oscuros en la historia de nuestra democracia\u201d, afirm\u00f3, por su parte, el l\u00edder de la mayor\u00eda dem\u00f3crata del Senado, Charles Schumer (Nueva York), quien al abrir los trabajos del d\u00eda de la c\u00e1mara alta destac\u00f3 la investigaci\u00f3n que comenzaba al otro lado del Capitolio.<\/p>\n","protected":false},"excerpt":{"rendered":"<p>WASHINGTON.- Un polic\u00eda dominicano del\u00a0Capitolio narr\u00f3 ante un comit\u00e9 especial de la\u00a0C\u00e1mara de Representantes\u00a0la nefasta experiencia que vivi\u00f3 durante el acto de insurrecci\u00f3n contra el Congreso, en el que recibi\u00f3 heridas y ataques xenof\u00f3bicos. Aquilino Gonell dijo que pens\u00f3 que iba a morir. \u00abEs un trauma constante\u201d, expres\u00f3 el sargento Gonell, uno de cuatro polic\u00edas [&hellip;]<\/p>\n","protected":false},"author":1,"featured_media":5204,"comment_status":"open","ping_status":"open","sticky":false,"template":"","format":"standard","meta":{"nf_dc_page":"","jetpack_post_was_ever_published":false,"_jetpack_newsletter_access":"","_jetpack_dont_email_post_to_subs":false,"_jetpack_newsletter_tier_id":0,"_jetpack_memberships_contains_paywalled_content":false,"_jetpack_memberships_contains_paid_content":false,"footnotes":"","jetpack_publicize_message":"","jetpack_publicize_feature_enabled":true,"jetpack_social_post_already_shared":false,"jetpack_social_options":{"image_generator_settings":{"template":"highway","default_image_id":0,"font":"","enabled":false},"version":2}},"categories":[83],"tags":[],"class_list":["post-5203","post","type-post","status-publish","format-standard","has-post-thumbnail","hentry","category-estados-unidos"],"yoast_head":"<!-- This site is optimized with the Yoast SEO plugin v27.5 - https:\/\/yoast.com\/product\/yoast-seo-wordpress\/ -->\n<title>EE.UU: Polic\u00eda dominicano denuncia racismo de atacantes del Congreso - Minuto Cero RD<\/title>\n<meta name=\"robots\" content=\"index, follow, max-snippet:-1, max-image-preview:large, max-video-preview:-1\" \/>\n<link rel=\"canonical\" href=\"https:\/\/minutocerord.com\/?p=5203\" \/>\n<meta property=\"og:locale\" content=\"es_ES\" \/>\n<meta property=\"og:type\" content=\"article\" \/>\n<meta property=\"og:title\" content=\"EE.UU: Polic\u00eda dominicano denuncia racismo de atacantes del Congreso - Minuto Cero RD\" \/>\n<meta property=\"og:description\" content=\"WASHINGTON.- Un polic\u00eda dominicano del\u00a0Capitolio narr\u00f3 ante un comit\u00e9 especial de la\u00a0C\u00e1mara de Representantes\u00a0la nefasta experiencia que vivi\u00f3 durante el acto de insurrecci\u00f3n contra el Congreso, en el que recibi\u00f3 heridas y ataques xenof\u00f3bicos. Aquilino Gonell dijo que pens\u00f3 que iba a morir. \u00abEs un trauma constante\u201d, expres\u00f3 el sargento Gonell, uno de cuatro polic\u00edas [&hellip;]\" \/>\n<meta property=\"og:url\" content=\"https:\/\/minutocerord.com\/?p=5203\" \/>\n<meta property=\"og:site_name\" content=\"Minuto Cero RD\" \/>\n<meta property=\"article:publisher\" content=\"https:\/\/www.facebook.com\/Genofnotes\" \/>\n<meta property=\"article:author\" content=\"https:\/\/www.facebook.com\/Genofnotes\" \/>\n<meta property=\"article:published_time\" content=\"2021-07-28T17:30:20+00:00\" \/>\n<meta property=\"article:modified_time\" content=\"2021-07-28T17:30:24+00:00\" \/>\n<meta property=\"og:image\" content=\"https:\/\/i0.wp.com\/minutocerord.com\/wp-content\/uploads\/2021\/07\/549153-2.jpg?fit=745%2C496&ssl=1\" \/>\n\t<meta property=\"og:image:width\" content=\"745\" \/>\n\t<meta property=\"og:image:height\" content=\"496\" \/>\n\t<meta property=\"og:image:type\" content=\"image\/jpeg\" \/>\n<meta name=\"author\" content=\"Genof\u00f3ntes Urb\u00e1ez\" \/>\n<meta name=\"twitter:card\" content=\"summary_large_image\" \/>\n<meta name=\"twitter:label1\" content=\"Written by\" \/>\n\t<meta name=\"twitter:data1\" content=\"Genof\u00f3ntes Urb\u00e1ez\" \/>\n\t<meta name=\"twitter:label2\" content=\"Est. reading time\" \/>\n\t<meta name=\"twitter:data2\" content=\"5 minutos\" \/>\n<script type=\"application\/ld+json\" class=\"yoast-schema-graph\">{\"@context\":\"https:\\\/\\\/schema.org\",\"@graph\":[{\"@type\":\"Article\",\"@id\":\"https:\\\/\\\/minutocerord.com\\\/?p=5203#article\",\"isPartOf\":{\"@id\":\"https:\\\/\\\/minutocerord.com\\\/?p=5203\"},\"author\":{\"name\":\"Genof\u00f3ntes Urb\u00e1ez\",\"@id\":\"https:\\\/\\\/minutocerord.com\\\/#\\\/schema\\\/person\\\/60b5372d60aaa0a5171fb6488be9aee6\"},\"headline\":\"EE.UU: Polic\u00eda dominicano denuncia racismo de atacantes del Congreso\",\"datePublished\":\"2021-07-28T17:30:20+00:00\",\"dateModified\":\"2021-07-28T17:30:24+00:00\",\"mainEntityOfPage\":{\"@id\":\"https:\\\/\\\/minutocerord.com\\\/?p=5203\"},\"wordCount\":1081,\"commentCount\":0,\"publisher\":{\"@id\":\"https:\\\/\\\/minutocerord.com\\\/#\\\/schema\\\/person\\\/60b5372d60aaa0a5171fb6488be9aee6\"},\"image\":{\"@id\":\"https:\\\/\\\/minutocerord.com\\\/?p=5203#primaryimage\"},\"thumbnailUrl\":\"https:\\\/\\\/i0.wp.com\\\/minutocerord.com\\\/wp-content\\\/uploads\\\/2021\\\/07\\\/549153-2.jpg?fit=745%2C496&ssl=1\",\"articleSection\":[\"Estados Unidos\"],\"inLanguage\":\"es-DO\",\"potentialAction\":[{\"@type\":\"CommentAction\",\"name\":\"Comment\",\"target\":[\"https:\\\/\\\/minutocerord.com\\\/?p=5203#respond\"]}]},{\"@type\":\"WebPage\",\"@id\":\"https:\\\/\\\/minutocerord.com\\\/?p=5203\",\"url\":\"https:\\\/\\\/minutocerord.com\\\/?p=5203\",\"name\":\"EE.UU: Polic\u00eda dominicano denuncia racismo de atacantes del Congreso - Minuto Cero RD\",\"isPartOf\":{\"@id\":\"https:\\\/\\\/minutocerord.com\\\/#website\"},\"primaryImageOfPage\":{\"@id\":\"https:\\\/\\\/minutocerord.com\\\/?p=5203#primaryimage\"},\"image\":{\"@id\":\"https:\\\/\\\/minutocerord.com\\\/?p=5203#primaryimage\"},\"thumbnailUrl\":\"https:\\\/\\\/i0.wp.com\\\/minutocerord.com\\\/wp-content\\\/uploads\\\/2021\\\/07\\\/549153-2.jpg?fit=745%2C496&ssl=1\",\"datePublished\":\"2021-07-28T17:30:20+00:00\",\"dateModified\":\"2021-07-28T17:30:24+00:00\",\"breadcrumb\":{\"@id\":\"https:\\\/\\\/minutocerord.com\\\/?p=5203#breadcrumb\"},\"inLanguage\":\"es-DO\",\"potentialAction\":[{\"@type\":\"ReadAction\",\"target\":[\"https:\\\/\\\/minutocerord.com\\\/?p=5203\"]}]},{\"@type\":\"ImageObject\",\"inLanguage\":\"es-DO\",\"@id\":\"https:\\\/\\\/minutocerord.com\\\/?p=5203#primaryimage\",\"url\":\"https:\\\/\\\/i0.wp.com\\\/minutocerord.com\\\/wp-content\\\/uploads\\\/2021\\\/07\\\/549153-2.jpg?fit=745%2C496&ssl=1\",\"contentUrl\":\"https:\\\/\\\/i0.wp.com\\\/minutocerord.com\\\/wp-content\\\/uploads\\\/2021\\\/07\\\/549153-2.jpg?fit=745%2C496&ssl=1\",\"width\":745,\"height\":496},{\"@type\":\"BreadcrumbList\",\"@id\":\"https:\\\/\\\/minutocerord.com\\\/?p=5203#breadcrumb\",\"itemListElement\":[{\"@type\":\"ListItem\",\"position\":1,\"name\":\"Home\",\"item\":\"https:\\\/\\\/minutocerord.com\\\/\"},{\"@type\":\"ListItem\",\"position\":2,\"name\":\"EE.UU: Polic\u00eda dominicano denuncia racismo de atacantes del Congreso\"}]},{\"@type\":\"WebSite\",\"@id\":\"https:\\\/\\\/minutocerord.com\\\/#website\",\"url\":\"https:\\\/\\\/minutocerord.com\\\/\",\"name\":\"Minuto Cero RD\",\"description\":\"Periodismo serio y veraz\",\"publisher\":{\"@id\":\"https:\\\/\\\/minutocerord.com\\\/#\\\/schema\\\/person\\\/60b5372d60aaa0a5171fb6488be9aee6\"},\"potentialAction\":[{\"@type\":\"SearchAction\",\"target\":{\"@type\":\"EntryPoint\",\"urlTemplate\":\"https:\\\/\\\/minutocerord.com\\\/?s={search_term_string}\"},\"query-input\":{\"@type\":\"PropertyValueSpecification\",\"valueRequired\":true,\"valueName\":\"search_term_string\"}}],\"inLanguage\":\"es-DO\"},{\"@type\":[\"Person\",\"Organization\"],\"@id\":\"https:\\\/\\\/minutocerord.com\\\/#\\\/schema\\\/person\\\/60b5372d60aaa0a5171fb6488be9aee6\",\"name\":\"Genof\u00f3ntes Urb\u00e1ez\",\"image\":{\"@type\":\"ImageObject\",\"inLanguage\":\"es-DO\",\"@id\":\"https:\\\/\\\/secure.gravatar.com\\\/avatar\\\/a49ef3186a692098ac3e8a1612261e3ad70cf9e44553dff2929e67939a0ecb9d?s=96&d=identicon&r=g\",\"url\":\"https:\\\/\\\/secure.gravatar.com\\\/avatar\\\/a49ef3186a692098ac3e8a1612261e3ad70cf9e44553dff2929e67939a0ecb9d?s=96&d=identicon&r=g\",\"contentUrl\":\"https:\\\/\\\/secure.gravatar.com\\\/avatar\\\/a49ef3186a692098ac3e8a1612261e3ad70cf9e44553dff2929e67939a0ecb9d?s=96&d=identicon&r=g\",\"caption\":\"Genof\u00f3ntes Urb\u00e1ez\"},\"logo\":{\"@id\":\"https:\\\/\\\/secure.gravatar.com\\\/avatar\\\/a49ef3186a692098ac3e8a1612261e3ad70cf9e44553dff2929e67939a0ecb9d?s=96&d=identicon&r=g\"},\"description\":\"Periodista \\\/ Locutor\",\"sameAs\":[\"https:\\\/\\\/www.facebook.com\\\/Genofnotes\",\"https:\\\/\\\/www.instagram.com\\\/genofnotes\\\/\"]}]}<\/script>\n<!-- \/ Yoast SEO plugin. -->","yoast_head_json":{"title":"EE.UU: Polic\u00eda dominicano denuncia racismo de atacantes del Congreso - Minuto Cero RD","robots":{"index":"index","follow":"follow","max-snippet":"max-snippet:-1","max-image-preview":"max-image-preview:large","max-video-preview":"max-video-preview:-1"},"canonical":"https:\/\/minutocerord.com\/?p=5203","og_locale":"es_ES","og_type":"article","og_title":"EE.UU: Polic\u00eda dominicano denuncia racismo de atacantes del Congreso - Minuto Cero RD","og_description":"WASHINGTON.- Un polic\u00eda dominicano del\u00a0Capitolio narr\u00f3 ante un comit\u00e9 especial de la\u00a0C\u00e1mara de Representantes\u00a0la nefasta experiencia que vivi\u00f3 durante el acto de insurrecci\u00f3n contra el Congreso, en el que recibi\u00f3 heridas y ataques xenof\u00f3bicos. Aquilino Gonell dijo que pens\u00f3 que iba a morir. \u00abEs un trauma constante\u201d, expres\u00f3 el sargento Gonell, uno de cuatro polic\u00edas [&hellip;]","og_url":"https:\/\/minutocerord.com\/?p=5203","og_site_name":"Minuto Cero RD","article_publisher":"https:\/\/www.facebook.com\/Genofnotes","article_author":"https:\/\/www.facebook.com\/Genofnotes","article_published_time":"2021-07-28T17:30:20+00:00","article_modified_time":"2021-07-28T17:30:24+00:00","og_image":[{"width":745,"height":496,"url":"https:\/\/i0.wp.com\/minutocerord.com\/wp-content\/uploads\/2021\/07\/549153-2.jpg?fit=745%2C496&ssl=1","type":"image\/jpeg"}],"author":"Genof\u00f3ntes Urb\u00e1ez","twitter_card":"summary_large_image","twitter_misc":{"Written by":"Genof\u00f3ntes Urb\u00e1ez","Est. reading time":"5 minutos"},"schema":{"@context":"https:\/\/schema.org","@graph":[{"@type":"Article","@id":"https:\/\/minutocerord.com\/?p=5203#article","isPartOf":{"@id":"https:\/\/minutocerord.com\/?p=5203"},"author":{"name":"Genof\u00f3ntes Urb\u00e1ez","@id":"https:\/\/minutocerord.com\/#\/schema\/person\/60b5372d60aaa0a5171fb6488be9aee6"},"headline":"EE.UU: Polic\u00eda dominicano denuncia racismo de atacantes del Congreso","datePublished":"2021-07-28T17:30:20+00:00","dateModified":"2021-07-28T17:30:24+00:00","mainEntityOfPage":{"@id":"https:\/\/minutocerord.com\/?p=5203"},"wordCount":1081,"commentCount":0,"publisher":{"@id":"https:\/\/minutocerord.com\/#\/schema\/person\/60b5372d60aaa0a5171fb6488be9aee6"},"image":{"@id":"https:\/\/minutocerord.com\/?p=5203#primaryimage"},"thumbnailUrl":"https:\/\/i0.wp.com\/minutocerord.com\/wp-content\/uploads\/2021\/07\/549153-2.jpg?fit=745%2C496&ssl=1","articleSection":["Estados Unidos"],"inLanguage":"es-DO","potentialAction":[{"@type":"CommentAction","name":"Comment","target":["https:\/\/minutocerord.com\/?p=5203#respond"]}]},{"@type":"WebPage","@id":"https:\/\/minutocerord.com\/?p=5203","url":"https:\/\/minutocerord.com\/?p=5203","name":"EE.UU: Polic\u00eda dominicano denuncia racismo de atacantes del Congreso - Minuto Cero RD","isPartOf":{"@id":"https:\/\/minutocerord.com\/#website"},"primaryImageOfPage":{"@id":"https:\/\/minutocerord.com\/?p=5203#primaryimage"},"image":{"@id":"https:\/\/minutocerord.com\/?p=5203#primaryimage"},"thumbnailUrl":"https:\/\/i0.wp.com\/minutocerord.com\/wp-content\/uploads\/2021\/07\/549153-2.jpg?fit=745%2C496&ssl=1","datePublished":"2021-07-28T17:30:20+00:00","dateModified":"2021-07-28T17:30:24+00:00","breadcrumb":{"@id":"https:\/\/minutocerord.com\/?p=5203#breadcrumb"},"inLanguage":"es-DO","potentialAction":[{"@type":"ReadAction","target":["https:\/\/minutocerord.com\/?p=5203"]}]},{"@type":"ImageObject","inLanguage":"es-DO","@id":"https:\/\/minutocerord.com\/?p=5203#primaryimage","url":"https:\/\/i0.wp.com\/minutocerord.com\/wp-content\/uploads\/2021\/07\/549153-2.jpg?fit=745%2C496&ssl=1","contentUrl":"https:\/\/i0.wp.com\/minutocerord.com\/wp-content\/uploads\/2021\/07\/549153-2.jpg?fit=745%2C496&ssl=1","width":745,"height":496},{"@type":"BreadcrumbList","@id":"https:\/\/minutocerord.com\/?p=5203#breadcrumb","itemListElement":[{"@type":"ListItem","position":1,"name":"Home","item":"https:\/\/minutocerord.com\/"},{"@type":"ListItem","position":2,"name":"EE.UU: Polic\u00eda dominicano denuncia racismo de atacantes del Congreso"}]},{"@type":"WebSite","@id":"https:\/\/minutocerord.com\/#website","url":"https:\/\/minutocerord.com\/","name":"Minuto Cero RD","description":"Periodismo serio y veraz","publisher":{"@id":"https:\/\/minutocerord.com\/#\/schema\/person\/60b5372d60aaa0a5171fb6488be9aee6"},"potentialAction":[{"@type":"SearchAction","target":{"@type":"EntryPoint","urlTemplate":"https:\/\/minutocerord.com\/?s={search_term_string}"},"query-input":{"@type":"PropertyValueSpecification","valueRequired":true,"valueName":"search_term_string"}}],"inLanguage":"es-DO"},{"@type":["Person","Organization"],"@id":"https:\/\/minutocerord.com\/#\/schema\/person\/60b5372d60aaa0a5171fb6488be9aee6","name":"Genof\u00f3ntes Urb\u00e1ez","image":{"@type":"ImageObject","inLanguage":"es-DO","@id":"https:\/\/secure.gravatar.com\/avatar\/a49ef3186a692098ac3e8a1612261e3ad70cf9e44553dff2929e67939a0ecb9d?s=96&d=identicon&r=g","url":"https:\/\/secure.gravatar.com\/avatar\/a49ef3186a692098ac3e8a1612261e3ad70cf9e44553dff2929e67939a0ecb9d?s=96&d=identicon&r=g","contentUrl":"https:\/\/secure.gravatar.com\/avatar\/a49ef3186a692098ac3e8a1612261e3ad70cf9e44553dff2929e67939a0ecb9d?s=96&d=identicon&r=g","caption":"Genof\u00f3ntes Urb\u00e1ez"},"logo":{"@id":"https:\/\/secure.gravatar.com\/avatar\/a49ef3186a692098ac3e8a1612261e3ad70cf9e44553dff2929e67939a0ecb9d?s=96&d=identicon&r=g"},"description":"Periodista \/ Locutor","sameAs":["https:\/\/www.facebook.com\/Genofnotes","https:\/\/www.instagram.com\/genofnotes\/"]}]}},"jetpack_publicize_connections":[],"jetpack_featured_media_url":"https:\/\/i0.wp.com\/minutocerord.com\/wp-content\/uploads\/2021\/07\/549153-2.jpg?fit=745%2C496&ssl=1","jetpack-related-posts":[],"jetpack_sharing_enabled":true,"_links":{"self":[{"href":"https:\/\/minutocerord.com\/index.php?rest_route=\/wp\/v2\/posts\/5203","targetHints":{"allow":["GET"]}}],"collection":[{"href":"https:\/\/minutocerord.com\/index.php?rest_route=\/wp\/v2\/posts"}],"about":[{"href":"https:\/\/minutocerord.com\/index.php?rest_route=\/wp\/v2\/types\/post"}],"author":[{"embeddable":true,"href":"https:\/\/minutocerord.com\/index.php?rest_route=\/wp\/v2\/users\/1"}],"replies":[{"embeddable":true,"href":"https:\/\/minutocerord.com\/index.php?rest_route=%2Fwp%2Fv2%2Fcomments&post=5203"}],"version-history":[{"count":1,"href":"https:\/\/minutocerord.com\/index.php?rest_route=\/wp\/v2\/posts\/5203\/revisions"}],"predecessor-version":[{"id":5205,"href":"https:\/\/minutocerord.com\/index.php?rest_route=\/wp\/v2\/posts\/5203\/revisions\/5205"}],"wp:featuredmedia":[{"embeddable":true,"href":"https:\/\/minutocerord.com\/index.php?rest_route=\/wp\/v2\/media\/5204"}],"wp:attachment":[{"href":"https:\/\/minutocerord.com\/index.php?rest_route=%2Fwp%2Fv2%2Fmedia&parent=5203"}],"wp:term":[{"taxonomy":"category","embeddable":true,"href":"https:\/\/minutocerord.com\/index.php?rest_route=%2Fwp%2Fv2%2Fcategories&post=5203"},{"taxonomy":"post_tag","embeddable":true,"href":"https:\/\/minutocerord.com\/index.php?rest_route=%2Fwp%2Fv2%2Ftags&post=5203"}],"curies":[{"name":"wp","href":"https:\/\/api.w.org\/{rel}","templated":true}]}}